{"id":10141,"date":"2014-11-06T07:28:15","date_gmt":"2014-11-06T06:28:15","guid":{"rendered":"http:\/\/blogs.diariosur.es\/tormentas-y-rayos\/?p=10141"},"modified":"2014-11-06T07:28:15","modified_gmt":"2014-11-06T06:28:15","slug":"prevision-del-tiempo-andalucia-granada-da-una-minima-o-5-grados-subidas-de-las-maximas-y-minimas-manana-viernes-un-frente-debilitado-cruzara-afectara-a-andalucia","status":"publish","type":"post","link":"https:\/\/blogs.diariosur.es\/tormentas-y-rayos\/2014\/11\/06\/prevision-del-tiempo-andalucia-granada-da-una-minima-o-5-grados-subidas-de-las-maximas-y-minimas-manana-viernes-un-frente-debilitado-cruzara-afectara-a-andalucia\/","title":{"rendered":"Previsi\u00f3n del tiempo Andaluc\u00eda. Granada da una m\u00ednima o.5 grados.  Subidas de las m\u00e1ximas y m\u00ednimas ma\u00f1ana viernes. Un frente debilitado cruzara afectara a Andaluc\u00eda."},"content":{"rendered":"<p><img loading=\"lazy\" class=\"aligncenter\" src=\"https:\/\/farm3.staticflickr.com\/2898\/14371881571_bbae3518b1_q.jpg\" alt=\"\" width=\"150\" height=\"150\" \/><\/p>\n<p>&nbsp;<\/p>\n<p>&nbsp;<\/p>\n<p>&nbsp;<\/p>\n<p>&nbsp;<\/p>\n<p>&nbsp;<\/p>\n<p><strong>Buenos dias amigos de la meteo, son las siete de la ma\u00f1ana, registro 13 grados y los cielos andaluces est\u00e1n poco nubosos. Como no hace viento ahora mismo, la sensaci\u00f3n\u00a0t\u00e9rmica\u00a0no es de mucho fr\u00edo.<\/strong><\/p>\n<p><strong>Granada Aeropuerto registraba sobre las seis de la ma\u00f1ana 0.5 grados, a punto de helar. Es la\u00a0m\u00ednima\u00a0mas baja desde que\u00a0empez\u00f3\u00a0el oto\u00f1o. Y no solo Granada, tam,bi\u00e9n en el Valle del Guadalquivir se levantan con fresquito. Fuente Aemet.<\/strong><\/p>\n<p><a href=\"https:\/\/blogs.diariosur.es\/tormentas-y-rayos\/2014\/11\/06\/prevision-del-tiempo-andalucia-granada-da-una-minima-o-5-grados-subidas-de-las-maximas-y-minimas-manana-viernes-un-frente-debilitado-cruzara-afectara-a-andalucia\/granada-5\/\" rel=\"attachment wp-att-10142\"><img loading=\"lazy\" class=\"aligncenter size-full wp-image-10142\" title=\"granada\" src=\"\/tormentas-y-rayos\/wp-content\/uploads\/sites\/12\/2014\/11\/granada.jpg\" alt=\"\" width=\"477\" height=\"185\" \/><\/a><\/p>\n<p>&nbsp;<\/p>\n<p><a href=\"https:\/\/blogs.diariosur.es\/tormentas-y-rayos\/2014\/11\/06\/prevision-del-tiempo-andalucia-granada-da-una-minima-o-5-grados-subidas-de-las-maximas-y-minimas-manana-viernes-un-frente-debilitado-cruzara-afectara-a-andalucia\/fresqiuto\/\" rel=\"attachment wp-att-10146\"><img loading=\"lazy\" class=\"aligncenter size-medium wp-image-10146\" title=\"fresqiuto\" src=\"\/tormentas-y-rayos\/wp-content\/uploads\/sites\/12\/2014\/11\/fresqiuto.jpg\" alt=\"\" width=\"515\" height=\"400\" srcset=\"https:\/\/static-blogs.diariosur.es\/wp-content\/uploads\/sites\/12\/2014\/11\/fresqiuto.jpg 717w, https:\/\/static-blogs.diariosur.es\/wp-content\/uploads\/sites\/12\/2014\/11\/fresqiuto-516x400.jpg 516w\" sizes=\"(max-width: 515px) 100vw, 515px\" \/><\/a><\/p>\n<p>&nbsp;<\/p>\n<p><strong>Durante el dia de hoy, se ira trasladando la masa de aire fr\u00edo que nos ha afectado estos\u00a0d\u00edas. En esta imagen de mas de aire del satelite eumetsat se ve claramente. Os pongo la del otro dia y la de ahora. La masa de aire fr\u00edo esta\u00a0situada en estos momentos por las Islas Baleares.<\/strong><\/p>\n<p>&nbsp;<\/p>\n<p><a href=\"https:\/\/blogs.diariosur.es\/tormentas-y-rayos\/2014\/11\/06\/prevision-del-tiempo-andalucia-granada-da-una-minima-o-5-grados-subidas-de-las-maximas-y-minimas-manana-viernes-un-frente-debilitado-cruzara-afectara-a-andalucia\/10395855_10203911572888659_501432990913899062_n\/\" rel=\"attachment wp-att-10143\"><img loading=\"lazy\" class=\"aligncenter size-full wp-image-10143\" title=\"10395855_10203911572888659_501432990913899062_n\" src=\"\/tormentas-y-rayos\/wp-content\/uploads\/sites\/12\/2014\/11\/10395855_10203911572888659_501432990913899062_n.jpg\" alt=\"\" width=\"540\" height=\"960\" srcset=\"https:\/\/static-blogs.diariosur.es\/wp-content\/uploads\/sites\/12\/2014\/11\/10395855_10203911572888659_501432990913899062_n.jpg 540w, https:\/\/static-blogs.diariosur.es\/wp-content\/uploads\/sites\/12\/2014\/11\/10395855_10203911572888659_501432990913899062_n-225x400.jpg 225w\" sizes=\"(max-width: 540px) 100vw, 540px\" \/><\/a><\/p>\n<p>&nbsp;<\/p>\n<p>&nbsp;<\/p>\n<p><a href=\"https:\/\/blogs.diariosur.es\/tormentas-y-rayos\/2014\/11\/06\/prevision-del-tiempo-andalucia-granada-da-una-minima-o-5-grados-subidas-de-las-maximas-y-minimas-manana-viernes-un-frente-debilitado-cruzara-afectara-a-andalucia\/juevesss\/\" rel=\"attachment wp-att-10144\"><img loading=\"lazy\" class=\"aligncenter size-medium wp-image-10144\" title=\"juevesss\" src=\"\/tormentas-y-rayos\/wp-content\/uploads\/sites\/12\/2014\/11\/juevesss.jpg\" alt=\"\" width=\"440\" height=\"400\" srcset=\"https:\/\/static-blogs.diariosur.es\/wp-content\/uploads\/sites\/12\/2014\/11\/juevesss.jpg 660w, https:\/\/static-blogs.diariosur.es\/wp-content\/uploads\/sites\/12\/2014\/11\/juevesss-440x400.jpg 440w\" sizes=\"(max-width: 440px) 100vw, 440px\" \/><\/a><\/p>\n<p>&nbsp;<\/p>\n<p><strong>Esto\u00a0har\u00e1\u00a0que las\u00a0m\u00e1ximas\u00a0se recuperen y que las\u00a0m\u00ednimas\u00a0ma\u00f1ana debido a las nubes no bajen mucho. Un frente debilitado sera tambi\u00e9n\u00a0ma\u00f1ana\u00a0el protagonista, dejara algunas gotas por el interior de\u00a0Andaluc\u00eda\u00a0Occidental, pero esto lo\u00a0veremos mejor ma\u00f1ana viernes por si deja mas de una gota. Sobre lo que pueda pasar el domingo, lo veremos el\u00a0s\u00e1bado\u00a0a primera hora cuando actualice el blog, os puedo adelantar que de nuevo bajar\u00edan las temperaturas debido a una vaguada que trae de nuevo una masa de aire frio,\u00a0sobre la lluvia lo veremos mejor el\u00a0s\u00e1bado. Si os\u00a0fij\u00e1is\u00a0en la imagen de arriba de masas de aire, se puede ver claramente esa masa fr\u00eda en la parte de la imagen izquierda arriba.<\/strong><\/p>\n<p><strong>Poco mas que contar, os dejo con esta foto de archivo de hace \u00a0unos a\u00f1os. Os\u00a0recomiendo este mes y el que viene las puestas de sol desde la playa del chanquete hasta Torrox Costa.\u00a0<\/strong><\/p>\n<p><strong><a href=\"https:\/\/blogs.diariosur.es\/tormentas-y-rayos\/2014\/11\/06\/prevision-del-tiempo-andalucia-granada-da-una-minima-o-5-grados-subidas-de-las-maximas-y-minimas-manana-viernes-un-frente-debilitado-cruzara-afectara-a-andalucia\/1503949_10201764873822524_438034366_n\/\" rel=\"attachment wp-att-10145\"><img loading=\"lazy\" class=\"aligncenter size-full wp-image-10145\" title=\"1503949_10201764873822524_438034366_n\" src=\"\/tormentas-y-rayos\/wp-content\/uploads\/sites\/12\/2014\/11\/1503949_10201764873822524_438034366_n.jpg\" alt=\"\" width=\"640\" height=\"480\" srcset=\"https:\/\/static-blogs.diariosur.es\/wp-content\/uploads\/sites\/12\/2014\/11\/1503949_10201764873822524_438034366_n.jpg 640w, https:\/\/static-blogs.diariosur.es\/wp-content\/uploads\/sites\/12\/2014\/11\/1503949_10201764873822524_438034366_n-533x400.jpg 533w\" sizes=\"(max-width: 640px) 100vw, 640px\" \/><\/a>\u00a0<\/strong><\/p>\n<p>&nbsp;<\/p>\n","protected":false},"excerpt":{"rendered":"<p>&nbsp; &nbsp; &nbsp; &nbsp; &nbsp; Buenos dias amigos de la meteo, son las siete de la ma\u00f1ana, registro 13 grados y los cielos andaluces est\u00e1n poco nubosos. Como no hace viento ahora mismo, la sensaci\u00f3n\u00a0t\u00e9rmica\u00a0no es de mucho fr\u00edo. Granada Aeropuerto registraba sobre las seis de la ma\u00f1ana 0.5 grados, a punto de helar. Es [&hellip;]<\/p>\n","protected":false},"author":16,"featured_media":10145,"comment_status":"open","ping_status":"open","sticky":false,"template":"","format":"standard","meta":[],"categories":[2],"tags":[100,464,659,809,980],"_links":{"self":[{"href":"https:\/\/blogs.diariosur.es\/tormentas-y-rayos\/wp-json\/wp\/v2\/posts\/10141"}],"collection":[{"href":"https:\/\/blogs.diariosur.es\/tormentas-y-rayos\/wp-json\/wp\/v2\/posts"}],"about":[{"href":"https:\/\/blogs.diariosur.es\/tormentas-y-rayos\/wp-json\/wp\/v2\/types\/post"}],"author":[{"embeddable":true,"href":"https:\/\/blogs.diariosur.es\/tormentas-y-rayos\/wp-json\/wp\/v2\/users\/16"}],"replies":[{"embeddable":true,"href":"https:\/\/blogs.diariosur.es\/tormentas-y-rayos\/wp-json\/wp\/v2\/comments?post=10141"}],"version-history":[{"count":0,"href":"https:\/\/blogs.diariosur.es\/tormentas-y-rayos\/wp-json\/wp\/v2\/posts\/10141\/revisions"}],"wp:featuredmedia":[{"embeddable":true,"href":"https:\/\/blogs.diariosur.es\/tormentas-y-rayos\/wp-json\/wp\/v2\/media\/10145"}],"wp:attachment":[{"href":"https:\/\/blogs.diariosur.es\/tormentas-y-rayos\/wp-json\/wp\/v2\/media?parent=10141"}],"wp:term":[{"taxonomy":"category","embeddable":true,"href":"https:\/\/blogs.diariosur.es\/tormentas-y-rayos\/wp-json\/wp\/v2\/categories?post=10141"},{"taxonomy":"post_tag","embeddable":true,"href":"https:\/\/blogs.diariosur.es\/tormentas-y-rayos\/wp-json\/wp\/v2\/tags?post=10141"}],"curies":[{"name":"wp","href":"https:\/\/api.w.org\/{rel}","templated":true}]}}