{"id":10147,"date":"2014-11-07T08:41:41","date_gmt":"2014-11-07T07:41:41","guid":{"rendered":"http:\/\/blogs.diariosur.es\/tormentas-y-rayos\/?p=10147"},"modified":"2014-11-07T08:41:41","modified_gmt":"2014-11-07T07:41:41","slug":"prevision-del-tiempo-fin-de-semana-andalucia-un-frente-dejara-chubascos-en-andalucia-occidental-hoy-viernes-el-terral-de-otono-protagonista-en-malaga","status":"publish","type":"post","link":"https:\/\/blogs.diariosur.es\/tormentas-y-rayos\/2014\/11\/07\/prevision-del-tiempo-fin-de-semana-andalucia-un-frente-dejara-chubascos-en-andalucia-occidental-hoy-viernes-el-terral-de-otono-protagonista-en-malaga\/","title":{"rendered":"Previsi\u00f3n del tiempo fin de semana Andaluc\u00eda. Un frente dejara chubascos en Andaluc\u00eda Occidental hoy viernes. El terral de oto\u00f1o protagonista en M\u00e1laga."},"content":{"rendered":"<p>&nbsp;<\/p>\n<p><img loading=\"lazy\" class=\"aligncenter\" src=\"https:\/\/farm6.staticflickr.com\/5566\/14568830453_8e0522e3fc_q.jpg\" alt=\"\" width=\"150\" height=\"150\" \/><\/p>\n<p>&nbsp;<\/p>\n<p>&nbsp;<\/p>\n<p>&nbsp;<\/p>\n<p>&nbsp;<\/p>\n<p><strong>Buenos dias amigos de la meteo, son las seis y media de la ma\u00f1ana, registro 17.7 grados y los cielos Andaluces est\u00e1n nubosos. Las\u00a0m\u00ednimas\u00a0 han subido en \u00a0el Valle del Guadalquivir mas de 6 grados con respecto a las que tuvieron ayer jueves, esto se ha debido al viento de suroeste y tener cielos nubosos. Durante el\u00a0d\u00eda\u00a0de hoy un frente cruzara lentamente la regi\u00f3n, dejando chubascos por la zona occidental de Andaluc\u00eda. El viento de suroeste que soplara en esta zona occidental\u00a0contribuir\u00e1\u00a0ha dejar precipitaciones.<\/strong><\/p>\n<p><strong> En el interior occidental \u00a0de M\u00e1laga tambi\u00e9n son\u00a0posibles estos chubascos por la tarde, en la capital malague\u00f1a a ultima hora de la noche tambi\u00e9n se pueden escapar algunas gotas, asi como durante la madrugada del\u00a0s\u00e1bado.\u00a0<\/strong><\/p>\n<p><strong>El terral de Oto\u00f1o sera el protagonista hoy en M\u00e1laga, soplara moderado. La\u00a0m\u00e1xima\u00a0puede estar cercana a los 25 grados. La masa de aire fr\u00edo que nos afecto los\u00a0d\u00edas\u00a0pasados ya es historia y en su lugar de momento hay otra\u00a0mas\u00a0c\u00e1lida. Esta masa de aire\u00a0c\u00e1lido\u00a0sera la que haga subir las\u00a0m\u00e1ximas\u00a0en muchos puntos de Andaluc\u00eda.<\/strong><\/p>\n<p><strong>La masa de aire mas\u00a0c\u00e1lido\u00a0durara poco, ya que el domingo una vaguada afectara a la\u00a0pen\u00ednsula\u00a0y de nuevo una masa de aire mas fr\u00edo sera la protagonista. El frente que seria mas activo del de hoy, dejara lluvias durante la madrugada del domingo y primeras horas de la ma\u00f1ana.<\/strong><\/p>\n<p><strong>Os paso una imagen del\u00a0sat\u00e9lite\u00a0eumetsat, viendo los colores lo\u00a0entender\u00e9is\u00a0mejor. fUENETE AEMET<\/strong><\/p>\n<p>&nbsp;<\/p>\n<p><a href=\"https:\/\/blogs.diariosur.es\/tormentas-y-rayos\/2014\/11\/07\/prevision-del-tiempo-fin-de-semana-andalucia-un-frente-dejara-chubascos-en-andalucia-occidental-hoy-viernes-el-terral-de-otono-protagonista-en-malaga\/captura-496\/\" rel=\"attachment wp-att-10148\"><img loading=\"lazy\" class=\"aligncenter size-full wp-image-10148\" title=\"Captura\" src=\"\/tormentas-y-rayos\/wp-content\/uploads\/sites\/12\/2014\/11\/Captura6.jpg\" alt=\"\" width=\"576\" height=\"528\" srcset=\"https:\/\/static-blogs.diariosur.es\/wp-content\/uploads\/sites\/12\/2014\/11\/Captura6.jpg 576w, https:\/\/static-blogs.diariosur.es\/wp-content\/uploads\/sites\/12\/2014\/11\/Captura6-436x400.jpg 436w\" sizes=\"(max-width: 576px) 100vw, 576px\" \/><\/a><\/p>\n<p><strong>En este otro mapa previsto del gfs\u00a0pod\u00e9is\u00a0ver la vaguada.<\/strong><\/p>\n<p>&nbsp;<\/p>\n<p><a href=\"https:\/\/blogs.diariosur.es\/tormentas-y-rayos\/2014\/11\/07\/prevision-del-tiempo-fin-de-semana-andalucia-un-frente-dejara-chubascos-en-andalucia-occidental-hoy-viernes-el-terral-de-otono-protagonista-en-malaga\/captura-497\/\" rel=\"attachment wp-att-10149\"><img loading=\"lazy\" class=\"aligncenter size-medium wp-image-10149\" title=\"Captura\" src=\"\/tormentas-y-rayos\/wp-content\/uploads\/sites\/12\/2014\/11\/Captura7.jpg\" alt=\"\" width=\"483\" height=\"400\" srcset=\"https:\/\/static-blogs.diariosur.es\/wp-content\/uploads\/sites\/12\/2014\/11\/Captura7.jpg 737w, https:\/\/static-blogs.diariosur.es\/wp-content\/uploads\/sites\/12\/2014\/11\/Captura7-483x400.jpg 483w\" sizes=\"(max-width: 483px) 100vw, 483px\" \/><\/a><\/p>\n<p>&nbsp;<\/p>\n<p><strong>Ma\u00f1ana\u00a0s\u00e1bado\u00a0actualizare el blog, y os\u00a0dar\u00e9\u00a0la previsi\u00f3n para el domingo.<\/strong><\/p>\n<p>&nbsp;<\/p>\n<p><strong>Como hoy libro, con vuestro permiso tiro para la playa, espero ver un bonito amanecer. En cuanto llegue os paso las fotos.<\/strong><\/p>\n<p><strong>Una pasada el amanecer amigos de la meteo, alli me he encontrado con mi amigo Antonio Portillo, que buen rato hemos pasado. Os paso unas cuantas fotos.<\/strong><\/p>\n<p>&nbsp;<\/p>\n<p><img loading=\"lazy\" class=\"aligncenter\" src=\"https:\/\/farm8.staticflickr.com\/7560\/15110697663_1b18d9edb7_z.jpg\" alt=\"\" width=\"640\" height=\"441\" \/><\/p>\n<p>&nbsp;<\/p>\n<p>&nbsp;<\/p>\n<p>&nbsp;<\/p>\n<p>&nbsp;<\/p>\n<p><img loading=\"lazy\" class=\"aligncenter\" src=\"https:\/\/farm8.staticflickr.com\/7563\/15544903377_ea740bbaf7_z.jpg\" alt=\"\" width=\"640\" height=\"337\" \/><\/p>\n<p>&nbsp;<\/p>\n<p>&nbsp;<\/p>\n<p>&nbsp;<\/p>\n<p>&nbsp;<\/p>\n<p><img loading=\"lazy\" class=\"aligncenter\" src=\"https:\/\/farm8.staticflickr.com\/7519\/15544200689_2de28e3cc1_z.jpg\" alt=\"\" width=\"640\" height=\"427\" \/><\/p>\n<p>&nbsp;<\/p>\n<p><strong>A que ha estado impresionante el amanecer de hoy.<\/strong><\/p>\n<p><strong>Os pongo unas cuantas fotos que me\u00a0hab\u00e9is\u00a0mandado de ayer, muchas gracias por colaborar. Son todas muy bonitas.<\/strong><\/p>\n<p>&nbsp;<\/p>\n<p><strong>Marga Sanchez, nos trae una bonita luna llena acompa\u00f1ada de unos lenticularis.<\/strong><\/p>\n<p>&nbsp;<\/p>\n<p><a href=\"https:\/\/blogs.diariosur.es\/tormentas-y-rayos\/2014\/11\/07\/prevision-del-tiempo-fin-de-semana-andalucia-un-frente-dejara-chubascos-en-andalucia-occidental-hoy-viernes-el-terral-de-otono-protagonista-en-malaga\/10479691_10205282919779475_792190268_n\/\" rel=\"attachment wp-att-10150\"><img loading=\"lazy\" class=\"aligncenter size-full wp-image-10150\" title=\"10479691_10205282919779475_792190268_n\" src=\"\/tormentas-y-rayos\/wp-content\/uploads\/sites\/12\/2014\/11\/10479691_10205282919779475_792190268_n.jpg\" alt=\"\" width=\"430\" height=\"764\" srcset=\"https:\/\/static-blogs.diariosur.es\/wp-content\/uploads\/sites\/12\/2014\/11\/10479691_10205282919779475_792190268_n.jpg 430w, https:\/\/static-blogs.diariosur.es\/wp-content\/uploads\/sites\/12\/2014\/11\/10479691_10205282919779475_792190268_n-225x400.jpg 225w\" sizes=\"(max-width: 430px) 100vw, 430px\" \/><\/a><\/p>\n<p>&nbsp;<\/p>\n<p><strong>Precioso candilazo de Betriz Mar\u00eda<\/strong><\/p>\n<p>&nbsp;<\/p>\n<p><a href=\"https:\/\/blogs.diariosur.es\/tormentas-y-rayos\/2014\/11\/07\/prevision-del-tiempo-fin-de-semana-andalucia-un-frente-dejara-chubascos-en-andalucia-occidental-hoy-viernes-el-terral-de-otono-protagonista-en-malaga\/beatriz-maria_1-4\/\" rel=\"attachment wp-att-10151\"><img loading=\"lazy\" class=\"aligncenter size-full wp-image-10151\" title=\"beatriz Maria_1\" src=\"\/tormentas-y-rayos\/wp-content\/uploads\/sites\/12\/2014\/11\/beatriz-Maria_1.jpg\" alt=\"\" width=\"640\" height=\"430\" srcset=\"https:\/\/static-blogs.diariosur.es\/wp-content\/uploads\/sites\/12\/2014\/11\/beatriz-Maria_1.jpg 640w, https:\/\/static-blogs.diariosur.es\/wp-content\/uploads\/sites\/12\/2014\/11\/beatriz-Maria_1-595x400.jpg 595w\" sizes=\"(max-width: 640px) 100vw, 640px\" \/><\/a><\/p>\n<p>&nbsp;<\/p>\n<p>&nbsp;<\/p>\n<p><strong>Maria Jose Moyano, cada dia\u00a0super\u00e1ndose en la\u00a0fotograf\u00eda.\u00a0<\/strong><\/p>\n<p>&nbsp;<\/p>\n<p>&nbsp;<\/p>\n<p>&nbsp;<\/p>\n<p>&nbsp;<\/p>\n<p><strong><a href=\"https:\/\/blogs.diariosur.es\/tormentas-y-rayos\/2014\/11\/07\/prevision-del-tiempo-fin-de-semana-andalucia-un-frente-dejara-chubascos-en-andalucia-occidental-hoy-viernes-el-terral-de-otono-protagonista-en-malaga\/maria-jose-moyano-2\/\" rel=\"attachment wp-att-10152\"><img loading=\"lazy\" class=\"aligncenter size-full wp-image-10152\" title=\"maria jose moyano\" src=\"\/tormentas-y-rayos\/wp-content\/uploads\/sites\/12\/2014\/11\/maria-jose-moyano.jpg\" alt=\"\" width=\"440\" height=\"782\" srcset=\"https:\/\/static-blogs.diariosur.es\/wp-content\/uploads\/sites\/12\/2014\/11\/maria-jose-moyano.jpg 440w, https:\/\/static-blogs.diariosur.es\/wp-content\/uploads\/sites\/12\/2014\/11\/maria-jose-moyano-225x400.jpg 225w\" sizes=\"(max-width: 440px) 100vw, 440px\" \/><\/a><\/strong><\/p>\n<p>&nbsp;<\/p>\n<p><strong>\u00a0<\/strong><\/p>\n<p><strong>Mi vecino Salvador Romero, cazando el bonito candilazo de ayer por la tarde. Muy bonita.<\/strong><\/p>\n<p>&nbsp;<\/p>\n<p>&nbsp;<\/p>\n<p>&nbsp;<\/p>\n<p><a href=\"https:\/\/blogs.diariosur.es\/tormentas-y-rayos\/2014\/11\/07\/prevision-del-tiempo-fin-de-semana-andalucia-un-frente-dejara-chubascos-en-andalucia-occidental-hoy-viernes-el-terral-de-otono-protagonista-en-malaga\/salvador-romero-3\/\" rel=\"attachment wp-att-10153\"><img loading=\"lazy\" class=\"aligncenter size-full wp-image-10153\" title=\"salvador romero\" src=\"\/tormentas-y-rayos\/wp-content\/uploads\/sites\/12\/2014\/11\/salvador-romero1.jpg\" alt=\"\" width=\"640\" height=\"360\" \/><\/a><\/p>\n<p>&nbsp;<\/p>\n<p><strong>Mar\u00eda Serrano comparte a este bonito sol antes de ponerse. Me ha encantado la foto.<\/strong><\/p>\n<p>&nbsp;<\/p>\n<p><a href=\"https:\/\/blogs.diariosur.es\/tormentas-y-rayos\/2014\/11\/07\/prevision-del-tiempo-fin-de-semana-andalucia-un-frente-dejara-chubascos-en-andalucia-occidental-hoy-viernes-el-terral-de-otono-protagonista-en-malaga\/maria-serrano\/\" rel=\"attachment wp-att-10154\"><img loading=\"lazy\" class=\"aligncenter size-full wp-image-10154\" title=\"maria serrano\" src=\"\/tormentas-y-rayos\/wp-content\/uploads\/sites\/12\/2014\/11\/maria-serrano.jpg\" alt=\"\" width=\"640\" height=\"480\" srcset=\"https:\/\/static-blogs.diariosur.es\/wp-content\/uploads\/sites\/12\/2014\/11\/maria-serrano.jpg 640w, https:\/\/static-blogs.diariosur.es\/wp-content\/uploads\/sites\/12\/2014\/11\/maria-serrano-533x400.jpg 533w\" sizes=\"(max-width: 640px) 100vw, 640px\" \/><\/a><\/p>\n","protected":false},"excerpt":{"rendered":"<p>&nbsp; &nbsp; &nbsp; &nbsp; &nbsp; Buenos dias amigos de la meteo, son las seis y media de la ma\u00f1ana, registro 17.7 grados y los cielos Andaluces est\u00e1n nubosos. Las\u00a0m\u00ednimas\u00a0 han subido en \u00a0el Valle del Guadalquivir mas de 6 grados con respecto a las que tuvieron ayer jueves, esto se ha debido al viento de [&hellip;]<\/p>\n","protected":false},"author":16,"featured_media":10155,"comment_status":"open","ping_status":"open","sticky":false,"template":"","format":"standard","meta":[],"categories":[2],"tags":[100,249,410,412,744,809,975,980],"_links":{"self":[{"href":"https:\/\/blogs.diariosur.es\/tormentas-y-rayos\/wp-json\/wp\/v2\/posts\/10147"}],"collection":[{"href":"https:\/\/blogs.diariosur.es\/tormentas-y-rayos\/wp-json\/wp\/v2\/posts"}],"about":[{"href":"https:\/\/blogs.diariosur.es\/tormentas-y-rayos\/wp-json\/wp\/v2\/types\/post"}],"author":[{"embeddable":true,"href":"https:\/\/blogs.diariosur.es\/tormentas-y-rayos\/wp-json\/wp\/v2\/users\/16"}],"replies":[{"embeddable":true,"href":"https:\/\/blogs.diariosur.es\/tormentas-y-rayos\/wp-json\/wp\/v2\/comments?post=10147"}],"version-history":[{"count":0,"href":"https:\/\/blogs.diariosur.es\/tormentas-y-rayos\/wp-json\/wp\/v2\/posts\/10147\/revisions"}],"wp:featuredmedia":[{"embeddable":true,"href":"https:\/\/blogs.diariosur.es\/tormentas-y-rayos\/wp-json\/wp\/v2\/media\/10155"}],"wp:attachment":[{"href":"https:\/\/blogs.diariosur.es\/tormentas-y-rayos\/wp-json\/wp\/v2\/media?parent=10147"}],"wp:term":[{"taxonomy":"category","embeddable":true,"href":"https:\/\/blogs.diariosur.es\/tormentas-y-rayos\/wp-json\/wp\/v2\/categories?post=10147"},{"taxonomy":"post_tag","embeddable":true,"href":"https:\/\/blogs.diariosur.es\/tormentas-y-rayos\/wp-json\/wp\/v2\/tags?post=10147"}],"curies":[{"name":"wp","href":"https:\/\/api.w.org\/{rel}","templated":true}]}}