{"id":10156,"date":"2014-11-08T06:58:40","date_gmt":"2014-11-08T05:58:40","guid":{"rendered":"http:\/\/blogs.diariosur.es\/tormentas-y-rayos\/?p=10156"},"modified":"2014-11-08T06:58:40","modified_gmt":"2014-11-08T05:58:40","slug":"prevision-del-tiempo-andalucia-un-frente-afectara-esta-tarde-noche-y-madrugada-del-domingo-bajan-de-nuevo-las-maximas-y-minimas","status":"publish","type":"post","link":"https:\/\/blogs.diariosur.es\/tormentas-y-rayos\/2014\/11\/08\/prevision-del-tiempo-andalucia-un-frente-afectara-esta-tarde-noche-y-madrugada-del-domingo-bajan-de-nuevo-las-maximas-y-minimas\/","title":{"rendered":"Previsi\u00f3n del tiempo Andaluc\u00eda. Un frente afectara esta tarde noche y madrugada del domingo . Bajan de nuevo las m\u00e1ximas y m\u00ednimas."},"content":{"rendered":"<p><img loading=\"lazy\" class=\"aligncenter\" src=\"https:\/\/farm3.staticflickr.com\/2898\/14371881571_bbae3518b1_q.jpg\" alt=\"\" width=\"150\" height=\"150\" \/><\/p>\n<p>&nbsp;<\/p>\n<p>&nbsp;<\/p>\n<p>&nbsp;<\/p>\n<p>&nbsp;<\/p>\n<p>&nbsp;<\/p>\n<p><strong>Buenos dias amigos de la meteo, son las seis de la ma\u00f1ana, registro 18.7 grados pero debido al viento la sensaci\u00f3n\u00a0t\u00e9rmica\u00a0es de mas fr\u00edo. \u00a0Los cielos malague\u00f1os est\u00e1n nubosos, seguro que de nuevo tendremos un bonito amanecer.<\/strong><\/p>\n<p>&nbsp;<\/p>\n<p><strong>Bueno amigos, ya tenemos al frente entrando en la\u00a0pen\u00ednsula, en estos momentos deja lluvias en Galicia.<\/strong><\/p>\n<p><strong>\u00a0Detr\u00e1s\u00a0de \u00e9l trae una nueva masa de aire fr\u00edo, que\u00a0pod\u00e9is\u00a0ver en esta imagen del satelite eumetsat fuente aemet y meteogalicia.<\/strong><\/p>\n<p>&nbsp;<\/p>\n<p><a href=\"https:\/\/blogs.diariosur.es\/tormentas-y-rayos\/2014\/11\/08\/prevision-del-tiempo-andalucia-un-frente-afectara-esta-tarde-noche-y-madrugada-del-domingo-bajan-de-nuevo-las-maximas-y-minimas\/sabado-18\/\" rel=\"attachment wp-att-10162\"><img loading=\"lazy\" class=\"aligncenter size-medium wp-image-10162\" title=\"sabado\" src=\"\/tormentas-y-rayos\/wp-content\/uploads\/sites\/12\/2014\/11\/sabado.jpg\" alt=\"\" width=\"542\" height=\"400\" srcset=\"https:\/\/static-blogs.diariosur.es\/wp-content\/uploads\/sites\/12\/2014\/11\/sabado.jpg 748w, https:\/\/static-blogs.diariosur.es\/wp-content\/uploads\/sites\/12\/2014\/11\/sabado-542x400.jpg 542w\" sizes=\"(max-width: 542px) 100vw, 542px\" \/><\/a><\/p>\n<p>&nbsp;<\/p>\n<p>&nbsp;<\/p>\n<p><a href=\"https:\/\/blogs.diariosur.es\/tormentas-y-rayos\/2014\/11\/08\/prevision-del-tiempo-andalucia-un-frente-afectara-esta-tarde-noche-y-madrugada-del-domingo-bajan-de-nuevo-las-maximas-y-minimas\/masa-de-aire-fri\/\" rel=\"attachment wp-att-10163\"><img loading=\"lazy\" class=\"aligncenter size-full wp-image-10163\" title=\"masa de aire fri\" src=\"\/tormentas-y-rayos\/wp-content\/uploads\/sites\/12\/2014\/11\/masa-de-aire-fri.jpg\" alt=\"\" width=\"595\" height=\"538\" srcset=\"https:\/\/static-blogs.diariosur.es\/wp-content\/uploads\/sites\/12\/2014\/11\/masa-de-aire-fri.jpg 595w, https:\/\/static-blogs.diariosur.es\/wp-content\/uploads\/sites\/12\/2014\/11\/masa-de-aire-fri-442x400.jpg 442w\" sizes=\"(max-width: 595px) 100vw, 595px\" \/><\/a><\/p>\n<p><strong>Por la tarde noche el frente empezara a afectar a la zona mas occidental andaluza. A la provincia malague\u00f1a si no se adelanta\u00a0llegar\u00eda\u00a0a primeras horas de la madrugada. Los chubascos mas cuantiosos se\u00a0dar\u00e1n\u00a0por el interior, en M\u00e1laga Capital tambi\u00e9n\u00a0llover\u00e1, pero no espero muchos litros. A primera hora de la ma\u00f1ana el frente ya\u00a0habr\u00e1\u00a0pasado y el terral de oto\u00f1o\u00a0tomar\u00eda\u00a0protagonismo soplando con rachas moderadas. Las\u00a0m\u00e1ximas\u00a0y\u00a0m\u00ednimas\u00a0bajaran\u00a0ma\u00f1ana en toda Andaluc\u00eda.\u00a0<\/strong><\/p>\n<p><strong>La borrasca que esta centrada cerca de las Islas Brit\u00e1nicas, seguir\u00e1 mandando frentes los primeros dias de la semana que viene. Pero esto lo veremos mejor el lunes cuando actualice el blog. Os paso este precioso mapa de superficie de meteoficce previsto para la madrugada.<\/strong><\/p>\n<p>&nbsp;<\/p>\n<p><a href=\"https:\/\/blogs.diariosur.es\/tormentas-y-rayos\/2014\/11\/08\/prevision-del-tiempo-andalucia-un-frente-afectara-esta-tarde-noche-y-madrugada-del-domingo-bajan-de-nuevo-las-maximas-y-minimas\/captura-498\/\" rel=\"attachment wp-att-10164\"><img loading=\"lazy\" class=\"aligncenter size-medium wp-image-10164\" title=\"Captura\" src=\"\/tormentas-y-rayos\/wp-content\/uploads\/sites\/12\/2014\/11\/Captura8.jpg\" alt=\"\" width=\"600\" height=\"389\" srcset=\"https:\/\/static-blogs.diariosur.es\/wp-content\/uploads\/sites\/12\/2014\/11\/Captura8.jpg 1073w, https:\/\/static-blogs.diariosur.es\/wp-content\/uploads\/sites\/12\/2014\/11\/Captura8-617x400.jpg 617w, https:\/\/static-blogs.diariosur.es\/wp-content\/uploads\/sites\/12\/2014\/11\/Captura8-768x498.jpg 768w\" sizes=\"(max-width: 600px) 100vw, 600px\" \/><\/a><\/p>\n<p>&nbsp;<\/p>\n<p>&nbsp;<\/p>\n<p>&nbsp;<\/p>\n<p>&nbsp;<\/p>\n<p>&nbsp;<\/p>\n<p><strong>Os hago un peque\u00f1o resumen del\u00a0d\u00eda\u00a0de ayer. La lluvia fue protagonista en la zona occidental andaluza, asi como por el interior de la Provincia Malague\u00f1a, destaca Alpandeire 14 litros, \u00a0Cortes de la Frontera 12y \u00a0Pujerra con casi 9 \u00a0litros. A ultima hora de la noche cayeron mijillas en la Capital.<\/strong><\/p>\n<p><strong>M\u00e1laga Capital dio la\u00a0m\u00e1xima\u00a0de Andaluc\u00eda\u00a0con 24.4 grados, durante casi todo el\u00a0d\u00eda\u00a0las nubes fueron las protagonistas. Estas nubes dejaron este bonito amanecer.<\/strong><\/p>\n<p>&nbsp;<\/p>\n<p>&nbsp;<\/p>\n<p><img loading=\"lazy\" class=\"aligncenter\" src=\"https:\/\/farm4.staticflickr.com\/3947\/15113968353_407f0bc1a3_z.jpg\" alt=\"\" width=\"640\" height=\"259\" \/><\/p>\n<p>&nbsp;<\/p>\n<p>&nbsp;<\/p>\n<p>&nbsp;<\/p>\n<p><strong>Por la tarde me fui a la Playa del Chanquete, durante el mes de noviembre, diciembre y enero los atardeceres \u00a0o puesta de sol, son muy bonitos desde esta zona.<\/strong><\/p>\n<p>&nbsp;<\/p>\n<p>&nbsp;<\/p>\n<p>&nbsp;<\/p>\n<p><img loading=\"lazy\" class=\"aligncenter\" src=\"https:\/\/farm8.staticflickr.com\/7579\/15733451345_fa2fd82247_z.jpg\" alt=\"\" width=\"640\" height=\"427\" \/><\/p>\n<p>&nbsp;<\/p>\n<p>&nbsp;<\/p>\n<p>&nbsp;<\/p>\n<p>&nbsp;<\/p>\n<p>&nbsp;<\/p>\n<p><img loading=\"lazy\" class=\"aligncenter\" src=\"https:\/\/farm4.staticflickr.com\/3950\/15547538389_967e790b37_z.jpg\" alt=\"\" width=\"640\" height=\"332\" \/><\/p>\n<p>&nbsp;<\/p>\n<p>&nbsp;<\/p>\n<p>&nbsp;<\/p>\n<p><strong>Si quereis ver mas fotos de ayer pinchar en el enlace de mi \u00a0\u00a0<\/strong><strong><a href=\"https:\/\/www.flickr.com\/photos\/jose_luis_escudero\/\" rel=\"external nofollow\">GALER\u00cdA<\/a><\/strong><\/p>\n<p>&nbsp;<\/p>\n<p>&nbsp;<\/p>\n<p><strong>Os paso los datos mas destacados que se dieron ayer en Andaluc\u00eda.<\/strong><\/p>\n<p>&nbsp;<\/p>\n<p><a href=\"https:\/\/blogs.diariosur.es\/tormentas-y-rayos\/2014\/11\/08\/prevision-del-tiempo-andalucia-un-frente-afectara-esta-tarde-noche-y-madrugada-del-domingo-bajan-de-nuevo-las-maximas-y-minimas\/resumen-2\/\" rel=\"attachment wp-att-10165\"><img loading=\"lazy\" class=\"aligncenter size-medium wp-image-10165\" title=\"resumen\" src=\"\/tormentas-y-rayos\/wp-content\/uploads\/sites\/12\/2014\/11\/resumen.jpg\" alt=\"\" width=\"499\" height=\"400\" srcset=\"https:\/\/static-blogs.diariosur.es\/wp-content\/uploads\/sites\/12\/2014\/11\/resumen.jpg 771w, https:\/\/static-blogs.diariosur.es\/wp-content\/uploads\/sites\/12\/2014\/11\/resumen-500x400.jpg 500w, https:\/\/static-blogs.diariosur.es\/wp-content\/uploads\/sites\/12\/2014\/11\/resumen-768x615.jpg 768w\" sizes=\"(max-width: 499px) 100vw, 499px\" \/><\/a><\/p>\n<p>&nbsp;<\/p>\n<p>&nbsp;<\/p>\n<p><strong>Os pongo unas fotos que me\u00a0hab\u00e9is\u00a0mandado de ayer viernes, son preciosas todas.<\/strong><\/p>\n<p><strong>Antonio Macias.\u00a0<\/strong><\/p>\n<p><a href=\"https:\/\/blogs.diariosur.es\/tormentas-y-rayos\/2014\/11\/08\/prevision-del-tiempo-andalucia-un-frente-afectara-esta-tarde-noche-y-madrugada-del-domingo-bajan-de-nuevo-las-maximas-y-minimas\/antonio-macias-3\/\" rel=\"attachment wp-att-10158\"><img loading=\"lazy\" class=\"aligncenter size-full wp-image-10158\" title=\"antonio macias\" src=\"\/tormentas-y-rayos\/wp-content\/uploads\/sites\/12\/2014\/11\/antonio-macias1.jpg\" alt=\"\" width=\"640\" height=\"480\" srcset=\"https:\/\/static-blogs.diariosur.es\/wp-content\/uploads\/sites\/12\/2014\/11\/antonio-macias1.jpg 640w, https:\/\/static-blogs.diariosur.es\/wp-content\/uploads\/sites\/12\/2014\/11\/antonio-macias1-533x400.jpg 533w\" sizes=\"(max-width: 640px) 100vw, 640px\" \/><\/a><\/p>\n<p>&nbsp;<\/p>\n<p>&nbsp;<\/p>\n<p><strong>Carlos Castro. Desde la Laguna de Fuente Piedra.<\/strong><\/p>\n<p>&nbsp;<\/p>\n<p><a href=\"https:\/\/blogs.diariosur.es\/tormentas-y-rayos\/2014\/11\/08\/prevision-del-tiempo-andalucia-un-frente-afectara-esta-tarde-noche-y-madrugada-del-domingo-bajan-de-nuevo-las-maximas-y-minimas\/carlos-castro-8\/\" rel=\"attachment wp-att-10159\"><img loading=\"lazy\" class=\"aligncenter size-full wp-image-10159\" title=\"carlos castro\" src=\"\/tormentas-y-rayos\/wp-content\/uploads\/sites\/12\/2014\/11\/carlos-castro.jpg\" alt=\"\" width=\"640\" height=\"427\" srcset=\"https:\/\/static-blogs.diariosur.es\/wp-content\/uploads\/sites\/12\/2014\/11\/carlos-castro.jpg 640w, https:\/\/static-blogs.diariosur.es\/wp-content\/uploads\/sites\/12\/2014\/11\/carlos-castro-600x400.jpg 600w\" sizes=\"(max-width: 640px) 100vw, 640px\" \/><\/a><\/p>\n<p>&nbsp;<\/p>\n<p><strong>Paqui Lara<\/strong><\/p>\n<p><a href=\"https:\/\/blogs.diariosur.es\/tormentas-y-rayos\/2014\/11\/08\/prevision-del-tiempo-andalucia-un-frente-afectara-esta-tarde-noche-y-madrugada-del-domingo-bajan-de-nuevo-las-maximas-y-minimas\/paqui-lara-4\/\" rel=\"attachment wp-att-10160\"><img loading=\"lazy\" class=\"aligncenter size-full wp-image-10160\" title=\"paqui lara\" src=\"\/tormentas-y-rayos\/wp-content\/uploads\/sites\/12\/2014\/11\/paqui-lara.jpg\" alt=\"\" width=\"640\" height=\"360\" \/><\/a><\/p>\n<p>&nbsp;<\/p>\n<p>&nbsp;<\/p>\n<p>&nbsp;<\/p>\n<p><strong>To\u00f1i O\u00f1a.<\/strong><\/p>\n<p><a href=\"https:\/\/blogs.diariosur.es\/tormentas-y-rayos\/2014\/11\/08\/prevision-del-tiempo-andalucia-un-frente-afectara-esta-tarde-noche-y-madrugada-del-domingo-bajan-de-nuevo-las-maximas-y-minimas\/tioni-ona\/\" rel=\"attachment wp-att-10161\"><img loading=\"lazy\" class=\"aligncenter size-full wp-image-10161\" title=\"tio\u00f1i o\u00f1a\" src=\"\/tormentas-y-rayos\/wp-content\/uploads\/sites\/12\/2014\/11\/tio\u00f1i-o\u00f1a.jpg\" alt=\"\" width=\"460\" height=\"613\" srcset=\"https:\/\/static-blogs.diariosur.es\/wp-content\/uploads\/sites\/12\/2014\/11\/tio\u00f1i-o\u00f1a.jpg 460w, https:\/\/static-blogs.diariosur.es\/wp-content\/uploads\/sites\/12\/2014\/11\/tio\u00f1i-o\u00f1a-300x400.jpg 300w\" sizes=\"(max-width: 460px) 100vw, 460px\" \/><\/a><\/p>\n","protected":false},"excerpt":{"rendered":"<p>&nbsp; &nbsp; &nbsp; &nbsp; &nbsp; Buenos dias amigos de la meteo, son las seis de la ma\u00f1ana, registro 18.7 grados pero debido al viento la sensaci\u00f3n\u00a0t\u00e9rmica\u00a0es de mas fr\u00edo. \u00a0Los cielos malague\u00f1os est\u00e1n nubosos, seguro que de nuevo tendremos un bonito amanecer. &nbsp; Bueno amigos, ya tenemos al frente entrando en la\u00a0pen\u00ednsula, en estos momentos [&hellip;]<\/p>\n","protected":false},"author":16,"featured_media":10164,"comment_status":"open","ping_status":"open","sticky":false,"template":"","format":"standard","meta":[],"categories":[2],"tags":[100,164,627,809,962,980],"_links":{"self":[{"href":"https:\/\/blogs.diariosur.es\/tormentas-y-rayos\/wp-json\/wp\/v2\/posts\/10156"}],"collection":[{"href":"https:\/\/blogs.diariosur.es\/tormentas-y-rayos\/wp-json\/wp\/v2\/posts"}],"about":[{"href":"https:\/\/blogs.diariosur.es\/tormentas-y-rayos\/wp-json\/wp\/v2\/types\/post"}],"author":[{"embeddable":true,"href":"https:\/\/blogs.diariosur.es\/tormentas-y-rayos\/wp-json\/wp\/v2\/users\/16"}],"replies":[{"embeddable":true,"href":"https:\/\/blogs.diariosur.es\/tormentas-y-rayos\/wp-json\/wp\/v2\/comments?post=10156"}],"version-history":[{"count":0,"href":"https:\/\/blogs.diariosur.es\/tormentas-y-rayos\/wp-json\/wp\/v2\/posts\/10156\/revisions"}],"wp:featuredmedia":[{"embeddable":true,"href":"https:\/\/blogs.diariosur.es\/tormentas-y-rayos\/wp-json\/wp\/v2\/media\/10164"}],"wp:attachment":[{"href":"https:\/\/blogs.diariosur.es\/tormentas-y-rayos\/wp-json\/wp\/v2\/media?parent=10156"}],"wp:term":[{"taxonomy":"category","embeddable":true,"href":"https:\/\/blogs.diariosur.es\/tormentas-y-rayos\/wp-json\/wp\/v2\/categories?post=10156"},{"taxonomy":"post_tag","embeddable":true,"href":"https:\/\/blogs.diariosur.es\/tormentas-y-rayos\/wp-json\/wp\/v2\/tags?post=10156"}],"curies":[{"name":"wp","href":"https:\/\/api.w.org\/{rel}","templated":true}]}}