{"id":10167,"date":"2014-11-09T08:55:35","date_gmt":"2014-11-09T07:55:35","guid":{"rendered":"http:\/\/blogs.diariosur.es\/tormentas-y-rayos\/?p=10167"},"modified":"2014-11-09T08:55:35","modified_gmt":"2014-11-09T07:55:35","slug":"prevision-del-tiempo-el-frente-deja-poca-lluvia-en-andalucia-destaca-antequera-con-13-litros-bajan-las-temperaturas-maximas-y-minimas-cazados-cirros-kelvin-helmholtz","status":"publish","type":"post","link":"https:\/\/blogs.diariosur.es\/tormentas-y-rayos\/2014\/11\/09\/prevision-del-tiempo-el-frente-deja-poca-lluvia-en-andalucia-destaca-antequera-con-13-litros-bajan-las-temperaturas-maximas-y-minimas-cazados-cirros-kelvin-helmholtz\/","title":{"rendered":"Previsi\u00f3n del tiempo. El frente deja poca lluvia en Andaluc\u00eda. Destaca Antequera con 13 litros. Bajan las temperaturas m\u00e1ximas y m\u00ednimas. Cazados  Cirros Kelvin-Helmholtz"},"content":{"rendered":"<p>&nbsp;<\/p>\n<p><img loading=\"lazy\" class=\"aligncenter\" src=\"https:\/\/farm6.staticflickr.com\/5566\/14568830453_8e0522e3fc_q.jpg\" alt=\"\" width=\"150\" height=\"150\" \/><\/p>\n<p>&nbsp;<\/p>\n<p>&nbsp;<\/p>\n<p>&nbsp;<\/p>\n<p>&nbsp;<\/p>\n<p>&nbsp;<\/p>\n<p>&nbsp;<\/p>\n<p>&nbsp;<\/p>\n<p><strong>Buenos dias amigos de la meteo, son las siete de la ma\u00f1ana, registro 14.9 grados y los cielos est\u00e1n algo nubosos. Tal y como se esperaba el frente ha cruzado la provincia malague\u00f1a de madrugada, dejando precipitaciones de entre dos y trece litros. \u00a0Mi\u00a0pluvi\u00f3metro\u00a0ha contabilizado dos. Destaca Antequera con casi 14. \u00a0Os paso una imagen del radar de lluvia de la\u00a0pen\u00ednsula<\/strong><\/p>\n<p><strong><a href=\"https:\/\/blogs.diariosur.es\/tormentas-y-rayos\/2014\/11\/09\/prevision-del-tiempo-el-frente-deja-poca-lluvia-en-andalucia-destaca-antequera-con-13-litros-bajan-las-temperaturas-maximas-y-minimas-cazados-cirros-kelvin-helmholtz\/201411090000_r8pb\/\" rel=\"attachment wp-att-10168\"><img loading=\"lazy\" class=\"aligncenter size-full wp-image-10168\" title=\"201411090000_r8pb\" src=\"\/tormentas-y-rayos\/wp-content\/uploads\/sites\/12\/2014\/11\/201411090000_r8pb.gif\" alt=\"\" width=\"500\" height=\"500\" \/><\/a><\/strong><\/p>\n<p><strong>.<\/strong><\/p>\n<p><strong>El frente una vez ha llegado al Mar de Albor\u00e1n se ha\u00a0reactivado. En el mapa de rayos de la aemet se ve pefectamente.<\/strong><\/p>\n<p>&nbsp;<\/p>\n<p>&nbsp;<\/p>\n<p><a href=\"https:\/\/blogs.diariosur.es\/tormentas-y-rayos\/2014\/11\/09\/prevision-del-tiempo-el-frente-deja-poca-lluvia-en-andalucia-destaca-antequera-con-13-litros-bajan-las-temperaturas-maximas-y-minimas-cazados-cirros-kelvin-helmholtz\/201411090500_r79g\/\" rel=\"attachment wp-att-10176\"><img loading=\"lazy\" class=\"aligncenter size-full wp-image-10176\" title=\"201411090500_r79g\" src=\"\/tormentas-y-rayos\/wp-content\/uploads\/sites\/12\/2014\/11\/201411090500_r79g.gif\" alt=\"\" width=\"500\" height=\"500\" \/><\/a><\/p>\n<p>&nbsp;<\/p>\n<p>&nbsp;<\/p>\n<p>&nbsp;<\/p>\n<p><strong>Lo mas destacable \u00a0es la bajada de temperaturas, esto se ha debido a la masa de aire fr\u00edo que ahora mismo ocupa la\u00a0pen\u00ednsula. Fijaros en la diferencia de estas\u00a0im\u00e1genes\u00a0de masas de aire. Fuente aemet.<\/strong><\/p>\n<p><strong>Esta primera es de ayer.<\/strong><\/p>\n<p>&nbsp;<\/p>\n<p><a href=\"https:\/\/blogs.diariosur.es\/tormentas-y-rayos\/2014\/11\/09\/prevision-del-tiempo-el-frente-deja-poca-lluvia-en-andalucia-destaca-antequera-con-13-litros-bajan-las-temperaturas-maximas-y-minimas-cazados-cirros-kelvin-helmholtz\/masa-de-aire-fri-2\/\" rel=\"attachment wp-att-10169\"><img loading=\"lazy\" class=\"aligncenter size-full wp-image-10169\" title=\"masa de aire fri\" src=\"\/tormentas-y-rayos\/wp-content\/uploads\/sites\/12\/2014\/11\/masa-de-aire-fri1.jpg\" alt=\"\" width=\"595\" height=\"538\" srcset=\"https:\/\/static-blogs.diariosur.es\/wp-content\/uploads\/sites\/12\/2014\/11\/masa-de-aire-fri1.jpg 595w, https:\/\/static-blogs.diariosur.es\/wp-content\/uploads\/sites\/12\/2014\/11\/masa-de-aire-fri1-442x400.jpg 442w\" sizes=\"(max-width: 595px) 100vw, 595px\" \/><\/a><\/p>\n<p>&nbsp;<\/p>\n<p><strong>Esta otra de hace una hora.<\/strong><\/p>\n<p>&nbsp;<\/p>\n<p><a href=\"https:\/\/blogs.diariosur.es\/tormentas-y-rayos\/2014\/11\/09\/prevision-del-tiempo-el-frente-deja-poca-lluvia-en-andalucia-destaca-antequera-con-13-litros-bajan-las-temperaturas-maximas-y-minimas-cazados-cirros-kelvin-helmholtz\/domin-3\/\" rel=\"attachment wp-att-10170\"><img loading=\"lazy\" class=\"aligncenter size-full wp-image-10170\" title=\"domin\" src=\"\/tormentas-y-rayos\/wp-content\/uploads\/sites\/12\/2014\/11\/domin.jpg\" alt=\"\" width=\"637\" height=\"525\" srcset=\"https:\/\/static-blogs.diariosur.es\/wp-content\/uploads\/sites\/12\/2014\/11\/domin.jpg 637w, https:\/\/static-blogs.diariosur.es\/wp-content\/uploads\/sites\/12\/2014\/11\/domin-485x400.jpg 485w\" sizes=\"(max-width: 637px) 100vw, 637px\" \/><\/a><\/p>\n<p>&nbsp;<\/p>\n<p><strong>El terral de oto\u00f1o y el poniente ser\u00e1n los protagonistas hoy domingo. La sensaci\u00f3n\u00a0t\u00e9rmica\u00a0de fr\u00edo se notara mucho hoy debido al viento. Esta sensaci\u00f3n la voy a notar yo ahora mismo cuando coja la moto y tire para la playa. Hoy no espero gran cosa cuando salga el sol. Bueno os dejo y tiro para la playa de la misericordia.<\/strong><\/p>\n<p><strong>Ya de vuelta amigos, y la meteo me ha dado una grata sorpresa, he podido fotografiar\u00a0\u00a0Cirros Kelvin-Helmholtz , no estaban muy definidos pero no ha estado mal. El cielo me ha\u00a0recompensado por el fr\u00edo que he pasado.<\/strong><\/p>\n<p><strong>Os paso un par de fotos de este tipo de nubes.<\/strong><\/p>\n<p>&nbsp;<\/p>\n<p><a href=\"https:\/\/blogs.diariosur.es\/tormentas-y-rayos\/2014\/11\/09\/prevision-del-tiempo-el-frente-deja-poca-lluvia-en-andalucia-destaca-antequera-con-13-litros-bajan-las-temperaturas-maximas-y-minimas-cazados-cirros-kelvin-helmholtz\/a1-16\/\" rel=\"attachment wp-att-10171\"><img loading=\"lazy\" class=\"aligncenter size-full wp-image-10171\" title=\"a1\" src=\"\/tormentas-y-rayos\/wp-content\/uploads\/sites\/12\/2014\/11\/a11.jpg\" alt=\"\" width=\"640\" height=\"427\" srcset=\"https:\/\/static-blogs.diariosur.es\/wp-content\/uploads\/sites\/12\/2014\/11\/a11.jpg 640w, https:\/\/static-blogs.diariosur.es\/wp-content\/uploads\/sites\/12\/2014\/11\/a11-600x400.jpg 600w\" sizes=\"(max-width: 640px) 100vw, 640px\" \/><\/a><\/p>\n<p>&nbsp;<\/p>\n<p><a href=\"https:\/\/blogs.diariosur.es\/tormentas-y-rayos\/2014\/11\/09\/prevision-del-tiempo-el-frente-deja-poca-lluvia-en-andalucia-destaca-antequera-con-13-litros-bajan-las-temperaturas-maximas-y-minimas-cazados-cirros-kelvin-helmholtz\/a-39\/\" rel=\"attachment wp-att-10172\"><img loading=\"lazy\" class=\"aligncenter size-full wp-image-10172\" title=\"a\" src=\"\/tormentas-y-rayos\/wp-content\/uploads\/sites\/12\/2014\/11\/a2.jpg\" alt=\"\" width=\"640\" height=\"427\" srcset=\"https:\/\/static-blogs.diariosur.es\/wp-content\/uploads\/sites\/12\/2014\/11\/a2.jpg 640w, https:\/\/static-blogs.diariosur.es\/wp-content\/uploads\/sites\/12\/2014\/11\/a2-600x400.jpg 600w\" sizes=\"(max-width: 640px) 100vw, 640px\" \/><\/a><\/p>\n<p>&nbsp;<\/p>\n<p><strong>\u00a0Poco mas que contar amigos. El martes un nuevo frente\u00a0cruzar\u00eda\u00a0la\u00a0pen\u00ednsula, de momento la\u00a0mayor\u00eda\u00a0de los modelos le dan mas entidad. Si es\u00a0as\u00ed,\u00a0dejar\u00eda\u00a0buenos acumulados en muchos puntos de Andaluc\u00eda. Pero de esto hablaremos\u00a0mejor ma\u00f1ana lunes.<\/strong><\/p>\n<p><strong>Os dejo con unas cuantas fotos que me\u00a0hab\u00e9is\u00a0mandado de ayer\u00a0s\u00e1bado, son todas preciosas.<\/strong><\/p>\n<p><strong>Paqui Carnero<\/strong><\/p>\n<p>&nbsp;<\/p>\n<p><a href=\"https:\/\/blogs.diariosur.es\/tormentas-y-rayos\/2014\/11\/09\/prevision-del-tiempo-el-frente-deja-poca-lluvia-en-andalucia-destaca-antequera-con-13-litros-bajan-las-temperaturas-maximas-y-minimas-cazados-cirros-kelvin-helmholtz\/paqui-carnero-14\/\" rel=\"attachment wp-att-10173\"><img loading=\"lazy\" class=\"aligncenter size-full wp-image-10173\" title=\"paqui carnero\" src=\"\/tormentas-y-rayos\/wp-content\/uploads\/sites\/12\/2014\/11\/paqui-carnero.jpg\" alt=\"\" width=\"640\" height=\"360\" \/><\/a><\/p>\n<p>&nbsp;<\/p>\n<p>&nbsp;<\/p>\n<p><strong>Jose Luis Cardenas<\/strong><\/p>\n<p>&nbsp;<\/p>\n<p>&nbsp;<\/p>\n<p><a href=\"https:\/\/blogs.diariosur.es\/tormentas-y-rayos\/2014\/11\/09\/prevision-del-tiempo-el-frente-deja-poca-lluvia-en-andalucia-destaca-antequera-con-13-litros-bajan-las-temperaturas-maximas-y-minimas-cazados-cirros-kelvin-helmholtz\/jose-luis-cardenas\/\" rel=\"attachment wp-att-10174\"><img loading=\"lazy\" class=\"aligncenter size-full wp-image-10174\" title=\"jose luis cardenas\" src=\"\/tormentas-y-rayos\/wp-content\/uploads\/sites\/12\/2014\/11\/jose-luis-cardenas.jpg\" alt=\"\" width=\"640\" height=\"480\" srcset=\"https:\/\/static-blogs.diariosur.es\/wp-content\/uploads\/sites\/12\/2014\/11\/jose-luis-cardenas.jpg 640w, https:\/\/static-blogs.diariosur.es\/wp-content\/uploads\/sites\/12\/2014\/11\/jose-luis-cardenas-533x400.jpg 533w\" sizes=\"(max-width: 640px) 100vw, 640px\" \/><\/a><\/p>\n<p>&nbsp;<\/p>\n<p>&nbsp;<\/p>\n<p><strong>Alejandro Ponce.<\/strong><\/p>\n<p>&nbsp;<\/p>\n<p><a href=\"https:\/\/blogs.diariosur.es\/tormentas-y-rayos\/2014\/11\/09\/prevision-del-tiempo-el-frente-deja-poca-lluvia-en-andalucia-destaca-antequera-con-13-litros-bajan-las-temperaturas-maximas-y-minimas-cazados-cirros-kelvin-helmholtz\/alejandro-ponce\/\" rel=\"attachment wp-att-10175\"><img loading=\"lazy\" class=\"aligncenter size-full wp-image-10175\" title=\"alejandro ponce\" src=\"\/tormentas-y-rayos\/wp-content\/uploads\/sites\/12\/2014\/11\/alejandro-ponce.jpg\" alt=\"\" width=\"640\" height=\"427\" srcset=\"https:\/\/static-blogs.diariosur.es\/wp-content\/uploads\/sites\/12\/2014\/11\/alejandro-ponce.jpg 640w, https:\/\/static-blogs.diariosur.es\/wp-content\/uploads\/sites\/12\/2014\/11\/alejandro-ponce-600x400.jpg 600w\" sizes=\"(max-width: 640px) 100vw, 640px\" \/><\/a><\/p>\n<p>&nbsp;<\/p>\n","protected":false},"excerpt":{"rendered":"<p>&nbsp; &nbsp; &nbsp; &nbsp; &nbsp; &nbsp; &nbsp; &nbsp; Buenos dias amigos de la meteo, son las siete de la ma\u00f1ana, registro 14.9 grados y los cielos est\u00e1n algo nubosos. Tal y como se esperaba el frente ha cruzado la provincia malague\u00f1a de madrugada, dejando precipitaciones de entre dos y trece litros. \u00a0Mi\u00a0pluvi\u00f3metro\u00a0ha contabilizado dos. Destaca [&hellip;]<\/p>\n","protected":false},"author":16,"featured_media":10171,"comment_status":"open","ping_status":"open","sticky":false,"template":"","format":"standard","meta":[],"categories":[2],"tags":[164,258,259,809,962,980],"_links":{"self":[{"href":"https:\/\/blogs.diariosur.es\/tormentas-y-rayos\/wp-json\/wp\/v2\/posts\/10167"}],"collection":[{"href":"https:\/\/blogs.diariosur.es\/tormentas-y-rayos\/wp-json\/wp\/v2\/posts"}],"about":[{"href":"https:\/\/blogs.diariosur.es\/tormentas-y-rayos\/wp-json\/wp\/v2\/types\/post"}],"author":[{"embeddable":true,"href":"https:\/\/blogs.diariosur.es\/tormentas-y-rayos\/wp-json\/wp\/v2\/users\/16"}],"replies":[{"embeddable":true,"href":"https:\/\/blogs.diariosur.es\/tormentas-y-rayos\/wp-json\/wp\/v2\/comments?post=10167"}],"version-history":[{"count":0,"href":"https:\/\/blogs.diariosur.es\/tormentas-y-rayos\/wp-json\/wp\/v2\/posts\/10167\/revisions"}],"wp:featuredmedia":[{"embeddable":true,"href":"https:\/\/blogs.diariosur.es\/tormentas-y-rayos\/wp-json\/wp\/v2\/media\/10171"}],"wp:attachment":[{"href":"https:\/\/blogs.diariosur.es\/tormentas-y-rayos\/wp-json\/wp\/v2\/media?parent=10167"}],"wp:term":[{"taxonomy":"category","embeddable":true,"href":"https:\/\/blogs.diariosur.es\/tormentas-y-rayos\/wp-json\/wp\/v2\/categories?post=10167"},{"taxonomy":"post_tag","embeddable":true,"href":"https:\/\/blogs.diariosur.es\/tormentas-y-rayos\/wp-json\/wp\/v2\/tags?post=10167"}],"curies":[{"name":"wp","href":"https:\/\/api.w.org\/{rel}","templated":true}]}}