{"id":10178,"date":"2014-11-10T07:17:39","date_gmt":"2014-11-10T06:17:39","guid":{"rendered":"http:\/\/blogs.diariosur.es\/tormentas-y-rayos\/?p=10178"},"modified":"2014-11-10T07:17:39","modified_gmt":"2014-11-10T06:17:39","slug":"prevision-del-tiempo-andalucia-esta-noche-y-manana-martes-un-nuevo-frente-traera-lluvias-y-vientos-fuertes-en-esta-ocasion-llovera-mas-en-malaga-aviso-amarillo","status":"publish","type":"post","link":"https:\/\/blogs.diariosur.es\/tormentas-y-rayos\/2014\/11\/10\/prevision-del-tiempo-andalucia-esta-noche-y-manana-martes-un-nuevo-frente-traera-lluvias-y-vientos-fuertes-en-esta-ocasion-llovera-mas-en-malaga-aviso-amarillo\/","title":{"rendered":"Previsi\u00f3n del tiempo Andaluc\u00eda. Esta noche y ma\u00f1ana martes un nuevo frente traer\u00e1 lluvias y vientos fuertes. En esta ocasi\u00f3n llover\u00e1 mas en M\u00e1laga. Aviso amarillo."},"content":{"rendered":"<p><img loading=\"lazy\" class=\"aligncenter\" src=\"https:\/\/farm3.staticflickr.com\/2898\/14371881571_bbae3518b1_q.jpg\" alt=\"\" width=\"150\" height=\"150\" \/><\/p>\n<p>&nbsp;<\/p>\n<p>&nbsp;<\/p>\n<p>&nbsp;<\/p>\n<p>&nbsp;<\/p>\n<p>&nbsp;<\/p>\n<p><strong>Buenos\u00a0d\u00edas\u00a0amigos de la meteo, son las seis de la ma\u00f1ana, registro 11 grados y los cielos andaluces est\u00e1n despejados. En la provincia de Granada parece ser que hay nieblas.<\/strong><\/p>\n<p><strong> Estas son las\u00a0m\u00ednimas\u00a0que se dan ahora mismo cuando son las seis de la ma\u00f1ana en Andaluc\u00eda.<\/strong><\/p>\n<p>&nbsp;<\/p>\n<p><a href=\"https:\/\/blogs.diariosur.es\/tormentas-y-rayos\/2014\/11\/10\/prevision-del-tiempo-andalucia-esta-noche-y-manana-martes-un-nuevo-frente-traera-lluvias-y-vientos-fuertes-en-esta-ocasion-llovera-mas-en-malaga-aviso-amarillo\/captura-501\/\" rel=\"attachment wp-att-10183\"><img loading=\"lazy\" class=\"aligncenter size-medium wp-image-10183\" title=\"Captura\" src=\"\/tormentas-y-rayos\/wp-content\/uploads\/sites\/12\/2014\/11\/Captura11.jpg\" alt=\"\" width=\"600\" height=\"386\" srcset=\"https:\/\/static-blogs.diariosur.es\/wp-content\/uploads\/sites\/12\/2014\/11\/Captura11.jpg 793w, https:\/\/static-blogs.diariosur.es\/wp-content\/uploads\/sites\/12\/2014\/11\/Captura11-621x400.jpg 621w, https:\/\/static-blogs.diariosur.es\/wp-content\/uploads\/sites\/12\/2014\/11\/Captura11-768x495.jpg 768w\" sizes=\"(max-width: 600px) 100vw, 600px\" \/><\/a><\/p>\n<p><strong>Hoy lunes\u00a0subir\u00e1n\u00a0las\u00a0m\u00e1ximas en M\u00e1laga Capital, si ayer mi estaci\u00f3n dio una\u00a0m\u00e1xima\u00a0de 17.9 grados, hoy se pueden superar los 21. El terral de oto\u00f1o soplara mas flojo y la masa de aire\u00a0fr\u00edo\u00a0se traslada hacia el este.<\/strong><\/p>\n<p><strong>Ma\u00f1ana martes un nuevo frente afectara a Andaluc\u00eda Occidental,\u00a0seg\u00fan\u00a0la\u00a0mayor\u00eda\u00a0de los modelos es mas activo que los dos\u00a0\u00faltimos\u00a0que nos afectaron. \u00a0En esta imagen del\u00a0sat\u00e9lite\u00a0eumetsat \u00a0pod\u00e9is\u00a0ver donde se encuentra ahora mismo.\u00a0Tambi\u00e9n se puede observar las nieblas que afectan al centro peninsular. \u00a0Fuente Meteogalicia.<\/strong><\/p>\n<p>&nbsp;<\/p>\n<p>&nbsp;<\/p>\n<p><a href=\"https:\/\/blogs.diariosur.es\/tormentas-y-rayos\/2014\/11\/10\/prevision-del-tiempo-andalucia-esta-noche-y-manana-martes-un-nuevo-frente-traera-lluvias-y-vientos-fuertes-en-esta-ocasion-llovera-mas-en-malaga-aviso-amarillo\/frente-24\/\" rel=\"attachment wp-att-10181\"><img loading=\"lazy\" class=\"aligncenter size-medium wp-image-10181\" title=\"frente\" src=\"\/tormentas-y-rayos\/wp-content\/uploads\/sites\/12\/2014\/11\/frente1.jpg\" alt=\"\" width=\"533\" height=\"400\" srcset=\"https:\/\/static-blogs.diariosur.es\/wp-content\/uploads\/sites\/12\/2014\/11\/frente1.jpg 740w, https:\/\/static-blogs.diariosur.es\/wp-content\/uploads\/sites\/12\/2014\/11\/frente1-533x400.jpg 533w\" sizes=\"(max-width: 533px) 100vw, 533px\" \/><\/a><\/p>\n<p>&nbsp;<\/p>\n<p><span style=\"color: #ff0000;\">\u00a0<strong>Los chubascos llegaran primero a la provincia de Huelva esta tarde noche, y se\u00a0ir\u00e1n\u00a0trasladando durante la madrugada a otros puntos de Andaluc\u00eda. Los chubascos mas fuertes se\u00a0dar\u00e1n\u00a0en M\u00e1laga Capital a primeras horas de la\u00a0ma\u00f1ana y hasta el mediod\u00eda. En esta ocasi\u00f3n este frente entrara con\u00a0componente\u00a0sur, suroeste, en vez de \u00a0oeste \u00a0noroeste, con esto quiero decir que el frente\u00a0estar\u00e1\u00a0mas tiempo en la provincia malague\u00f1a, y los vientos al ser mas\u00a0h\u00famedos\u00a0contribuir\u00e1n\u00a0a dejar mas \u00a0cantidad de lluvia. Os paso un mapa de vientos previsto para ma\u00f1ana.<\/strong><\/span><\/p>\n<p>&nbsp;<\/p>\n<p><a href=\"https:\/\/blogs.diariosur.es\/tormentas-y-rayos\/2014\/11\/10\/prevision-del-tiempo-andalucia-esta-noche-y-manana-martes-un-nuevo-frente-traera-lluvias-y-vientos-fuertes-en-esta-ocasion-llovera-mas-en-malaga-aviso-amarillo\/sur-2\/\" rel=\"attachment wp-att-10182\"><img loading=\"lazy\" class=\"aligncenter size-medium wp-image-10182\" title=\"sur\" src=\"\/tormentas-y-rayos\/wp-content\/uploads\/sites\/12\/2014\/11\/sur.jpg\" alt=\"\" width=\"476\" height=\"400\" srcset=\"https:\/\/static-blogs.diariosur.es\/wp-content\/uploads\/sites\/12\/2014\/11\/sur.jpg 788w, https:\/\/static-blogs.diariosur.es\/wp-content\/uploads\/sites\/12\/2014\/11\/sur-476x400.jpg 476w, https:\/\/static-blogs.diariosur.es\/wp-content\/uploads\/sites\/12\/2014\/11\/sur-768x645.jpg 768w\" sizes=\"(max-width: 476px) 100vw, 476px\" \/><\/a><\/p>\n<p>&nbsp;<\/p>\n<p><strong>De momento para ma\u00f1ana martes se activa el aviso amarillo por lluvias en C\u00e1diz, Sevilla, C\u00f3rdoba y Ja\u00e9n.<\/strong><\/p>\n<p>&nbsp;<\/p>\n<p><a href=\"https:\/\/blogs.diariosur.es\/tormentas-y-rayos\/2014\/11\/10\/prevision-del-tiempo-andalucia-esta-noche-y-manana-martes-un-nuevo-frente-traera-lluvias-y-vientos-fuertes-en-esta-ocasion-llovera-mas-en-malaga-aviso-amarillo\/captura-502\/\" rel=\"attachment wp-att-10184\"><img loading=\"lazy\" class=\"aligncenter size-medium wp-image-10184\" title=\"Captura\" src=\"\/tormentas-y-rayos\/wp-content\/uploads\/sites\/12\/2014\/11\/Captura12.jpg\" alt=\"\" width=\"593\" height=\"400\" srcset=\"https:\/\/static-blogs.diariosur.es\/wp-content\/uploads\/sites\/12\/2014\/11\/Captura12.jpg 651w, https:\/\/static-blogs.diariosur.es\/wp-content\/uploads\/sites\/12\/2014\/11\/Captura12-593x400.jpg 593w\" sizes=\"(max-width: 593px) 100vw, 593px\" \/><\/a><\/p>\n<p>&nbsp;<\/p>\n<p><strong>Ademas de las \u00a0lluvias que afectaran a la fachada occidental peninsular, este frente \u00a0trae tambi\u00e9n rachas fuertes de viento que afectaran sobre todo a Almer\u00eda y otros puntos de la\u00a0pen\u00ednsula. La borrasca que genera estos frentes es muy profunda.<\/strong><\/p>\n<p>&nbsp;<\/p>\n<p><a href=\"https:\/\/blogs.diariosur.es\/tormentas-y-rayos\/2014\/11\/10\/prevision-del-tiempo-andalucia-esta-noche-y-manana-martes-un-nuevo-frente-traera-lluvias-y-vientos-fuertes-en-esta-ocasion-llovera-mas-en-malaga-aviso-amarillo\/captura-499\/\" rel=\"attachment wp-att-10179\"><img loading=\"lazy\" class=\"aligncenter size-medium wp-image-10179\" title=\"Captura\" src=\"\/tormentas-y-rayos\/wp-content\/uploads\/sites\/12\/2014\/11\/Captura9.jpg\" alt=\"\" width=\"587\" height=\"400\" srcset=\"https:\/\/static-blogs.diariosur.es\/wp-content\/uploads\/sites\/12\/2014\/11\/Captura9.jpg 1068w, https:\/\/static-blogs.diariosur.es\/wp-content\/uploads\/sites\/12\/2014\/11\/Captura9-588x400.jpg 588w, https:\/\/static-blogs.diariosur.es\/wp-content\/uploads\/sites\/12\/2014\/11\/Captura9-768x523.jpg 768w\" sizes=\"(max-width: 587px) 100vw, 587px\" \/><\/a><\/p>\n<p>&nbsp;<\/p>\n<p><strong>La mar de fondo sera la protagonista en la Costa Gallega y Asturiana, las olas pueden alcanzar los 5 metros. Por este motivo la Aemet activa el aviso naranja por\u00a0fen\u00f3menos\u00a0costeros en estas zonas.<\/strong><\/p>\n<p><a href=\"https:\/\/blogs.diariosur.es\/tormentas-y-rayos\/2014\/11\/10\/prevision-del-tiempo-andalucia-esta-noche-y-manana-martes-un-nuevo-frente-traera-lluvias-y-vientos-fuertes-en-esta-ocasion-llovera-mas-en-malaga-aviso-amarillo\/captura-500\/\" rel=\"attachment wp-att-10180\"><img loading=\"lazy\" class=\"aligncenter size-full wp-image-10180\" title=\"Captura\" src=\"\/tormentas-y-rayos\/wp-content\/uploads\/sites\/12\/2014\/11\/Captura10.jpg\" alt=\"\" width=\"568\" height=\"408\" srcset=\"https:\/\/static-blogs.diariosur.es\/wp-content\/uploads\/sites\/12\/2014\/11\/Captura10.jpg 568w, https:\/\/static-blogs.diariosur.es\/wp-content\/uploads\/sites\/12\/2014\/11\/Captura10-557x400.jpg 557w\" sizes=\"(max-width: 568px) 100vw, 568px\" \/><\/a><\/p>\n<p>&nbsp;<\/p>\n<p>&nbsp;<\/p>\n<p>&nbsp;<\/p>\n<p><strong>Ayer domingo la\u00a0m\u00e1xima\u00a0en mi estaci\u00f3n estuvo cercana a los 18, pero el viento de terral de oto\u00f1o\u00a0contribu\u00eda\u00a0 que la sensaci\u00f3n\u00a0t\u00e9rmica\u00a0fuese de mas fr\u00edo. Lo mas destacado de ayer fue que tuve la suerte de fotografiar estos \u00a0cirrus kelvin-helmholtz<\/strong><\/p>\n<p>&nbsp;<\/p>\n<p><a href=\"https:\/\/blogs.diariosur.es\/tormentas-y-rayos\/2014\/11\/10\/prevision-del-tiempo-andalucia-esta-noche-y-manana-martes-un-nuevo-frente-traera-lluvias-y-vientos-fuertes-en-esta-ocasion-llovera-mas-en-malaga-aviso-amarillo\/a1-17\/\" rel=\"attachment wp-att-10186\"><img loading=\"lazy\" class=\"aligncenter size-full wp-image-10186\" title=\"a1\" src=\"\/tormentas-y-rayos\/wp-content\/uploads\/sites\/12\/2014\/11\/a12.jpg\" alt=\"\" width=\"640\" height=\"427\" srcset=\"https:\/\/static-blogs.diariosur.es\/wp-content\/uploads\/sites\/12\/2014\/11\/a12.jpg 640w, https:\/\/static-blogs.diariosur.es\/wp-content\/uploads\/sites\/12\/2014\/11\/a12-600x400.jpg 600w\" sizes=\"(max-width: 640px) 100vw, 640px\" \/><\/a><\/p>\n<p>&nbsp;<\/p>\n<p><strong>El otro dato destacado, fueron los chubascos posfrontales que se dieron en el interior de la provincia malague\u00f1a. Macu Prieto\u00a0fotografi\u00f3\u00a0magistralmente\u00a0este chubasco acompa\u00f1ado de un arcoiris en Gauc\u00edn.<\/strong><\/p>\n<p><a href=\"https:\/\/blogs.diariosur.es\/tormentas-y-rayos\/2014\/11\/10\/prevision-del-tiempo-andalucia-esta-noche-y-manana-martes-un-nuevo-frente-traera-lluvias-y-vientos-fuertes-en-esta-ocasion-llovera-mas-en-malaga-aviso-amarillo\/macu-prieto-martin\/\" rel=\"attachment wp-att-10187\"><img loading=\"lazy\" class=\"aligncenter size-medium wp-image-10187\" title=\"MACU PRIETO MART\u00cdN\" src=\"\/tormentas-y-rayos\/wp-content\/uploads\/sites\/12\/2014\/11\/MACU-PRIETO-MART\u00cdN.jpg\" alt=\"\" width=\"600\" height=\"400\" srcset=\"https:\/\/static-blogs.diariosur.es\/wp-content\/uploads\/sites\/12\/2014\/11\/MACU-PRIETO-MART\u00cdN.jpg 800w, https:\/\/static-blogs.diariosur.es\/wp-content\/uploads\/sites\/12\/2014\/11\/MACU-PRIETO-MART\u00cdN-602x400.jpg 602w, https:\/\/static-blogs.diariosur.es\/wp-content\/uploads\/sites\/12\/2014\/11\/MACU-PRIETO-MART\u00cdN-768x511.jpg 768w\" sizes=\"(max-width: 600px) 100vw, 600px\" \/><\/a><\/p>\n<p>&nbsp;<\/p>\n<p><strong>Os paso el resumen mas destacado de ayer en Andaluc\u00eda.<\/strong><\/p>\n<p><a href=\"https:\/\/blogs.diariosur.es\/tormentas-y-rayos\/2014\/11\/10\/prevision-del-tiempo-andalucia-esta-noche-y-manana-martes-un-nuevo-frente-traera-lluvias-y-vientos-fuertes-en-esta-ocasion-llovera-mas-en-malaga-aviso-amarillo\/captura-504\/\" rel=\"attachment wp-att-10188\"><img loading=\"lazy\" class=\"aligncenter size-medium wp-image-10188\" title=\"Captura\" src=\"\/tormentas-y-rayos\/wp-content\/uploads\/sites\/12\/2014\/11\/Captura14.jpg\" alt=\"\" width=\"510\" height=\"400\" srcset=\"https:\/\/static-blogs.diariosur.es\/wp-content\/uploads\/sites\/12\/2014\/11\/Captura14.jpg 781w, https:\/\/static-blogs.diariosur.es\/wp-content\/uploads\/sites\/12\/2014\/11\/Captura14-510x400.jpg 510w, https:\/\/static-blogs.diariosur.es\/wp-content\/uploads\/sites\/12\/2014\/11\/Captura14-768x602.jpg 768w\" sizes=\"(max-width: 510px) 100vw, 510px\" \/><\/a><\/p>\n<p>&nbsp;<\/p>\n<p>&nbsp;<\/p>\n<p><strong>Poco mas que contar amigos de la meteo. Para el viernes se espera un nuevo frente que de nuevo\u00a0traer\u00e1\u00a0lluvias a\u00a0Andaluc\u00eda\u00a0Occidental. El viernes hara 25 a\u00f1os de las inundaciones de M\u00e1laga, intentare preparar algo para este dia. El\u00a0s\u00e1bado\u00a0comienzo unas merecidas vacaciones, cuando llegue al lugar de destino os\u00a0pondr\u00e9\u00a0algunas fotos, os adelanto que no es el caribe jijijij.\u00a0<\/strong><\/p>\n<p><strong>Os dejo con esta bonita foto del amanecer que tuvimos el viernes pasado.<\/strong><\/p>\n<p>&nbsp;<\/p>\n<p><img loading=\"lazy\" class=\"aligncenter\" src=\"https:\/\/farm8.staticflickr.com\/7557\/15548516967_3180fa0c08_z.jpg\" alt=\"\" width=\"640\" height=\"432\" \/><\/p>\n<p>&nbsp;<\/p>\n<p>&nbsp;<\/p>\n<p><strong>SIGNIFICADO DE LOS AVISOS:<\/strong><\/p>\n<p>&nbsp;<\/p>\n<p><a href=\"https:\/\/blogs.diariosur.es\/tormentas-y-rayos\/2014\/11\/10\/prevision-del-tiempo-andalucia-esta-noche-y-manana-martes-un-nuevo-frente-traera-lluvias-y-vientos-fuertes-en-esta-ocasion-llovera-mas-en-malaga-aviso-amarillo\/captura-503\/\" rel=\"attachment wp-att-10185\"><img loading=\"lazy\" class=\"aligncenter size-full wp-image-10185\" title=\"Captura\" src=\"\/tormentas-y-rayos\/wp-content\/uploads\/sites\/12\/2014\/11\/Captura13.jpg\" alt=\"\" width=\"460\" height=\"245\" \/><\/a><\/p>\n<p>&nbsp;<\/p>\n<p>&nbsp;<\/p>\n","protected":false},"excerpt":{"rendered":"<p>&nbsp; &nbsp; &nbsp; &nbsp; &nbsp; Buenos\u00a0d\u00edas\u00a0amigos de la meteo, son las seis de la ma\u00f1ana, registro 11 grados y los cielos andaluces est\u00e1n despejados. En la provincia de Granada parece ser que hay nieblas. Estas son las\u00a0m\u00ednimas\u00a0que se dan ahora mismo cuando son las seis de la ma\u00f1ana en Andaluc\u00eda. &nbsp; Hoy lunes\u00a0subir\u00e1n\u00a0las\u00a0m\u00e1ximas en M\u00e1laga [&hellip;]<\/p>\n","protected":false},"author":16,"featured_media":10179,"comment_status":"open","ping_status":"open","sticky":false,"template":"","format":"standard","meta":[],"categories":[2],"tags":[63,91,100,151,426,569,809,980,1059],"_links":{"self":[{"href":"https:\/\/blogs.diariosur.es\/tormentas-y-rayos\/wp-json\/wp\/v2\/posts\/10178"}],"collection":[{"href":"https:\/\/blogs.diariosur.es\/tormentas-y-rayos\/wp-json\/wp\/v2\/posts"}],"about":[{"href":"https:\/\/blogs.diariosur.es\/tormentas-y-rayos\/wp-json\/wp\/v2\/types\/post"}],"author":[{"embeddable":true,"href":"https:\/\/blogs.diariosur.es\/tormentas-y-rayos\/wp-json\/wp\/v2\/users\/16"}],"replies":[{"embeddable":true,"href":"https:\/\/blogs.diariosur.es\/tormentas-y-rayos\/wp-json\/wp\/v2\/comments?post=10178"}],"version-history":[{"count":0,"href":"https:\/\/blogs.diariosur.es\/tormentas-y-rayos\/wp-json\/wp\/v2\/posts\/10178\/revisions"}],"wp:featuredmedia":[{"embeddable":true,"href":"https:\/\/blogs.diariosur.es\/tormentas-y-rayos\/wp-json\/wp\/v2\/media\/10179"}],"wp:attachment":[{"href":"https:\/\/blogs.diariosur.es\/tormentas-y-rayos\/wp-json\/wp\/v2\/media?parent=10178"}],"wp:term":[{"taxonomy":"category","embeddable":true,"href":"https:\/\/blogs.diariosur.es\/tormentas-y-rayos\/wp-json\/wp\/v2\/categories?post=10178"},{"taxonomy":"post_tag","embeddable":true,"href":"https:\/\/blogs.diariosur.es\/tormentas-y-rayos\/wp-json\/wp\/v2\/tags?post=10178"}],"curies":[{"name":"wp","href":"https:\/\/api.w.org\/{rel}","templated":true}]}}