{"id":10198,"date":"2014-11-12T06:57:01","date_gmt":"2014-11-12T05:57:01","guid":{"rendered":"http:\/\/blogs.diariosur.es\/tormentas-y-rayos\/?p=10198"},"modified":"2014-11-12T06:57:01","modified_gmt":"2014-11-12T05:57:01","slug":"prevision-del-tiempo-andalucia-se-estan-dando-chubascos-en-la-zona-occidental-andaluza-debido-a-una-linea-de-inestabilidad","status":"publish","type":"post","link":"https:\/\/blogs.diariosur.es\/tormentas-y-rayos\/2014\/11\/12\/prevision-del-tiempo-andalucia-se-estan-dando-chubascos-en-la-zona-occidental-andaluza-debido-a-una-linea-de-inestabilidad\/","title":{"rendered":"Previsi\u00f3n del tiempo Andaluc\u00eda. Se est\u00e1n dando  chubascos en la zona occidental Andaluza, debido a una linea de inestabilidad."},"content":{"rendered":"<p><img loading=\"lazy\" class=\"aligncenter\" src=\"https:\/\/farm3.staticflickr.com\/2898\/14371881571_bbae3518b1_q.jpg\" alt=\"\" width=\"150\" height=\"150\" \/><\/p>\n<p>&nbsp;<\/p>\n<p>&nbsp;<\/p>\n<p>&nbsp;<\/p>\n<p>&nbsp;<\/p>\n<p>&nbsp;<\/p>\n<p><strong>Buenos dias amigos de la meteo, son las seis \u00a0menos cuarto de la ma\u00f1ana, registro 16 grados y los cielos andaluces est\u00e1n nubosos. En estos momentos se registran chubascos en Cadiz, Huelva, Sevilla y zona oeste de la Provincia Malague\u00f1a.<\/strong><\/p>\n<p>&nbsp;<\/p>\n<p><a href=\"https:\/\/blogs.diariosur.es\/tormentas-y-rayos\/2014\/11\/12\/prevision-del-tiempo-andalucia-se-estan-dando-chubascos-en-la-zona-occidental-andaluza-debido-a-una-linea-de-inestabilidad\/1-93\/\" rel=\"attachment wp-att-10208\"><img loading=\"lazy\" class=\"aligncenter size-medium wp-image-10208\" title=\"1\" src=\"\/tormentas-y-rayos\/wp-content\/uploads\/sites\/12\/2014\/11\/12.jpg\" alt=\"\" width=\"467\" height=\"400\" srcset=\"https:\/\/static-blogs.diariosur.es\/wp-content\/uploads\/sites\/12\/2014\/11\/12.jpg 788w, https:\/\/static-blogs.diariosur.es\/wp-content\/uploads\/sites\/12\/2014\/11\/12-468x400.jpg 468w, https:\/\/static-blogs.diariosur.es\/wp-content\/uploads\/sites\/12\/2014\/11\/12-768x657.jpg 768w\" sizes=\"(max-width: 467px) 100vw, 467px\" \/><\/a><\/p>\n<p><a href=\"https:\/\/blogs.diariosur.es\/tormentas-y-rayos\/2014\/11\/12\/prevision-del-tiempo-andalucia-se-estan-dando-chubascos-en-la-zona-occidental-andaluza-debido-a-una-linea-de-inestabilidad\/2-68\/\" rel=\"attachment wp-att-10209\"><img loading=\"lazy\" class=\"aligncenter size-medium wp-image-10209\" title=\"2\" src=\"\/tormentas-y-rayos\/wp-content\/uploads\/sites\/12\/2014\/11\/22.jpg\" alt=\"\" width=\"453\" height=\"400\" srcset=\"https:\/\/static-blogs.diariosur.es\/wp-content\/uploads\/sites\/12\/2014\/11\/22.jpg 769w, https:\/\/static-blogs.diariosur.es\/wp-content\/uploads\/sites\/12\/2014\/11\/22-454x400.jpg 454w, https:\/\/static-blogs.diariosur.es\/wp-content\/uploads\/sites\/12\/2014\/11\/22-768x677.jpg 768w\" sizes=\"(max-width: 453px) 100vw, 453px\" \/><\/a><\/p>\n<p>&nbsp;<\/p>\n<p><strong>\u00a0<\/strong><\/p>\n<p><strong>Estos chubascos se deben a una linea de inestabilidad que durante esta madrugada ha entrado desde el Cabo de San Vicente. En esta imagen del\u00a0sat\u00e9lite\u00a0eumetsat la\u00a0pod\u00e9is\u00a0ver mejor. Fuente Metogalicia.<\/strong><\/p>\n<p>&nbsp;<\/p>\n<p><a href=\"https:\/\/blogs.diariosur.es\/tormentas-y-rayos\/2014\/11\/12\/prevision-del-tiempo-andalucia-se-estan-dando-chubascos-en-la-zona-occidental-andaluza-debido-a-una-linea-de-inestabilidad\/linea\/\" rel=\"attachment wp-att-10210\"><img loading=\"lazy\" class=\"aligncenter size-medium wp-image-10210\" title=\"linea\" src=\"\/tormentas-y-rayos\/wp-content\/uploads\/sites\/12\/2014\/11\/linea.jpg\" alt=\"\" width=\"541\" height=\"400\" srcset=\"https:\/\/static-blogs.diariosur.es\/wp-content\/uploads\/sites\/12\/2014\/11\/linea.jpg 745w, https:\/\/static-blogs.diariosur.es\/wp-content\/uploads\/sites\/12\/2014\/11\/linea-542x400.jpg 542w\" sizes=\"(max-width: 541px) 100vw, 541px\" \/><\/a><\/p>\n<p>&nbsp;<\/p>\n<p><strong>Sobre el\u00a0mediod\u00eda\u00a0o primeras horas de la tarde, esta linea de inestabilidad ira a menos, y los chubascos\u00a0desaparecer\u00e1n. Ma\u00f1ana jueves de nuevo\u00a0podr\u00edamos\u00a0tener durante la madrugada o primera horas de la ma\u00f1ana alg\u00fan chubasco, debido nuevamente a otra peque\u00f1a linea de inestabilidad.<\/strong><\/p>\n<p><strong>Buenos registros se han dado en la provincia malague\u00f1a, esperemos que el siguiente frente que se espera el viernes se porte igual de bien o mejor. Aqui lo teneis en un mapa previsto de superficie, fuente met office.<\/strong><\/p>\n<p><a href=\"https:\/\/blogs.diariosur.es\/tormentas-y-rayos\/2014\/11\/12\/prevision-del-tiempo-andalucia-se-estan-dando-chubascos-en-la-zona-occidental-andaluza-debido-a-una-linea-de-inestabilidad\/nnn-6\/\" rel=\"attachment wp-att-10213\"><img loading=\"lazy\" class=\"aligncenter size-medium wp-image-10213\" title=\"nnn\" src=\"\/tormentas-y-rayos\/wp-content\/uploads\/sites\/12\/2014\/11\/nnn.jpg\" alt=\"\" width=\"588\" height=\"400\" srcset=\"https:\/\/static-blogs.diariosur.es\/wp-content\/uploads\/sites\/12\/2014\/11\/nnn.jpg 1084w, https:\/\/static-blogs.diariosur.es\/wp-content\/uploads\/sites\/12\/2014\/11\/nnn-588x400.jpg 588w, https:\/\/static-blogs.diariosur.es\/wp-content\/uploads\/sites\/12\/2014\/11\/nnn-768x522.jpg 768w\" sizes=\"(max-width: 588px) 100vw, 588px\" \/><\/a><\/p>\n<p>&nbsp;<\/p>\n<p>&nbsp;<\/p>\n<p>&nbsp;<\/p>\n<p><strong>Os paso los registros\u00a0pluvi\u00f3metros\u00a0que se dieron ayer en la provincia malague\u00f1a. Fuente Confederaci\u00f3n\u00a0Hidrogr\u00e1fica\u00a0Sur.<\/strong><\/p>\n<p><a href=\"https:\/\/blogs.diariosur.es\/tormentas-y-rayos\/2014\/11\/12\/prevision-del-tiempo-andalucia-se-estan-dando-chubascos-en-la-zona-occidental-andaluza-debido-a-una-linea-de-inestabilidad\/1-92\/\" rel=\"attachment wp-att-10205\"><img loading=\"lazy\" class=\"aligncenter size-medium wp-image-10205\" title=\"1\" src=\"\/tormentas-y-rayos\/wp-content\/uploads\/sites\/12\/2014\/11\/11.jpg\" alt=\"\" width=\"600\" height=\"166\" srcset=\"https:\/\/static-blogs.diariosur.es\/wp-content\/uploads\/sites\/12\/2014\/11\/11.jpg 984w, https:\/\/static-blogs.diariosur.es\/wp-content\/uploads\/sites\/12\/2014\/11\/11-640x178.jpg 640w, https:\/\/static-blogs.diariosur.es\/wp-content\/uploads\/sites\/12\/2014\/11\/11-768x213.jpg 768w\" sizes=\"(max-width: 600px) 100vw, 600px\" \/><\/a><a href=\"https:\/\/blogs.diariosur.es\/tormentas-y-rayos\/2014\/11\/12\/prevision-del-tiempo-andalucia-se-estan-dando-chubascos-en-la-zona-occidental-andaluza-debido-a-una-linea-de-inestabilidad\/2-67\/\" rel=\"attachment wp-att-10206\"><img loading=\"lazy\" class=\"aligncenter size-medium wp-image-10206\" title=\"2\" src=\"\/tormentas-y-rayos\/wp-content\/uploads\/sites\/12\/2014\/11\/21.jpg\" alt=\"\" width=\"600\" height=\"264\" srcset=\"https:\/\/static-blogs.diariosur.es\/wp-content\/uploads\/sites\/12\/2014\/11\/21.jpg 956w, https:\/\/static-blogs.diariosur.es\/wp-content\/uploads\/sites\/12\/2014\/11\/21-640x282.jpg 640w, https:\/\/static-blogs.diariosur.es\/wp-content\/uploads\/sites\/12\/2014\/11\/21-768x338.jpg 768w\" sizes=\"(max-width: 600px) 100vw, 600px\" \/><\/a><a href=\"https:\/\/blogs.diariosur.es\/tormentas-y-rayos\/2014\/11\/12\/prevision-del-tiempo-andalucia-se-estan-dando-chubascos-en-la-zona-occidental-andaluza-debido-a-una-linea-de-inestabilidad\/3-44\/\" rel=\"attachment wp-att-10207\"><img loading=\"lazy\" class=\"aligncenter size-medium wp-image-10207\" title=\"3\" src=\"\/tormentas-y-rayos\/wp-content\/uploads\/sites\/12\/2014\/11\/31.jpg\" alt=\"\" width=\"600\" height=\"232\" srcset=\"https:\/\/static-blogs.diariosur.es\/wp-content\/uploads\/sites\/12\/2014\/11\/31.jpg 967w, https:\/\/static-blogs.diariosur.es\/wp-content\/uploads\/sites\/12\/2014\/11\/31-640x248.jpg 640w, https:\/\/static-blogs.diariosur.es\/wp-content\/uploads\/sites\/12\/2014\/11\/31-768x298.jpg 768w\" sizes=\"(max-width: 600px) 100vw, 600px\" \/><\/a><\/p>\n<p>&nbsp;<\/p>\n<p>&nbsp;<\/p>\n<p><strong>Estos los facilitados por la aemet.<\/strong><\/p>\n<p><a href=\"https:\/\/blogs.diariosur.es\/tormentas-y-rayos\/2014\/11\/12\/prevision-del-tiempo-andalucia-se-estan-dando-chubascos-en-la-zona-occidental-andaluza-debido-a-una-linea-de-inestabilidad\/datos-3\/\" rel=\"attachment wp-att-10212\"><img loading=\"lazy\" class=\"aligncenter size-medium wp-image-10212\" title=\"datos\" src=\"\/tormentas-y-rayos\/wp-content\/uploads\/sites\/12\/2014\/11\/datos.jpg\" alt=\"\" width=\"514\" height=\"400\" srcset=\"https:\/\/static-blogs.diariosur.es\/wp-content\/uploads\/sites\/12\/2014\/11\/datos.jpg 788w, https:\/\/static-blogs.diariosur.es\/wp-content\/uploads\/sites\/12\/2014\/11\/datos-514x400.jpg 514w, https:\/\/static-blogs.diariosur.es\/wp-content\/uploads\/sites\/12\/2014\/11\/datos-768x597.jpg 768w\" sizes=\"(max-width: 514px) 100vw, 514px\" \/><\/a><\/p>\n<p>&nbsp;<\/p>\n<p><strong>Gracias por las fotos que me\u00a0mand\u00e1is, son muy bonitas, hay momentos que no puedo ponerlas por falta de tiempo. El dia que me jubile\u00a0tendr\u00e9\u00a0todo el tiempo del mundo jijijij.<\/strong><\/p>\n<p>&nbsp;<\/p>\n<p><strong>Jose Mar\u00eda Martos desde \u00c1lora.<\/strong><\/p>\n<p>&nbsp;<\/p>\n<p><a href=\"https:\/\/blogs.diariosur.es\/tormentas-y-rayos\/2014\/11\/12\/prevision-del-tiempo-andalucia-se-estan-dando-chubascos-en-la-zona-occidental-andaluza-debido-a-una-linea-de-inestabilidad\/aitor\/\" rel=\"attachment wp-att-10211\"><img loading=\"lazy\" class=\"aligncenter size-full wp-image-10211\" title=\"aitor\" src=\"\/tormentas-y-rayos\/wp-content\/uploads\/sites\/12\/2014\/11\/aitor.jpg\" alt=\"\" width=\"640\" height=\"640\" srcset=\"https:\/\/static-blogs.diariosur.es\/wp-content\/uploads\/sites\/12\/2014\/11\/aitor.jpg 640w, https:\/\/static-blogs.diariosur.es\/wp-content\/uploads\/sites\/12\/2014\/11\/aitor-150x150.jpg 150w, https:\/\/static-blogs.diariosur.es\/wp-content\/uploads\/sites\/12\/2014\/11\/aitor-400x400.jpg 400w\" sizes=\"(max-width: 640px) 100vw, 640px\" \/><\/a><\/p>\n<p>&nbsp;<\/p>\n<p>&nbsp;<\/p>\n<p>&nbsp;<\/p>\n<p>&nbsp;<\/p>\n<p><strong>Daniel Kema<\/strong><\/p>\n<p>&nbsp;<\/p>\n<p>&nbsp;<\/p>\n<p><a href=\"https:\/\/blogs.diariosur.es\/tormentas-y-rayos\/2014\/11\/12\/prevision-del-tiempo-andalucia-se-estan-dando-chubascos-en-la-zona-occidental-andaluza-debido-a-una-linea-de-inestabilidad\/daniel-kema-4\/\" rel=\"attachment wp-att-10199\"><img loading=\"lazy\" class=\"aligncenter size-full wp-image-10199\" title=\"daniel kema\" src=\"\/tormentas-y-rayos\/wp-content\/uploads\/sites\/12\/2014\/11\/daniel-kema.jpg\" alt=\"\" width=\"640\" height=\"427\" srcset=\"https:\/\/static-blogs.diariosur.es\/wp-content\/uploads\/sites\/12\/2014\/11\/daniel-kema.jpg 640w, https:\/\/static-blogs.diariosur.es\/wp-content\/uploads\/sites\/12\/2014\/11\/daniel-kema-600x400.jpg 600w\" sizes=\"(max-width: 640px) 100vw, 640px\" \/><\/a><\/p>\n<p><strong>Gemma Sanchez<\/strong><\/p>\n<p>&nbsp;<\/p>\n<p><a href=\"https:\/\/blogs.diariosur.es\/tormentas-y-rayos\/2014\/11\/12\/prevision-del-tiempo-andalucia-se-estan-dando-chubascos-en-la-zona-occidental-andaluza-debido-a-una-linea-de-inestabilidad\/gemma-sanchez\/\" rel=\"attachment wp-att-10200\"><img loading=\"lazy\" class=\"aligncenter size-full wp-image-10200\" title=\"gemma sanchez\" src=\"\/tormentas-y-rayos\/wp-content\/uploads\/sites\/12\/2014\/11\/gemma-sanchez.jpg\" alt=\"\" width=\"640\" height=\"361\" \/><\/a><\/p>\n<p>&nbsp;<\/p>\n<p><strong>Jose Luis Gil<\/strong><\/p>\n<p><a href=\"https:\/\/blogs.diariosur.es\/tormentas-y-rayos\/2014\/11\/12\/prevision-del-tiempo-andalucia-se-estan-dando-chubascos-en-la-zona-occidental-andaluza-debido-a-una-linea-de-inestabilidad\/jose-luis-gil-27\/\" rel=\"attachment wp-att-10201\"><img loading=\"lazy\" class=\"aligncenter size-full wp-image-10201\" title=\"jose luis gil\" src=\"\/tormentas-y-rayos\/wp-content\/uploads\/sites\/12\/2014\/11\/jose-luis-gil.jpg\" alt=\"\" width=\"640\" height=\"361\" \/><\/a><\/p>\n<p>&nbsp;<\/p>\n<p>&nbsp;<\/p>\n<p><strong>Lui Garcia Marin<\/strong><\/p>\n<p><a href=\"https:\/\/blogs.diariosur.es\/tormentas-y-rayos\/2014\/11\/12\/prevision-del-tiempo-andalucia-se-estan-dando-chubascos-en-la-zona-occidental-andaluza-debido-a-una-linea-de-inestabilidad\/luis-garcia-marin\/\" rel=\"attachment wp-att-10202\"><img loading=\"lazy\" class=\"aligncenter size-full wp-image-10202\" title=\"luis garcia marin\" src=\"\/tormentas-y-rayos\/wp-content\/uploads\/sites\/12\/2014\/11\/luis-garcia-marin.jpg\" alt=\"\" width=\"640\" height=\"427\" srcset=\"https:\/\/static-blogs.diariosur.es\/wp-content\/uploads\/sites\/12\/2014\/11\/luis-garcia-marin.jpg 640w, https:\/\/static-blogs.diariosur.es\/wp-content\/uploads\/sites\/12\/2014\/11\/luis-garcia-marin-600x400.jpg 600w\" sizes=\"(max-width: 640px) 100vw, 640px\" \/><\/a><\/p>\n<p>&nbsp;<\/p>\n<p><strong>Maria Jose Moyano<\/strong><\/p>\n<p><a href=\"https:\/\/blogs.diariosur.es\/tormentas-y-rayos\/2014\/11\/12\/prevision-del-tiempo-andalucia-se-estan-dando-chubascos-en-la-zona-occidental-andaluza-debido-a-una-linea-de-inestabilidad\/maria-jose-moyano-3\/\" rel=\"attachment wp-att-10203\"><img loading=\"lazy\" class=\"aligncenter size-full wp-image-10203\" title=\"maria jose moyano\" src=\"\/tormentas-y-rayos\/wp-content\/uploads\/sites\/12\/2014\/11\/maria-jose-moyano1.jpg\" alt=\"\" width=\"440\" height=\"782\" srcset=\"https:\/\/static-blogs.diariosur.es\/wp-content\/uploads\/sites\/12\/2014\/11\/maria-jose-moyano1.jpg 440w, https:\/\/static-blogs.diariosur.es\/wp-content\/uploads\/sites\/12\/2014\/11\/maria-jose-moyano1-225x400.jpg 225w\" sizes=\"(max-width: 440px) 100vw, 440px\" \/><\/a><\/p>\n<p>&nbsp;<\/p>\n<p>&nbsp;<\/p>\n<p><strong>Salvador Romero<\/strong><\/p>\n<p>&nbsp;<\/p>\n<p><a href=\"https:\/\/blogs.diariosur.es\/tormentas-y-rayos\/2014\/11\/12\/prevision-del-tiempo-andalucia-se-estan-dando-chubascos-en-la-zona-occidental-andaluza-debido-a-una-linea-de-inestabilidad\/salvador-romero-4\/\" rel=\"attachment wp-att-10204\"><img loading=\"lazy\" class=\"aligncenter size-full wp-image-10204\" title=\"salvador romero\" src=\"\/tormentas-y-rayos\/wp-content\/uploads\/sites\/12\/2014\/11\/salvador-romero2.jpg\" alt=\"\" width=\"640\" height=\"360\" \/><\/a><\/p>\n<p>&nbsp;<\/p>\n<p><strong>Os recuerdo que el viernes intentare explicar de forma sencilla el por qu\u00e9 de la tromba de agua y granizo que se dio en M\u00e1laga Capital (zona oeste) y Valle del Guadalhorce hace 25 a\u00f1os.<\/strong><\/p>\n<p>&nbsp;<\/p>\n","protected":false},"excerpt":{"rendered":"<p>&nbsp; &nbsp; &nbsp; &nbsp; &nbsp; Buenos dias amigos de la meteo, son las seis \u00a0menos cuarto de la ma\u00f1ana, registro 16 grados y los cielos andaluces est\u00e1n nubosos. En estos momentos se registran chubascos en Cadiz, Huelva, Sevilla y zona oeste de la Provincia Malague\u00f1a. &nbsp; &nbsp; \u00a0 Estos chubascos se deben a una linea [&hellip;]<\/p>\n","protected":false},"author":16,"featured_media":10214,"comment_status":"open","ping_status":"open","sticky":false,"template":"","format":"standard","meta":[],"categories":[2],"tags":[100,249,809,980],"_links":{"self":[{"href":"https:\/\/blogs.diariosur.es\/tormentas-y-rayos\/wp-json\/wp\/v2\/posts\/10198"}],"collection":[{"href":"https:\/\/blogs.diariosur.es\/tormentas-y-rayos\/wp-json\/wp\/v2\/posts"}],"about":[{"href":"https:\/\/blogs.diariosur.es\/tormentas-y-rayos\/wp-json\/wp\/v2\/types\/post"}],"author":[{"embeddable":true,"href":"https:\/\/blogs.diariosur.es\/tormentas-y-rayos\/wp-json\/wp\/v2\/users\/16"}],"replies":[{"embeddable":true,"href":"https:\/\/blogs.diariosur.es\/tormentas-y-rayos\/wp-json\/wp\/v2\/comments?post=10198"}],"version-history":[{"count":0,"href":"https:\/\/blogs.diariosur.es\/tormentas-y-rayos\/wp-json\/wp\/v2\/posts\/10198\/revisions"}],"wp:featuredmedia":[{"embeddable":true,"href":"https:\/\/blogs.diariosur.es\/tormentas-y-rayos\/wp-json\/wp\/v2\/media\/10214"}],"wp:attachment":[{"href":"https:\/\/blogs.diariosur.es\/tormentas-y-rayos\/wp-json\/wp\/v2\/media?parent=10198"}],"wp:term":[{"taxonomy":"category","embeddable":true,"href":"https:\/\/blogs.diariosur.es\/tormentas-y-rayos\/wp-json\/wp\/v2\/categories?post=10198"},{"taxonomy":"post_tag","embeddable":true,"href":"https:\/\/blogs.diariosur.es\/tormentas-y-rayos\/wp-json\/wp\/v2\/tags?post=10198"}],"curies":[{"name":"wp","href":"https:\/\/api.w.org\/{rel}","templated":true}]}}