{"id":10215,"date":"2014-11-13T06:53:36","date_gmt":"2014-11-13T05:53:36","guid":{"rendered":"http:\/\/blogs.diariosur.es\/tormentas-y-rayos\/?p=10215"},"modified":"2014-11-13T06:53:36","modified_gmt":"2014-11-13T05:53:36","slug":"prevision-del-tiempo-vuelven-las-lluvias-aviso-amarillo-manana-en-ronda-grazalema-y-aracena-velez-malaga-da-la-maxima-de-la-peninsula-con-25-grados","status":"publish","type":"post","link":"https:\/\/blogs.diariosur.es\/tormentas-y-rayos\/2014\/11\/13\/prevision-del-tiempo-vuelven-las-lluvias-aviso-amarillo-manana-en-ronda-grazalema-y-aracena-velez-malaga-da-la-maxima-de-la-peninsula-con-25-grados\/","title":{"rendered":"Previsi\u00f3n del tiempo. Vuelven las lluvias. Aviso amarillo ma\u00f1ana en Ronda, Axarquia, Grazalema y Aracena. Vel\u00e9z M\u00e1laga da la m\u00e1xima de la pen\u00ednsula con 25 grados."},"content":{"rendered":"<p><img loading=\"lazy\" class=\"aligncenter\" src=\"https:\/\/farm6.staticflickr.com\/5566\/14568830453_8e0522e3fc_q.jpg\" alt=\"\" width=\"150\" height=\"150\" \/><\/p>\n<p>&nbsp;<\/p>\n<p>&nbsp;<\/p>\n<p>ACTUALIZADO EN PAGINA PRINCIPAL. ANIVERSARIO INUNDACIONES 1989<\/p>\n<p>&nbsp;<\/p>\n<p>&nbsp;<\/p>\n<p>&nbsp;<\/p>\n<p><strong>Buenos\u00a0d\u00edas\u00a0amigos de la meteo, son las seis de la ma\u00f1ana, registro 16.8 \u00a0grados y los cielos est\u00e1n algo nubosos. En un rato tirare para la Playa de la Misericordia, lo mismo tenemos un bonito candilazo.<\/strong><\/p>\n<p><strong>Las\u00a0m\u00ednimas\u00a0han subido con respecto a los\u00a0d\u00edas\u00a0pasados. Os paso las temperaturas que se dan ahora mismo en Andaluc\u00eda.<\/strong><\/p>\n<p>&nbsp;<\/p>\n<p><a href=\"https:\/\/blogs.diariosur.es\/tormentas-y-rayos\/2014\/11\/13\/prevision-del-tiempo-vuelven-las-lluvias-aviso-amarillo-manana-en-ronda-grazalema-y-aracena-velez-malaga-da-la-maxima-de-la-peninsula-con-25-grados\/tt-6\/\" rel=\"attachment wp-att-10220\"><img loading=\"lazy\" class=\"aligncenter size-medium wp-image-10220\" title=\"tt\" src=\"\/tormentas-y-rayos\/wp-content\/uploads\/sites\/12\/2014\/11\/tt.jpg\" alt=\"\" width=\"561\" height=\"400\" srcset=\"https:\/\/static-blogs.diariosur.es\/wp-content\/uploads\/sites\/12\/2014\/11\/tt.jpg 739w, https:\/\/static-blogs.diariosur.es\/wp-content\/uploads\/sites\/12\/2014\/11\/tt-562x400.jpg 562w\" sizes=\"(max-width: 561px) 100vw, 561px\" \/><\/a><\/p>\n<p>&nbsp;<\/p>\n<p><strong>\u00a0Los paraguas nuevamente\u00a0ser\u00e1n\u00a0los protagonistas en Andaluc\u00eda, mi compi Antonio V\u00e1zquez me sirve de modelo para anunciar estas lluvias.\u00a0<\/strong><\/p>\n<p>&nbsp;<\/p>\n<p>&nbsp;<\/p>\n<p><a href=\"https:\/\/blogs.diariosur.es\/tormentas-y-rayos\/2014\/11\/13\/prevision-del-tiempo-vuelven-las-lluvias-aviso-amarillo-manana-en-ronda-grazalema-y-aracena-velez-malaga-da-la-maxima-de-la-peninsula-con-25-grados\/002-17\/\" rel=\"attachment wp-att-10216\"><img loading=\"lazy\" class=\"aligncenter size-medium wp-image-10216\" title=\"002\" src=\"\/tormentas-y-rayos\/wp-content\/uploads\/sites\/12\/2014\/11\/002.jpg\" alt=\"\" width=\"600\" height=\"337\" srcset=\"https:\/\/static-blogs.diariosur.es\/wp-content\/uploads\/sites\/12\/2014\/11\/002.jpg 680w, https:\/\/static-blogs.diariosur.es\/wp-content\/uploads\/sites\/12\/2014\/11\/002-640x360.jpg 640w\" sizes=\"(max-width: 600px) 100vw, 600px\" \/><\/a><\/p>\n<p>&nbsp;<\/p>\n<p>&nbsp;<\/p>\n<p><strong>En esta imagen del\u00a0sat\u00e9lite\u00a0eumetsat, se ve la profunda borrasca al oeste de las Islas\u00a0Brit\u00e1nicas, con su frente asociado que se acerca a la\u00a0pen\u00ednsula.<\/strong><\/p>\n<p><strong>\u00a0\u00a0En el Golfo de C\u00e1diz hay una linea de inestabilidad que deja chubascos\u00a0espor\u00e1dicos\u00a0en las provincias de Huelva, Sevilla y C\u00e1diz. Estos chubascos pueden llegar a la Provincia Malague\u00f1a durante el\u00a0d\u00eda\u00a0de hoy.<\/strong><\/p>\n<p>&nbsp;<\/p>\n<p><a href=\"https:\/\/blogs.diariosur.es\/tormentas-y-rayos\/2014\/11\/13\/prevision-del-tiempo-vuelven-las-lluvias-aviso-amarillo-manana-en-ronda-grazalema-y-aracena-velez-malaga-da-la-maxima-de-la-peninsula-con-25-grados\/ll-11\/\" rel=\"attachment wp-att-10219\"><img loading=\"lazy\" class=\"aligncenter size-medium wp-image-10219\" title=\"ll\" src=\"\/tormentas-y-rayos\/wp-content\/uploads\/sites\/12\/2014\/11\/ll.jpg\" alt=\"\" width=\"547\" height=\"400\" srcset=\"https:\/\/static-blogs.diariosur.es\/wp-content\/uploads\/sites\/12\/2014\/11\/ll.jpg 753w, https:\/\/static-blogs.diariosur.es\/wp-content\/uploads\/sites\/12\/2014\/11\/ll-548x400.jpg 548w\" sizes=\"(max-width: 547px) 100vw, 547px\" \/><\/a><\/p>\n<p>&nbsp;<\/p>\n<p>&nbsp;<\/p>\n<p><strong>El grueso del frente llegara a ultima hora de la noche a la zona mas occidental andaluza, durante la madrugada del viernes y primeras horas de la ma\u00f1ana cruzara Andaluc\u00eda. Sera parecido al ultimo que nos afecto, pero hay algunos modelos que le quitan fuerza, ya veremos lo que pasa. Lo que es seguro que ma\u00f1ana los paraguas\u00a0ser\u00e1n\u00a0los protagonistas.\u00a0<\/strong><\/p>\n<p><strong>La aemet acaba de activar el aviso amarillo por lluvias en Ronda, Grazalema, y Aracena.\u00a0<\/strong><\/p>\n<p>&nbsp;<\/p>\n<p><a href=\"https:\/\/blogs.diariosur.es\/tormentas-y-rayos\/2014\/11\/13\/prevision-del-tiempo-vuelven-las-lluvias-aviso-amarillo-manana-en-ronda-grazalema-y-aracena-velez-malaga-da-la-maxima-de-la-peninsula-con-25-grados\/captura-508\/\" rel=\"attachment wp-att-10221\"><img loading=\"lazy\" class=\"aligncenter size-full wp-image-10221\" title=\"Captura\" src=\"\/tormentas-y-rayos\/wp-content\/uploads\/sites\/12\/2014\/11\/Captura18.jpg\" alt=\"\" width=\"532\" height=\"370\" \/><\/a><\/p>\n<p>&nbsp;<\/p>\n<p>&nbsp;<\/p>\n<p>&nbsp;<\/p>\n<p><a href=\"https:\/\/blogs.diariosur.es\/tormentas-y-rayos\/2014\/11\/13\/prevision-del-tiempo-vuelven-las-lluvias-aviso-amarillo-manana-en-ronda-grazalema-y-aracena-velez-malaga-da-la-maxima-de-la-peninsula-con-25-grados\/roo-2\/\" rel=\"attachment wp-att-10224\"><img loading=\"lazy\" class=\"aligncenter size-full wp-image-10224\" title=\"roo\" src=\"\/tormentas-y-rayos\/wp-content\/uploads\/sites\/12\/2014\/11\/roo1.jpg\" alt=\"\" width=\"475\" height=\"380\" \/><\/a><\/p>\n<p>&nbsp;<\/p>\n<p>&nbsp;<\/p>\n<p>&nbsp;<\/p>\n<p><strong>Os hago un peque\u00f1o resumen de ayer\u00a0mi\u00e9rcoles, donde lo mas destacado fue la\u00a0m\u00e1xima\u00a0que se dio en Vel\u00e9z M\u00e1laga con 25 grados. Le sigue M\u00e1laga Capital con 23. \u00a0Os paso los datos de la aemet.<\/strong><\/p>\n<p>&nbsp;<\/p>\n<p><a href=\"https:\/\/blogs.diariosur.es\/tormentas-y-rayos\/2014\/11\/13\/prevision-del-tiempo-vuelven-las-lluvias-aviso-amarillo-manana-en-ronda-grazalema-y-aracena-velez-malaga-da-la-maxima-de-la-peninsula-con-25-grados\/ma-2\/\" rel=\"attachment wp-att-10217\"><img loading=\"lazy\" class=\"aligncenter size-medium wp-image-10217\" title=\"ma\" src=\"\/tormentas-y-rayos\/wp-content\/uploads\/sites\/12\/2014\/11\/ma.jpg\" alt=\"\" width=\"600\" height=\"180\" srcset=\"https:\/\/static-blogs.diariosur.es\/wp-content\/uploads\/sites\/12\/2014\/11\/ma.jpg 793w, https:\/\/static-blogs.diariosur.es\/wp-content\/uploads\/sites\/12\/2014\/11\/ma-640x193.jpg 640w, https:\/\/static-blogs.diariosur.es\/wp-content\/uploads\/sites\/12\/2014\/11\/ma-768x231.jpg 768w\" sizes=\"(max-width: 600px) 100vw, 600px\" \/><\/a><\/p>\n<p>&nbsp;<\/p>\n<p><strong>Poco mas que contar, ma\u00f1ana viernes\u00a0har\u00e9\u00a0un especial del 25 aniversario de las inundaciones de M\u00e1laga. Contare mi historia particular y explicare de forma sencilla el por qu\u00e9 de esa\u00a0tromba\u00a0de agua y granizo.<\/strong><\/p>\n<p>Y<\/p>\n<p>&nbsp;<\/p>\n","protected":false},"excerpt":{"rendered":"<p>&nbsp; &nbsp; ACTUALIZADO EN PAGINA PRINCIPAL. ANIVERSARIO INUNDACIONES 1989 &nbsp; &nbsp; &nbsp; Buenos\u00a0d\u00edas\u00a0amigos de la meteo, son las seis de la ma\u00f1ana, registro 16.8 \u00a0grados y los cielos est\u00e1n algo nubosos. En un rato tirare para la Playa de la Misericordia, lo mismo tenemos un bonito candilazo. Las\u00a0m\u00ednimas\u00a0han subido con respecto a los\u00a0d\u00edas\u00a0pasados. Os paso [&hellip;]<\/p>\n","protected":false},"author":16,"featured_media":10216,"comment_status":"open","ping_status":"open","sticky":false,"template":"","format":"standard","meta":[],"categories":[2],"tags":[94,119,151,469,569,624,809,874,961,980,1049],"_links":{"self":[{"href":"https:\/\/blogs.diariosur.es\/tormentas-y-rayos\/wp-json\/wp\/v2\/posts\/10215"}],"collection":[{"href":"https:\/\/blogs.diariosur.es\/tormentas-y-rayos\/wp-json\/wp\/v2\/posts"}],"about":[{"href":"https:\/\/blogs.diariosur.es\/tormentas-y-rayos\/wp-json\/wp\/v2\/types\/post"}],"author":[{"embeddable":true,"href":"https:\/\/blogs.diariosur.es\/tormentas-y-rayos\/wp-json\/wp\/v2\/users\/16"}],"replies":[{"embeddable":true,"href":"https:\/\/blogs.diariosur.es\/tormentas-y-rayos\/wp-json\/wp\/v2\/comments?post=10215"}],"version-history":[{"count":0,"href":"https:\/\/blogs.diariosur.es\/tormentas-y-rayos\/wp-json\/wp\/v2\/posts\/10215\/revisions"}],"wp:featuredmedia":[{"embeddable":true,"href":"https:\/\/blogs.diariosur.es\/tormentas-y-rayos\/wp-json\/wp\/v2\/media\/10216"}],"wp:attachment":[{"href":"https:\/\/blogs.diariosur.es\/tormentas-y-rayos\/wp-json\/wp\/v2\/media?parent=10215"}],"wp:term":[{"taxonomy":"category","embeddable":true,"href":"https:\/\/blogs.diariosur.es\/tormentas-y-rayos\/wp-json\/wp\/v2\/categories?post=10215"},{"taxonomy":"post_tag","embeddable":true,"href":"https:\/\/blogs.diariosur.es\/tormentas-y-rayos\/wp-json\/wp\/v2\/tags?post=10215"}],"curies":[{"name":"wp","href":"https:\/\/api.w.org\/{rel}","templated":true}]}}