{"id":10247,"date":"2014-11-15T08:32:18","date_gmt":"2014-11-15T07:32:18","guid":{"rendered":"http:\/\/blogs.diariosur.es\/tormentas-y-rayos\/?p=10247"},"modified":"2014-11-15T08:32:18","modified_gmt":"2014-11-15T07:32:18","slug":"prevision-del-tiempo-andalucia-malaga-el-anticiclon-toma-protagonismo-registros-pluviometricos-en-noviembre-en-la-provincia-malaguena","status":"publish","type":"post","link":"https:\/\/blogs.diariosur.es\/tormentas-y-rayos\/2014\/11\/15\/prevision-del-tiempo-andalucia-malaga-el-anticiclon-toma-protagonismo-registros-pluviometricos-en-noviembre-en-la-provincia-malaguena\/","title":{"rendered":"Previsi\u00f3n del tiempo  Andaluc\u00eda (M\u00e1laga) . El anticicl\u00f3n toma protagonismo. Registros pluviom\u00e9tricos  en noviembre en la Provincia Malague\u00f1a."},"content":{"rendered":"<p style=\"text-align: left;\"><img loading=\"lazy\" class=\"aligncenter\" src=\"https:\/\/farm3.staticflickr.com\/2898\/14371881571_bbae3518b1_q.jpg\" alt=\"\" width=\"150\" height=\"150\" \/><\/p>\n<p style=\"text-align: left;\">\n<p style=\"text-align: left;\">\n<p style=\"text-align: left;\">\n<p style=\"text-align: left;\">\n<p style=\"text-align: left;\">\n<p style=\"text-align: left;\"><strong>Buenos dias amigos de la meteo, son las siete menos cuarto de la ma\u00f1ana, registro 16 grados y el viento de terral de oto\u00f1o sopla moderado. Esto hace que la sensaci\u00f3n\u00a0t\u00e9rmica\u00a0sea de mas fr\u00edo. Hoy seguiremos con el terral, pero ma\u00f1ana domingo ira a menos.<\/strong><\/p>\n<p style=\"text-align: left;\"><strong>Hoy\u00a0ser\u00e9\u00a0muy breve, ya que dentro de unas horas tiro para Mallorca. El blog no lo actualizare hasta el jueves o el viernes, de todas formas por facebook\u00a0estaremos\u00a0en contacto.<\/strong><\/p>\n<p style=\"text-align: left;\"><strong>Viendo modelos no creo que tengamos lluvias en M\u00e1laga en varios\u00a0d\u00edas, solo se espera que el martes un frente se aproxime a Andaluc\u00eda mas occidental, \u00a0y pueda dejar algunas lluvias. El anticicl\u00f3n toma protagonismo, sobre todo a partir del jueves, \u00a0la dorsal africana vuelve de nuevo.<\/strong><\/p>\n<p style=\"text-align: left;\"><a href=\"https:\/\/blogs.diariosur.es\/tormentas-y-rayos\/2014\/11\/15\/prevision-del-tiempo-andalucia-malaga-el-anticiclon-toma-protagonismo-registros-pluviometricos-en-noviembre-en-la-provincia-malaguena\/1-94\/\" rel=\"attachment wp-att-10248\"><img loading=\"lazy\" class=\"aligncenter size-medium wp-image-10248\" title=\"1\" src=\"\/tormentas-y-rayos\/wp-content\/uploads\/sites\/12\/2014\/11\/13.jpg\" alt=\"\" width=\"600\" height=\"308\" srcset=\"https:\/\/static-blogs.diariosur.es\/wp-content\/uploads\/sites\/12\/2014\/11\/13.jpg 1013w, https:\/\/static-blogs.diariosur.es\/wp-content\/uploads\/sites\/12\/2014\/11\/13-640x329.jpg 640w, https:\/\/static-blogs.diariosur.es\/wp-content\/uploads\/sites\/12\/2014\/11\/13-768x395.jpg 768w\" sizes=\"(max-width: 600px) 100vw, 600px\" \/><\/a><a href=\"https:\/\/blogs.diariosur.es\/tormentas-y-rayos\/2014\/11\/15\/prevision-del-tiempo-andalucia-malaga-el-anticiclon-toma-protagonismo-registros-pluviometricos-en-noviembre-en-la-provincia-malaguena\/captura-511\/\" rel=\"attachment wp-att-10249\"><img loading=\"lazy\" class=\"aligncenter size-medium wp-image-10249\" title=\"Captura\" src=\"\/tormentas-y-rayos\/wp-content\/uploads\/sites\/12\/2014\/11\/Captura21.jpg\" alt=\"\" width=\"600\" height=\"310\" srcset=\"https:\/\/static-blogs.diariosur.es\/wp-content\/uploads\/sites\/12\/2014\/11\/Captura21.jpg 1000w, https:\/\/static-blogs.diariosur.es\/wp-content\/uploads\/sites\/12\/2014\/11\/Captura21-640x331.jpg 640w, https:\/\/static-blogs.diariosur.es\/wp-content\/uploads\/sites\/12\/2014\/11\/Captura21-768x397.jpg 768w\" sizes=\"(max-width: 600px) 100vw, 600px\" \/><\/a><\/p>\n<p style=\"text-align: left;\"><strong>Poco mas que contar sobre los\u00a0pr\u00f3ximos\u00a0dias. Con un poco de suerte, la ultima semana de noviembre puede ser inestable.<\/strong><\/p>\n<p style=\"text-align: left;\"><strong>Ayer me preguntasteis mucho que registros\u00a0llev\u00e1bamos en lo que va de mes de noviembre en la provincia malague\u00f1a. Algunos son muy buenos.<\/strong><\/p>\n<p style=\"text-align: left;\"><strong>Os paso los datos. Fuente hidrosur.<\/strong><\/p>\n<p style=\"text-align: left;\"><a href=\"https:\/\/blogs.diariosur.es\/tormentas-y-rayos\/2014\/11\/15\/prevision-del-tiempo-andalucia-malaga-el-anticiclon-toma-protagonismo-registros-pluviometricos-en-noviembre-en-la-provincia-malaguena\/a1-18\/\" rel=\"attachment wp-att-10250\"><img loading=\"lazy\" class=\"aligncenter size-medium wp-image-10250\" title=\"a1\" src=\"\/tormentas-y-rayos\/wp-content\/uploads\/sites\/12\/2014\/11\/a13.jpg\" alt=\"\" width=\"600\" height=\"16\" srcset=\"https:\/\/static-blogs.diariosur.es\/wp-content\/uploads\/sites\/12\/2014\/11\/a13.jpg 924w, https:\/\/static-blogs.diariosur.es\/wp-content\/uploads\/sites\/12\/2014\/11\/a13-640x18.jpg 640w, https:\/\/static-blogs.diariosur.es\/wp-content\/uploads\/sites\/12\/2014\/11\/a13-768x22.jpg 768w\" sizes=\"(max-width: 600px) 100vw, 600px\" \/><\/a><a href=\"https:\/\/blogs.diariosur.es\/tormentas-y-rayos\/2014\/11\/15\/prevision-del-tiempo-andalucia-malaga-el-anticiclon-toma-protagonismo-registros-pluviometricos-en-noviembre-en-la-provincia-malaguena\/a-40\/\" rel=\"attachment wp-att-10251\"><img loading=\"lazy\" class=\"aligncenter size-medium wp-image-10251\" title=\"a\" src=\"\/tormentas-y-rayos\/wp-content\/uploads\/sites\/12\/2014\/11\/a3.jpg\" alt=\"\" width=\"600\" height=\"261\" srcset=\"https:\/\/static-blogs.diariosur.es\/wp-content\/uploads\/sites\/12\/2014\/11\/a3.jpg 923w, https:\/\/static-blogs.diariosur.es\/wp-content\/uploads\/sites\/12\/2014\/11\/a3-640x279.jpg 640w, https:\/\/static-blogs.diariosur.es\/wp-content\/uploads\/sites\/12\/2014\/11\/a3-768x334.jpg 768w\" sizes=\"(max-width: 600px) 100vw, 600px\" \/><\/a><a href=\"https:\/\/blogs.diariosur.es\/tormentas-y-rayos\/2014\/11\/15\/prevision-del-tiempo-andalucia-malaga-el-anticiclon-toma-protagonismo-registros-pluviometricos-en-noviembre-en-la-provincia-malaguena\/b-34\/\" rel=\"attachment wp-att-10252\"><img loading=\"lazy\" class=\"aligncenter size-medium wp-image-10252\" title=\"b\" src=\"\/tormentas-y-rayos\/wp-content\/uploads\/sites\/12\/2014\/11\/b1.jpg\" alt=\"\" width=\"600\" height=\"279\" srcset=\"https:\/\/static-blogs.diariosur.es\/wp-content\/uploads\/sites\/12\/2014\/11\/b1.jpg 932w, https:\/\/static-blogs.diariosur.es\/wp-content\/uploads\/sites\/12\/2014\/11\/b1-640x298.jpg 640w, https:\/\/static-blogs.diariosur.es\/wp-content\/uploads\/sites\/12\/2014\/11\/b1-768x358.jpg 768w\" sizes=\"(max-width: 600px) 100vw, 600px\" \/><\/a><a href=\"https:\/\/blogs.diariosur.es\/tormentas-y-rayos\/2014\/11\/15\/prevision-del-tiempo-andalucia-malaga-el-anticiclon-toma-protagonismo-registros-pluviometricos-en-noviembre-en-la-provincia-malaguena\/b3-3\/\" rel=\"attachment wp-att-10253\"><img loading=\"lazy\" class=\"aligncenter size-medium wp-image-10253\" title=\"b3\" src=\"\/tormentas-y-rayos\/wp-content\/uploads\/sites\/12\/2014\/11\/b31.jpg\" alt=\"\" width=\"600\" height=\"145\" srcset=\"https:\/\/static-blogs.diariosur.es\/wp-content\/uploads\/sites\/12\/2014\/11\/b31.jpg 937w, https:\/\/static-blogs.diariosur.es\/wp-content\/uploads\/sites\/12\/2014\/11\/b31-640x156.jpg 640w, https:\/\/static-blogs.diariosur.es\/wp-content\/uploads\/sites\/12\/2014\/11\/b31-768x187.jpg 768w\" sizes=\"(max-width: 600px) 100vw, 600px\" \/><\/a><a href=\"https:\/\/blogs.diariosur.es\/tormentas-y-rayos\/2014\/11\/15\/prevision-del-tiempo-andalucia-malaga-el-anticiclon-toma-protagonismo-registros-pluviometricos-en-noviembre-en-la-provincia-malaguena\/bbbb\/\" rel=\"attachment wp-att-10254\"><img loading=\"lazy\" class=\"aligncenter size-medium wp-image-10254\" title=\"bbbb\" src=\"\/tormentas-y-rayos\/wp-content\/uploads\/sites\/12\/2014\/11\/bbbb.jpg\" alt=\"\" width=\"600\" height=\"53\" srcset=\"https:\/\/static-blogs.diariosur.es\/wp-content\/uploads\/sites\/12\/2014\/11\/bbbb.jpg 921w, https:\/\/static-blogs.diariosur.es\/wp-content\/uploads\/sites\/12\/2014\/11\/bbbb-640x57.jpg 640w, https:\/\/static-blogs.diariosur.es\/wp-content\/uploads\/sites\/12\/2014\/11\/bbbb-768x68.jpg 768w\" sizes=\"(max-width: 600px) 100vw, 600px\" \/><\/a><\/p>\n<p style=\"text-align: left;\"><strong>Os dejo un momento y tiro para la playa para fotografiar el amanecer, no espero gran cosa.\u00a0<\/strong><\/p>\n<p style=\"text-align: left;\">\n<p style=\"text-align: left;\"><strong>Ya de vuelta amigos de la meteo, ni una sola nube.<\/strong><\/p>\n<p style=\"text-align: left;\">\n<p style=\"text-align: left;\"><a href=\"https:\/\/blogs.diariosur.es\/tormentas-y-rayos\/2014\/11\/15\/prevision-del-tiempo-andalucia-malaga-el-anticiclon-toma-protagonismo-registros-pluviometricos-en-noviembre-en-la-provincia-malaguena\/_dsc5455\/\" rel=\"attachment wp-att-10255\"><img loading=\"lazy\" class=\"aligncenter size-full wp-image-10255\" title=\"_DSC5455\" src=\"\/tormentas-y-rayos\/wp-content\/uploads\/sites\/12\/2014\/11\/DSC5455.jpg\" alt=\"\" width=\"640\" height=\"427\" srcset=\"https:\/\/static-blogs.diariosur.es\/wp-content\/uploads\/sites\/12\/2014\/11\/DSC5455.jpg 640w, https:\/\/static-blogs.diariosur.es\/wp-content\/uploads\/sites\/12\/2014\/11\/DSC5455-600x400.jpg 600w\" sizes=\"(max-width: 640px) 100vw, 640px\" \/><\/a><\/p>\n<p style=\"text-align: left;\">\n<p style=\"text-align: left;\"><strong>Os dejo hasta el jueves o viernes.<\/strong><\/p>\n<p style=\"text-align: left;\">\n<p style=\"text-align: left;\"><a href=\"https:\/\/blogs.diariosur.es\/tormentas-y-rayos\/2014\/11\/15\/prevision-del-tiempo-andalucia-malaga-el-anticiclon-toma-protagonismo-registros-pluviometricos-en-noviembre-en-la-provincia-malaguena\/_dsc5456\/\" rel=\"attachment wp-att-10256\"><img loading=\"lazy\" class=\"aligncenter size-full wp-image-10256\" title=\"_DSC5456\" src=\"\/tormentas-y-rayos\/wp-content\/uploads\/sites\/12\/2014\/11\/DSC5456.jpg\" alt=\"\" width=\"640\" height=\"427\" srcset=\"https:\/\/static-blogs.diariosur.es\/wp-content\/uploads\/sites\/12\/2014\/11\/DSC5456.jpg 640w, https:\/\/static-blogs.diariosur.es\/wp-content\/uploads\/sites\/12\/2014\/11\/DSC5456-600x400.jpg 600w\" sizes=\"(max-width: 640px) 100vw, 640px\" \/><\/a><\/p>\n","protected":false},"excerpt":{"rendered":"<p>Buenos dias amigos de la meteo, son las siete menos cuarto de la ma\u00f1ana, registro 16 grados y el viento de terral de oto\u00f1o sopla moderado. Esto hace que la sensaci\u00f3n\u00a0t\u00e9rmica\u00a0sea de mas fr\u00edo. Hoy seguiremos con el terral, pero ma\u00f1ana domingo ira a menos. Hoy\u00a0ser\u00e9\u00a0muy breve, ya que dentro de unas horas tiro para [&hellip;]<\/p>\n","protected":false},"author":16,"featured_media":10256,"comment_status":"open","ping_status":"open","sticky":false,"template":"","format":"standard","meta":[],"categories":[2],"tags":[100,114,587,809,980],"_links":{"self":[{"href":"https:\/\/blogs.diariosur.es\/tormentas-y-rayos\/wp-json\/wp\/v2\/posts\/10247"}],"collection":[{"href":"https:\/\/blogs.diariosur.es\/tormentas-y-rayos\/wp-json\/wp\/v2\/posts"}],"about":[{"href":"https:\/\/blogs.diariosur.es\/tormentas-y-rayos\/wp-json\/wp\/v2\/types\/post"}],"author":[{"embeddable":true,"href":"https:\/\/blogs.diariosur.es\/tormentas-y-rayos\/wp-json\/wp\/v2\/users\/16"}],"replies":[{"embeddable":true,"href":"https:\/\/blogs.diariosur.es\/tormentas-y-rayos\/wp-json\/wp\/v2\/comments?post=10247"}],"version-history":[{"count":0,"href":"https:\/\/blogs.diariosur.es\/tormentas-y-rayos\/wp-json\/wp\/v2\/posts\/10247\/revisions"}],"wp:featuredmedia":[{"embeddable":true,"href":"https:\/\/blogs.diariosur.es\/tormentas-y-rayos\/wp-json\/wp\/v2\/media\/10256"}],"wp:attachment":[{"href":"https:\/\/blogs.diariosur.es\/tormentas-y-rayos\/wp-json\/wp\/v2\/media?parent=10247"}],"wp:term":[{"taxonomy":"category","embeddable":true,"href":"https:\/\/blogs.diariosur.es\/tormentas-y-rayos\/wp-json\/wp\/v2\/categories?post=10247"},{"taxonomy":"post_tag","embeddable":true,"href":"https:\/\/blogs.diariosur.es\/tormentas-y-rayos\/wp-json\/wp\/v2\/tags?post=10247"}],"curies":[{"name":"wp","href":"https:\/\/api.w.org\/{rel}","templated":true}]}}