{"id":10257,"date":"2014-11-21T08:26:31","date_gmt":"2014-11-21T07:26:31","guid":{"rendered":"http:\/\/blogs.diariosur.es\/tormentas-y-rayos\/?p=10257"},"modified":"2014-11-21T08:26:31","modified_gmt":"2014-11-21T07:26:31","slug":"prevision-del-tiempo-andalucia-aviso-amarillo-por-fenomenos-costeros-en-malaga-y-granada-ha-vuelto-el-verono-el-cautivo-saldra-manana","status":"publish","type":"post","link":"https:\/\/blogs.diariosur.es\/tormentas-y-rayos\/2014\/11\/21\/prevision-del-tiempo-andalucia-aviso-amarillo-por-fenomenos-costeros-en-malaga-y-granada-ha-vuelto-el-verono-el-cautivo-saldra-manana\/","title":{"rendered":"Previsi\u00f3n del tiempo Andaluc\u00eda. Aviso amarillo por fen\u00f3menos costeros en M\u00e1laga y Granada. Ha vuelto el vero\u00f1o.\u00bf El Cautivo saldr\u00e1 ma\u00f1ana ?"},"content":{"rendered":"<p>&nbsp;<\/p>\n<p>&nbsp;<\/p>\n<p><img loading=\"lazy\" class=\"aligncenter\" src=\"https:\/\/farm3.staticflickr.com\/2898\/14371881571_bbae3518b1_q.jpg\" alt=\"\" width=\"150\" height=\"150\" \/><\/p>\n<p>&nbsp;<\/p>\n<p>&nbsp;<\/p>\n<p>&nbsp;<\/p>\n<p>&nbsp;<\/p>\n<p>&nbsp;<\/p>\n<p><strong>Buenos dias amigos de la meteo, encantado de estar de nuevo con todos vosotros, han sido cinco dias que lo he pasado genial en Mallorca, ya os\u00a0ir\u00e9\u00a0poniendo\u00a0fotos.\u00a0<\/strong><\/p>\n<p>&nbsp;<\/p>\n<p><strong>Son las seis de la ma\u00f1ana, registro 16.8 grados y los cielos andaluces est\u00e1n muy nubosos. Son nubes medias y altas que no dejan precipitaci\u00f3n.<\/strong><\/p>\n<p><strong> Os paso esta imagen reciente del\u00a0sat\u00e9lite\u00a0eumetsat.\u00a0<\/strong><\/p>\n<p>&nbsp;<\/p>\n<p>&nbsp;<\/p>\n<p><a href=\"https:\/\/blogs.diariosur.es\/tormentas-y-rayos\/2014\/11\/21\/prevision-del-tiempo-andalucia-aviso-amarillo-por-fenomenos-costeros-en-malaga-y-granada-ha-vuelto-el-verono-el-cautivo-saldra-manana\/captura-513\/\" rel=\"attachment wp-att-10266\"><img loading=\"lazy\" class=\"aligncenter size-medium wp-image-10266\" title=\"Captura\" src=\"\/tormentas-y-rayos\/wp-content\/uploads\/sites\/12\/2014\/11\/Captura23.jpg\" alt=\"\" width=\"553\" height=\"400\" srcset=\"https:\/\/static-blogs.diariosur.es\/wp-content\/uploads\/sites\/12\/2014\/11\/Captura23.jpg 756w, https:\/\/static-blogs.diariosur.es\/wp-content\/uploads\/sites\/12\/2014\/11\/Captura23-554x400.jpg 554w\" sizes=\"(max-width: 553px) 100vw, 553px\" \/><\/a><\/p>\n<p>&nbsp;<\/p>\n<p>&nbsp;<\/p>\n<p>&nbsp;<\/p>\n<p>&nbsp;<\/p>\n<p><strong>Hoy os explicare brevemente la situaci\u00f3n que tenemos en estos momentos.\u00a0<\/strong><\/p>\n<p><strong>Hace unos\u00a0d\u00edas\u00a0se\u00a0descolg\u00f3\u00a0una vaguada al oeste de la\u00a0pen\u00ednsula, esta vaguada no entro en la\u00a0pen\u00ednsula\u00a0debido a la dorsal africana. Esta vaguada ha llegado hasta las Islas Canarias, donde \u00a0al estrangularse ha dejado una bolsa de aire frio en altura, que esta dejando lluvias fuertes acompa\u00f1adas de tormentas. Foto May Naomi<\/strong><\/p>\n<p>&nbsp;<\/p>\n<p><a href=\"https:\/\/blogs.diariosur.es\/tormentas-y-rayos\/2014\/11\/21\/prevision-del-tiempo-andalucia-aviso-amarillo-por-fenomenos-costeros-en-malaga-y-granada-ha-vuelto-el-verono-el-cautivo-saldra-manana\/1403381_737892662968227_3988809489350710866_o\/\" rel=\"attachment wp-att-10272\"><img loading=\"lazy\" class=\"aligncenter size-medium wp-image-10272\" title=\"1403381_737892662968227_3988809489350710866_o\" src=\"\/tormentas-y-rayos\/wp-content\/uploads\/sites\/12\/2014\/11\/1403381_737892662968227_3988809489350710866_o.jpg\" alt=\"\" width=\"600\" height=\"308\" srcset=\"https:\/\/static-blogs.diariosur.es\/wp-content\/uploads\/sites\/12\/2014\/11\/1403381_737892662968227_3988809489350710866_o.jpg 2048w, https:\/\/static-blogs.diariosur.es\/wp-content\/uploads\/sites\/12\/2014\/11\/1403381_737892662968227_3988809489350710866_o-640x329.jpg 640w, https:\/\/static-blogs.diariosur.es\/wp-content\/uploads\/sites\/12\/2014\/11\/1403381_737892662968227_3988809489350710866_o-768x395.jpg 768w\" sizes=\"(max-width: 600px) 100vw, 600px\" \/><\/a><\/p>\n<p>&nbsp;<\/p>\n<p>&nbsp;<\/p>\n<p><strong>La posici\u00f3n de esta baja de Canarias y el anticicl\u00f3n centrado en Europa hace que los vientos sean de levante en la Costa\u00a0Mediterr\u00e1nea\u00a0y del sur en el norte\u00a0peninsular. Esto ha hecho que de nuevo el vero\u00f1o haya entrado en muchos puntos de la\u00a0pen\u00ednsula. Os paso las\u00a0m\u00e1ximas\u00a0mas altas que se dieron ayer en Espa\u00f1a. Fuente aemet.<\/strong><\/p>\n<p>&nbsp;<\/p>\n<p><a href=\"https:\/\/blogs.diariosur.es\/tormentas-y-rayos\/2014\/11\/21\/prevision-del-tiempo-andalucia-aviso-amarillo-por-fenomenos-costeros-en-malaga-y-granada-ha-vuelto-el-verono-el-cautivo-saldra-manana\/captura-514\/\" rel=\"attachment wp-att-10267\"><img loading=\"lazy\" class=\"aligncenter size-full wp-image-10267\" title=\"Captura\" src=\"\/tormentas-y-rayos\/wp-content\/uploads\/sites\/12\/2014\/11\/Captura24.jpg\" alt=\"\" width=\"388\" height=\"396\" \/><\/a><\/p>\n<p><strong>\u00a0Impresionante lo de Cantabria y Asturias.<\/strong><\/p>\n<p>&nbsp;<\/p>\n<p><strong>El levante esta soplando en estos momentos muy fuerte en el Mar de Albor\u00e1n y Estrecho. Esto\u00a0traer\u00e1\u00a0consigo fuerte marejada y mar de fondo a las costas malague\u00f1as y granadinas. Por este motivo la aemet activa el aviso amarillo por\u00a0fen\u00f3menos\u00a0costeros ( olas).<\/strong><\/p>\n<p>&nbsp;<\/p>\n<p><a href=\"https:\/\/blogs.diariosur.es\/tormentas-y-rayos\/2014\/11\/21\/prevision-del-tiempo-andalucia-aviso-amarillo-por-fenomenos-costeros-en-malaga-y-granada-ha-vuelto-el-verono-el-cautivo-saldra-manana\/20141121054000_avi_hoy_ccaa61\/\" rel=\"attachment wp-att-10268\"><img loading=\"lazy\" class=\"aligncenter size-full wp-image-10268\" title=\"20141121054000_avi_hoy_ccaa61\" src=\"\/tormentas-y-rayos\/wp-content\/uploads\/sites\/12\/2014\/11\/20141121054000_avi_hoy_ccaa61.png\" alt=\"\" width=\"500\" height=\"334\" \/><\/a><\/p>\n<p>&nbsp;<\/p>\n<p>&nbsp;<\/p>\n<p><strong>La bolsa de aire fr\u00edo se ira acercando lentamente al Golfo de C\u00e1diz. Al dia de hoy los modelos no se aclaran de como afectara a Andaluc\u00eda. En lo que respecta a M\u00e1laga hay mas dudas aun. <\/strong><\/p>\n<p><span style=\"color: #ff0000;\"><strong>\u00a0Ma\u00f1ana sale el Cautivo, \u00a0y pienso que no\u00a0tendr\u00e1\u00a0problemas en hacer el recorrido. De todas formas como ma\u00f1ana actualizare el blog, os\u00a0dar\u00e9\u00a0la ultima hora sobre este evento.<\/strong><\/span><\/p>\n<p>&nbsp;<\/p>\n<p><strong>Con vuestro permiso tiro para la playa para fotografiar el amanecer y la mar de fondo. En Mallorca\u00a0amanec\u00eda media hora antes que\u00a0aqu\u00ed\u00a0en M\u00e1laga, de los\u00a0dias\u00a0que he estado este fue el mas bonito. La casa que se ve es el Palacio\u00a0de\u00a0Marivent.<\/strong><\/p>\n<p>&nbsp;<\/p>\n<p><strong><a href=\"https:\/\/blogs.diariosur.es\/tormentas-y-rayos\/2014\/11\/21\/prevision-del-tiempo-andalucia-aviso-amarillo-por-fenomenos-costeros-en-malaga-y-granada-ha-vuelto-el-verono-el-cautivo-saldra-manana\/_dsc5490_1\/\" rel=\"attachment wp-att-10269\"><img loading=\"lazy\" class=\"aligncenter size-full wp-image-10269\" title=\"_DSC5490_1\" src=\"\/tormentas-y-rayos\/wp-content\/uploads\/sites\/12\/2014\/11\/DSC5490_1.jpg\" alt=\"\" width=\"640\" height=\"427\" srcset=\"https:\/\/static-blogs.diariosur.es\/wp-content\/uploads\/sites\/12\/2014\/11\/DSC5490_1.jpg 640w, https:\/\/static-blogs.diariosur.es\/wp-content\/uploads\/sites\/12\/2014\/11\/DSC5490_1-600x400.jpg 600w\" sizes=\"(max-width: 640px) 100vw, 640px\" \/><\/a>\u00a0<\/strong><\/p>\n<p><strong>Enseguida estoy con vosotros.<\/strong><\/p>\n<p>&nbsp;<\/p>\n<p><strong>Tal y como me esperaba, no se ha visto el sol, eso si,la mar de fondo era la protagonista. Lo curioso es que no hacia nada de aire. Os paso estas fotos calentitas jijijij.<\/strong><\/p>\n<p>&nbsp;<\/p>\n<p><a href=\"https:\/\/blogs.diariosur.es\/tormentas-y-rayos\/2014\/11\/21\/prevision-del-tiempo-andalucia-aviso-amarillo-por-fenomenos-costeros-en-malaga-y-granada-ha-vuelto-el-verono-el-cautivo-saldra-manana\/_dsc2451_1\/\" rel=\"attachment wp-att-10270\"><img loading=\"lazy\" class=\"aligncenter size-full wp-image-10270\" title=\"_DSC2451_1\" src=\"\/tormentas-y-rayos\/wp-content\/uploads\/sites\/12\/2014\/11\/DSC2451_1.jpg\" alt=\"\" width=\"640\" height=\"427\" srcset=\"https:\/\/static-blogs.diariosur.es\/wp-content\/uploads\/sites\/12\/2014\/11\/DSC2451_1.jpg 640w, https:\/\/static-blogs.diariosur.es\/wp-content\/uploads\/sites\/12\/2014\/11\/DSC2451_1-600x400.jpg 600w\" sizes=\"(max-width: 640px) 100vw, 640px\" \/><\/a><\/p>\n<p>&nbsp;<\/p>\n<p>&nbsp;<\/p>\n<p><a href=\"https:\/\/blogs.diariosur.es\/tormentas-y-rayos\/2014\/11\/21\/prevision-del-tiempo-andalucia-aviso-amarillo-por-fenomenos-costeros-en-malaga-y-granada-ha-vuelto-el-verono-el-cautivo-saldra-manana\/_dsc5826\/\" rel=\"attachment wp-att-10271\"><img loading=\"lazy\" class=\"aligncenter size-full wp-image-10271\" title=\"_DSC5826\" src=\"\/tormentas-y-rayos\/wp-content\/uploads\/sites\/12\/2014\/11\/DSC5826.jpg\" alt=\"\" width=\"640\" height=\"427\" srcset=\"https:\/\/static-blogs.diariosur.es\/wp-content\/uploads\/sites\/12\/2014\/11\/DSC5826.jpg 640w, https:\/\/static-blogs.diariosur.es\/wp-content\/uploads\/sites\/12\/2014\/11\/DSC5826-600x400.jpg 600w\" sizes=\"(max-width: 640px) 100vw, 640px\" \/><\/a><\/p>\n<p>&nbsp;<\/p>\n<p><strong>El post de hoy y las \u00a0fotos se las dedico a mi amigo Duncan. \u00a0He tenido el placer de conocerlo el domingo pasado cuando estuve en Mallorca. Duncan es otro gran aficionado a la\u00a0meteorolog\u00eda\u00a0y gran\u00a0fot\u00f3grafo\u00a0de tormentas. Muchas gracias por ense\u00f1arme este sitio tan bonito\u00a0donde\u00a0hicimos fotos y a la vez me explicabas la\u00a0meteorolog\u00eda\u00a0de Mallorca. Un fuerte abrazo.<\/strong><\/p>\n<p>&nbsp;<\/p>\n<p><a href=\"https:\/\/blogs.diariosur.es\/tormentas-y-rayos\/2014\/11\/21\/prevision-del-tiempo-andalucia-aviso-amarillo-por-fenomenos-costeros-en-malaga-y-granada-ha-vuelto-el-verono-el-cautivo-saldra-manana\/_dsc5560\/\" rel=\"attachment wp-att-10258\"><img loading=\"lazy\" class=\"aligncenter size-full wp-image-10258\" title=\"_DSC5560\" src=\"\/tormentas-y-rayos\/wp-content\/uploads\/sites\/12\/2014\/11\/DSC5560.jpg\" alt=\"\" width=\"640\" height=\"427\" srcset=\"https:\/\/static-blogs.diariosur.es\/wp-content\/uploads\/sites\/12\/2014\/11\/DSC5560.jpg 640w, https:\/\/static-blogs.diariosur.es\/wp-content\/uploads\/sites\/12\/2014\/11\/DSC5560-600x400.jpg 600w\" sizes=\"(max-width: 640px) 100vw, 640px\" \/><\/a><\/p>\n<p>&nbsp;<\/p>\n<p><a href=\"https:\/\/blogs.diariosur.es\/tormentas-y-rayos\/2014\/11\/21\/prevision-del-tiempo-andalucia-aviso-amarillo-por-fenomenos-costeros-en-malaga-y-granada-ha-vuelto-el-verono-el-cautivo-saldra-manana\/_dsc5570\/\" rel=\"attachment wp-att-10259\"><img loading=\"lazy\" class=\"aligncenter size-full wp-image-10259\" title=\"_DSC5570\" src=\"\/tormentas-y-rayos\/wp-content\/uploads\/sites\/12\/2014\/11\/DSC5570.jpg\" alt=\"\" width=\"640\" height=\"427\" srcset=\"https:\/\/static-blogs.diariosur.es\/wp-content\/uploads\/sites\/12\/2014\/11\/DSC5570.jpg 640w, https:\/\/static-blogs.diariosur.es\/wp-content\/uploads\/sites\/12\/2014\/11\/DSC5570-600x400.jpg 600w\" sizes=\"(max-width: 640px) 100vw, 640px\" \/><\/a><\/p>\n<p>&nbsp;<\/p>\n<p><a href=\"https:\/\/blogs.diariosur.es\/tormentas-y-rayos\/2014\/11\/21\/prevision-del-tiempo-andalucia-aviso-amarillo-por-fenomenos-costeros-en-malaga-y-granada-ha-vuelto-el-verono-el-cautivo-saldra-manana\/_dsc5580\/\" rel=\"attachment wp-att-10260\"><img loading=\"lazy\" class=\"aligncenter size-full wp-image-10260\" title=\"_DSC5580\" src=\"\/tormentas-y-rayos\/wp-content\/uploads\/sites\/12\/2014\/11\/DSC5580.jpg\" alt=\"\" width=\"640\" height=\"427\" srcset=\"https:\/\/static-blogs.diariosur.es\/wp-content\/uploads\/sites\/12\/2014\/11\/DSC5580.jpg 640w, https:\/\/static-blogs.diariosur.es\/wp-content\/uploads\/sites\/12\/2014\/11\/DSC5580-600x400.jpg 600w\" sizes=\"(max-width: 640px) 100vw, 640px\" \/><\/a><\/p>\n<p>&nbsp;<\/p>\n<p><a href=\"https:\/\/blogs.diariosur.es\/tormentas-y-rayos\/2014\/11\/21\/prevision-del-tiempo-andalucia-aviso-amarillo-por-fenomenos-costeros-en-malaga-y-granada-ha-vuelto-el-verono-el-cautivo-saldra-manana\/_dsc5589\/\" rel=\"attachment wp-att-10261\"><img loading=\"lazy\" class=\"aligncenter size-full wp-image-10261\" title=\"_DSC5589\" src=\"\/tormentas-y-rayos\/wp-content\/uploads\/sites\/12\/2014\/11\/DSC5589.jpg\" alt=\"\" width=\"640\" height=\"427\" srcset=\"https:\/\/static-blogs.diariosur.es\/wp-content\/uploads\/sites\/12\/2014\/11\/DSC5589.jpg 640w, https:\/\/static-blogs.diariosur.es\/wp-content\/uploads\/sites\/12\/2014\/11\/DSC5589-600x400.jpg 600w\" sizes=\"(max-width: 640px) 100vw, 640px\" \/><\/a><\/p>\n<p>&nbsp;<\/p>\n<p><strong>Hasta ma\u00f1anaamigos, aun sigo de\u00a0vacaciones\u00a0hasta el dia 30. Ma\u00f1ana veremos si llueve o no el domingo.<\/strong><\/p>\n","protected":false},"excerpt":{"rendered":"<p>&nbsp; &nbsp; &nbsp; &nbsp; &nbsp; &nbsp; &nbsp; Buenos dias amigos de la meteo, encantado de estar de nuevo con todos vosotros, han sido cinco dias que lo he pasado genial en Mallorca, ya os\u00a0ir\u00e9\u00a0poniendo\u00a0fotos.\u00a0 &nbsp; Son las seis de la ma\u00f1ana, registro 16.8 grados y los cielos andaluces est\u00e1n muy nubosos. Son nubes medias y [&hellip;]<\/p>\n","protected":false},"author":16,"featured_media":10271,"comment_status":"open","ping_status":"open","sticky":false,"template":"","format":"standard","meta":[],"categories":[2],"tags":[94,100,151,237,809,825,980],"_links":{"self":[{"href":"https:\/\/blogs.diariosur.es\/tormentas-y-rayos\/wp-json\/wp\/v2\/posts\/10257"}],"collection":[{"href":"https:\/\/blogs.diariosur.es\/tormentas-y-rayos\/wp-json\/wp\/v2\/posts"}],"about":[{"href":"https:\/\/blogs.diariosur.es\/tormentas-y-rayos\/wp-json\/wp\/v2\/types\/post"}],"author":[{"embeddable":true,"href":"https:\/\/blogs.diariosur.es\/tormentas-y-rayos\/wp-json\/wp\/v2\/users\/16"}],"replies":[{"embeddable":true,"href":"https:\/\/blogs.diariosur.es\/tormentas-y-rayos\/wp-json\/wp\/v2\/comments?post=10257"}],"version-history":[{"count":0,"href":"https:\/\/blogs.diariosur.es\/tormentas-y-rayos\/wp-json\/wp\/v2\/posts\/10257\/revisions"}],"wp:featuredmedia":[{"embeddable":true,"href":"https:\/\/blogs.diariosur.es\/tormentas-y-rayos\/wp-json\/wp\/v2\/media\/10271"}],"wp:attachment":[{"href":"https:\/\/blogs.diariosur.es\/tormentas-y-rayos\/wp-json\/wp\/v2\/media?parent=10257"}],"wp:term":[{"taxonomy":"category","embeddable":true,"href":"https:\/\/blogs.diariosur.es\/tormentas-y-rayos\/wp-json\/wp\/v2\/categories?post=10257"},{"taxonomy":"post_tag","embeddable":true,"href":"https:\/\/blogs.diariosur.es\/tormentas-y-rayos\/wp-json\/wp\/v2\/tags?post=10257"}],"curies":[{"name":"wp","href":"https:\/\/api.w.org\/{rel}","templated":true}]}}