{"id":10274,"date":"2014-11-22T08:43:39","date_gmt":"2014-11-22T07:43:39","guid":{"rendered":"http:\/\/blogs.diariosur.es\/tormentas-y-rayos\/?p=10274"},"modified":"2014-11-22T08:43:39","modified_gmt":"2014-11-22T07:43:39","slug":"prevision-del-tiempo-aviso-amarillo-por-viento-y-fenomenos-costeros-posibilidad-de-chubascos-en-la-costa-mediterranea-andaluza-mas-oriental-motril-da-la-maxima-de-espana-con-27-1-grados","status":"publish","type":"post","link":"https:\/\/blogs.diariosur.es\/tormentas-y-rayos\/2014\/11\/22\/prevision-del-tiempo-aviso-amarillo-por-viento-y-fenomenos-costeros-posibilidad-de-chubascos-en-la-costa-mediterranea-andaluza-mas-oriental-motril-da-la-maxima-de-espana-con-27-1-grados\/","title":{"rendered":"Previsi\u00f3n del tiempo.  Aviso amarillo por viento y fen\u00f3menos costeros. Posibilidad de chubascos en la Costa Mediterr\u00e1nea Andaluza mas oriental. Motril da la m\u00e1xima de Espa\u00f1a con 27.1 grados."},"content":{"rendered":"<p>&nbsp;<\/p>\n<p><img loading=\"lazy\" class=\"aligncenter\" src=\"https:\/\/farm3.staticflickr.com\/2898\/14371881571_bbae3518b1_q.jpg\" alt=\"\" width=\"150\" height=\"150\" \/><\/p>\n<p>&nbsp;<\/p>\n<p>&nbsp;<\/p>\n<p>&nbsp;<\/p>\n<p>&nbsp;<\/p>\n<p>&nbsp;<\/p>\n<p><strong>Buenos dias amigos de la meteo, registro en mi estaci\u00f3n 17 grados cuando son las seis de la ma\u00f1ana, las nubes medias y altas son las protagonistas nuevamente en los cielos andaluces. Os paso la imagen del\u00a0sat\u00e9lite\u00a0eumetsat.<\/strong><\/p>\n<p><strong>Fuente meteogalicia<\/strong><\/p>\n<p>&nbsp;<\/p>\n<p><a href=\"https:\/\/blogs.diariosur.es\/tormentas-y-rayos\/2014\/11\/22\/prevision-del-tiempo-aviso-amarillo-por-viento-y-fenomenos-costeros-posibilidad-de-chubascos-en-la-costa-mediterranea-andaluza-mas-oriental-motril-da-la-maxima-de-espana-con-27-1-grados\/z-39\/\" rel=\"attachment wp-att-10275\"><img loading=\"lazy\" class=\"aligncenter size-medium wp-image-10275\" title=\"z\" src=\"\/tormentas-y-rayos\/wp-content\/uploads\/sites\/12\/2014\/11\/z.jpg\" alt=\"\" width=\"547\" height=\"400\" srcset=\"https:\/\/static-blogs.diariosur.es\/wp-content\/uploads\/sites\/12\/2014\/11\/z.jpg 757w, https:\/\/static-blogs.diariosur.es\/wp-content\/uploads\/sites\/12\/2014\/11\/z-548x400.jpg 548w\" sizes=\"(max-width: 547px) 100vw, 547px\" \/><\/a><\/p>\n<p>&nbsp;<\/p>\n<p><strong>La Aemet ha activado el aviso amarillo por\u00a0fen\u00f3menos\u00a0costeros ( olas ) en la Costa Malague\u00f1a y por viento en Sierra Nevada, Alpujarras y Cazorla.<\/strong><\/p>\n<p><a href=\"https:\/\/blogs.diariosur.es\/tormentas-y-rayos\/2014\/11\/22\/prevision-del-tiempo-aviso-amarillo-por-viento-y-fenomenos-costeros-posibilidad-de-chubascos-en-la-costa-mediterranea-andaluza-mas-oriental-motril-da-la-maxima-de-espana-con-27-1-grados\/20141122051000_avi_hoy_ccaa61\/\" rel=\"attachment wp-att-10276\"><img loading=\"lazy\" class=\"aligncenter size-full wp-image-10276\" title=\"20141122051000_avi_hoy_ccaa61\" src=\"\/tormentas-y-rayos\/wp-content\/uploads\/sites\/12\/2014\/11\/20141122051000_avi_hoy_ccaa61.png\" alt=\"\" width=\"500\" height=\"334\" \/><\/a><\/p>\n<p>&nbsp;<\/p>\n<p><strong>La bolsa de aire fr\u00edo se acerca un poco mas, esto puede traer consigo que a ultima hora de la tarde noche se puedan producir algunos chubascos, siendo mas probables en la zona mas oriental andaluza. Todos\u00a0sab\u00e9is\u00a0como se las gasta\u00a0las bolsas de aire fr\u00edo, con esto quiero decir que tambi\u00e9n hay una peque\u00f1a probabilidad de que caigan gotas en la Provincia Malague\u00f1a. Hoy sale el Cautivo en\u00a0procesi\u00f3n\u00a0extraordinaria y aunque la gran\u00a0mayor\u00eda\u00a0de los modelos no\u00a0dan lluvias, yo particularmente\u00a0estar\u00eda\u00a0pendiente del radar por si hay sorpresas de ultima hora. Esperemos que esos chubascos que el modelo hirlam\u00a0prev\u00e9, se queden en la zona mas oriental y \u00a0pod\u00e1is\u00a0\u00a0ver al se\u00f1or de\u00a0M\u00e1laga en todo su esplendor. Hoy si se notara mas el viento de levante y el polvo en suspensi\u00f3n en la capital, \u00a0y sobre todo en la Axarqu\u00eda.<\/strong><\/p>\n<p><strong> Ma\u00f1ana domingo sigue sin estar claro lo que pueda pasar, asi que a primera hora de la ma\u00f1ana actualizare el blog para dar la previsi\u00f3n.<\/strong><\/p>\n<p><span style=\"color: #ff0000;\"><em><strong>RESUMEN DEL VIERNES<\/strong><\/em><\/span><\/p>\n<p><span style=\"color: #0000ff;\"><strong><em>HA VUELTO EL VERO\u00d1O Y TODOS ESTAMOS HASTA EL MO\u00d1O.<\/em><\/strong><\/span><\/p>\n<p><em><strong>Po si amigos, el vero\u00f1o ha vuelto de nuevo y ayer Motril dio una\u00a0m\u00e1xima\u00a0de 27.1 grados, temperatura totalmente veraniega. Y no solo en\u00a0Andaluc\u00eda\u00a0se sobrepasaron los 2o grados, tambi\u00e9n en el norte peninsular en muchos puntos de la costa llegaron a los 21. Desde el martes pasado estamos dando unas maximas nada habituales para este mes. A partir de ma\u00f1ana\u00a0ir\u00e1n\u00a0bajando las\u00a0m\u00e1ximas, donde mas se notara sera el el norte peninsular.<\/strong><\/em><\/p>\n<p><em><strong>M\u00e1laga Capital registro 21.2 y las nubes acompa\u00f1adas de polvo en suspensi\u00f3n fueron las protagonistas. La mar de fondo dejaba olas de metro y medio, mi amigo Juan Canales me pasa esta foto desde la termica.<\/strong><\/em><\/p>\n<p>&nbsp;<\/p>\n<p><a href=\"https:\/\/blogs.diariosur.es\/tormentas-y-rayos\/2014\/11\/22\/prevision-del-tiempo-aviso-amarillo-por-viento-y-fenomenos-costeros-posibilidad-de-chubascos-en-la-costa-mediterranea-andaluza-mas-oriental-motril-da-la-maxima-de-espana-con-27-1-grados\/juan\/\" rel=\"attachment wp-att-10277\"><img loading=\"lazy\" class=\"aligncenter size-medium wp-image-10277\" title=\"juan\" src=\"\/tormentas-y-rayos\/wp-content\/uploads\/sites\/12\/2014\/11\/juan.jpg\" alt=\"\" width=\"533\" height=\"400\" srcset=\"https:\/\/static-blogs.diariosur.es\/wp-content\/uploads\/sites\/12\/2014\/11\/juan.jpg 960w, https:\/\/static-blogs.diariosur.es\/wp-content\/uploads\/sites\/12\/2014\/11\/juan-533x400.jpg 533w, https:\/\/static-blogs.diariosur.es\/wp-content\/uploads\/sites\/12\/2014\/11\/juan-768x576.jpg 768w\" sizes=\"(max-width: 533px) 100vw, 533px\" \/><\/a><\/p>\n<p>&nbsp;<\/p>\n<p><strong>Incluso cazo estos mammatus, signo de que\u00a0hab\u00eda\u00a0inestabilidad en altura.<\/strong><\/p>\n<p><a href=\"https:\/\/blogs.diariosur.es\/tormentas-y-rayos\/2014\/11\/22\/prevision-del-tiempo-aviso-amarillo-por-viento-y-fenomenos-costeros-posibilidad-de-chubascos-en-la-costa-mediterranea-andaluza-mas-oriental-motril-da-la-maxima-de-espana-con-27-1-grados\/juan-canales\/\" rel=\"attachment wp-att-10278\"><img loading=\"lazy\" class=\"aligncenter size-medium wp-image-10278\" title=\"juan canales\" src=\"\/tormentas-y-rayos\/wp-content\/uploads\/sites\/12\/2014\/11\/juan-canales.jpg\" alt=\"\" width=\"533\" height=\"400\" srcset=\"https:\/\/static-blogs.diariosur.es\/wp-content\/uploads\/sites\/12\/2014\/11\/juan-canales.jpg 960w, https:\/\/static-blogs.diariosur.es\/wp-content\/uploads\/sites\/12\/2014\/11\/juan-canales-533x400.jpg 533w, https:\/\/static-blogs.diariosur.es\/wp-content\/uploads\/sites\/12\/2014\/11\/juan-canales-768x576.jpg 768w\" sizes=\"(max-width: 533px) 100vw, 533px\" \/><\/a><\/p>\n<p>&nbsp;<\/p>\n<p><strong>Poco mas que contar de ayer, os pongo los datos mas destacados.<\/strong><\/p>\n<p><a href=\"https:\/\/blogs.diariosur.es\/tormentas-y-rayos\/2014\/11\/22\/prevision-del-tiempo-aviso-amarillo-por-viento-y-fenomenos-costeros-posibilidad-de-chubascos-en-la-costa-mediterranea-andaluza-mas-oriental-motril-da-la-maxima-de-espana-con-27-1-grados\/maximasss-2\/\" rel=\"attachment wp-att-10279\"><img loading=\"lazy\" class=\"aligncenter size-medium wp-image-10279\" title=\"maximasss\" src=\"\/tormentas-y-rayos\/wp-content\/uploads\/sites\/12\/2014\/11\/maximasss.jpg\" alt=\"\" width=\"600\" height=\"387\" srcset=\"https:\/\/static-blogs.diariosur.es\/wp-content\/uploads\/sites\/12\/2014\/11\/maximasss.jpg 724w, https:\/\/static-blogs.diariosur.es\/wp-content\/uploads\/sites\/12\/2014\/11\/maximasss-619x400.jpg 619w\" sizes=\"(max-width: 600px) 100vw, 600px\" \/><\/a><\/p>\n<p>&nbsp;<\/p>\n<p>&nbsp;<\/p>\n<p><a href=\"https:\/\/blogs.diariosur.es\/tormentas-y-rayos\/2014\/11\/22\/prevision-del-tiempo-aviso-amarillo-por-viento-y-fenomenos-costeros-posibilidad-de-chubascos-en-la-costa-mediterranea-andaluza-mas-oriental-motril-da-la-maxima-de-espana-con-27-1-grados\/zzzzzz\/\" rel=\"attachment wp-att-10280\"><img loading=\"lazy\" class=\"aligncenter size-large wp-image-10280\" title=\"zzzzzz\" src=\"\/tormentas-y-rayos\/wp-content\/uploads\/sites\/12\/2014\/11\/zzzzzz.jpg\" alt=\"\" width=\"604\" height=\"600\" srcset=\"https:\/\/static-blogs.diariosur.es\/wp-content\/uploads\/sites\/12\/2014\/11\/zzzzzz.jpg 762w, https:\/\/static-blogs.diariosur.es\/wp-content\/uploads\/sites\/12\/2014\/11\/zzzzzz-150x150.jpg 150w, https:\/\/static-blogs.diariosur.es\/wp-content\/uploads\/sites\/12\/2014\/11\/zzzzzz-403x400.jpg 403w\" sizes=\"(max-width: 604px) 100vw, 604px\" \/><\/a><\/p>\n<p>&nbsp;<\/p>\n<p><strong><em>Con vuestro permiso tiro para la Playa de la Misericordia, espero tener mas suerte hoy y poder fotografiar el amanecer. Ayer solo cace olas jijij. Enseguida estoy de nuevo\u00a0aqu\u00ed.<\/em><\/strong><\/p>\n<p><strong><em>Una porquerida \u00a0jijiji el amanecer de hoy. Sigue la mar de fondo de levante y opoco mas que contar.<\/em><\/strong><\/p>\n<p><strong><em> Os paso unas cuantas fotos.<\/em><\/strong><\/p>\n<p>&nbsp;<\/p>\n<p><a href=\"https:\/\/blogs.diariosur.es\/tormentas-y-rayos\/2014\/11\/22\/prevision-del-tiempo-aviso-amarillo-por-viento-y-fenomenos-costeros-posibilidad-de-chubascos-en-la-costa-mediterranea-andaluza-mas-oriental-motril-da-la-maxima-de-espana-con-27-1-grados\/_dsc2457\/\" rel=\"attachment wp-att-10282\"><img loading=\"lazy\" class=\"aligncenter size-full wp-image-10282\" title=\"_DSC2457\" src=\"\/tormentas-y-rayos\/wp-content\/uploads\/sites\/12\/2014\/11\/DSC2457.jpg\" alt=\"\" width=\"640\" height=\"427\" srcset=\"https:\/\/static-blogs.diariosur.es\/wp-content\/uploads\/sites\/12\/2014\/11\/DSC2457.jpg 640w, https:\/\/static-blogs.diariosur.es\/wp-content\/uploads\/sites\/12\/2014\/11\/DSC2457-600x400.jpg 600w\" sizes=\"(max-width: 640px) 100vw, 640px\" \/><\/a><\/p>\n<p>&nbsp;<\/p>\n<p>&nbsp;<\/p>\n<p><a href=\"https:\/\/blogs.diariosur.es\/tormentas-y-rayos\/2014\/11\/22\/prevision-del-tiempo-aviso-amarillo-por-viento-y-fenomenos-costeros-posibilidad-de-chubascos-en-la-costa-mediterranea-andaluza-mas-oriental-motril-da-la-maxima-de-espana-con-27-1-grados\/_dsc5838\/\" rel=\"attachment wp-att-10283\"><img loading=\"lazy\" class=\"aligncenter size-full wp-image-10283\" title=\"_DSC5838\" src=\"\/tormentas-y-rayos\/wp-content\/uploads\/sites\/12\/2014\/11\/DSC5838.jpg\" alt=\"\" width=\"640\" height=\"427\" srcset=\"https:\/\/static-blogs.diariosur.es\/wp-content\/uploads\/sites\/12\/2014\/11\/DSC5838.jpg 640w, https:\/\/static-blogs.diariosur.es\/wp-content\/uploads\/sites\/12\/2014\/11\/DSC5838-600x400.jpg 600w\" sizes=\"(max-width: 640px) 100vw, 640px\" \/><\/a><\/p>\n<p>&nbsp;<\/p>\n<p>&nbsp;<\/p>\n<p>&nbsp;<\/p>\n<p>&nbsp;<\/p>\n<p>&nbsp;<\/p>\n<p>&nbsp;<\/p>\n<p><strong><em>Ayer os comente que os\u00a0ir\u00eda\u00a0poniendo fotos de Mallorca. La primera es un sitio que se llama Torrent de Pareis. Me quede sin palabras cuando llegue alli.<\/em><\/strong><\/p>\n<p>&nbsp;<\/p>\n<p><img loading=\"lazy\" class=\"aligncenter\" src=\"https:\/\/farm8.staticflickr.com\/7581\/15229334693_b5bb8ab08a_z.jpg\" alt=\"\" width=\"640\" height=\"427\" \/><\/p>\n<p>&nbsp;<\/p>\n<p><strong>Os dejo con este atardecer que fotografi\u00f3 Maria Jose Moyano hace un par de\u00a0d\u00edas. Muy buena foto amiga.<\/strong><\/p>\n<p><a href=\"https:\/\/blogs.diariosur.es\/tormentas-y-rayos\/2014\/11\/22\/prevision-del-tiempo-aviso-amarillo-por-viento-y-fenomenos-costeros-posibilidad-de-chubascos-en-la-costa-mediterranea-andaluza-mas-oriental-motril-da-la-maxima-de-espana-con-27-1-grados\/maria-jose-moyano-ponce-6\/\" rel=\"attachment wp-att-10281\"><img loading=\"lazy\" class=\"aligncenter size-large wp-image-10281\" title=\"maria jose moyano ponce\" src=\"\/tormentas-y-rayos\/wp-content\/uploads\/sites\/12\/2014\/11\/maria-jose-moyano-ponce1.jpg\" alt=\"\" width=\"337\" height=\"600\" srcset=\"https:\/\/static-blogs.diariosur.es\/wp-content\/uploads\/sites\/12\/2014\/11\/maria-jose-moyano-ponce1.jpg 540w, https:\/\/static-blogs.diariosur.es\/wp-content\/uploads\/sites\/12\/2014\/11\/maria-jose-moyano-ponce1-225x400.jpg 225w\" sizes=\"(max-width: 337px) 100vw, 337px\" \/><\/a><\/p>\n<p>&nbsp;<\/p>\n<p>&nbsp;<\/p>\n","protected":false},"excerpt":{"rendered":"<p>&nbsp; &nbsp; &nbsp; &nbsp; &nbsp; &nbsp; Buenos dias amigos de la meteo, registro en mi estaci\u00f3n 17 grados cuando son las seis de la ma\u00f1ana, las nubes medias y altas son las protagonistas nuevamente en los cielos andaluces. Os paso la imagen del\u00a0sat\u00e9lite\u00a0eumetsat. Fuente meteogalicia &nbsp; &nbsp; La Aemet ha activado el aviso amarillo por\u00a0fen\u00f3menos\u00a0costeros [&hellip;]<\/p>\n","protected":false},"author":16,"featured_media":10276,"comment_status":"open","ping_status":"open","sticky":false,"template":"","format":"standard","meta":[],"categories":[2],"tags":[94,151,288,406,809,980,1059],"_links":{"self":[{"href":"https:\/\/blogs.diariosur.es\/tormentas-y-rayos\/wp-json\/wp\/v2\/posts\/10274"}],"collection":[{"href":"https:\/\/blogs.diariosur.es\/tormentas-y-rayos\/wp-json\/wp\/v2\/posts"}],"about":[{"href":"https:\/\/blogs.diariosur.es\/tormentas-y-rayos\/wp-json\/wp\/v2\/types\/post"}],"author":[{"embeddable":true,"href":"https:\/\/blogs.diariosur.es\/tormentas-y-rayos\/wp-json\/wp\/v2\/users\/16"}],"replies":[{"embeddable":true,"href":"https:\/\/blogs.diariosur.es\/tormentas-y-rayos\/wp-json\/wp\/v2\/comments?post=10274"}],"version-history":[{"count":0,"href":"https:\/\/blogs.diariosur.es\/tormentas-y-rayos\/wp-json\/wp\/v2\/posts\/10274\/revisions"}],"wp:featuredmedia":[{"embeddable":true,"href":"https:\/\/blogs.diariosur.es\/tormentas-y-rayos\/wp-json\/wp\/v2\/media\/10276"}],"wp:attachment":[{"href":"https:\/\/blogs.diariosur.es\/tormentas-y-rayos\/wp-json\/wp\/v2\/media?parent=10274"}],"wp:term":[{"taxonomy":"category","embeddable":true,"href":"https:\/\/blogs.diariosur.es\/tormentas-y-rayos\/wp-json\/wp\/v2\/categories?post=10274"},{"taxonomy":"post_tag","embeddable":true,"href":"https:\/\/blogs.diariosur.es\/tormentas-y-rayos\/wp-json\/wp\/v2\/tags?post=10274"}],"curies":[{"name":"wp","href":"https:\/\/api.w.org\/{rel}","templated":true}]}}