{"id":10285,"date":"2014-11-23T06:58:22","date_gmt":"2014-11-23T05:58:22","guid":{"rendered":"http:\/\/blogs.diariosur.es\/tormentas-y-rayos\/?p=10285"},"modified":"2014-11-23T06:58:22","modified_gmt":"2014-11-23T05:58:22","slug":"prevision-del-tiempo-records-de-minima-mas-alta-en-muchos-puntos-de-andalucia-en-lo-que-va-de-siglo-porque-tuvimos-aire-caliente-ayer-sabado-y-polvo-en-suspension-calima","status":"publish","type":"post","link":"https:\/\/blogs.diariosur.es\/tormentas-y-rayos\/2014\/11\/23\/prevision-del-tiempo-records-de-minima-mas-alta-en-muchos-puntos-de-andalucia-en-lo-que-va-de-siglo-porque-tuvimos-aire-caliente-ayer-sabado-y-polvo-en-suspension-calima\/","title":{"rendered":"Previsi\u00f3n del tiempo. R\u00e9cords de m\u00ednima mas alta en muchos puntos de Andaluc\u00eda en lo que va de siglo.\u00bf Porque tuvimos aire caliente ayer s\u00e1bado y polvo en suspensi\u00f3n ( calima)?"},"content":{"rendered":"<p><img loading=\"lazy\" class=\"aligncenter\" src=\"https:\/\/farm3.staticflickr.com\/2898\/14371881571_bbae3518b1_q.jpg\" alt=\"\" width=\"150\" height=\"150\" \/><\/p>\n<p>&nbsp;<\/p>\n<p>&nbsp;<\/p>\n<p>&nbsp;<\/p>\n<p>&nbsp;<\/p>\n<p><span style=\"font-size: medium;\">Buenos dias amigos de la meteo, son las seis de la ma\u00f1ana, registro 22 grados y los cielos est\u00e1n nubosos. Sigue la calima ( polvo en suspensi\u00f3n) proveniente del sahara y las rachas de viento en estos\u00a0momentos\u00a0son moderadas.<\/span><\/p>\n<p><span style=\"font-size: medium;\">Hoy sera mas corto el post, en un rato quiero tirar para el Espig\u00f3n de la\u00a0T\u00e9rmica\u00a0para fotografiar las olas.<\/span><\/p>\n<p>&nbsp;<\/p>\n<p><span style=\"font-size: medium;\">Primero comentaros que tanto M\u00e1laga Capital, como en otros puntos de la Costa Mediterr\u00e1nea\u00a0Andaluza e interior ha batido\u00a0r\u00e9cord\u00a0de\u00a0m\u00ednima\u00a0mas alta desde que se tienen registros en un mes de noviembre. En cuanto a las\u00a0m\u00e1ximas\u00a0no ha habido records.<\/span><\/p>\n<p><span style=\"color: #ff0000; font-size: medium;\"><em>\u00a0\u00bfPORQUE TUVIMOS AYER AIRE CALIENTE &#8221; TERRAL&#8221; , SI SOPLABA LEVANTE ?<\/em><\/span><\/p>\n<p><span style=\"font-size: medium;\">En esta ocasi\u00f3n y se da muy pocas veces &#8230;.. el terral ha venido de \u00c1frica . Y muchos os preguntareis comorrrrrrrrrrrrrrrr Jose. Pues muy\u00a0f\u00e1cil, la situaci\u00f3n de la borrasca de Canarias y ayudada por el anticicl\u00f3n\u00a0centro\u00a0europeo, ha\u00a0hecho\u00a0\u00a0que en toda la zona del norte de \u00c1frica\u00a0sople sur con \u00a0rachas muy fuertes. Este viento se ha recalentado al bajar las monta\u00f1as del Rif de Marruecos y ha llegado a casi toda la Costa\u00a0Mediterr\u00e1nea\u00a0Andaluza como si fuera un terral. Lo curioso es que en M\u00e1laga soplaba levante y eso me\u00a0confund\u00eda\u00a0ayer. Pero mi amigo Jose de cazatormentas me comento que en la zona de Albor\u00e1n era sur puro y que al llegar a la Costa Malague\u00f1a \u00a0giraba a levante. A todo esto hay que unirle la masa de aire calido que teniamos ayer a 850 hpa ( 1500 m )<\/span><\/p>\n<p><span style=\"font-size: medium;\">Os paso esta imagen de viento prevista para hoy, se ve claramente como sopla sur y en M\u00e1laga entra de levante.<\/span><\/p>\n<p><span style=\"font-size: medium;\"><a href=\"https:\/\/blogs.diariosur.es\/tormentas-y-rayos\/2014\/11\/23\/prevision-del-tiempo-records-de-minima-mas-alta-en-muchos-puntos-de-andalucia-en-lo-que-va-de-siglo-porque-tuvimos-aire-caliente-ayer-sabado-y-polvo-en-suspension-calima\/viento-35\/\" rel=\"attachment wp-att-10286\"><img loading=\"lazy\" class=\"aligncenter size-medium wp-image-10286\" title=\"viento\" src=\"\/tormentas-y-rayos\/wp-content\/uploads\/sites\/12\/2014\/11\/viento1.jpg\" alt=\"\" width=\"463\" height=\"400\" srcset=\"https:\/\/static-blogs.diariosur.es\/wp-content\/uploads\/sites\/12\/2014\/11\/viento1.jpg 735w, https:\/\/static-blogs.diariosur.es\/wp-content\/uploads\/sites\/12\/2014\/11\/viento1-464x400.jpg 464w\" sizes=\"(max-width: 463px) 100vw, 463px\" \/><\/a><\/span><\/p>\n<p>&nbsp;<\/p>\n<p><span style=\"font-size: medium;\">En esta imagen del satelite eumetsat os pongo con flechas la direcci\u00f3n del viento que ayer\u00a0hab\u00eda. Si os\u00a0fij\u00e1is\u00a0pasa por el sahara, sube las monta\u00f1as del rif, bajando recalentado y con polvo recogido del sahara.<\/span><\/p>\n<p>&nbsp;<\/p>\n<p><span style=\"font-size: medium;\"><a href=\"https:\/\/blogs.diariosur.es\/tormentas-y-rayos\/2014\/11\/23\/prevision-del-tiempo-records-de-minima-mas-alta-en-muchos-puntos-de-andalucia-en-lo-que-va-de-siglo-porque-tuvimos-aire-caliente-ayer-sabado-y-polvo-en-suspension-calima\/captura-515\/\" rel=\"attachment wp-att-10287\"><img loading=\"lazy\" class=\"aligncenter size-medium wp-image-10287\" title=\"Captura\" src=\"\/tormentas-y-rayos\/wp-content\/uploads\/sites\/12\/2014\/11\/Captura25.jpg\" alt=\"\" width=\"545\" height=\"400\" srcset=\"https:\/\/static-blogs.diariosur.es\/wp-content\/uploads\/sites\/12\/2014\/11\/Captura25.jpg 754w, https:\/\/static-blogs.diariosur.es\/wp-content\/uploads\/sites\/12\/2014\/11\/Captura25-545x400.jpg 545w\" sizes=\"(max-width: 545px) 100vw, 545px\" \/><\/a><\/span><\/p>\n<p><span style=\"font-size: medium;\">Es pero que lo\u00a0hay\u00e1is\u00a0entendido.<\/span><\/p>\n<p><span style=\"font-size: medium;\"> Lo que se dio ayer combinado con las fuertes rachas de viento de levante, yo particularmente no lo recuerdo. Recuerdo\u00a0alg\u00fan\u00a0d\u00eda\u00a0con viento sur moderado y que trae calima y subida de temperaturas, pero os vuelvo a comentar que lo de ayer no lo recuerdo, \u00a0y tengo ya casi 55 tacos.<\/span><\/p>\n<p><span style=\"font-size: medium;\">La racha\u00a0m\u00e1xima\u00a0de ayer fue de 84\u00a0kil\u00f3metros\u00a0por hora en el Puerto Malague\u00f1o, aunque Torrox llego a 88. Os paso los datos mas destacados de ayer. Fijaros como la lluvia tambi\u00e9n fue la protagonista en Granada y Almer\u00eda.<\/span><\/p>\n<p>&nbsp;<\/p>\n<p><span style=\"font-size: medium;\"><a href=\"https:\/\/blogs.diariosur.es\/tormentas-y-rayos\/2014\/11\/23\/prevision-del-tiempo-records-de-minima-mas-alta-en-muchos-puntos-de-andalucia-en-lo-que-va-de-siglo-porque-tuvimos-aire-caliente-ayer-sabado-y-polvo-en-suspension-calima\/datos-4\/\" rel=\"attachment wp-att-10288\"><img loading=\"lazy\" class=\"aligncenter size-medium wp-image-10288\" title=\"datos\" src=\"\/tormentas-y-rayos\/wp-content\/uploads\/sites\/12\/2014\/11\/datos1.jpg\" alt=\"\" width=\"537\" height=\"400\" srcset=\"https:\/\/static-blogs.diariosur.es\/wp-content\/uploads\/sites\/12\/2014\/11\/datos1.jpg 786w, https:\/\/static-blogs.diariosur.es\/wp-content\/uploads\/sites\/12\/2014\/11\/datos1-537x400.jpg 537w, https:\/\/static-blogs.diariosur.es\/wp-content\/uploads\/sites\/12\/2014\/11\/datos1-768x572.jpg 768w\" sizes=\"(max-width: 537px) 100vw, 537px\" \/><\/a><\/span><\/p>\n<p><span style=\"font-size: medium;\">Os dejo con unas cuantas fotos que tome ayer. Como os comento arriba, tiro para la playa para fotografiar las olas que aun podamos tener. Luego las subira en facebook.<\/span><\/p>\n<p><span style=\"font-size: medium;\"><a href=\"https:\/\/blogs.diariosur.es\/tormentas-y-rayos\/2014\/11\/23\/prevision-del-tiempo-records-de-minima-mas-alta-en-muchos-puntos-de-andalucia-en-lo-que-va-de-siglo-porque-tuvimos-aire-caliente-ayer-sabado-y-polvo-en-suspension-calima\/_dsc5874\/\" rel=\"attachment wp-att-10289\"><img loading=\"lazy\" class=\"aligncenter size-full wp-image-10289\" title=\"_DSC5874\" src=\"\/tormentas-y-rayos\/wp-content\/uploads\/sites\/12\/2014\/11\/DSC5874.jpg\" alt=\"\" width=\"640\" height=\"427\" srcset=\"https:\/\/static-blogs.diariosur.es\/wp-content\/uploads\/sites\/12\/2014\/11\/DSC5874.jpg 640w, https:\/\/static-blogs.diariosur.es\/wp-content\/uploads\/sites\/12\/2014\/11\/DSC5874-600x400.jpg 600w\" sizes=\"(max-width: 640px) 100vw, 640px\" \/><\/a><\/span><\/p>\n<p>&nbsp;<\/p>\n<p>&nbsp;<\/p>\n<p><span style=\"font-size: medium;\"><a href=\"https:\/\/blogs.diariosur.es\/tormentas-y-rayos\/2014\/11\/23\/prevision-del-tiempo-records-de-minima-mas-alta-en-muchos-puntos-de-andalucia-en-lo-que-va-de-siglo-porque-tuvimos-aire-caliente-ayer-sabado-y-polvo-en-suspension-calima\/_dsc5948\/\" rel=\"attachment wp-att-10290\"><img loading=\"lazy\" class=\"aligncenter size-full wp-image-10290\" title=\"_DSC5948\" src=\"\/tormentas-y-rayos\/wp-content\/uploads\/sites\/12\/2014\/11\/DSC5948.jpg\" alt=\"\" width=\"640\" height=\"427\" srcset=\"https:\/\/static-blogs.diariosur.es\/wp-content\/uploads\/sites\/12\/2014\/11\/DSC5948.jpg 640w, https:\/\/static-blogs.diariosur.es\/wp-content\/uploads\/sites\/12\/2014\/11\/DSC5948-600x400.jpg 600w\" sizes=\"(max-width: 640px) 100vw, 640px\" \/><\/a><\/span><\/p>\n<p>&nbsp;<\/p>\n<p>&nbsp;<\/p>\n<p><span style=\"font-size: medium;\"><a href=\"https:\/\/blogs.diariosur.es\/tormentas-y-rayos\/2014\/11\/23\/prevision-del-tiempo-records-de-minima-mas-alta-en-muchos-puntos-de-andalucia-en-lo-que-va-de-siglo-porque-tuvimos-aire-caliente-ayer-sabado-y-polvo-en-suspension-calima\/_dsc5949\/\" rel=\"attachment wp-att-10291\"><img loading=\"lazy\" class=\"aligncenter size-full wp-image-10291\" title=\"_DSC5949\" src=\"\/tormentas-y-rayos\/wp-content\/uploads\/sites\/12\/2014\/11\/DSC5949.jpg\" alt=\"\" width=\"640\" height=\"427\" srcset=\"https:\/\/static-blogs.diariosur.es\/wp-content\/uploads\/sites\/12\/2014\/11\/DSC5949.jpg 640w, https:\/\/static-blogs.diariosur.es\/wp-content\/uploads\/sites\/12\/2014\/11\/DSC5949-600x400.jpg 600w\" sizes=\"(max-width: 640px) 100vw, 640px\" \/><\/a><\/span><\/p>\n<p>&nbsp;<\/p>\n<p>&nbsp;<\/p>\n","protected":false},"excerpt":{"rendered":"<p>&nbsp; &nbsp; &nbsp; &nbsp; Buenos dias amigos de la meteo, son las seis de la ma\u00f1ana, registro 22 grados y los cielos est\u00e1n nubosos. Sigue la calima ( polvo en suspensi\u00f3n) proveniente del sahara y las rachas de viento en estos\u00a0momentos\u00a0son moderadas. Hoy sera mas corto el post, en un rato quiero tirar para el [&hellip;]<\/p>\n","protected":false},"author":16,"featured_media":10291,"comment_status":"open","ping_status":"open","sticky":false,"template":"","format":"standard","meta":[],"categories":[2],"tags":[100,209,615,656,789,809,947,980],"_links":{"self":[{"href":"https:\/\/blogs.diariosur.es\/tormentas-y-rayos\/wp-json\/wp\/v2\/posts\/10285"}],"collection":[{"href":"https:\/\/blogs.diariosur.es\/tormentas-y-rayos\/wp-json\/wp\/v2\/posts"}],"about":[{"href":"https:\/\/blogs.diariosur.es\/tormentas-y-rayos\/wp-json\/wp\/v2\/types\/post"}],"author":[{"embeddable":true,"href":"https:\/\/blogs.diariosur.es\/tormentas-y-rayos\/wp-json\/wp\/v2\/users\/16"}],"replies":[{"embeddable":true,"href":"https:\/\/blogs.diariosur.es\/tormentas-y-rayos\/wp-json\/wp\/v2\/comments?post=10285"}],"version-history":[{"count":0,"href":"https:\/\/blogs.diariosur.es\/tormentas-y-rayos\/wp-json\/wp\/v2\/posts\/10285\/revisions"}],"wp:featuredmedia":[{"embeddable":true,"href":"https:\/\/blogs.diariosur.es\/tormentas-y-rayos\/wp-json\/wp\/v2\/media\/10291"}],"wp:attachment":[{"href":"https:\/\/blogs.diariosur.es\/tormentas-y-rayos\/wp-json\/wp\/v2\/media?parent=10285"}],"wp:term":[{"taxonomy":"category","embeddable":true,"href":"https:\/\/blogs.diariosur.es\/tormentas-y-rayos\/wp-json\/wp\/v2\/categories?post=10285"},{"taxonomy":"post_tag","embeddable":true,"href":"https:\/\/blogs.diariosur.es\/tormentas-y-rayos\/wp-json\/wp\/v2\/tags?post=10285"}],"curies":[{"name":"wp","href":"https:\/\/api.w.org\/{rel}","templated":true}]}}