{"id":10292,"date":"2014-11-24T08:37:40","date_gmt":"2014-11-24T07:37:40","guid":{"rendered":"http:\/\/blogs.diariosur.es\/tormentas-y-rayos\/?p=10292"},"modified":"2014-11-24T08:37:40","modified_gmt":"2014-11-24T07:37:40","slug":"prevision-del-tiempo-en-andalucia-el-levante-ira-amainando-y-dara-paso-al-terral-de-otono-posibilidad-de-chubascos-en-cualquier-punto-de-andalucia","status":"publish","type":"post","link":"https:\/\/blogs.diariosur.es\/tormentas-y-rayos\/2014\/11\/24\/prevision-del-tiempo-en-andalucia-el-levante-ira-amainando-y-dara-paso-al-terral-de-otono-posibilidad-de-chubascos-en-cualquier-punto-de-andalucia\/","title":{"rendered":"Previsi\u00f3n del tiempo en Andaluc\u00eda. El levante ira amainando y dara paso al terral de oto\u00f1o. Posibilidad de chubascos en cualquier punto de Andaluc\u00eda."},"content":{"rendered":"<p><img loading=\"lazy\" class=\"aligncenter\" src=\"https:\/\/farm3.staticflickr.com\/2898\/14371881571_bbae3518b1_q.jpg\" alt=\"\" width=\"150\" height=\"150\" \/><\/p>\n<p>&nbsp;<\/p>\n<p>&nbsp;<\/p>\n<p>&nbsp;<\/p>\n<p>&nbsp;<\/p>\n<p>&nbsp;<\/p>\n<p>&nbsp;<\/p>\n<p><strong>Buenos dias amigos de la meteo, son las seis de la ma\u00f1ana, registro 17.2 grados y los cielos est\u00e1n algo nubosos. Los que\u00a0teng\u00e1is\u00a0el coche en la calle no\u00a0asustarse\u00a0si no lo\u00a0encontr\u00e1is, es que han cambiado de color, son todos amarillos jijijij. Esta pasada madrugada ha llovido en el\u00a0interior\u00a0de la provincia malague\u00f1a y en la capital.\u00a0Mi\u00a0pluvi\u00f3metro\u00a0ha recogido 2 litros de agua y medio de arena del desierto jijijij. En otros puntos del interior de la provincia los registros son de dos litros a ocho. Donde mas ha llovido esta madrugada ha sido en Huelva y C\u00e1diz. Os paso las cantidades mas destacadas. Fuente Aemet y el radar de M\u00e1laga cuando eran las tres y media de la ma\u00f1ana.<\/strong><\/p>\n<p>&nbsp;<\/p>\n<p><a href=\"https:\/\/blogs.diariosur.es\/tormentas-y-rayos\/2014\/11\/24\/prevision-del-tiempo-en-andalucia-el-levante-ira-amainando-y-dara-paso-al-terral-de-otono-posibilidad-de-chubascos-en-cualquier-punto-de-andalucia\/lunes-resss\/\" rel=\"attachment wp-att-10309\"><img loading=\"lazy\" class=\"aligncenter size-full wp-image-10309\" title=\"lunes resss\" src=\"\/tormentas-y-rayos\/wp-content\/uploads\/sites\/12\/2014\/11\/lunes-resss.jpg\" alt=\"\" width=\"378\" height=\"217\" \/><\/a><\/p>\n<p>&nbsp;<\/p>\n<p>&nbsp;<\/p>\n<p><a href=\"https:\/\/blogs.diariosur.es\/tormentas-y-rayos\/2014\/11\/24\/prevision-del-tiempo-en-andalucia-el-levante-ira-amainando-y-dara-paso-al-terral-de-otono-posibilidad-de-chubascos-en-cualquier-punto-de-andalucia\/moco\/\" rel=\"attachment wp-att-10312\"><img loading=\"lazy\" class=\"aligncenter size-large wp-image-10312\" title=\"moco\" src=\"\/tormentas-y-rayos\/wp-content\/uploads\/sites\/12\/2014\/11\/moco.jpg\" alt=\"\" width=\"622\" height=\"600\" srcset=\"https:\/\/static-blogs.diariosur.es\/wp-content\/uploads\/sites\/12\/2014\/11\/moco.jpg 650w, https:\/\/static-blogs.diariosur.es\/wp-content\/uploads\/sites\/12\/2014\/11\/moco-415x400.jpg 415w\" sizes=\"(max-width: 622px) 100vw, 622px\" \/><\/a><\/p>\n<p>&nbsp;<\/p>\n<p>&nbsp;<\/p>\n<p>&nbsp;<\/p>\n<p><strong>La bolsa de aire fr\u00edo que ha estado afectando a Canarias y que ha dejado numerosos da\u00f1os, pero tambi\u00e9n esta bonita imagen del Teide. Foto de \u00a0Sebastian Ruiz.<\/strong><\/p>\n<p>&nbsp;<\/p>\n<p><a href=\"https:\/\/blogs.diariosur.es\/tormentas-y-rayos\/2014\/11\/24\/prevision-del-tiempo-en-andalucia-el-levante-ira-amainando-y-dara-paso-al-terral-de-otono-posibilidad-de-chubascos-en-cualquier-punto-de-andalucia\/544955_918570934834751_2819099639330489124_n\/\" rel=\"attachment wp-att-10310\"><img loading=\"lazy\" class=\"aligncenter size-medium wp-image-10310\" title=\"544955_918570934834751_2819099639330489124_n\" src=\"\/tormentas-y-rayos\/wp-content\/uploads\/sites\/12\/2014\/11\/544955_918570934834751_2819099639330489124_n.jpg\" alt=\"\" width=\"600\" height=\"387\" srcset=\"https:\/\/static-blogs.diariosur.es\/wp-content\/uploads\/sites\/12\/2014\/11\/544955_918570934834751_2819099639330489124_n.jpg 720w, https:\/\/static-blogs.diariosur.es\/wp-content\/uploads\/sites\/12\/2014\/11\/544955_918570934834751_2819099639330489124_n-619x400.jpg 619w\" sizes=\"(max-width: 600px) 100vw, 600px\" \/><\/a><\/p>\n<p>&nbsp;<\/p>\n<p><strong>Se encuentra muy debilitada entre el Estrecho y el Golfo de C\u00e1diz. Os paso esta imagen de masas de aire del\u00a0sat\u00e9lite\u00a0eumetsat. Fuente meteogalicia.<\/strong><\/p>\n<p>&nbsp;<\/p>\n<p><a href=\"https:\/\/blogs.diariosur.es\/tormentas-y-rayos\/2014\/11\/24\/prevision-del-tiempo-en-andalucia-el-levante-ira-amainando-y-dara-paso-al-terral-de-otono-posibilidad-de-chubascos-en-cualquier-punto-de-andalucia\/bolsa-de-aire-frio-6\/\" rel=\"attachment wp-att-10311\"><img loading=\"lazy\" class=\"aligncenter size-full wp-image-10311\" title=\"bolsa de aire frio\" src=\"\/tormentas-y-rayos\/wp-content\/uploads\/sites\/12\/2014\/11\/bolsa-de-aire-frio.jpg\" alt=\"\" width=\"632\" height=\"516\" srcset=\"https:\/\/static-blogs.diariosur.es\/wp-content\/uploads\/sites\/12\/2014\/11\/bolsa-de-aire-frio.jpg 632w, https:\/\/static-blogs.diariosur.es\/wp-content\/uploads\/sites\/12\/2014\/11\/bolsa-de-aire-frio-490x400.jpg 490w\" sizes=\"(max-width: 632px) 100vw, 632px\" \/><\/a><\/p>\n<p>&nbsp;<\/p>\n<p><strong>Durante el dia de hoy\u00a0perder\u00e1\u00a0fuelle y se reintegrara en la circulaci\u00f3n general. De todas formas hoy lunes se esperan chubascos en cualquier punto de Andaluc\u00eda, siendo mas probables en la zona occidental. Una vez se reintegre a la circulaci\u00f3n general, el viento entrara en M\u00e1laga Capital de terral de oto\u00f1o. Este cambio de viento se\u00a0dar\u00e1\u00a0a ultima hora de hoy, para afianzarse ma\u00f1ana. No me extra\u00f1aria que ma\u00f1ana\u00a0di\u00e9ramos\u00a0una\u00a0m\u00e1xima\u00a0de 24 grados.<\/strong><\/p>\n<p>&nbsp;<\/p>\n<p><strong>Con vuestro permiso tiro para la Playa de la Misericordia, llevo yendo desde hace tres\u00a0d\u00edas\u00a0y aun no he visto el sol. Hoy parece que algo\u00a0ver\u00e9. Enseguida vuelvo.<\/strong><\/p>\n<p>&nbsp;<\/p>\n<p><strong><em>Ya de vuelta amigos, y nuevamente no he visto el sol, solo he podido fotografiar unos lenticularis hacia Sierra Tejeda.\u00a0<\/em><\/strong><\/p>\n<p>&nbsp;<\/p>\n<p>&nbsp;<\/p>\n<p><a href=\"https:\/\/blogs.diariosur.es\/tormentas-y-rayos\/2014\/11\/24\/prevision-del-tiempo-en-andalucia-el-levante-ira-amainando-y-dara-paso-al-terral-de-otono-posibilidad-de-chubascos-en-cualquier-punto-de-andalucia\/_dsc5991\/\" rel=\"attachment wp-att-10316\"><img loading=\"lazy\" class=\"aligncenter size-full wp-image-10316\" title=\"_DSC5991\" src=\"\/tormentas-y-rayos\/wp-content\/uploads\/sites\/12\/2014\/11\/DSC5991.jpg\" alt=\"\" width=\"640\" height=\"427\" srcset=\"https:\/\/static-blogs.diariosur.es\/wp-content\/uploads\/sites\/12\/2014\/11\/DSC5991.jpg 640w, https:\/\/static-blogs.diariosur.es\/wp-content\/uploads\/sites\/12\/2014\/11\/DSC5991-600x400.jpg 600w\" sizes=\"(max-width: 640px) 100vw, 640px\" \/><\/a><\/p>\n<p>&nbsp;<\/p>\n<p><strong>Tambi\u00e9n me he llevado una ingrata sorpresa, y es que mi piedra favorita se ha roto con el temporal, que pena. Llevaba conmigo desde que tenia ocho a\u00f1os.\u00a0<\/strong><\/p>\n<p>&nbsp;<\/p>\n<p>&nbsp;<\/p>\n<p><a href=\"https:\/\/blogs.diariosur.es\/tormentas-y-rayos\/2014\/11\/24\/prevision-del-tiempo-en-andalucia-el-levante-ira-amainando-y-dara-paso-al-terral-de-otono-posibilidad-de-chubascos-en-cualquier-punto-de-andalucia\/piedra-2\/\" rel=\"attachment wp-att-10317\"><img loading=\"lazy\" class=\"aligncenter size-full wp-image-10317\" title=\"PIEDRA\" src=\"\/tormentas-y-rayos\/wp-content\/uploads\/sites\/12\/2014\/11\/PIEDRA.jpg\" alt=\"\" width=\"640\" height=\"427\" srcset=\"https:\/\/static-blogs.diariosur.es\/wp-content\/uploads\/sites\/12\/2014\/11\/PIEDRA.jpg 640w, https:\/\/static-blogs.diariosur.es\/wp-content\/uploads\/sites\/12\/2014\/11\/PIEDRA-600x400.jpg 600w\" sizes=\"(max-width: 640px) 100vw, 640px\" \/><\/a><\/p>\n<p>&nbsp;<\/p>\n<p>&nbsp;<\/p>\n<p>&nbsp;<\/p>\n<p><strong>Si se cumplen los modelos para el jueves y sobre todo el viernes, el tiempo\u00a0dar\u00e1\u00a0que hablar. Fijaros que mapa previsto. Borrasc\u00f3n de los buenos en el Golfo de C\u00e1diz.<\/strong><\/p>\n<p>&nbsp;<\/p>\n<p>&nbsp;<\/p>\n<p><a href=\"https:\/\/blogs.diariosur.es\/tormentas-y-rayos\/2014\/11\/24\/prevision-del-tiempo-en-andalucia-el-levante-ira-amainando-y-dara-paso-al-terral-de-otono-posibilidad-de-chubascos-en-cualquier-punto-de-andalucia\/bestiallllllll\/\" rel=\"attachment wp-att-10315\"><img loading=\"lazy\" class=\"aligncenter size-medium wp-image-10315\" title=\"bestiallllllll\" src=\"\/tormentas-y-rayos\/wp-content\/uploads\/sites\/12\/2014\/11\/bestiallllllll.jpg\" alt=\"\" width=\"579\" height=\"400\" srcset=\"https:\/\/static-blogs.diariosur.es\/wp-content\/uploads\/sites\/12\/2014\/11\/bestiallllllll.jpg 777w, https:\/\/static-blogs.diariosur.es\/wp-content\/uploads\/sites\/12\/2014\/11\/bestiallllllll-580x400.jpg 580w, https:\/\/static-blogs.diariosur.es\/wp-content\/uploads\/sites\/12\/2014\/11\/bestiallllllll-768x530.jpg 768w\" sizes=\"(max-width: 579px) 100vw, 579px\" \/><\/a><\/p>\n<p>&nbsp;<\/p>\n<p>&nbsp;<\/p>\n<p>&nbsp;<\/p>\n<p><em><strong>Os hago un peque\u00f1o resumen de ayer en fotos.<\/strong><\/em><\/p>\n<p><strong><em>Sobre las siete y veinte tire para el paseo\u00a0mar\u00edtimo, cerca del Centro\u00a0C\u00edvico\u00a0fotografi\u00e9 \u00a0este\u00a0\u00e1rbol derribado por el viento.\u00a0<\/em><\/strong><\/p>\n<p>&nbsp;<\/p>\n<p>&nbsp;<\/p>\n<p>&nbsp;<\/p>\n<p>&nbsp;<\/p>\n<p>&nbsp;<\/p>\n<p>&nbsp;<\/p>\n<p><a href=\"https:\/\/blogs.diariosur.es\/tormentas-y-rayos\/2014\/11\/24\/prevision-del-tiempo-en-andalucia-el-levante-ira-amainando-y-dara-paso-al-terral-de-otono-posibilidad-de-chubascos-en-cualquier-punto-de-andalucia\/_dsc2468\/\" rel=\"attachment wp-att-10303\"><img loading=\"lazy\" class=\"aligncenter size-full wp-image-10303\" title=\"_DSC2468\" src=\"\/tormentas-y-rayos\/wp-content\/uploads\/sites\/12\/2014\/11\/DSC2468.jpg\" alt=\"\" width=\"640\" height=\"427\" srcset=\"https:\/\/static-blogs.diariosur.es\/wp-content\/uploads\/sites\/12\/2014\/11\/DSC2468.jpg 640w, https:\/\/static-blogs.diariosur.es\/wp-content\/uploads\/sites\/12\/2014\/11\/DSC2468-600x400.jpg 600w\" sizes=\"(max-width: 640px) 100vw, 640px\" \/><\/a><\/p>\n<p>&nbsp;<\/p>\n<p>&nbsp;<\/p>\n<p>&nbsp;<\/p>\n<p><strong><em>Al llegar al Espig\u00f3n de la\u00a0t\u00e9rmica\u00a0me\u00a0encontr\u00e9\u00a0con mi amigo Antonio Jesus Aguayo, un poco mas tarde se\u00a0uni\u00f3\u00a0David Mancebo.\u00a0Coment\u00e1bamos\u00a0que\u00a0esper\u00e1bamos\u00a0mas olas, y la verdad que no\u00a0hab\u00eda\u00a0muchas. Supongo que\u00a0porque\u00a0como explicaba ayer en el blog, el levante giraba en la zona de M\u00e1laga, pero en realidad en el Mar de Albor\u00e1n era sur.<\/em><\/strong><\/p>\n<p>&nbsp;<\/p>\n<p>&nbsp;<\/p>\n<p><a href=\"https:\/\/blogs.diariosur.es\/tormentas-y-rayos\/2014\/11\/24\/prevision-del-tiempo-en-andalucia-el-levante-ira-amainando-y-dara-paso-al-terral-de-otono-posibilidad-de-chubascos-en-cualquier-punto-de-andalucia\/_dsc5961\/\" rel=\"attachment wp-att-10293\"><img loading=\"lazy\" class=\"aligncenter size-full wp-image-10293\" title=\"_DSC5961\" src=\"\/tormentas-y-rayos\/wp-content\/uploads\/sites\/12\/2014\/11\/DSC5961.jpg\" alt=\"\" width=\"640\" height=\"427\" srcset=\"https:\/\/static-blogs.diariosur.es\/wp-content\/uploads\/sites\/12\/2014\/11\/DSC5961.jpg 640w, https:\/\/static-blogs.diariosur.es\/wp-content\/uploads\/sites\/12\/2014\/11\/DSC5961-600x400.jpg 600w\" sizes=\"(max-width: 640px) 100vw, 640px\" \/><\/a><\/p>\n<p>&nbsp;<\/p>\n<p>&nbsp;<\/p>\n<p>&nbsp;<\/p>\n<p><a href=\"https:\/\/blogs.diariosur.es\/tormentas-y-rayos\/2014\/11\/24\/prevision-del-tiempo-en-andalucia-el-levante-ira-amainando-y-dara-paso-al-terral-de-otono-posibilidad-de-chubascos-en-cualquier-punto-de-andalucia\/_dsc2471\/\" rel=\"attachment wp-att-10295\"><img loading=\"lazy\" class=\"aligncenter size-full wp-image-10295\" title=\"_DSC2471\" src=\"\/tormentas-y-rayos\/wp-content\/uploads\/sites\/12\/2014\/11\/DSC2471.jpg\" alt=\"\" width=\"640\" height=\"427\" srcset=\"https:\/\/static-blogs.diariosur.es\/wp-content\/uploads\/sites\/12\/2014\/11\/DSC2471.jpg 640w, https:\/\/static-blogs.diariosur.es\/wp-content\/uploads\/sites\/12\/2014\/11\/DSC2471-600x400.jpg 600w\" sizes=\"(max-width: 640px) 100vw, 640px\" \/><\/a><\/p>\n<p><strong>Me comento David que\u00a0hab\u00eda\u00a0mas arboles\u00a0ca\u00eddos\u00a0por la fuerza del viento,\u00a0as\u00ed\u00a0que fuimos a buscarlos.<\/strong><\/p>\n<p>&nbsp;<\/p>\n<p>&nbsp;<\/p>\n<p><a href=\"https:\/\/blogs.diariosur.es\/tormentas-y-rayos\/2014\/11\/24\/prevision-del-tiempo-en-andalucia-el-levante-ira-amainando-y-dara-paso-al-terral-de-otono-posibilidad-de-chubascos-en-cualquier-punto-de-andalucia\/_dsc2487-2\/\" rel=\"attachment wp-att-10299\"><img loading=\"lazy\" class=\"aligncenter size-full wp-image-10299\" title=\"_DSC2487\" src=\"\/tormentas-y-rayos\/wp-content\/uploads\/sites\/12\/2014\/11\/DSC24871.jpg\" alt=\"\" width=\"640\" height=\"427\" srcset=\"https:\/\/static-blogs.diariosur.es\/wp-content\/uploads\/sites\/12\/2014\/11\/DSC24871.jpg 640w, https:\/\/static-blogs.diariosur.es\/wp-content\/uploads\/sites\/12\/2014\/11\/DSC24871-600x400.jpg 600w\" sizes=\"(max-width: 640px) 100vw, 640px\" \/><\/a><\/p>\n<p>&nbsp;<\/p>\n<p>&nbsp;<\/p>\n<p><em><strong>Sobre las nueve y media llegue a casa, el polvo en suspensi\u00f3n segu\u00eda de protagonista,\u00a0fijaros\u00a0en los Montes de M\u00e1laga.<\/strong><\/em><\/p>\n<p>&nbsp;<\/p>\n<p>&nbsp;<\/p>\n<p>&nbsp;<\/p>\n<p>&nbsp;<\/p>\n<p>&nbsp;<\/p>\n<p><a href=\"https:\/\/blogs.diariosur.es\/tormentas-y-rayos\/2014\/11\/24\/prevision-del-tiempo-en-andalucia-el-levante-ira-amainando-y-dara-paso-al-terral-de-otono-posibilidad-de-chubascos-en-cualquier-punto-de-andalucia\/_dsc5974\/\" rel=\"attachment wp-att-10298\"><img loading=\"lazy\" class=\"aligncenter size-full wp-image-10298\" title=\"_DSC5974\" src=\"\/tormentas-y-rayos\/wp-content\/uploads\/sites\/12\/2014\/11\/DSC5974.jpg\" alt=\"\" width=\"640\" height=\"427\" srcset=\"https:\/\/static-blogs.diariosur.es\/wp-content\/uploads\/sites\/12\/2014\/11\/DSC5974.jpg 640w, https:\/\/static-blogs.diariosur.es\/wp-content\/uploads\/sites\/12\/2014\/11\/DSC5974-600x400.jpg 600w\" sizes=\"(max-width: 640px) 100vw, 640px\" \/><\/a><\/p>\n<p>&nbsp;<\/p>\n<p>&nbsp;<\/p>\n<p>&nbsp;<\/p>\n<p><em><strong>Sobre las once llegue a Torre de Benagalb\u00f3n, \u00a0que fuerte \u00a0lo que\u00a0recogi\u00f3\u00a0 \u00a0mi cu\u00f1ada Trini barriendo el patio, solo faltaba el camello.<\/strong><\/em><\/p>\n<p>&nbsp;<\/p>\n<p>&nbsp;<\/p>\n<p><a href=\"https:\/\/blogs.diariosur.es\/tormentas-y-rayos\/2014\/11\/24\/prevision-del-tiempo-en-andalucia-el-levante-ira-amainando-y-dara-paso-al-terral-de-otono-posibilidad-de-chubascos-en-cualquier-punto-de-andalucia\/1498788_10204019376863691_2410673027439008694_o\/\" rel=\"attachment wp-att-10300\"><img loading=\"lazy\" class=\"aligncenter size-full wp-image-10300\" title=\"1498788_10204019376863691_2410673027439008694_o\" src=\"\/tormentas-y-rayos\/wp-content\/uploads\/sites\/12\/2014\/11\/1498788_10204019376863691_2410673027439008694_o.jpg\" alt=\"\" width=\"640\" height=\"360\" \/><\/a><\/p>\n<p><strong><em>\u00a0\u00a0<\/em><\/strong><\/p>\n<p>&nbsp;<\/p>\n<p><strong><em>A las doce baje a la playa, se veia claramente hasta donde\u00a0hab\u00edan\u00a0llegado las olas el dia\u00a0anterior.<\/em><\/strong><\/p>\n<p>&nbsp;<\/p>\n<p>&nbsp;<\/p>\n<p><a href=\"https:\/\/blogs.diariosur.es\/tormentas-y-rayos\/2014\/11\/24\/prevision-del-tiempo-en-andalucia-el-levante-ira-amainando-y-dara-paso-al-terral-de-otono-posibilidad-de-chubascos-en-cualquier-punto-de-andalucia\/10355593_10204019377463706_2726704876764544661_o\/\" rel=\"attachment wp-att-10301\"><img loading=\"lazy\" class=\"aligncenter size-full wp-image-10301\" title=\"10355593_10204019377463706_2726704876764544661_o\" src=\"\/tormentas-y-rayos\/wp-content\/uploads\/sites\/12\/2014\/11\/10355593_10204019377463706_2726704876764544661_o.jpg\" alt=\"\" width=\"640\" height=\"360\" \/><\/a><\/p>\n<p>&nbsp;<\/p>\n<p><strong>A la una de la tarde, aun\u00a0ten\u00edamos\u00a0polvo en suspensi\u00f3n en los cielos malague\u00f1os.<\/strong><\/p>\n<p>&nbsp;<\/p>\n<p>&nbsp;<\/p>\n<p>&nbsp;<\/p>\n<p><a href=\"https:\/\/blogs.diariosur.es\/tormentas-y-rayos\/2014\/11\/24\/prevision-del-tiempo-en-andalucia-el-levante-ira-amainando-y-dara-paso-al-terral-de-otono-posibilidad-de-chubascos-en-cualquier-punto-de-andalucia\/_dsc5979\/\" rel=\"attachment wp-att-10302\"><img loading=\"lazy\" class=\"aligncenter size-full wp-image-10302\" title=\"_DSC5979\" src=\"\/tormentas-y-rayos\/wp-content\/uploads\/sites\/12\/2014\/11\/DSC5979.jpg\" alt=\"\" width=\"640\" height=\"427\" srcset=\"https:\/\/static-blogs.diariosur.es\/wp-content\/uploads\/sites\/12\/2014\/11\/DSC5979.jpg 640w, https:\/\/static-blogs.diariosur.es\/wp-content\/uploads\/sites\/12\/2014\/11\/DSC5979-600x400.jpg 600w\" sizes=\"(max-width: 640px) 100vw, 640px\" \/><\/a><\/p>\n<p>&nbsp;<\/p>\n<p>&nbsp;<\/p>\n<p><strong>Por la tarde se formo una tormenta muy fuerte en la Provincia de Huelva, que dejo casi 60 \u00a0litros en el Campillo.\u00a0<\/strong><\/p>\n<p><a href=\"https:\/\/blogs.diariosur.es\/tormentas-y-rayos\/2014\/11\/24\/prevision-del-tiempo-en-andalucia-el-levante-ira-amainando-y-dara-paso-al-terral-de-otono-posibilidad-de-chubascos-en-cualquier-punto-de-andalucia\/10420312_10204020129122497_8676352496888814557_n\/\" rel=\"attachment wp-att-10304\"><img loading=\"lazy\" class=\"aligncenter size-full wp-image-10304\" title=\"10420312_10204020129122497_8676352496888814557_n\" src=\"\/tormentas-y-rayos\/wp-content\/uploads\/sites\/12\/2014\/11\/10420312_10204020129122497_8676352496888814557_n.jpg\" alt=\"\" width=\"540\" height=\"960\" srcset=\"https:\/\/static-blogs.diariosur.es\/wp-content\/uploads\/sites\/12\/2014\/11\/10420312_10204020129122497_8676352496888814557_n.jpg 540w, https:\/\/static-blogs.diariosur.es\/wp-content\/uploads\/sites\/12\/2014\/11\/10420312_10204020129122497_8676352496888814557_n-225x400.jpg 225w\" sizes=\"(max-width: 540px) 100vw, 540px\" \/><\/a><a href=\"https:\/\/blogs.diariosur.es\/tormentas-y-rayos\/2014\/11\/24\/prevision-del-tiempo-en-andalucia-el-levante-ira-amainando-y-dara-paso-al-terral-de-otono-posibilidad-de-chubascos-en-cualquier-punto-de-andalucia\/10610563_10204020129682511_2797338108280464236_n\/\" rel=\"attachment wp-att-10305\"><img loading=\"lazy\" class=\"aligncenter size-full wp-image-10305\" title=\"10610563_10204020129682511_2797338108280464236_n\" src=\"\/tormentas-y-rayos\/wp-content\/uploads\/sites\/12\/2014\/11\/10610563_10204020129682511_2797338108280464236_n.jpg\" alt=\"\" width=\"540\" height=\"960\" srcset=\"https:\/\/static-blogs.diariosur.es\/wp-content\/uploads\/sites\/12\/2014\/11\/10610563_10204020129682511_2797338108280464236_n.jpg 540w, https:\/\/static-blogs.diariosur.es\/wp-content\/uploads\/sites\/12\/2014\/11\/10610563_10204020129682511_2797338108280464236_n-225x400.jpg 225w\" sizes=\"(max-width: 540px) 100vw, 540px\" \/><\/a><\/p>\n<p>&nbsp;<\/p>\n<p><strong><em>Las tormentas se dieron tambi\u00e9n en el Golfo de C\u00e1diz y en la Provincia de Sevilla. Os paso este fot\u00f3n de Diego Santa Mar\u00eda desde C\u00e1diz.<\/em><\/strong><\/p>\n<p>&nbsp;<\/p>\n<p>&nbsp;<\/p>\n<p><a href=\"https:\/\/blogs.diariosur.es\/tormentas-y-rayos\/2014\/11\/24\/prevision-del-tiempo-en-andalucia-el-levante-ira-amainando-y-dara-paso-al-terral-de-otono-posibilidad-de-chubascos-en-cualquier-punto-de-andalucia\/201411231800_r79g\/\" rel=\"attachment wp-att-10308\"><img loading=\"lazy\" class=\"aligncenter size-full wp-image-10308\" title=\"201411231800_r79g\" src=\"\/tormentas-y-rayos\/wp-content\/uploads\/sites\/12\/2014\/11\/201411231800_r79g.gif\" alt=\"\" width=\"500\" height=\"500\" \/><\/a><\/p>\n<p>&nbsp;<\/p>\n<p>&nbsp;<\/p>\n<p>&nbsp;<\/p>\n<p>&nbsp;<\/p>\n<p>&nbsp;<\/p>\n<p>&nbsp;<\/p>\n<p>&nbsp;<\/p>\n<p><a href=\"https:\/\/blogs.diariosur.es\/tormentas-y-rayos\/2014\/11\/24\/prevision-del-tiempo-en-andalucia-el-levante-ira-amainando-y-dara-paso-al-terral-de-otono-posibilidad-de-chubascos-en-cualquier-punto-de-andalucia\/10383478_10205227976689928_1206594647102616275_n\/\" rel=\"attachment wp-att-10307\"><img loading=\"lazy\" class=\"aligncenter size-medium wp-image-10307\" title=\"10383478_10205227976689928_1206594647102616275_n\" src=\"\/tormentas-y-rayos\/wp-content\/uploads\/sites\/12\/2014\/11\/10383478_10205227976689928_1206594647102616275_n.jpg\" alt=\"\" width=\"600\" height=\"398\" srcset=\"https:\/\/static-blogs.diariosur.es\/wp-content\/uploads\/sites\/12\/2014\/11\/10383478_10205227976689928_1206594647102616275_n.jpg 960w, https:\/\/static-blogs.diariosur.es\/wp-content\/uploads\/sites\/12\/2014\/11\/10383478_10205227976689928_1206594647102616275_n-603x400.jpg 603w, https:\/\/static-blogs.diariosur.es\/wp-content\/uploads\/sites\/12\/2014\/11\/10383478_10205227976689928_1206594647102616275_n-768x510.jpg 768w\" sizes=\"(max-width: 600px) 100vw, 600px\" \/><\/a><\/p>\n<p>&nbsp;<\/p>\n<p><strong><em>Sobre las siete de la tarde,\u00a0ca\u00edan\u00a0algunos chubascos por la provincia malague\u00f1a.<\/em><\/strong><\/p>\n<p>&nbsp;<\/p>\n<p><a href=\"https:\/\/blogs.diariosur.es\/tormentas-y-rayos\/2014\/11\/24\/prevision-del-tiempo-en-andalucia-el-levante-ira-amainando-y-dara-paso-al-terral-de-otono-posibilidad-de-chubascos-en-cualquier-punto-de-andalucia\/captura-516\/\" rel=\"attachment wp-att-10306\"><img loading=\"lazy\" class=\"aligncenter size-medium wp-image-10306\" title=\"Captura\" src=\"\/tormentas-y-rayos\/wp-content\/uploads\/sites\/12\/2014\/11\/Captura26.jpg\" alt=\"\" width=\"513\" height=\"400\" srcset=\"https:\/\/static-blogs.diariosur.es\/wp-content\/uploads\/sites\/12\/2014\/11\/Captura26.jpg 740w, https:\/\/static-blogs.diariosur.es\/wp-content\/uploads\/sites\/12\/2014\/11\/Captura26-514x400.jpg 514w\" sizes=\"(max-width: 513px) 100vw, 513px\" \/><\/a><\/p>\n<p>&nbsp;<\/p>\n<p>&nbsp;<\/p>\n<p><strong>Poco mas que contar, os dejos con los datos mas destacados que se dieron ayer domingo en Andaluc\u00eda y con una foto de Mallorca. Hasta ma\u00f1ana.<\/strong><\/p>\n<p>&nbsp;<\/p>\n<p><a href=\"https:\/\/blogs.diariosur.es\/tormentas-y-rayos\/2014\/11\/24\/prevision-del-tiempo-en-andalucia-el-levante-ira-amainando-y-dara-paso-al-terral-de-otono-posibilidad-de-chubascos-en-cualquier-punto-de-andalucia\/datos-mas-destacados-domingo\/\" rel=\"attachment wp-att-10313\"><img loading=\"lazy\" class=\"aligncenter size-medium wp-image-10313\" title=\"datos mas destacados domingo\" src=\"\/tormentas-y-rayos\/wp-content\/uploads\/sites\/12\/2014\/11\/datos-mas-destacados-domingo.jpg\" alt=\"\" width=\"495\" height=\"400\" srcset=\"https:\/\/static-blogs.diariosur.es\/wp-content\/uploads\/sites\/12\/2014\/11\/datos-mas-destacados-domingo.jpg 777w, https:\/\/static-blogs.diariosur.es\/wp-content\/uploads\/sites\/12\/2014\/11\/datos-mas-destacados-domingo-496x400.jpg 496w, https:\/\/static-blogs.diariosur.es\/wp-content\/uploads\/sites\/12\/2014\/11\/datos-mas-destacados-domingo-768x620.jpg 768w\" sizes=\"(max-width: 495px) 100vw, 495px\" \/><\/a><\/p>\n<p>&nbsp;<\/p>\n<p>&nbsp;<\/p>\n<p>&nbsp;<\/p>\n<p>&nbsp;<\/p>\n<p><img loading=\"lazy\" class=\"aligncenter\" src=\"https:\/\/farm8.staticflickr.com\/7503\/15823170416_440b80aa89_z.jpg\" alt=\"\" width=\"640\" height=\"427\" \/><\/p>\n","protected":false},"excerpt":{"rendered":"<p>&nbsp; &nbsp; &nbsp; &nbsp; &nbsp; &nbsp; Buenos dias amigos de la meteo, son las seis de la ma\u00f1ana, registro 17.2 grados y los cielos est\u00e1n algo nubosos. Los que\u00a0teng\u00e1is\u00a0el coche en la calle no\u00a0asustarse\u00a0si no lo\u00a0encontr\u00e1is, es que han cambiado de color, son todos amarillos jijijij. Esta pasada madrugada ha llovido en el\u00a0interior\u00a0de la provincia [&hellip;]<\/p>\n","protected":false},"author":16,"featured_media":10314,"comment_status":"open","ping_status":"open","sticky":false,"template":"","format":"standard","meta":[],"categories":[2],"tags":[100,249,553,809,975,980],"_links":{"self":[{"href":"https:\/\/blogs.diariosur.es\/tormentas-y-rayos\/wp-json\/wp\/v2\/posts\/10292"}],"collection":[{"href":"https:\/\/blogs.diariosur.es\/tormentas-y-rayos\/wp-json\/wp\/v2\/posts"}],"about":[{"href":"https:\/\/blogs.diariosur.es\/tormentas-y-rayos\/wp-json\/wp\/v2\/types\/post"}],"author":[{"embeddable":true,"href":"https:\/\/blogs.diariosur.es\/tormentas-y-rayos\/wp-json\/wp\/v2\/users\/16"}],"replies":[{"embeddable":true,"href":"https:\/\/blogs.diariosur.es\/tormentas-y-rayos\/wp-json\/wp\/v2\/comments?post=10292"}],"version-history":[{"count":0,"href":"https:\/\/blogs.diariosur.es\/tormentas-y-rayos\/wp-json\/wp\/v2\/posts\/10292\/revisions"}],"wp:featuredmedia":[{"embeddable":true,"href":"https:\/\/blogs.diariosur.es\/tormentas-y-rayos\/wp-json\/wp\/v2\/media\/10314"}],"wp:attachment":[{"href":"https:\/\/blogs.diariosur.es\/tormentas-y-rayos\/wp-json\/wp\/v2\/media?parent=10292"}],"wp:term":[{"taxonomy":"category","embeddable":true,"href":"https:\/\/blogs.diariosur.es\/tormentas-y-rayos\/wp-json\/wp\/v2\/categories?post=10292"},{"taxonomy":"post_tag","embeddable":true,"href":"https:\/\/blogs.diariosur.es\/tormentas-y-rayos\/wp-json\/wp\/v2\/tags?post=10292"}],"curies":[{"name":"wp","href":"https:\/\/api.w.org\/{rel}","templated":true}]}}