{"id":10318,"date":"2014-11-25T08:47:15","date_gmt":"2014-11-25T07:47:15","guid":{"rendered":"http:\/\/blogs.diariosur.es\/tormentas-y-rayos\/?p=10318"},"modified":"2014-11-25T08:47:15","modified_gmt":"2014-11-25T07:47:15","slug":"prevision-del-tiempo-seguimiento-especial-posible-profunda-borrasca-en-el-golfo-de-cadiz-cabo-de-san-vicente-aviso-amarillo-por-lluvias","status":"publish","type":"post","link":"https:\/\/blogs.diariosur.es\/tormentas-y-rayos\/2014\/11\/25\/prevision-del-tiempo-seguimiento-especial-posible-profunda-borrasca-en-el-golfo-de-cadiz-cabo-de-san-vicente-aviso-amarillo-por-lluvias\/","title":{"rendered":"Previsi\u00f3n del tiempo. Seguimiento especial posible profunda borrasca en el  &#8220;Golfo de C\u00e1diz, Cabo de San Vicente&#8221;. Aviso amarillo por lluvias."},"content":{"rendered":"<p><img loading=\"lazy\" class=\"aligncenter\" src=\"https:\/\/farm6.staticflickr.com\/5566\/14568830453_8e0522e3fc_q.jpg\" alt=\"\" width=\"150\" height=\"150\" \/><\/p>\n<p>&nbsp;<\/p>\n<p>&nbsp;<\/p>\n<p>&nbsp;<\/p>\n<p>&nbsp;<\/p>\n<p>&nbsp;<\/p>\n<p><strong>Buenos\u00a0d\u00edas\u00a0amigos de la meteo, son las seis de la ma\u00f1ana, registro 17 \u00a0grados y el terral de oto\u00f1o sopla flojo en la Capital Malague\u00f1a. Los cielos est\u00e1n poco nubosos, pero a primeras horas de la tarde se formaran desarrollos que dejaran chubascos tormentosos \u00a0en la Provincia Malague\u00f1a y en otros puntos de Andaluc\u00eda. Aun tenemos restos de la bolsa de aire fr\u00edo. Modelo hirlam fuente aemet<\/strong><\/p>\n<p>&nbsp;<\/p>\n<p><span style=\"color: #ff0000;\"><strong><em>SEGUIMIENTO ESPECIAL BORRASCA PROFUNDA EN EL GOLFO DE C\u00c1DIZ, CABO DE SAN VICENTE:<\/em><\/strong><\/span><\/p>\n<p>&nbsp;<\/p>\n<p>&nbsp;<\/p>\n<p><strong>Desde hoy martes haremos un seguimiento especial \u00a0de la posible \u00a0borrasca que se formara entre \u00a0el Golfo de C\u00e1diz \u00a0y Cabo de San Vicente pr\u00f3ximamente. Y digo posible poruqe aun no esta muy claro donde\u00a0pondr\u00e1\u00a0el huevo.<\/strong><\/p>\n<p><strong>Intentare explicar de forma sencilla esta situaci\u00f3n. Ma\u00f1ana\u00a0mi\u00e9rcoles y debido a una vaguada se formara una baja \u00a0al oeste del Cabo de San Vicente. Fuente meteociel gfs.<\/strong><\/p>\n<p>&nbsp;<\/p>\n<p><a href=\"https:\/\/blogs.diariosur.es\/tormentas-y-rayos\/2014\/11\/25\/prevision-del-tiempo-seguimiento-especial-posible-profunda-borrasca-en-el-golfo-de-cadiz-cabo-de-san-vicente-aviso-amarillo-por-lluvias\/borrasca-frente\/\" rel=\"attachment wp-att-10319\"><img loading=\"lazy\" class=\"aligncenter size-medium wp-image-10319\" title=\"borrasca frente\" src=\"\/tormentas-y-rayos\/wp-content\/uploads\/sites\/12\/2014\/11\/borrasca-frente.jpg\" alt=\"\" width=\"596\" height=\"400\" srcset=\"https:\/\/static-blogs.diariosur.es\/wp-content\/uploads\/sites\/12\/2014\/11\/borrasca-frente.jpg 775w, https:\/\/static-blogs.diariosur.es\/wp-content\/uploads\/sites\/12\/2014\/11\/borrasca-frente-596x400.jpg 596w, https:\/\/static-blogs.diariosur.es\/wp-content\/uploads\/sites\/12\/2014\/11\/borrasca-frente-768x515.jpg 768w\" sizes=\"(max-width: 596px) 100vw, 596px\" \/><\/a><\/p>\n<p>&nbsp;<\/p>\n<p><strong>Esta peque\u00f1a borrasca se quedara en esa zona hasta ultima hora del jueves. Sera la que traiga ma\u00f1ana\u00a0mi\u00e9rcoles\u00a0por la tarde \u00a0y el jueves \u00a0lluvias a la zona de C\u00e1diz, Huelva y M\u00e1laga. Por este motivo la aemet activa el aviso amarillo en \u00a0lluvias ma\u00f1ana a las 20:00 horas por acumulados de 15 litros en una hora. La probabilidad es del 40 al 70 %. En la zona de Huelva el aviso empieza a las 18:00 horas.<\/strong><\/p>\n<p>&nbsp;<\/p>\n<p><a href=\"https:\/\/blogs.diariosur.es\/tormentas-y-rayos\/2014\/11\/25\/prevision-del-tiempo-seguimiento-especial-posible-profunda-borrasca-en-el-golfo-de-cadiz-cabo-de-san-vicente-aviso-amarillo-por-lluvias\/aviso-13\/\" rel=\"attachment wp-att-10327\"><img loading=\"lazy\" class=\"aligncenter size-full wp-image-10327\" title=\"aviso\" src=\"\/tormentas-y-rayos\/wp-content\/uploads\/sites\/12\/2014\/11\/aviso2.jpg\" alt=\"\" width=\"602\" height=\"415\" srcset=\"https:\/\/static-blogs.diariosur.es\/wp-content\/uploads\/sites\/12\/2014\/11\/aviso2.jpg 602w, https:\/\/static-blogs.diariosur.es\/wp-content\/uploads\/sites\/12\/2014\/11\/aviso2-580x400.jpg 580w\" sizes=\"(max-width: 602px) 100vw, 602px\" \/><\/a><\/p>\n<p>&nbsp;<\/p>\n<p><strong>Esta baja ira perdiendo fuerza durante el jueves. \u00a0<\/strong><strong>Pero una nueva vaguada le\u00a0inyectar\u00eda\u00a0aire fr\u00edo, \u00a0produci\u00e9ndose una ciclogenesis\u00a0\u00a0con lo cual en poco tiempo se\u00a0profundizar\u00eda. \u00a0Su presi\u00f3n\u00a0llegar\u00eda\u00a0a 980 hpa\u00a0seg\u00fan\u00a0los modelos y se\u00a0situar\u00eda enttre \u00a0en el Golfo de C\u00e1diz o el Cabo de San Vicente \u00a0. Os paso tres mapas\u00a0para\u00a0que lo\u00a0entend\u00edais\u00a0mejor.<\/strong><\/p>\n<p><strong>En este primero previsto a primera hora de la ma\u00f1ana del jueves, se ve claramente como la baja pierde fuelle.<\/strong><\/p>\n<p>&nbsp;<\/p>\n<p><a href=\"https:\/\/blogs.diariosur.es\/tormentas-y-rayos\/2014\/11\/25\/prevision-del-tiempo-seguimiento-especial-posible-profunda-borrasca-en-el-golfo-de-cadiz-cabo-de-san-vicente-aviso-amarillo-por-lluvias\/jueves-9\/\" rel=\"attachment wp-att-10320\"><img loading=\"lazy\" class=\"aligncenter size-medium wp-image-10320\" title=\"jueves\" src=\"\/tormentas-y-rayos\/wp-content\/uploads\/sites\/12\/2014\/11\/jueves.jpg\" alt=\"\" width=\"579\" height=\"400\" srcset=\"https:\/\/static-blogs.diariosur.es\/wp-content\/uploads\/sites\/12\/2014\/11\/jueves.jpg 777w, https:\/\/static-blogs.diariosur.es\/wp-content\/uploads\/sites\/12\/2014\/11\/jueves-580x400.jpg 580w, https:\/\/static-blogs.diariosur.es\/wp-content\/uploads\/sites\/12\/2014\/11\/jueves-768x530.jpg 768w\" sizes=\"(max-width: 579px) 100vw, 579px\" \/><\/a><\/p>\n<p>&nbsp;<\/p>\n<p>&nbsp;<\/p>\n<p><strong>En este otro previsto para el jueves por la tarde, la baja ya no esta dibujada, pero la vaguada le\u00a0inyecta\u00a0aire fr\u00edo y la hace resurgir de las cenizas.\u00a0<\/strong><\/p>\n<p>&nbsp;<\/p>\n<p><a href=\"https:\/\/blogs.diariosur.es\/tormentas-y-rayos\/2014\/11\/25\/prevision-del-tiempo-seguimiento-especial-posible-profunda-borrasca-en-el-golfo-de-cadiz-cabo-de-san-vicente-aviso-amarillo-por-lluvias\/jueves-1-2\/\" rel=\"attachment wp-att-10321\"><img loading=\"lazy\" class=\"aligncenter size-medium wp-image-10321\" title=\"jueves 1\" src=\"\/tormentas-y-rayos\/wp-content\/uploads\/sites\/12\/2014\/11\/jueves-1.jpg\" alt=\"\" width=\"576\" height=\"400\" srcset=\"https:\/\/static-blogs.diariosur.es\/wp-content\/uploads\/sites\/12\/2014\/11\/jueves-1.jpg 765w, https:\/\/static-blogs.diariosur.es\/wp-content\/uploads\/sites\/12\/2014\/11\/jueves-1-576x400.jpg 576w\" sizes=\"(max-width: 576px) 100vw, 576px\" \/><\/a><\/p>\n<p>&nbsp;<\/p>\n<p>&nbsp;<\/p>\n<p><strong>Durante la madrugada del viernes, esta baja\u00a0tendr\u00e1\u00a0un\u00a0proceso\u00a0de ciclog\u00e9nesis y se trasformara en una profunda borrasca.<\/strong><\/p>\n<p>&nbsp;<\/p>\n<p><a href=\"https:\/\/blogs.diariosur.es\/tormentas-y-rayos\/2014\/11\/25\/prevision-del-tiempo-seguimiento-especial-posible-profunda-borrasca-en-el-golfo-de-cadiz-cabo-de-san-vicente-aviso-amarillo-por-lluvias\/viernes-22\/\" rel=\"attachment wp-att-10322\"><img loading=\"lazy\" class=\"aligncenter size-medium wp-image-10322\" title=\"viernes.\" src=\"\/tormentas-y-rayos\/wp-content\/uploads\/sites\/12\/2014\/11\/viernes.-573x400.jpg\" alt=\"\" width=\"573\" height=\"400\" srcset=\"https:\/\/static-blogs.diariosur.es\/wp-content\/uploads\/sites\/12\/2014\/11\/viernes.-573x400.jpg 573w, https:\/\/static-blogs.diariosur.es\/wp-content\/uploads\/sites\/12\/2014\/11\/viernes.-768x536.jpg 768w, https:\/\/static-blogs.diariosur.es\/wp-content\/uploads\/sites\/12\/2014\/11\/viernes..jpg 771w\" sizes=\"(max-width: 573px) 100vw, 573px\" \/><\/a><\/p>\n<p>&nbsp;<\/p>\n<p>&nbsp;<\/p>\n<p><strong>Hasta\u00a0aqu\u00ed\u00a0os lo que os puedo contar amigos de la meteo. Poco a poco iremos viendo primero como nos afectara la primera baja de ma\u00f1ana y\u00a0despu\u00e9s\u00a0la del viernes. Todos los modelos\u00a0est\u00e1n\u00a0de acuerdo en su formaci\u00f3n, lo que no esta\u00a0muy claro es \u00a0donde se ubicara, \u00a0si en el cabo de San Vicente o en el Golfo de C\u00e1diz.\u00a0<\/strong><\/p>\n<p>&nbsp;<\/p>\n<p><strong>Os hago un peque\u00f1o\u00a0resumen\u00a0de ayer en fotos.<\/strong><\/p>\n<p><strong>Lo mas destacado de nuevo fueron las\u00a0m\u00e1ximas\u00a0que se\u00a0registraron\u00a0en Andaluc\u00eda. Os paso los datos mas destacados.<\/strong><\/p>\n<p>&nbsp;<\/p>\n<p><a href=\"https:\/\/blogs.diariosur.es\/tormentas-y-rayos\/2014\/11\/25\/prevision-del-tiempo-seguimiento-especial-posible-profunda-borrasca-en-el-golfo-de-cadiz-cabo-de-san-vicente-aviso-amarillo-por-lluvias\/datoss\/\" rel=\"attachment wp-att-10328\"><img loading=\"lazy\" class=\"aligncenter size-medium wp-image-10328\" title=\"datoss\" src=\"\/tormentas-y-rayos\/wp-content\/uploads\/sites\/12\/2014\/11\/datoss.jpg\" alt=\"\" width=\"526\" height=\"400\" srcset=\"https:\/\/static-blogs.diariosur.es\/wp-content\/uploads\/sites\/12\/2014\/11\/datoss.jpg 822w, https:\/\/static-blogs.diariosur.es\/wp-content\/uploads\/sites\/12\/2014\/11\/datoss-527x400.jpg 527w, https:\/\/static-blogs.diariosur.es\/wp-content\/uploads\/sites\/12\/2014\/11\/datoss-768x583.jpg 768w\" sizes=\"(max-width: 526px) 100vw, 526px\" \/><\/a><\/p>\n<p>&nbsp;<\/p>\n<p>&nbsp;<\/p>\n<p>&nbsp;<\/p>\n<p>&nbsp;<\/p>\n<p><strong>A primera hora de la ma\u00f1ana se registraron chubascos en la Capital Malague\u00f1a, aunque al poco tiempo se abrieron los cielos. Por la tarde y debido al aire fr\u00edo en altura se\u00a0desarrollaron\u00a0c\u00famulos\u00a0nimbus que dejaron chaparrones por el\u00a0interior. \u00a0Mi amiga Maria Jose Vazquez \u00a0Parra \u00a0me mandaba este bonito arcoiris desde Antequera. Sobre las cinco de la tarde se registro un chaparr\u00f3n en esta zona. Gracias Mar\u00eda, preciosa la foto.<\/strong><\/p>\n<p>&nbsp;<\/p>\n<p><a href=\"https:\/\/blogs.diariosur.es\/tormentas-y-rayos\/2014\/11\/25\/prevision-del-tiempo-seguimiento-especial-posible-profunda-borrasca-en-el-golfo-de-cadiz-cabo-de-san-vicente-aviso-amarillo-por-lluvias\/10402775_761427733893385_2033802955315220149_n\/\" rel=\"attachment wp-att-10323\"><img loading=\"lazy\" class=\"aligncenter size-large wp-image-10323\" title=\"10402775_761427733893385_2033802955315220149_n\" src=\"\/tormentas-y-rayos\/wp-content\/uploads\/sites\/12\/2014\/11\/10402775_761427733893385_2033802955315220149_n.jpg\" alt=\"\" width=\"450\" height=\"600\" srcset=\"https:\/\/static-blogs.diariosur.es\/wp-content\/uploads\/sites\/12\/2014\/11\/10402775_761427733893385_2033802955315220149_n.jpg 720w, https:\/\/static-blogs.diariosur.es\/wp-content\/uploads\/sites\/12\/2014\/11\/10402775_761427733893385_2033802955315220149_n-300x400.jpg 300w\" sizes=\"(max-width: 450px) 100vw, 450px\" \/><\/a><\/p>\n<p>&nbsp;<\/p>\n<p><strong>Fernando Berrocal tambi\u00e9n cazaba estos desarrollos . Bonita foto amigo.<\/strong><\/p>\n<p>&nbsp;<\/p>\n<p><a href=\"https:\/\/blogs.diariosur.es\/tormentas-y-rayos\/2014\/11\/25\/prevision-del-tiempo-seguimiento-especial-posible-profunda-borrasca-en-el-golfo-de-cadiz-cabo-de-san-vicente-aviso-amarillo-por-lluvias\/fernando-berrocal-10\/\" rel=\"attachment wp-att-10329\"><img loading=\"lazy\" class=\"aligncenter size-full wp-image-10329\" title=\"fernando berrocal\" src=\"\/tormentas-y-rayos\/wp-content\/uploads\/sites\/12\/2014\/11\/fernando-berrocal.jpg\" alt=\"\" width=\"640\" height=\"361\" \/><\/a><\/p>\n<p>&nbsp;<\/p>\n<p>&nbsp;<\/p>\n<p><strong>Las nubes tipo altocumulus tambi\u00e9n llegaron a la Capital, dejando un precioso atardecer. El hijo de mi amigo Miguel \u00c1ngel \u00c1vila me manda este fot\u00f3n. Pablo me ha encantado la foto, un abrazo.<\/strong><\/p>\n<p>&nbsp;<\/p>\n<p>&nbsp;<\/p>\n<p><a href=\"https:\/\/blogs.diariosur.es\/tormentas-y-rayos\/2014\/11\/25\/prevision-del-tiempo-seguimiento-especial-posible-profunda-borrasca-en-el-golfo-de-cadiz-cabo-de-san-vicente-aviso-amarillo-por-lluvias\/miguel-angel-avila-3\/\" rel=\"attachment wp-att-10330\"><img loading=\"lazy\" class=\"aligncenter size-full wp-image-10330\" title=\"miguel angel \u00e1vila\" src=\"\/tormentas-y-rayos\/wp-content\/uploads\/sites\/12\/2014\/11\/miguel-angel-\u00e1vila.jpg\" alt=\"\" width=\"640\" height=\"427\" srcset=\"https:\/\/static-blogs.diariosur.es\/wp-content\/uploads\/sites\/12\/2014\/11\/miguel-angel-\u00e1vila.jpg 640w, https:\/\/static-blogs.diariosur.es\/wp-content\/uploads\/sites\/12\/2014\/11\/miguel-angel-\u00e1vila-600x400.jpg 600w\" sizes=\"(max-width: 640px) 100vw, 640px\" \/><\/a><\/p>\n<p>&nbsp;<\/p>\n<p>&nbsp;<\/p>\n<p><strong>Yo me fui a la playa del chanquete \u00a0media hora antes de ponerse el sol, la luz era impresionante de bonita. Me recordaba a los cuadros de Sorolla.<\/strong><\/p>\n<p>&nbsp;<\/p>\n<p><img loading=\"lazy\" class=\"aligncenter\" src=\"https:\/\/farm8.staticflickr.com\/7561\/15685058227_abd79e1742_z.jpg\" alt=\"\" width=\"640\" height=\"427\" \/><\/p>\n<p>&nbsp;<\/p>\n<p><strong>Mas tarde se produjo el candilazo.<\/strong><\/p>\n<p>&nbsp;<\/p>\n<p>&nbsp;<\/p>\n<p><img loading=\"lazy\" class=\"aligncenter\" src=\"https:\/\/farm8.staticflickr.com\/7539\/15870186472_1821940503_z.jpg\" alt=\"\" width=\"640\" height=\"427\" \/><\/p>\n<p>&nbsp;<\/p>\n<p>&nbsp;<\/p>\n<p>&nbsp;<\/p>\n<p><strong>Os dejo con vuestro permiso hasta dentro de un rato. Tiro para la Playa de la Misericordia para fotografiar el amanecer, espero hoy ver el sol. Enseguida vuelvo.<\/strong><\/p>\n<p>&nbsp;<\/p>\n<p><strong>Por fin he logrado fotografiar el sol, una pasada de bonito.<\/strong><\/p>\n<p>&nbsp;<\/p>\n<p>&nbsp;<\/p>\n<p>&nbsp;<\/p>\n<p><a href=\"https:\/\/blogs.diariosur.es\/tormentas-y-rayos\/2014\/11\/25\/prevision-del-tiempo-seguimiento-especial-posible-profunda-borrasca-en-el-golfo-de-cadiz-cabo-de-san-vicente-aviso-amarillo-por-lluvias\/z-40\/\" rel=\"attachment wp-att-10335\"><img loading=\"lazy\" class=\"aligncenter size-full wp-image-10335\" title=\"z\" src=\"\/tormentas-y-rayos\/wp-content\/uploads\/sites\/12\/2014\/11\/z1.jpg\" alt=\"\" width=\"640\" height=\"358\" \/><\/a><\/p>\n<p>&nbsp;<\/p>\n<p>&nbsp;<\/p>\n<p>&nbsp;<\/p>\n<p>&nbsp;<\/p>\n<p><a href=\"https:\/\/blogs.diariosur.es\/tormentas-y-rayos\/2014\/11\/25\/prevision-del-tiempo-seguimiento-especial-posible-profunda-borrasca-en-el-golfo-de-cadiz-cabo-de-san-vicente-aviso-amarillo-por-lluvias\/z1-24\/\" rel=\"attachment wp-att-10336\"><img loading=\"lazy\" class=\"aligncenter size-full wp-image-10336\" title=\"z1\" src=\"\/tormentas-y-rayos\/wp-content\/uploads\/sites\/12\/2014\/11\/z11.jpg\" alt=\"\" width=\"640\" height=\"301\" \/><\/a><\/p>\n<p>&nbsp;<\/p>\n<p>&nbsp;<\/p>\n<p><strong>Poco mas que contar amigos de la meteo. Os dejo con esta impresionante foto de mi amiga May Naoni Jj. Es una pasada ver el Teide asi. Fotonnnnnnnnnn.\u00a0<\/strong><\/p>\n<p>&nbsp;<\/p>\n<p>&nbsp;<\/p>\n<p><a href=\"https:\/\/blogs.diariosur.es\/tormentas-y-rayos\/2014\/11\/25\/prevision-del-tiempo-seguimiento-especial-posible-profunda-borrasca-en-el-golfo-de-cadiz-cabo-de-san-vicente-aviso-amarillo-por-lluvias\/may-naomi-jj-9\/\" rel=\"attachment wp-att-10334\"><img loading=\"lazy\" class=\"aligncenter size-full wp-image-10334\" title=\"may naomi Jj\" src=\"\/tormentas-y-rayos\/wp-content\/uploads\/sites\/12\/2014\/11\/may-naomi-Jj2.jpg\" alt=\"\" width=\"640\" height=\"427\" srcset=\"https:\/\/static-blogs.diariosur.es\/wp-content\/uploads\/sites\/12\/2014\/11\/may-naomi-Jj2.jpg 640w, https:\/\/static-blogs.diariosur.es\/wp-content\/uploads\/sites\/12\/2014\/11\/may-naomi-Jj2-600x400.jpg 600w\" sizes=\"(max-width: 640px) 100vw, 640px\" \/><\/a><\/p>\n<p>&nbsp;<\/p>\n","protected":false},"excerpt":{"rendered":"<p>&nbsp; &nbsp; &nbsp; &nbsp; &nbsp; Buenos\u00a0d\u00edas\u00a0amigos de la meteo, son las seis de la ma\u00f1ana, registro 17 \u00a0grados y el terral de oto\u00f1o sopla flojo en la Capital Malague\u00f1a. Los cielos est\u00e1n poco nubosos, pero a primeras horas de la tarde se formaran desarrollos que dejaran chubascos tormentosos \u00a0en la Provincia Malague\u00f1a y en otros [&hellip;]<\/p>\n","protected":false},"author":16,"featured_media":10321,"comment_status":"open","ping_status":"open","sticky":false,"template":"","format":"standard","meta":[],"categories":[2],"tags":[94,151,188,454,569,809,821,901,980],"_links":{"self":[{"href":"https:\/\/blogs.diariosur.es\/tormentas-y-rayos\/wp-json\/wp\/v2\/posts\/10318"}],"collection":[{"href":"https:\/\/blogs.diariosur.es\/tormentas-y-rayos\/wp-json\/wp\/v2\/posts"}],"about":[{"href":"https:\/\/blogs.diariosur.es\/tormentas-y-rayos\/wp-json\/wp\/v2\/types\/post"}],"author":[{"embeddable":true,"href":"https:\/\/blogs.diariosur.es\/tormentas-y-rayos\/wp-json\/wp\/v2\/users\/16"}],"replies":[{"embeddable":true,"href":"https:\/\/blogs.diariosur.es\/tormentas-y-rayos\/wp-json\/wp\/v2\/comments?post=10318"}],"version-history":[{"count":0,"href":"https:\/\/blogs.diariosur.es\/tormentas-y-rayos\/wp-json\/wp\/v2\/posts\/10318\/revisions"}],"wp:featuredmedia":[{"embeddable":true,"href":"https:\/\/blogs.diariosur.es\/tormentas-y-rayos\/wp-json\/wp\/v2\/media\/10321"}],"wp:attachment":[{"href":"https:\/\/blogs.diariosur.es\/tormentas-y-rayos\/wp-json\/wp\/v2\/media?parent=10318"}],"wp:term":[{"taxonomy":"category","embeddable":true,"href":"https:\/\/blogs.diariosur.es\/tormentas-y-rayos\/wp-json\/wp\/v2\/categories?post=10318"},{"taxonomy":"post_tag","embeddable":true,"href":"https:\/\/blogs.diariosur.es\/tormentas-y-rayos\/wp-json\/wp\/v2\/tags?post=10318"}],"curies":[{"name":"wp","href":"https:\/\/api.w.org\/{rel}","templated":true}]}}