{"id":10338,"date":"2014-11-26T08:47:42","date_gmt":"2014-11-26T07:47:42","guid":{"rendered":"http:\/\/blogs.diariosur.es\/tormentas-y-rayos\/?p=10338"},"modified":"2014-11-26T08:47:42","modified_gmt":"2014-11-26T07:47:42","slug":"prevision-del-tiempo-temporal-de-lluvia-y-viento-en-la-peninsula-se-confirma-la-borrasca-profunda-avisos-amarillos-de-momento","status":"publish","type":"post","link":"https:\/\/blogs.diariosur.es\/tormentas-y-rayos\/2014\/11\/26\/prevision-del-tiempo-temporal-de-lluvia-y-viento-en-la-peninsula-se-confirma-la-borrasca-profunda-avisos-amarillos-de-momento\/","title":{"rendered":"Previsi\u00f3n del tiempo. Temporal de lluvia y viento en la peninsula. Se confirma la borrasca profunda. Avisos naranja en M\u00e1laga."},"content":{"rendered":"<p><img loading=\"lazy\" class=\"aligncenter\" src=\"https:\/\/farm3.staticflickr.com\/2898\/14371881571_bbae3518b1_q.jpg\" alt=\"\" width=\"150\" height=\"150\" \/><\/p>\n<p>&nbsp;<\/p>\n<p>&nbsp;<\/p>\n<p>&nbsp;<\/p>\n<p>&nbsp;<\/p>\n<p>&nbsp;<\/p>\n<p><span style=\"color: #ff0000;\"><strong>ULTIMA HORA:<\/strong><\/span><\/p>\n<p><span style=\"color: #ff00ff;\"><strong>Se activa el aviso naranja por lluvias en M\u00e1laga ma\u00f1ana jueves.\u00a0<\/strong><\/span><\/p>\n<p>&nbsp;<\/p>\n<p>&nbsp;<\/p>\n<p><a href=\"https:\/\/blogs.diariosur.es\/tormentas-y-rayos\/2014\/11\/26\/prevision-del-tiempo-temporal-de-lluvia-y-viento-en-la-peninsula-se-confirma-la-borrasca-profunda-avisos-amarillos-de-momento\/naranja-9\/\" rel=\"attachment wp-att-10362\"><img loading=\"lazy\" class=\"aligncenter size-full wp-image-10362\" title=\"naranja\" src=\"\/tormentas-y-rayos\/wp-content\/uploads\/sites\/12\/2014\/11\/naranja.jpg\" alt=\"\" width=\"587\" height=\"433\" srcset=\"https:\/\/static-blogs.diariosur.es\/wp-content\/uploads\/sites\/12\/2014\/11\/naranja.jpg 587w, https:\/\/static-blogs.diariosur.es\/wp-content\/uploads\/sites\/12\/2014\/11\/naranja-542x400.jpg 542w\" sizes=\"(max-width: 587px) 100vw, 587px\" \/><\/a><a href=\"https:\/\/blogs.diariosur.es\/tormentas-y-rayos\/2014\/11\/26\/prevision-del-tiempo-temporal-de-lluvia-y-viento-en-la-peninsula-se-confirma-la-borrasca-profunda-avisos-amarillos-de-momento\/rsumenn\/\" rel=\"attachment wp-att-10363\"><img loading=\"lazy\" class=\"aligncenter size-medium wp-image-10363\" title=\"rsumenn\" src=\"\/tormentas-y-rayos\/wp-content\/uploads\/sites\/12\/2014\/11\/rsumenn.jpg\" alt=\"\" width=\"432\" height=\"400\" srcset=\"https:\/\/static-blogs.diariosur.es\/wp-content\/uploads\/sites\/12\/2014\/11\/rsumenn.jpg 789w, https:\/\/static-blogs.diariosur.es\/wp-content\/uploads\/sites\/12\/2014\/11\/rsumenn-433x400.jpg 433w, https:\/\/static-blogs.diariosur.es\/wp-content\/uploads\/sites\/12\/2014\/11\/rsumenn-768x710.jpg 768w\" sizes=\"(max-width: 432px) 100vw, 432px\" \/><\/a><\/p>\n<p>&nbsp;<\/p>\n<p>&nbsp;<\/p>\n<p><strong>Buenos\u00a0d\u00edas\u00a0amigos de la meteo, son las seis de la ma\u00f1ana, registro 16 grados y los cielos malague\u00f1os est\u00e1n algo \u00a0nubosos. Donde mas\u00a0nubosidad hay es en Huelva.\u00a0<\/strong><\/p>\n<p><strong>\u00a0Ayer os explicaba de manera sencilla la situaci\u00f3n de lluvias y viento que se\u00a0dar\u00e1n\u00a0a partir de esta noche y ma\u00f1ana jueves. <a href=\"https:\/\/blogs.diariosur.es\/tormentas-y-rayos\/2014\/11\/25\/prevision-del-tiempo-seguimiento-especial-posible-profunda-borrasca-en-el-golfo-de-cadiz-cabo-de-san-vicente-aviso-amarillo-por-lluvias\/\">ENLACE PINCHAR<\/a><\/strong><\/p>\n<p>&nbsp;<\/p>\n<p><strong>Antes de seguir con la evoluci\u00f3n de esta situaci\u00f3n y ante la cantidad de correos, os comento que para nada es una ciclog\u00e9nesis\u00a0explosiva. \u00a0Os copio lo que ayer comentaba mi amigo y\u00a0meteor\u00f3logo\u00a0Jose Manuel Curado.<\/strong><\/p>\n<p>&nbsp;<\/p>\n<p><a href=\"https:\/\/blogs.diariosur.es\/tormentas-y-rayos\/2014\/11\/26\/prevision-del-tiempo-temporal-de-lluvia-y-viento-en-la-peninsula-se-confirma-la-borrasca-profunda-avisos-amarillos-de-momento\/ciclo-4\/\" rel=\"attachment wp-att-10356\"><img loading=\"lazy\" class=\"aligncenter size-full wp-image-10356\" title=\"ciclo\" src=\"\/tormentas-y-rayos\/wp-content\/uploads\/sites\/12\/2014\/11\/ciclo.jpg\" alt=\"\" width=\"484\" height=\"223\" \/><\/a><\/p>\n<p>&nbsp;<\/p>\n<p><span style=\"color: #ff0000;\"><strong>Aclarado esto, os comento que en estos momentos se empieza a formar la primera borrasca que se centrara entre el Golfo de C\u00e1diz \u00a0y Cabo de San Vicente hoy. \u00a0Sera la que por la tarde traiga las primeras lluvias en la zona occidental andaluza,<span style=\"color: #ff00ff;\"> en la provincia malague\u00f1a la espero a ultima hora de la noche y primeras horas de la madrugada del jueves.<\/span> \u00a0La aemet activa el aviso amarillo por lluvias en Huelva, Cadiz y M\u00e1laga. Pero no me\u00a0extra\u00f1ar\u00eda\u00a0que a lo largo del dia<span style=\"color: #ff00ff;\"> se\u00a0activen\u00a0avisos naranjas en estas provincias, y no solo por lluvias, tambi\u00e9n por vientos en la zona del Golfo de C\u00e1diz para ma\u00f1ana jueves.<\/span><\/strong><\/span><\/p>\n<p><strong> Os paso una imagen del satelite eumetsat.<\/strong><\/p>\n<p>&nbsp;<\/p>\n<p>&nbsp;<\/p>\n<p><a href=\"https:\/\/blogs.diariosur.es\/tormentas-y-rayos\/2014\/11\/26\/prevision-del-tiempo-temporal-de-lluvia-y-viento-en-la-peninsula-se-confirma-la-borrasca-profunda-avisos-amarillos-de-momento\/borracabbb\/\" rel=\"attachment wp-att-10357\"><img loading=\"lazy\" class=\"aligncenter size-medium wp-image-10357\" title=\"borracabbb\" src=\"\/tormentas-y-rayos\/wp-content\/uploads\/sites\/12\/2014\/11\/borracabbb.jpg\" alt=\"\" width=\"554\" height=\"400\" srcset=\"https:\/\/static-blogs.diariosur.es\/wp-content\/uploads\/sites\/12\/2014\/11\/borracabbb.jpg 759w, https:\/\/static-blogs.diariosur.es\/wp-content\/uploads\/sites\/12\/2014\/11\/borracabbb-554x400.jpg 554w\" sizes=\"(max-width: 554px) 100vw, 554px\" \/><\/a><\/p>\n<p>&nbsp;<\/p>\n<p>&nbsp;<\/p>\n<p>&nbsp;<\/p>\n<p>&nbsp;<\/p>\n<p><strong>Os paso estos mapas a nivel de superficie del modelo hirlam.\u00a0Pod\u00e9is\u00a0ver la evoluci\u00f3n de la primera borrasca y como se forma la segunda el viernes.<\/strong><\/p>\n<p><strong>Fuente aemet<\/strong><\/p>\n<p>&nbsp;<\/p>\n<p>&nbsp;<\/p>\n<p>&nbsp;<\/p>\n<p><a href=\"https:\/\/blogs.diariosur.es\/tormentas-y-rayos\/2014\/11\/26\/prevision-del-tiempo-temporal-de-lluvia-y-viento-en-la-peninsula-se-confirma-la-borrasca-profunda-avisos-amarillos-de-momento\/z-horz-2\/\" rel=\"attachment wp-att-10350\"><img loading=\"lazy\" class=\"aligncenter size-full wp-image-10350\" title=\"z-horz\" src=\"\/tormentas-y-rayos\/wp-content\/uploads\/sites\/12\/2014\/11\/z-horz.jpg\" alt=\"\" width=\"633\" height=\"221\" \/><\/a><\/p>\n<p>&nbsp;<\/p>\n<p><a href=\"https:\/\/blogs.diariosur.es\/tormentas-y-rayos\/2014\/11\/26\/prevision-del-tiempo-temporal-de-lluvia-y-viento-en-la-peninsula-se-confirma-la-borrasca-profunda-avisos-amarillos-de-momento\/z3-horz\/\" rel=\"attachment wp-att-10351\"><img loading=\"lazy\" class=\"aligncenter size-full wp-image-10351\" title=\"z3-horz\" src=\"\/tormentas-y-rayos\/wp-content\/uploads\/sites\/12\/2014\/11\/z3-horz.jpg\" alt=\"\" width=\"642\" height=\"239\" srcset=\"https:\/\/static-blogs.diariosur.es\/wp-content\/uploads\/sites\/12\/2014\/11\/z3-horz.jpg 642w, https:\/\/static-blogs.diariosur.es\/wp-content\/uploads\/sites\/12\/2014\/11\/z3-horz-640x238.jpg 640w\" sizes=\"(max-width: 642px) 100vw, 642px\" \/><\/a><\/p>\n<p>&nbsp;<\/p>\n<p>&nbsp;<\/p>\n<p>&nbsp;<\/p>\n<p>&nbsp;<\/p>\n<p>&nbsp;<\/p>\n<p><a href=\"https:\/\/blogs.diariosur.es\/tormentas-y-rayos\/2014\/11\/26\/prevision-del-tiempo-temporal-de-lluvia-y-viento-en-la-peninsula-se-confirma-la-borrasca-profunda-avisos-amarillos-de-momento\/1-horz-5\/\" rel=\"attachment wp-att-10359\"><img loading=\"lazy\" class=\"aligncenter size-full wp-image-10359\" title=\"1-horz\" src=\"\/tormentas-y-rayos\/wp-content\/uploads\/sites\/12\/2014\/11\/1-horz.jpg\" alt=\"\" width=\"636\" height=\"236\" \/><\/a><\/p>\n<p>&nbsp;<\/p>\n<p>&nbsp;<\/p>\n<p><strong>Si os\u00a0fij\u00e1is\u00a0en la ultima secuencia, la borrasca se\u00a0situar\u00eda\u00a0en el Golfo de C\u00e1diz, \u00a0lo que pasa es que aun no esta claro que camino tomar\u00eda, si\u00a0cruzar\u00eda\u00a0por el norte de \u00c1frica hacia el\u00a0<\/strong><strong>mediterr\u00e1neo, por el Estrecho de Gibraltar, o se\u00a0quedar\u00eda\u00a0mas horas en esa posici\u00f3n. Todo esto lo veremos mejor ma\u00f1ana, ya que depende de lo que haga tendremos mas lluvias o menos.\u00a0<\/strong><\/p>\n<p><strong>Impresionante este mapa previsto para la madrugada del\u00a0s\u00e1bado. Lo veo un poco exagerado, ya veremos que presi\u00f3n cogemos al final.<\/strong><\/p>\n<p>&nbsp;<\/p>\n<p>&nbsp;<\/p>\n<p>&nbsp;<\/p>\n<p style=\"text-align: center;\"><a href=\"https:\/\/blogs.diariosur.es\/tormentas-y-rayos\/2014\/11\/26\/prevision-del-tiempo-temporal-de-lluvia-y-viento-en-la-peninsula-se-confirma-la-borrasca-profunda-avisos-amarillos-de-momento\/borrascon-5\/\" rel=\"attachment wp-att-10360\"><img loading=\"lazy\" class=\"aligncenter  wp-image-10360\" title=\"borrascon\" src=\"\/tormentas-y-rayos\/wp-content\/uploads\/sites\/12\/2014\/11\/borrascon.jpg\" alt=\"\" width=\"567\" height=\"569\" srcset=\"https:\/\/static-blogs.diariosur.es\/wp-content\/uploads\/sites\/12\/2014\/11\/borrascon.jpg 788w, https:\/\/static-blogs.diariosur.es\/wp-content\/uploads\/sites\/12\/2014\/11\/borrascon-150x150.jpg 150w, https:\/\/static-blogs.diariosur.es\/wp-content\/uploads\/sites\/12\/2014\/11\/borrascon-399x400.jpg 399w, https:\/\/static-blogs.diariosur.es\/wp-content\/uploads\/sites\/12\/2014\/11\/borrascon-768x770.jpg 768w\" sizes=\"(max-width: 567px) 100vw, 567px\" \/><\/a><\/p>\n<p>&nbsp;<\/p>\n<p>&nbsp;<\/p>\n<p><strong>La aemet saco ayer este aviso.<\/strong><\/p>\n<p>&nbsp;<\/p>\n<p><a href=\"https:\/\/blogs.diariosur.es\/tormentas-y-rayos\/2014\/11\/26\/prevision-del-tiempo-temporal-de-lluvia-y-viento-en-la-peninsula-se-confirma-la-borrasca-profunda-avisos-amarillos-de-momento\/captura-518\/\" rel=\"attachment wp-att-10346\"><img loading=\"lazy\" class=\"aligncenter size-large wp-image-10346\" title=\"Captura\" src=\"\/tormentas-y-rayos\/wp-content\/uploads\/sites\/12\/2014\/11\/Captura28.jpg\" alt=\"\" width=\"516\" height=\"600\" srcset=\"https:\/\/static-blogs.diariosur.es\/wp-content\/uploads\/sites\/12\/2014\/11\/Captura28.jpg 755w, https:\/\/static-blogs.diariosur.es\/wp-content\/uploads\/sites\/12\/2014\/11\/Captura28-344x400.jpg 344w\" sizes=\"(max-width: 516px) 100vw, 516px\" \/><\/a><\/p>\n<p>&nbsp;<\/p>\n<p><strong>Estos los\u00a0pron\u00f3sticos.<\/strong><\/p>\n<p>&nbsp;<\/p>\n<p>&nbsp;<\/p>\n<p><a href=\"https:\/\/blogs.diariosur.es\/tormentas-y-rayos\/2014\/11\/26\/prevision-del-tiempo-temporal-de-lluvia-y-viento-en-la-peninsula-se-confirma-la-borrasca-profunda-avisos-amarillos-de-momento\/1-95\/\" rel=\"attachment wp-att-10347\"><img loading=\"lazy\" class=\"aligncenter size-full wp-image-10347\" title=\"1\" src=\"\/tormentas-y-rayos\/wp-content\/uploads\/sites\/12\/2014\/11\/14.jpg\" alt=\"\" width=\"498\" height=\"323\" \/><\/a><a href=\"https:\/\/blogs.diariosur.es\/tormentas-y-rayos\/2014\/11\/26\/prevision-del-tiempo-temporal-de-lluvia-y-viento-en-la-peninsula-se-confirma-la-borrasca-profunda-avisos-amarillos-de-momento\/2-69\/\" rel=\"attachment wp-att-10348\"><img loading=\"lazy\" class=\"aligncenter size-full wp-image-10348\" title=\"2\" src=\"\/tormentas-y-rayos\/wp-content\/uploads\/sites\/12\/2014\/11\/23.jpg\" alt=\"\" width=\"477\" height=\"273\" \/><\/a><a href=\"https:\/\/blogs.diariosur.es\/tormentas-y-rayos\/2014\/11\/26\/prevision-del-tiempo-temporal-de-lluvia-y-viento-en-la-peninsula-se-confirma-la-borrasca-profunda-avisos-amarillos-de-momento\/3-45\/\" rel=\"attachment wp-att-10349\"><img loading=\"lazy\" class=\"aligncenter size-full wp-image-10349\" title=\"3\" src=\"\/tormentas-y-rayos\/wp-content\/uploads\/sites\/12\/2014\/11\/32.jpg\" alt=\"\" width=\"491\" height=\"188\" \/><\/a><\/p>\n<p>&nbsp;<\/p>\n<p>&nbsp;<\/p>\n<p>&nbsp;<\/p>\n<p><strong>Con vuestro permiso y aprovechando mis\u00a0\u00faltimos\u00a0d\u00edas\u00a0de vacaciones, tiro para la playa para fotografiar el amanecer, hoy\u00a0cambiare\u00a0de sitio. \u00a0<\/strong><\/p>\n<p>&nbsp;<\/p>\n<p><strong>Ya de vuelta amigos de la meteo,no ha estado mal, la barca da siempre mucho juego a la hora de fotografiar el amanecer. Os paso unas cuantas fotos.<\/strong><\/p>\n<p>&nbsp;<\/p>\n<p>&nbsp;<\/p>\n<p><img loading=\"lazy\" class=\"aligncenter\" src=\"https:\/\/farm8.staticflickr.com\/7479\/15881309892_d63b836e47_z.jpg\" alt=\"\" width=\"640\" height=\"428\" \/><\/p>\n<p>&nbsp;<\/p>\n<p>&nbsp;<\/p>\n<p>&nbsp;<\/p>\n<p>&nbsp;<\/p>\n<p>&nbsp;<\/p>\n<p><img loading=\"lazy\" class=\"aligncenter\" src=\"https:\/\/farm9.staticflickr.com\/8651\/15259685834_d3fda722e9_z.jpg\" alt=\"\" width=\"640\" height=\"428\" \/><\/p>\n<p>&nbsp;<\/p>\n<p>&nbsp;<\/p>\n<p>&nbsp;<\/p>\n<p>&nbsp;<\/p>\n<p>&nbsp;<\/p>\n<p>&nbsp;<\/p>\n<p>&nbsp;<\/p>\n<p><strong>Poco mas que contar de esta situaci\u00f3n amigos de la meteo. Ma\u00f1ana veremos que pasa al final con la segunda borrasca.<\/strong><\/p>\n<p>&nbsp;<\/p>\n<p><strong>Os hago un peque\u00f1o resumen de ayer martes, donde lo mas destacado fue la\u00a0m\u00e1xima\u00a0que dio el Rinc\u00f3n de la Victoria con 25.9 grados. Fue la\u00a0m\u00e1xima\u00a0mas alta de Espa\u00f1a.<\/strong><\/p>\n<p>&nbsp;<\/p>\n<p><a href=\"https:\/\/blogs.diariosur.es\/tormentas-y-rayos\/2014\/11\/26\/prevision-del-tiempo-temporal-de-lluvia-y-viento-en-la-peninsula-se-confirma-la-borrasca-profunda-avisos-amarillos-de-momento\/maxima-16\/\" rel=\"attachment wp-att-10354\"><img loading=\"lazy\" class=\"aligncenter size-full wp-image-10354\" title=\"maxima\" src=\"\/tormentas-y-rayos\/wp-content\/uploads\/sites\/12\/2014\/11\/maxima.jpg\" alt=\"\" width=\"397\" height=\"406\" srcset=\"https:\/\/static-blogs.diariosur.es\/wp-content\/uploads\/sites\/12\/2014\/11\/maxima.jpg 397w, https:\/\/static-blogs.diariosur.es\/wp-content\/uploads\/sites\/12\/2014\/11\/maxima-391x400.jpg 391w\" sizes=\"(max-width: 397px) 100vw, 397px\" \/><\/a><\/p>\n<p>&nbsp;<\/p>\n<p><strong>Tuvimos un precioso amanecer<\/strong><\/p>\n<p><a href=\"https:\/\/blogs.diariosur.es\/tormentas-y-rayos\/2014\/11\/26\/prevision-del-tiempo-temporal-de-lluvia-y-viento-en-la-peninsula-se-confirma-la-borrasca-profunda-avisos-amarillos-de-momento\/10733888_10204033680981285_4405076023696129341_o\/\" rel=\"attachment wp-att-10355\"><img loading=\"lazy\" class=\"aligncenter size-full wp-image-10355\" title=\"10733888_10204033680981285_4405076023696129341_o\" src=\"\/tormentas-y-rayos\/wp-content\/uploads\/sites\/12\/2014\/11\/10733888_10204033680981285_4405076023696129341_o.jpg\" alt=\"\" width=\"640\" height=\"367\" \/><\/a><\/p>\n<p>&nbsp;<\/p>\n<p><strong>Sobre el\u00a0mediod\u00eda\u00a0se\u00a0formaron\u00a0desarrollos debido al aire fr\u00edo en altura. Algunos de ellos dejaron por la Axarqu\u00eda algunas gotas.<\/strong><\/p>\n<p>&nbsp;<\/p>\n<p>&nbsp;<\/p>\n<p>&nbsp;<\/p>\n<p>&nbsp;<\/p>\n<p>&nbsp;<\/p>\n<p><a href=\"https:\/\/blogs.diariosur.es\/tormentas-y-rayos\/2014\/11\/26\/prevision-del-tiempo-temporal-de-lluvia-y-viento-en-la-peninsula-se-confirma-la-borrasca-profunda-avisos-amarillos-de-momento\/_dsc6067\/\" rel=\"attachment wp-att-10341\"><img loading=\"lazy\" class=\"aligncenter size-full wp-image-10341\" title=\"_DSC6067\" src=\"\/tormentas-y-rayos\/wp-content\/uploads\/sites\/12\/2014\/11\/DSC6067.jpg\" alt=\"\" width=\"640\" height=\"427\" srcset=\"https:\/\/static-blogs.diariosur.es\/wp-content\/uploads\/sites\/12\/2014\/11\/DSC6067.jpg 640w, https:\/\/static-blogs.diariosur.es\/wp-content\/uploads\/sites\/12\/2014\/11\/DSC6067-600x400.jpg 600w\" sizes=\"(max-width: 640px) 100vw, 640px\" \/><\/a><\/p>\n<p>&nbsp;<\/p>\n<p>&nbsp;<\/p>\n<p><strong>Mis amigos tambi\u00e9n\u00a0cazaron estos cumulus congestus.\u00a0<\/strong><\/p>\n<p>&nbsp;<\/p>\n<p><strong>Foto de s<\/strong><strong>alvador romero<\/strong><\/p>\n<p>&nbsp;<\/p>\n<p>&nbsp;<\/p>\n<p><a href=\"https:\/\/blogs.diariosur.es\/tormentas-y-rayos\/2014\/11\/26\/prevision-del-tiempo-temporal-de-lluvia-y-viento-en-la-peninsula-se-confirma-la-borrasca-profunda-avisos-amarillos-de-momento\/10384934_857757307609094_2082778318340575550_n\/\" rel=\"attachment wp-att-10342\"><img loading=\"lazy\" class=\"aligncenter size-full wp-image-10342\" title=\"10384934_857757307609094_2082778318340575550_n\" src=\"\/tormentas-y-rayos\/wp-content\/uploads\/sites\/12\/2014\/11\/10384934_857757307609094_2082778318340575550_n.jpg\" alt=\"\" width=\"640\" height=\"360\" \/><\/a><\/p>\n<p>&nbsp;<\/p>\n<p><strong>Gema Revent\u00f3s<\/strong><\/p>\n<p>&nbsp;<\/p>\n<p>&nbsp;<\/p>\n<p><a href=\"https:\/\/blogs.diariosur.es\/tormentas-y-rayos\/2014\/11\/26\/prevision-del-tiempo-temporal-de-lluvia-y-viento-en-la-peninsula-se-confirma-la-borrasca-profunda-avisos-amarillos-de-momento\/gema-reventos\/\" rel=\"attachment wp-att-10343\"><img loading=\"lazy\" class=\"aligncenter size-full wp-image-10343\" title=\"gema revent\u00f3s\" src=\"\/tormentas-y-rayos\/wp-content\/uploads\/sites\/12\/2014\/11\/gema-revent\u00f3s.jpg\" alt=\"\" width=\"465\" height=\"620\" srcset=\"https:\/\/static-blogs.diariosur.es\/wp-content\/uploads\/sites\/12\/2014\/11\/gema-revent\u00f3s.jpg 465w, https:\/\/static-blogs.diariosur.es\/wp-content\/uploads\/sites\/12\/2014\/11\/gema-revent\u00f3s-300x400.jpg 300w\" sizes=\"(max-width: 465px) 100vw, 465px\" \/><\/a><\/p>\n<p>&nbsp;<\/p>\n<p><strong>\u00a0Juan Antonio Lucena<\/strong><\/p>\n<p>&nbsp;<\/p>\n<p>&nbsp;<\/p>\n<p>&nbsp;<\/p>\n<p><a href=\"https:\/\/blogs.diariosur.es\/tormentas-y-rayos\/2014\/11\/26\/prevision-del-tiempo-temporal-de-lluvia-y-viento-en-la-peninsula-se-confirma-la-borrasca-profunda-avisos-amarillos-de-momento\/juan-antonio-lucena-4\/\" rel=\"attachment wp-att-10344\"><img loading=\"lazy\" class=\"aligncenter size-full wp-image-10344\" title=\"juan antonio lucena\" src=\"\/tormentas-y-rayos\/wp-content\/uploads\/sites\/12\/2014\/11\/juan-antonio-lucena.jpg\" alt=\"\" width=\"640\" height=\"360\" \/><\/a><\/p>\n<p>&nbsp;<\/p>\n<p>&nbsp;<\/p>\n<p><strong>Y os dejo con \u00a0el bonito atardecer que fotografiaron magistralmente\u00a0<\/strong><\/p>\n<p>&nbsp;<\/p>\n<p><strong>Maria Jose Moyano<\/strong><\/p>\n<p>&nbsp;<\/p>\n<p><a href=\"https:\/\/blogs.diariosur.es\/tormentas-y-rayos\/2014\/11\/26\/prevision-del-tiempo-temporal-de-lluvia-y-viento-en-la-peninsula-se-confirma-la-borrasca-profunda-avisos-amarillos-de-momento\/maria-jose-moyano-ponce-7\/\" rel=\"attachment wp-att-10345\"><img loading=\"lazy\" class=\"aligncenter size-full wp-image-10345\" title=\"maria jose moyano ponce\" src=\"\/tormentas-y-rayos\/wp-content\/uploads\/sites\/12\/2014\/11\/maria-jose-moyano-ponce2.jpg\" alt=\"\" width=\"640\" height=\"360\" \/><\/a><\/p>\n<p>&nbsp;<\/p>\n<p><strong>\u00a0Y \u00a0Macu Prieto, un fot\u00f3n.<\/strong><\/p>\n<p>&nbsp;<\/p>\n<p><a href=\"https:\/\/blogs.diariosur.es\/tormentas-y-rayos\/2014\/11\/26\/prevision-del-tiempo-temporal-de-lluvia-y-viento-en-la-peninsula-se-confirma-la-borrasca-profunda-avisos-amarillos-de-momento\/macu-prieto-10\/\" rel=\"attachment wp-att-10353\"><img loading=\"lazy\" class=\"aligncenter size-full wp-image-10353\" title=\"macu prieto\" src=\"\/tormentas-y-rayos\/wp-content\/uploads\/sites\/12\/2014\/11\/macu-prieto1.jpg\" alt=\"\" width=\"640\" height=\"425\" srcset=\"https:\/\/static-blogs.diariosur.es\/wp-content\/uploads\/sites\/12\/2014\/11\/macu-prieto1.jpg 640w, https:\/\/static-blogs.diariosur.es\/wp-content\/uploads\/sites\/12\/2014\/11\/macu-prieto1-602x400.jpg 602w\" sizes=\"(max-width: 640px) 100vw, 640px\" \/><\/a><\/p>\n","protected":false},"excerpt":{"rendered":"<p>&nbsp; &nbsp; &nbsp; &nbsp; &nbsp; ULTIMA HORA: Se activa el aviso naranja por lluvias en M\u00e1laga ma\u00f1ana jueves.\u00a0 &nbsp; &nbsp; &nbsp; &nbsp; Buenos\u00a0d\u00edas\u00a0amigos de la meteo, son las seis de la ma\u00f1ana, registro 16 grados y los cielos malague\u00f1os est\u00e1n algo \u00a0nubosos. Donde mas\u00a0nubosidad hay es en Huelva.\u00a0 \u00a0Ayer os explicaba de manera sencilla la [&hellip;]<\/p>\n","protected":false},"author":16,"featured_media":10360,"comment_status":"open","ping_status":"open","sticky":false,"template":"","format":"standard","meta":[],"categories":[2],"tags":[94,151,188,569,676,769,809,966,980,1059],"_links":{"self":[{"href":"https:\/\/blogs.diariosur.es\/tormentas-y-rayos\/wp-json\/wp\/v2\/posts\/10338"}],"collection":[{"href":"https:\/\/blogs.diariosur.es\/tormentas-y-rayos\/wp-json\/wp\/v2\/posts"}],"about":[{"href":"https:\/\/blogs.diariosur.es\/tormentas-y-rayos\/wp-json\/wp\/v2\/types\/post"}],"author":[{"embeddable":true,"href":"https:\/\/blogs.diariosur.es\/tormentas-y-rayos\/wp-json\/wp\/v2\/users\/16"}],"replies":[{"embeddable":true,"href":"https:\/\/blogs.diariosur.es\/tormentas-y-rayos\/wp-json\/wp\/v2\/comments?post=10338"}],"version-history":[{"count":0,"href":"https:\/\/blogs.diariosur.es\/tormentas-y-rayos\/wp-json\/wp\/v2\/posts\/10338\/revisions"}],"wp:featuredmedia":[{"embeddable":true,"href":"https:\/\/blogs.diariosur.es\/tormentas-y-rayos\/wp-json\/wp\/v2\/media\/10360"}],"wp:attachment":[{"href":"https:\/\/blogs.diariosur.es\/tormentas-y-rayos\/wp-json\/wp\/v2\/media?parent=10338"}],"wp:term":[{"taxonomy":"category","embeddable":true,"href":"https:\/\/blogs.diariosur.es\/tormentas-y-rayos\/wp-json\/wp\/v2\/categories?post=10338"},{"taxonomy":"post_tag","embeddable":true,"href":"https:\/\/blogs.diariosur.es\/tormentas-y-rayos\/wp-json\/wp\/v2\/tags?post=10338"}],"curies":[{"name":"wp","href":"https:\/\/api.w.org\/{rel}","templated":true}]}}