{"id":10377,"date":"2014-11-28T07:49:22","date_gmt":"2014-11-28T06:49:22","guid":{"rendered":"http:\/\/blogs.diariosur.es\/tormentas-y-rayos\/?p=10377"},"modified":"2014-11-28T07:49:22","modified_gmt":"2014-11-28T06:49:22","slug":"prevision-del-tiempo-tornado-en-torremolinos-y-churriana-impresionante-bajada-de-la-presion-hoy-en-malaga-985-hpa-posibilidad-de-que-no-llueva-durante-el-alumbrado-navideno","status":"publish","type":"post","link":"https:\/\/blogs.diariosur.es\/tormentas-y-rayos\/2014\/11\/28\/prevision-del-tiempo-tornado-en-torremolinos-y-churriana-impresionante-bajada-de-la-presion-hoy-en-malaga-985-hpa-posibilidad-de-que-no-llueva-durante-el-alumbrado-navideno\/","title":{"rendered":"Previsi\u00f3n del tiempo. Tornado en  Torremolinos y Churriana. Impresionante bajada de la presi\u00f3n  hoy en M\u00e1laga 985 hpa. &#8220;Posibilidad de que no llueva durante el alumbrado navide\u00f1o&#8221;"},"content":{"rendered":"<p>&nbsp;<\/p>\n<p>&nbsp;<\/p>\n<p>&nbsp;<\/p>\n<p><img loading=\"lazy\" class=\"alignright size-thumbnail wp-image-10391\" title=\"1604719_890809117595957_8048579642522198769_n\" src=\"\/tormentas-y-rayos\/wp-content\/uploads\/sites\/12\/2014\/11\/1604719_890809117595957_8048579642522198769_n2.jpg\" alt=\"\" width=\"150\" height=\"150\" \/><\/p>\n<p><img loading=\"lazy\" class=\"aligncenter\" src=\"https:\/\/farm3.staticflickr.com\/2898\/14371881571_bbae3518b1_q.jpg\" alt=\"\" width=\"150\" height=\"150\" \/><\/p>\n<p>&nbsp;<\/p>\n<p>&nbsp;<\/p>\n<p>&nbsp;<\/p>\n<p><span style=\"color: #ff0000; font-size: medium;\">ULTIMA HORA: LA AEMET ACTIVA EL AVISO AMARILLO POR LLUVIAS A PARTIR DE LAS 21 HORAS DE HOY Y HASTA LAS \u00a09 DE LA MA\u00d1ANA \u00a0DEL\u00a0S\u00c1BADO.<\/span><\/p>\n<p><span style=\"font-size: medium;\"><em>Esperemos que se retrasen esos chubascos y podamos ver la inauguraci\u00f3n del alumbrado navide\u00f1o. Por lo visto la borrasca y segun las\u00a0im\u00e1genes\u00a0del\u00a0sat\u00e9lite\u00a0eumetsat adelanta su entrada un par de horas antes por el Estrecho.<\/em><\/span><\/p>\n<p>&nbsp;<\/p>\n<p><span style=\"font-size: medium;\"><a href=\"https:\/\/blogs.diariosur.es\/tormentas-y-rayos\/2014\/11\/28\/prevision-del-tiempo-tornado-en-torremolinos-y-churriana-impresionante-bajada-de-la-presion-hoy-en-malaga-985-hpa-posibilidad-de-que-no-llueva-durante-el-alumbrado-navideno\/captura-522\/\" rel=\"attachment wp-att-10394\"><img loading=\"lazy\" class=\"aligncenter size-full wp-image-10394\" title=\"Captura\" src=\"\/tormentas-y-rayos\/wp-content\/uploads\/sites\/12\/2014\/11\/Captura32.jpg\" alt=\"\" width=\"591\" height=\"418\" srcset=\"https:\/\/static-blogs.diariosur.es\/wp-content\/uploads\/sites\/12\/2014\/11\/Captura32.jpg 591w, https:\/\/static-blogs.diariosur.es\/wp-content\/uploads\/sites\/12\/2014\/11\/Captura32-566x400.jpg 566w\" sizes=\"(max-width: 591px) 100vw, 591px\" \/><\/a><a href=\"https:\/\/blogs.diariosur.es\/tormentas-y-rayos\/2014\/11\/28\/prevision-del-tiempo-tornado-en-torremolinos-y-churriana-impresionante-bajada-de-la-presion-hoy-en-malaga-985-hpa-posibilidad-de-que-no-llueva-durante-el-alumbrado-navideno\/avis\/\" rel=\"attachment wp-att-10395\"><img loading=\"lazy\" class=\"aligncenter size-full wp-image-10395\" title=\"avis\" src=\"\/tormentas-y-rayos\/wp-content\/uploads\/sites\/12\/2014\/11\/avis.jpg\" alt=\"\" width=\"553\" height=\"150\" \/><\/a><\/span><\/p>\n<p>&nbsp;<\/p>\n<p>&nbsp;<\/p>\n<p>&nbsp;<\/p>\n<p><span style=\"font-size: medium;\">Buenos dias amigos de la meteo, son las seis de la ma\u00f1ana, registro 18 grados y la lluvia \u00a0acompa\u00f1ada de fuertes rachas de viento \u00a0han sido y son \u00a0las \u00a0protagonistas durante toda la madrugada. El Aeropuerto ha registardo a las seis de la ma\u00f1ana una racha de 71km\/h.<\/span><\/p>\n<p><span style=\"font-size: medium;\"> Acabo de ver el\u00a0pluvi\u00f3metro, y llevo contabilizado 15 litros, que sumados a los de ayer hacen un total de momento de casi 50 litros. \u00a0<span style=\"color: #ff0000;\">En los Reales Estepona 118 litros<\/span><\/span><\/p>\n<p><span style=\"font-size: medium;\">La segunda borrasca se encuentra en estos momentos en Galicia, la presi\u00f3n es mas baja de lo que se esperaba. En esa zona esta sobre los 969 mb, una burrada. En M\u00e1laga Capital, la estaci\u00f3n del aeropuerto marca \u00a0985 \u00a0mb.\u00a0<\/span><\/p>\n<p><span style=\"font-size: medium;\">Que yo recuerde en M\u00e1laga Capital es la primera vez que la veo. Os paso la\u00a0evoluci\u00f3n\u00a0que hemos tenido de la bajada de la presi\u00f3n en estos dos\u00a0gr\u00e1ficos desde ayer hasta hace unos minutos. Fuente Aemet.<\/span><\/p>\n<p>&nbsp;<\/p>\n<p>&nbsp;<\/p>\n<p>&nbsp;<\/p>\n<p><span style=\"font-size: medium;\"><a href=\"https:\/\/blogs.diariosur.es\/tormentas-y-rayos\/2014\/11\/28\/prevision-del-tiempo-tornado-en-torremolinos-y-churriana-impresionante-bajada-de-la-presion-hoy-en-malaga-985-hpa-posibilidad-de-que-no-llueva-durante-el-alumbrado-navideno\/presion-9\/\" rel=\"attachment wp-att-10383\"><img loading=\"lazy\" class=\"aligncenter size-medium wp-image-10383\" title=\"presion\" src=\"\/tormentas-y-rayos\/wp-content\/uploads\/sites\/12\/2014\/11\/presion.jpg\" alt=\"\" width=\"600\" height=\"261\" srcset=\"https:\/\/static-blogs.diariosur.es\/wp-content\/uploads\/sites\/12\/2014\/11\/presion.jpg 715w, https:\/\/static-blogs.diariosur.es\/wp-content\/uploads\/sites\/12\/2014\/11\/presion-640x279.jpg 640w\" sizes=\"(max-width: 600px) 100vw, 600px\" \/><\/a><\/span><\/p>\n<p>&nbsp;<\/p>\n<p>&nbsp;<\/p>\n<p style=\"text-align: center;\"><span style=\"font-size: medium;\"><a href=\"https:\/\/blogs.diariosur.es\/tormentas-y-rayos\/2014\/11\/28\/prevision-del-tiempo-tornado-en-torremolinos-y-churriana-impresionante-bajada-de-la-presion-hoy-en-malaga-985-hpa-posibilidad-de-que-no-llueva-durante-el-alumbrado-navideno\/presion-viernes\/\" rel=\"attachment wp-att-10392\"><img loading=\"lazy\" class=\"size-medium wp-image-10392 aligncenter\" title=\"presion viernes\" src=\"\/tormentas-y-rayos\/wp-content\/uploads\/sites\/12\/2014\/11\/presion-viernes.jpg\" alt=\"\" width=\"600\" height=\"254\" srcset=\"https:\/\/static-blogs.diariosur.es\/wp-content\/uploads\/sites\/12\/2014\/11\/presion-viernes.jpg 714w, https:\/\/static-blogs.diariosur.es\/wp-content\/uploads\/sites\/12\/2014\/11\/presion-viernes-640x272.jpg 640w\" sizes=\"(max-width: 600px) 100vw, 600px\" \/><\/a><\/span><\/p>\n<p>&nbsp;<\/p>\n<p>&nbsp;<\/p>\n<p><span style=\"font-size: medium;\">La imagen de masas de aire es impresionante amigos, como la de vapor de agua, bestiallllll. Fuente aemet y eumetsat meteogalicia.\u00a0<\/span><\/p>\n<p>&nbsp;<\/p>\n<p><span style=\"font-size: medium;\"><a href=\"https:\/\/blogs.diariosur.es\/tormentas-y-rayos\/2014\/11\/28\/prevision-del-tiempo-tornado-en-torremolinos-y-churriana-impresionante-bajada-de-la-presion-hoy-en-malaga-985-hpa-posibilidad-de-que-no-llueva-durante-el-alumbrado-navideno\/bestail-masas-de-aire\/\" rel=\"attachment wp-att-10384\"><img loading=\"lazy\" class=\"aligncenter size-full wp-image-10384\" title=\"BESTAIL MASAS DE AIRE\" src=\"\/tormentas-y-rayos\/wp-content\/uploads\/sites\/12\/2014\/11\/BESTAIL-MASAS-DE-AIRE.jpg\" alt=\"\" width=\"602\" height=\"519\" srcset=\"https:\/\/static-blogs.diariosur.es\/wp-content\/uploads\/sites\/12\/2014\/11\/BESTAIL-MASAS-DE-AIRE.jpg 602w, https:\/\/static-blogs.diariosur.es\/wp-content\/uploads\/sites\/12\/2014\/11\/BESTAIL-MASAS-DE-AIRE-464x400.jpg 464w\" sizes=\"(max-width: 602px) 100vw, 602px\" \/><\/a><\/span><\/p>\n<p>&nbsp;<\/p>\n<p>&nbsp;<\/p>\n<p><span style=\"font-size: medium;\"><a href=\"https:\/\/blogs.diariosur.es\/tormentas-y-rayos\/2014\/11\/28\/prevision-del-tiempo-tornado-en-torremolinos-y-churriana-impresionante-bajada-de-la-presion-hoy-en-malaga-985-hpa-posibilidad-de-que-no-llueva-durante-el-alumbrado-navideno\/vapor-3\/\" rel=\"attachment wp-att-10385\"><img loading=\"lazy\" class=\"aligncenter size-medium wp-image-10385\" title=\"vapor\" src=\"\/tormentas-y-rayos\/wp-content\/uploads\/sites\/12\/2014\/11\/vapor.jpg\" alt=\"\" width=\"545\" height=\"400\" srcset=\"https:\/\/static-blogs.diariosur.es\/wp-content\/uploads\/sites\/12\/2014\/11\/vapor.jpg 746w, https:\/\/static-blogs.diariosur.es\/wp-content\/uploads\/sites\/12\/2014\/11\/vapor-546x400.jpg 546w\" sizes=\"(max-width: 545px) 100vw, 545px\" \/><\/a><\/span><\/p>\n<p>&nbsp;<\/p>\n<p>&nbsp;<\/p>\n<p><span style=\"font-size: medium;\">La lluvia\u00a0seguir\u00e1\u00a0siendo la protagonista hasta las primeras horas de la ma\u00f1ana, luego tendremos algunos chubascos\u00a0espor\u00e1dicos una vez pase el frente fr\u00edo. \u00a0Sobre las doce horas se quitaran los avisos por lluvias y viento. Con un poco de suerte durante la\u00a0inauguraci\u00f3n\u00a0del \u00a0alumbrado navide\u00f1o pienso que no\u00a0<span style=\"color: #ff0000;\">llover\u00e1, pero esto es un pronostico mio muy particular, ya que esta situaci\u00f3n es muy\u00a0dif\u00edcil\u00a0de modelizar. Para el partido del M\u00e1laga- Real Madrid \u00a0hasta ma\u00f1ana no lo\u00a0tendr\u00e9\u00a0muy claro, en el nuevo post que\u00a0habr\u00e1\u00a0 os\u00a0dir\u00e9\u00a0algo.<\/span><\/span><\/p>\n<p>&nbsp;<\/p>\n<p><span style=\"font-size: medium;\">La profunda borrasca se situara en el Golfo de C\u00e1diz esta tarde noche. Fuente hirlam, aemet.<\/span><\/p>\n<p>&nbsp;<\/p>\n<p><span style=\"font-size: medium;\"><a href=\"https:\/\/blogs.diariosur.es\/tormentas-y-rayos\/2014\/11\/28\/prevision-del-tiempo-tornado-en-torremolinos-y-churriana-impresionante-bajada-de-la-presion-hoy-en-malaga-985-hpa-posibilidad-de-que-no-llueva-durante-el-alumbrado-navideno\/profunda\/\" rel=\"attachment wp-att-10386\"><img loading=\"lazy\" class=\"aligncenter size-medium wp-image-10386\" title=\"profunda\" src=\"\/tormentas-y-rayos\/wp-content\/uploads\/sites\/12\/2014\/11\/profunda.jpg\" alt=\"\" width=\"560\" height=\"400\" srcset=\"https:\/\/static-blogs.diariosur.es\/wp-content\/uploads\/sites\/12\/2014\/11\/profunda.jpg 749w, https:\/\/static-blogs.diariosur.es\/wp-content\/uploads\/sites\/12\/2014\/11\/profunda-560x400.jpg 560w\" sizes=\"(max-width: 560px) 100vw, 560px\" \/><\/a><\/span><\/p>\n<p><span style=\"font-size: medium;\">A primera hora de ma\u00f1ana\u00a0s\u00e1bado\u00a0 estar\u00eda\u00a0cruzando el Estrecho .<\/span><\/p>\n<p>&nbsp;<\/p>\n<p><span style=\"font-size: medium;\"><a href=\"https:\/\/blogs.diariosur.es\/tormentas-y-rayos\/2014\/11\/28\/prevision-del-tiempo-tornado-en-torremolinos-y-churriana-impresionante-bajada-de-la-presion-hoy-en-malaga-985-hpa-posibilidad-de-que-no-llueva-durante-el-alumbrado-navideno\/estrecho-cru\/\" rel=\"attachment wp-att-10388\"><img loading=\"lazy\" class=\"aligncenter size-medium wp-image-10388\" title=\"estrecho cru\" src=\"\/tormentas-y-rayos\/wp-content\/uploads\/sites\/12\/2014\/11\/estrecho-cru.jpg\" alt=\"\" width=\"562\" height=\"400\" srcset=\"https:\/\/static-blogs.diariosur.es\/wp-content\/uploads\/sites\/12\/2014\/11\/estrecho-cru.jpg 691w, https:\/\/static-blogs.diariosur.es\/wp-content\/uploads\/sites\/12\/2014\/11\/estrecho-cru-563x400.jpg 563w\" sizes=\"(max-width: 562px) 100vw, 562px\" \/><\/a><\/span><\/p>\n<p>&nbsp;<\/p>\n<p>&nbsp;<\/p>\n<p><span style=\"font-size: medium;\">\u00a0 y a ultima hora de la noche estar\u00e1 centrada frente a las Costas de Murcia.<\/span><\/p>\n<p>&nbsp;<\/p>\n<p><span style=\"font-size: medium;\"><a href=\"https:\/\/blogs.diariosur.es\/tormentas-y-rayos\/2014\/11\/28\/prevision-del-tiempo-tornado-en-torremolinos-y-churriana-impresionante-bajada-de-la-presion-hoy-en-malaga-985-hpa-posibilidad-de-que-no-llueva-durante-el-alumbrado-navideno\/pppp\/\" rel=\"attachment wp-att-10387\"><img loading=\"lazy\" class=\"aligncenter size-medium wp-image-10387\" title=\"pppp\" src=\"\/tormentas-y-rayos\/wp-content\/uploads\/sites\/12\/2014\/11\/pppp.jpg\" alt=\"\" width=\"525\" height=\"400\" srcset=\"https:\/\/static-blogs.diariosur.es\/wp-content\/uploads\/sites\/12\/2014\/11\/pppp.jpg 733w, https:\/\/static-blogs.diariosur.es\/wp-content\/uploads\/sites\/12\/2014\/11\/pppp-525x400.jpg 525w\" sizes=\"(max-width: 525px) 100vw, 525px\" \/><\/a><\/span><\/p>\n<p>&nbsp;<\/p>\n<p>&nbsp;<\/p>\n<p><span style=\"font-size: medium;\">Ma\u00f1ana\u00a0s\u00e1bado\u00a0\u00a0los chubascos tormentosos se centraran durante las primeras horas de la ma\u00f1ana en la zona del Estrecho y zona occidental de la Costa Malague\u00f1a. En esos momentos\u00a0estar\u00eda\u00a0cruzando la borrasca la zona del Estrecho. Y poco mas que contar amigos.<\/span><\/p>\n<p>&nbsp;<\/p>\n<p>&nbsp;<\/p>\n<p><span style=\"font-size: medium;\"><a href=\"https:\/\/blogs.diariosur.es\/tormentas-y-rayos\/2014\/11\/28\/prevision-del-tiempo-tornado-en-torremolinos-y-churriana-impresionante-bajada-de-la-presion-hoy-en-malaga-985-hpa-posibilidad-de-que-no-llueva-durante-el-alumbrado-navideno\/1604719_890809117595957_8048579642522198769_n\/\" rel=\"attachment wp-att-10389\"><img loading=\"lazy\" class=\"aligncenter size-full wp-image-10389\" title=\"1604719_890809117595957_8048579642522198769_n\" src=\"\/tormentas-y-rayos\/wp-content\/uploads\/sites\/12\/2014\/11\/1604719_890809117595957_8048579642522198769_n.jpg\" alt=\"\" width=\"480\" height=\"443\" srcset=\"https:\/\/static-blogs.diariosur.es\/wp-content\/uploads\/sites\/12\/2014\/11\/1604719_890809117595957_8048579642522198769_n.jpg 480w, https:\/\/static-blogs.diariosur.es\/wp-content\/uploads\/sites\/12\/2014\/11\/1604719_890809117595957_8048579642522198769_n-433x400.jpg 433w\" sizes=\"(max-width: 480px) 100vw, 480px\" \/><\/a><\/span><\/p>\n<p>&nbsp;<\/p>\n<p>&nbsp;<\/p>\n<p>&nbsp;<\/p>\n<p><span style=\"font-size: medium;\"><img loading=\"lazy\" class=\"aligncenter\" src=\"https:\/\/farm8.staticflickr.com\/7570\/15276704573_432f9656b4_z.jpg\" alt=\"\" width=\"640\" height=\"500\" \/><\/span><\/p>\n<p>&nbsp;<\/p>\n<p><span style=\"font-size: medium;\">Nuevamente un tornado ha afectado a los malague\u00f1os, esta vez a la zona de Torremolinos y \u00a0Churriana. Una tromba marina que se genero en el mar se adentro por la zona del paseo\u00a0mar\u00edtimo\u00a0de los\u00a0\u00e1lamos, dejando muchos\u00a0destrozos en su camino hasta llegar a la zona de Churriana \u00a0y Aeropuerto.\u00a0Seg\u00fan\u00a0los da\u00f1os \u00a0que ha ocasionado y aunque aun no es oficial sera catalogado como un F1 . El anterior que\u00a0sacudi\u00f3\u00a0a M\u00e1laga Capital hace 5 a\u00f1os fue un F2.\u00a0<\/span><\/p>\n<p><span style=\"font-size: medium;\">Os pongo algunas fotos de mi amigo Salvador Salas\u00a0fot\u00f3grafo\u00a0del Diario Sur.<\/span><\/p>\n<p>&nbsp;<\/p>\n<p><span style=\"font-size: medium;\"><a href=\"\/tormentas-y-rayos\/wp-content\/uploads\/sites\/12\/2014\/11\/28\/prevision-del-tiempo-tornado-en-torremolinos-y-churriana-impresionante-bajada-de-la-presion-hoy-en-malaga-985-hpa-posibilidad-de-que-no-llueva-durante-el-alumbrado-navideno\/a1-39834951-jpg\/\" rel=\"attachment wp-att-10378\"><img loading=\"lazy\" class=\"aligncenter size-medium wp-image-10378\" title=\"A1-39834951.jpg\" src=\"\/tormentas-y-rayos\/wp-content\/uploads\/sites\/12\/2014\/11\/bori-ultimas-3.jpg\" alt=\"\" width=\"600\" height=\"378\" srcset=\"https:\/\/static-blogs.diariosur.es\/wp-content\/uploads\/sites\/12\/2014\/11\/bori-ultimas-3.jpg 1427w, https:\/\/static-blogs.diariosur.es\/wp-content\/uploads\/sites\/12\/2014\/11\/bori-ultimas-3-634x400.jpg 634w, https:\/\/static-blogs.diariosur.es\/wp-content\/uploads\/sites\/12\/2014\/11\/bori-ultimas-3-768x484.jpg 768w\" sizes=\"(max-width: 600px) 100vw, 600px\" \/><\/a><\/span><\/p>\n<p>&nbsp;<\/p>\n<p>&nbsp;<\/p>\n<p>&nbsp;<\/p>\n<p>&nbsp;<\/p>\n<p><span style=\"font-size: medium;\"><a href=\"https:\/\/blogs.diariosur.es\/tormentas-y-rayos\/2014\/11\/28\/prevision-del-tiempo-tornado-en-torremolinos-y-churriana-impresionante-bajada-de-la-presion-hoy-en-malaga-985-hpa-posibilidad-de-que-no-llueva-durante-el-alumbrado-navideno\/copacabana-2\/\" rel=\"attachment wp-att-10380\"><img loading=\"lazy\" class=\"aligncenter size-medium wp-image-10380\" title=\"copacabana\" src=\"\/tormentas-y-rayos\/wp-content\/uploads\/sites\/12\/2014\/11\/copacabana1.jpg\" alt=\"\" width=\"533\" height=\"400\" srcset=\"https:\/\/static-blogs.diariosur.es\/wp-content\/uploads\/sites\/12\/2014\/11\/copacabana1.jpg 1200w, https:\/\/static-blogs.diariosur.es\/wp-content\/uploads\/sites\/12\/2014\/11\/copacabana1-533x400.jpg 533w, https:\/\/static-blogs.diariosur.es\/wp-content\/uploads\/sites\/12\/2014\/11\/copacabana1-768x576.jpg 768w\" sizes=\"(max-width: 533px) 100vw, 533px\" \/><\/a><\/span><\/p>\n<p>&nbsp;<\/p>\n<p><span style=\"font-size: medium;\">Las rachas de viento se aproximaron a los 180 km\/h, menos mal que a la hora que ha\u00a0sucedido,\u00a0aun no\u00a0hab\u00eda\u00a0mucha gente por las calles.\u00a0<\/span><\/p>\n<p><span style=\"font-size: small;\">Las trombas marinas suelen darse en la Costa\u00a0Malague\u00f1a,\u00a0 sobre todo en la zona de Maro y Nerja. \u00a0Este\u00a0fen\u00f3meno\u00a0es habitual en el\u00a0Mediterr\u00e1neo. La gran\u00a0mayor\u00eda\u00a0de las veces se quedan en el mar y no suelen\u00a0entrar a tierra.<\/span><\/p>\n<p><span style=\"font-size: medium;\">Ayer mismo hubo una frente al Rinc\u00f3n de la Victoria que no entro a tierra. Yo la fotografi\u00e9 desde la Playa de la Misericordia, pero lo que mas me impresiono fue las bases de los cumulonimbus, casi tocaban tierra o agua.<\/span><\/p>\n<p><span style=\"font-size: medium;\">Fijaros en el\u00a0gr\u00e1fico\u00a0de temperaturas del Puerto, se ven claramente los desplomes de temperaturas cuando pasaba una celula tormentosa.<\/span><\/p>\n<p>&nbsp;<\/p>\n<p style=\"text-align: center;\"><span style=\"font-size: medium;\"><a href=\"https:\/\/blogs.diariosur.es\/tormentas-y-rayos\/2014\/11\/28\/prevision-del-tiempo-tornado-en-torremolinos-y-churriana-impresionante-bajada-de-la-presion-hoy-en-malaga-985-hpa-posibilidad-de-que-no-llueva-durante-el-alumbrado-navideno\/desplomes\/\" rel=\"attachment wp-att-10393\"><img loading=\"lazy\" class=\"size-medium wp-image-10393 aligncenter\" title=\"desplomes\" src=\"\/tormentas-y-rayos\/wp-content\/uploads\/sites\/12\/2014\/11\/desplomes.jpg\" alt=\"\" width=\"600\" height=\"264\" srcset=\"https:\/\/static-blogs.diariosur.es\/wp-content\/uploads\/sites\/12\/2014\/11\/desplomes.jpg 723w, https:\/\/static-blogs.diariosur.es\/wp-content\/uploads\/sites\/12\/2014\/11\/desplomes-640x282.jpg 640w\" sizes=\"(max-width: 600px) 100vw, 600px\" \/><\/a><\/span><\/p>\n<p>&nbsp;<\/p>\n<p>&nbsp;<\/p>\n<p><span style=\"font-size: medium;\">Os paso unas cuantas fotos.<\/span><\/p>\n<p>&nbsp;<\/p>\n<p>&nbsp;<\/p>\n<p>&nbsp;<\/p>\n<p>&nbsp;<\/p>\n<p><span style=\"font-size: medium;\"><img loading=\"lazy\" class=\"aligncenter\" src=\"https:\/\/farm8.staticflickr.com\/7503\/15704012008_fc6e01bdef_z.jpg\" alt=\"\" width=\"640\" height=\"427\" \/><\/span><\/p>\n<p>&nbsp;<\/p>\n<p>&nbsp;<\/p>\n<p><span style=\"font-size: medium;\"><img loading=\"lazy\" class=\"aligncenter\" src=\"https:\/\/farm8.staticflickr.com\/7557\/15704011648_58826c100b_z.jpg\" alt=\"\" width=\"427\" height=\"640\" \/><\/span><\/p>\n<p>&nbsp;<\/p>\n<p>&nbsp;<\/p>\n<p><span style=\"font-size: medium;\"><img loading=\"lazy\" class=\"aligncenter\" src=\"https:\/\/farm8.staticflickr.com\/7583\/15865699686_65bd94ef4a_z.jpg\" alt=\"\" width=\"640\" height=\"427\" \/><\/span><\/p>\n<p>&nbsp;<\/p>\n<p>&nbsp;<\/p>\n<p><span style=\"font-size: medium;\"><img loading=\"lazy\" class=\"aligncenter\" src=\"https:\/\/farm9.staticflickr.com\/8620\/15705476179_28585797a7_z.jpg\" alt=\"\" width=\"640\" height=\"427\" \/><\/span><\/p>\n<p>&nbsp;<\/p>\n<p>&nbsp;<\/p>\n<p><span style=\"font-size: medium;\"><img loading=\"lazy\" class=\"aligncenter\" src=\"https:\/\/farm9.staticflickr.com\/8626\/15704215480_3b594de083_z.jpg\" alt=\"\" width=\"427\" height=\"640\" \/><\/span><\/p>\n<p>&nbsp;<\/p>\n<p>&nbsp;<\/p>\n<p><span style=\"font-size: medium;\"><img loading=\"lazy\" class=\"aligncenter\" src=\"https:\/\/farm9.staticflickr.com\/8566\/15271869393_e1b3eaf62c_z.jpg\" alt=\"\" width=\"640\" height=\"427\" \/><\/span><\/p>\n<p>&nbsp;<\/p>\n<p>&nbsp;<\/p>\n<p><span style=\"font-size: medium;\"><img loading=\"lazy\" class=\"aligncenter\" src=\"https:\/\/farm8.staticflickr.com\/7522\/15271869103_412a7a9b5f_z.jpg\" alt=\"\" width=\"640\" height=\"427\" \/><\/span><\/p>\n<p>&nbsp;<\/p>\n<p>&nbsp;<\/p>\n<p><span style=\"font-size: medium;\"><img loading=\"lazy\" class=\"aligncenter\" src=\"https:\/\/farm8.staticflickr.com\/7518\/15865696936_db2989e071_z.jpg\" alt=\"\" width=\"640\" height=\"427\" \/><\/span><\/p>\n<p>&nbsp;<\/p>\n<p><span style=\"font-size: medium;\">Me vais a perdonar que hoy no ponga ninguna foto de las montones que me\u00a0hab\u00e9is\u00a0mandado, entre mensajes en hotmail, muro en facebook \u00a0y wassap, son mas de 200 fotos y 30\u00a0v\u00eddeos. Si quereis ver algunas pasaros mi muro en facebbok, \u00a0jose luis escudero\u00a0meteorolog\u00eda. Amigo Proged \u00a0si puedes etiquetame la foto, me equivoque y la borre. Me etiquetaron fotos que no era de la tromba marina de ayer, si no de otros paises. Desde el movil empece a borrar y sin darme cuenta borre la tuya.<\/span><\/p>\n<p>&nbsp;<\/p>\n<p>&nbsp;<\/p>\n","protected":false},"excerpt":{"rendered":"<p>&nbsp; &nbsp; &nbsp; &nbsp; &nbsp; &nbsp; ULTIMA HORA: LA AEMET ACTIVA EL AVISO AMARILLO POR LLUVIAS A PARTIR DE LAS 21 HORAS DE HOY Y HASTA LAS \u00a09 DE LA MA\u00d1ANA \u00a0DEL\u00a0S\u00c1BADO. Esperemos que se retrasen esos chubascos y podamos ver la inauguraci\u00f3n del alumbrado navide\u00f1o. Por lo visto la borrasca y segun las\u00a0im\u00e1genes\u00a0del\u00a0sat\u00e9lite\u00a0eumetsat adelanta [&hellip;]<\/p>\n","protected":false},"author":16,"featured_media":10382,"comment_status":"open","ping_status":"open","sticky":false,"template":"","format":"standard","meta":[],"categories":[2],"tags":[88,250,587,684,806,809,980,1004,1011],"_links":{"self":[{"href":"https:\/\/blogs.diariosur.es\/tormentas-y-rayos\/wp-json\/wp\/v2\/posts\/10377"}],"collection":[{"href":"https:\/\/blogs.diariosur.es\/tormentas-y-rayos\/wp-json\/wp\/v2\/posts"}],"about":[{"href":"https:\/\/blogs.diariosur.es\/tormentas-y-rayos\/wp-json\/wp\/v2\/types\/post"}],"author":[{"embeddable":true,"href":"https:\/\/blogs.diariosur.es\/tormentas-y-rayos\/wp-json\/wp\/v2\/users\/16"}],"replies":[{"embeddable":true,"href":"https:\/\/blogs.diariosur.es\/tormentas-y-rayos\/wp-json\/wp\/v2\/comments?post=10377"}],"version-history":[{"count":0,"href":"https:\/\/blogs.diariosur.es\/tormentas-y-rayos\/wp-json\/wp\/v2\/posts\/10377\/revisions"}],"wp:featuredmedia":[{"embeddable":true,"href":"https:\/\/blogs.diariosur.es\/tormentas-y-rayos\/wp-json\/wp\/v2\/media\/10382"}],"wp:attachment":[{"href":"https:\/\/blogs.diariosur.es\/tormentas-y-rayos\/wp-json\/wp\/v2\/media?parent=10377"}],"wp:term":[{"taxonomy":"category","embeddable":true,"href":"https:\/\/blogs.diariosur.es\/tormentas-y-rayos\/wp-json\/wp\/v2\/categories?post=10377"},{"taxonomy":"post_tag","embeddable":true,"href":"https:\/\/blogs.diariosur.es\/tormentas-y-rayos\/wp-json\/wp\/v2\/tags?post=10377"}],"curies":[{"name":"wp","href":"https:\/\/api.w.org\/{rel}","templated":true}]}}