{"id":10397,"date":"2014-11-29T10:34:47","date_gmt":"2014-11-29T09:34:47","guid":{"rendered":"http:\/\/blogs.diariosur.es\/tormentas-y-rayos\/?p=10397"},"modified":"2014-11-29T10:34:47","modified_gmt":"2014-11-29T09:34:47","slug":"prevision-del-tiempo-andalucia-chubascos-mas-posibles-en-andalucia-oriental-las-dos-borrascas-dejan-76-litros-en-malaga-y-150-en-pujerra","status":"publish","type":"post","link":"https:\/\/blogs.diariosur.es\/tormentas-y-rayos\/2014\/11\/29\/prevision-del-tiempo-andalucia-chubascos-mas-posibles-en-andalucia-oriental-las-dos-borrascas-dejan-76-litros-en-malaga-y-150-en-pujerra\/","title":{"rendered":"Previsi\u00f3n del tiempo Andaluc\u00eda.  Chubascos mas posibles en Andaluc\u00eda Oriental. Las dos borrascas dejan 76 litros en M\u00e1laga y 150 en Pujerra."},"content":{"rendered":"<p><img loading=\"lazy\" class=\"aligncenter\" src=\"https:\/\/farm6.staticflickr.com\/5566\/14568830453_8e0522e3fc_q.jpg\" alt=\"\" width=\"150\" height=\"150\" \/><\/p>\n<p>&nbsp;<\/p>\n<p>&nbsp;<\/p>\n<p>&nbsp;<\/p>\n<p>&nbsp;<\/p>\n<p>&nbsp;<\/p>\n<p><strong>Buenos\u00a0d\u00edas\u00a0amigos de la meteo, son las nueve de la ma\u00f1ana, registro 13 grados y los cielos malague\u00f1os est\u00e1n nubosos. Lo mas destacado de esta madrugada ha sido una fuerte tormenta que se ha dado entre el Estrecho y \u00a0Estepona.<\/strong><\/p>\n<p><strong>Acabo de llegar de la playa de la misericordia, llegue a las cinco y media de la ma\u00f1ana, pero al final la tormenta de Estepona se quedo casi parada en esa zona. Mi amigo David Mancebo si la ha cazado desde alli.<\/strong><\/p>\n<p><a href=\"https:\/\/blogs.diariosur.es\/tormentas-y-rayos\/?attachment_id=10403\" rel=\"attachment wp-att-10403\"><img loading=\"lazy\" title=\"201411290500_r79g\" src=\"\/tormentas-y-rayos\/wp-content\/uploads\/sites\/12\/2014\/11\/201411290500_r79g.gif\" alt=\"\" width=\"500\" height=\"500\" \/><\/a><\/p>\n<p>&nbsp;<\/p>\n<p><a href=\"https:\/\/blogs.diariosur.es\/tormentas-y-rayos\/?attachment_id=10404\" rel=\"attachment wp-att-10404\"><img loading=\"lazy\" title=\"201411290450_r8ml\" src=\"\/tormentas-y-rayos\/wp-content\/uploads\/sites\/12\/2014\/11\/201411290450_r8ml.gif\" alt=\"\" width=\"480\" height=\"530\" \/><\/a><\/p>\n<p>&nbsp;<\/p>\n<p><strong>Lo que si he fotografiado ha sido el precioso amanecer que hemos tenido. Os paso varias fotos.<\/strong><\/p>\n<p>&nbsp;<\/p>\n<p>&nbsp;<\/p>\n<p><img loading=\"lazy\" class=\"aligncenter\" src=\"https:\/\/farm9.staticflickr.com\/8649\/15717811719_876e958ca9_z.jpg\" alt=\"\" width=\"640\" height=\"427\" \/><\/p>\n<p>&nbsp;<\/p>\n<p>&nbsp;<\/p>\n<p><img loading=\"lazy\" class=\"aligncenter\" src=\"https:\/\/farm8.staticflickr.com\/7582\/15716365218_f23e160d70_z.jpg\" alt=\"\" width=\"640\" height=\"374\" \/><\/p>\n<p>&nbsp;<\/p>\n<p>&nbsp;<\/p>\n<p><img loading=\"lazy\" class=\"aligncenter\" src=\"https:\/\/farm8.staticflickr.com\/7504\/15716563560_b244b3826a_z.jpg\" alt=\"\" width=\"640\" height=\"427\" \/><\/p>\n<p>&nbsp;<\/p>\n<p>&nbsp;<\/p>\n<p>&nbsp;<\/p>\n<p><strong>Hab\u00e9is<\/strong><strong>\u00a0cargado las pilas amigos??? seguro que si.<\/strong><\/p>\n<p><strong>La borrasca dentro de un par de horas pasara por la vertical mas o menos de M\u00e1laga, lo mas que podemos tener son chubascos\u00a0<\/strong><strong>espor\u00e1dicos, que se pueden dar a cualquier hora, no\u00a0estar\u00eda\u00a0dem\u00e1s\u00a0que para el partido os llevarais un\u00a0paraguas. Lo mismo no llueve pero por si acaso. Ayer pudimos disfrutar de la inauguraci\u00f3n del alumbrado navide\u00f1o, ya os comentaba que yo\u00a0particularmente no esperaba lluvia, aunque\u00a0est\u00e1bamos\u00a0en aviso amarillo. \u00a0<\/strong><strong>Hoy no lo tengo tan claro, y lo mismo se escapan algunas gotas a la hora del partido. Iros abrigaros porque soplara terral de oto\u00f1o y la sensaci\u00f3n\u00a0t\u00e9rmica\u00a0sera de fr\u00edo.<\/strong><\/p>\n<p><strong>Una vez pase la borrasca y se\u00a0situ\u00e9\u00a0durante la\u00a0pr\u00f3xima\u00a0madrugada ( domingo) \u00a0en el\u00a0Mediterr\u00e1neo\u00a0frente a las Costas Murcianas, aun estaremos un poco en su radio de acci\u00f3n. Ma\u00f1ana domingo de nuevo podemos tener chubascos en la capital, siendo mas probables en el interior mas al este de la provincia malague\u00f1a. Os paso un mapa para que ve\u00e1is \u00a0donde se\u00a0sit\u00faa\u00a0ma\u00f1ana la borrasca. Fuente hirlam, aemet.<\/strong><\/p>\n<p>&nbsp;<\/p>\n<p><a href=\"https:\/\/blogs.diariosur.es\/tormentas-y-rayos\/?attachment_id=10406\" rel=\"attachment wp-att-10406\"><img loading=\"lazy\" title=\"domingo\" src=\"\/tormentas-y-rayos\/wp-content\/uploads\/sites\/12\/2014\/11\/domingo1.jpg\" alt=\"\" width=\"559\" height=\"400\" \/><\/a><\/p>\n<p><strong>Os paso los registros de lluvia que se ha dado en estos casi tres dias.<\/strong><\/p>\n<p>&nbsp;<\/p>\n<p>&nbsp;<\/p>\n<p>&nbsp;<\/p>\n<p>&nbsp;<\/p>\n<p>&nbsp;<\/p>\n<p><a href=\"https:\/\/blogs.diariosur.es\/tormentas-y-rayos\/?attachment_id=10405\" rel=\"attachment wp-att-10405\"><img loading=\"lazy\" title=\"z3-vert\" src=\"\/tormentas-y-rayos\/wp-content\/uploads\/sites\/12\/2014\/11\/z3-vert.jpg\" alt=\"\" width=\"633\" height=\"952\" \/><\/a><\/p>\n<p>&nbsp;<\/p>\n<p>&nbsp;<\/p>\n<p>&nbsp;<\/p>\n<p><strong>\u00a0Lo mas destacado de ayer viernes fue que de nuevo se dio una tromba marina en la Playa de la Ara\u00f1a y \u00a0la lluvia acompa\u00f1ada de fuertes rachas de viento e que se dieron durante la madrugada y \u00a0primeras horas de la ma\u00f1ana. Os paso los datos mas destacados de ayer y unas cuantas fotos que hice en la playa. Os dejo amigos, hasta el lunes.<\/strong><\/p>\n<p>&nbsp;<\/p>\n<p><a href=\"https:\/\/blogs.diariosur.es\/tormentas-y-rayos\/2014\/11\/29\/prevision-del-tiempo-andalucia-chubascos-mas-posibles-en-andalucia-oriental-las-dos-borrascas-dejan-76-litros-en-malaga-y-150-en-pujerra\/zzzzz-2\/\" rel=\"attachment wp-att-10408\"><img loading=\"lazy\" class=\"aligncenter size-medium wp-image-10408\" title=\"zzzzz\" src=\"\/tormentas-y-rayos\/wp-content\/uploads\/sites\/12\/2014\/11\/zzzzz.jpg\" alt=\"\" width=\"520\" height=\"400\" srcset=\"https:\/\/static-blogs.diariosur.es\/wp-content\/uploads\/sites\/12\/2014\/11\/zzzzz.jpg 798w, https:\/\/static-blogs.diariosur.es\/wp-content\/uploads\/sites\/12\/2014\/11\/zzzzz-521x400.jpg 521w, https:\/\/static-blogs.diariosur.es\/wp-content\/uploads\/sites\/12\/2014\/11\/zzzzz-768x590.jpg 768w\" sizes=\"(max-width: 520px) 100vw, 520px\" \/><\/a><\/p>\n<p>&nbsp;<\/p>\n<p>&nbsp;<\/p>\n<p>&nbsp;<\/p>\n<p>&nbsp;<\/p>\n<p>&nbsp;<\/p>\n<p style=\"text-align: center;\"><a href=\"https:\/\/blogs.diariosur.es\/tormentas-y-rayos\/2014\/11\/29\/prevision-del-tiempo-andalucia-chubascos-mas-posibles-en-andalucia-oriental-las-dos-borrascas-dejan-76-litros-en-malaga-y-150-en-pujerra\/_dsc6232-2\/\" rel=\"attachment wp-att-10399\"><img loading=\"lazy\" class=\"aligncenter  wp-image-10399\" title=\"_DSC6232\" src=\"\/tormentas-y-rayos\/wp-content\/uploads\/sites\/12\/2014\/11\/DSC62321.jpg\" alt=\"\" width=\"540\" height=\"591\" srcset=\"https:\/\/static-blogs.diariosur.es\/wp-content\/uploads\/sites\/12\/2014\/11\/DSC62321.jpg 600w, https:\/\/static-blogs.diariosur.es\/wp-content\/uploads\/sites\/12\/2014\/11\/DSC62321-365x400.jpg 365w\" sizes=\"(max-width: 540px) 100vw, 540px\" \/><\/a><\/p>\n<p>&nbsp;<\/p>\n<p>&nbsp;<\/p>\n<p><a href=\"https:\/\/blogs.diariosur.es\/tormentas-y-rayos\/2014\/11\/29\/prevision-del-tiempo-andalucia-chubascos-mas-posibles-en-andalucia-oriental-las-dos-borrascas-dejan-76-litros-en-malaga-y-150-en-pujerra\/_dsc6240\/\" rel=\"attachment wp-att-10400\"><img loading=\"lazy\" class=\"aligncenter size-full wp-image-10400\" title=\"_DSC6240\" src=\"\/tormentas-y-rayos\/wp-content\/uploads\/sites\/12\/2014\/11\/DSC6240.jpg\" alt=\"\" width=\"640\" height=\"410\" srcset=\"https:\/\/static-blogs.diariosur.es\/wp-content\/uploads\/sites\/12\/2014\/11\/DSC6240.jpg 640w, https:\/\/static-blogs.diariosur.es\/wp-content\/uploads\/sites\/12\/2014\/11\/DSC6240-624x400.jpg 624w\" sizes=\"(max-width: 640px) 100vw, 640px\" \/><\/a><\/p>\n<p>&nbsp;<\/p>\n<p>&nbsp;<\/p>\n<p><a href=\"https:\/\/blogs.diariosur.es\/tormentas-y-rayos\/2014\/11\/29\/prevision-del-tiempo-andalucia-chubascos-mas-posibles-en-andalucia-oriental-las-dos-borrascas-dejan-76-litros-en-malaga-y-150-en-pujerra\/_dsc6244-copia_1\/\" rel=\"attachment wp-att-10401\"><img loading=\"lazy\" class=\"aligncenter size-full wp-image-10401\" title=\"_DSC6244 - copia_1\" src=\"\/tormentas-y-rayos\/wp-content\/uploads\/sites\/12\/2014\/11\/DSC6244-copia_1.jpg\" alt=\"\" width=\"640\" height=\"296\" \/><\/a><\/p>\n<p>&nbsp;<\/p>\n<p>&nbsp;<\/p>\n","protected":false},"excerpt":{"rendered":"<p>&nbsp; &nbsp; &nbsp; &nbsp; &nbsp; Buenos\u00a0d\u00edas\u00a0amigos de la meteo, son las nueve de la ma\u00f1ana, registro 13 grados y los cielos malague\u00f1os est\u00e1n nubosos. Lo mas destacado de esta madrugada ha sido una fuerte tormenta que se ha dado entre el Estrecho y \u00a0Estepona. Acabo de llegar de la playa de la misericordia, llegue a [&hellip;]<\/p>\n","protected":false},"author":16,"featured_media":10398,"comment_status":"open","ping_status":"open","sticky":false,"template":"","format":"standard","meta":[],"categories":[2],"tags":[100,188,249,809,980],"_links":{"self":[{"href":"https:\/\/blogs.diariosur.es\/tormentas-y-rayos\/wp-json\/wp\/v2\/posts\/10397"}],"collection":[{"href":"https:\/\/blogs.diariosur.es\/tormentas-y-rayos\/wp-json\/wp\/v2\/posts"}],"about":[{"href":"https:\/\/blogs.diariosur.es\/tormentas-y-rayos\/wp-json\/wp\/v2\/types\/post"}],"author":[{"embeddable":true,"href":"https:\/\/blogs.diariosur.es\/tormentas-y-rayos\/wp-json\/wp\/v2\/users\/16"}],"replies":[{"embeddable":true,"href":"https:\/\/blogs.diariosur.es\/tormentas-y-rayos\/wp-json\/wp\/v2\/comments?post=10397"}],"version-history":[{"count":0,"href":"https:\/\/blogs.diariosur.es\/tormentas-y-rayos\/wp-json\/wp\/v2\/posts\/10397\/revisions"}],"wp:featuredmedia":[{"embeddable":true,"href":"https:\/\/blogs.diariosur.es\/tormentas-y-rayos\/wp-json\/wp\/v2\/media\/10398"}],"wp:attachment":[{"href":"https:\/\/blogs.diariosur.es\/tormentas-y-rayos\/wp-json\/wp\/v2\/media?parent=10397"}],"wp:term":[{"taxonomy":"category","embeddable":true,"href":"https:\/\/blogs.diariosur.es\/tormentas-y-rayos\/wp-json\/wp\/v2\/categories?post=10397"},{"taxonomy":"post_tag","embeddable":true,"href":"https:\/\/blogs.diariosur.es\/tormentas-y-rayos\/wp-json\/wp\/v2\/tags?post=10397"}],"curies":[{"name":"wp","href":"https:\/\/api.w.org\/{rel}","templated":true}]}}