{"id":10409,"date":"2014-12-01T07:18:24","date_gmt":"2014-12-01T06:18:24","guid":{"rendered":"http:\/\/blogs.diariosur.es\/tormentas-y-rayos\/?p=10409"},"modified":"2014-12-01T07:18:24","modified_gmt":"2014-12-01T06:18:24","slug":"prevision-del-tiempo-malaga-da-la-maxima-de-andalucia-el-poniente-y-el-terral-de-otono-protagonistas-posibilidad-de-lluvias-y-tormentas-a-partir-del-miercoles","status":"publish","type":"post","link":"https:\/\/blogs.diariosur.es\/tormentas-y-rayos\/2014\/12\/01\/prevision-del-tiempo-malaga-da-la-maxima-de-andalucia-el-poniente-y-el-terral-de-otono-protagonistas-posibilidad-de-lluvias-y-tormentas-a-partir-del-miercoles\/","title":{"rendered":"Previsi\u00f3n del tiempo. M\u00e1laga da la m\u00e1xima de Andaluc\u00eda. El poniente y el terral de oto\u00f1o protagonistas.&#8221; Posibilidad de lluvias y tormentas a partir del mi\u00e9rcoles&#8221;."},"content":{"rendered":"<p><img loading=\"lazy\" class=\"aligncenter\" src=\"https:\/\/farm3.staticflickr.com\/2898\/14371881571_bbae3518b1_q.jpg\" alt=\"\" width=\"150\" height=\"150\" \/><\/p>\n<p>&nbsp;<\/p>\n<p>&nbsp;<\/p>\n<p>&nbsp;<\/p>\n<p>&nbsp;<\/p>\n<p>&nbsp;<\/p>\n<p>&nbsp;<\/p>\n<p><span style=\"color: #0000ff;\"><strong>Buenos\u00a0d\u00edas\u00a0amigos de la meteo, son las seis de la ma\u00f1ana, registro 15.4 grados y los cielos\u00a0est\u00e1n algo \u00a0nubosos por la zona mas oriental andaluza y Estrecho.\u00a0<\/strong><\/span><\/p>\n<p><span style=\"color: #0000ff;\"><strong>Os quiero dar las gracias por las 36.005 visitas que ha tenido el blog este pasado mes. Hoy empiezo a currar, se terminaron las vacaciones.<\/strong><\/span><\/p>\n<p><strong><span style=\"color: #0000ff;\">Durante el dia de hoy<\/span> \u00a0<span style=\"color: #ff0000;\">el terral de oto\u00f1o y el poniente\u00a0ser\u00e1n\u00a0los protagonistas en los dos litorales andaluces.<\/span> <span style=\"color: #0000ff;\">Las m\u00e1ximas bajaran, asi como las minimas, y \u00a0hay posibilidad de\u00a0alg\u00fan\u00a0chubasco por el interior oriental andaluz, como el que se esta dando ahora mismo en la zona de Almer\u00eda.<\/span><\/strong><\/p>\n<p>&nbsp;<\/p>\n<p><span style=\"color: #0000ff;\"><strong>A partir de ma\u00f1ana la previsi\u00f3n \u00a0sera complicada, los modelos no dicen todo \u00a0lo mismo, y la culpa de todo esto es una bolsa de aire fr\u00edo que esta en el\u00a0mediterr\u00e1neo, \u00a0 y\u00a0que de forma retr\u00f3grada puede llegar a la\u00a0pen\u00ednsula y formar una baja cerca del Golfo de C\u00e1diz.\u00a0<\/strong><\/span><\/p>\n<p><span style=\"color: #0000ff;\"><a href=\"https:\/\/blogs.diariosur.es\/tormentas-y-rayos\/2014\/12\/01\/prevision-del-tiempo-malaga-da-la-maxima-de-andalucia-el-poniente-y-el-terral-de-otono-protagonistas-posibilidad-de-lluvias-y-tormentas-a-partir-del-miercoles\/bolsa-de-aire-frio-8\/\" rel=\"attachment wp-att-10418\"><span style=\"color: #0000ff;\"><img loading=\"lazy\" class=\"aligncenter size-medium wp-image-10418\" title=\"bolsa de aire frio\" src=\"\/tormentas-y-rayos\/wp-content\/uploads\/sites\/12\/2014\/11\/bolsa-de-aire-frio2.jpg\" alt=\"\" width=\"517\" height=\"400\" srcset=\"https:\/\/static-blogs.diariosur.es\/wp-content\/uploads\/sites\/12\/2014\/11\/bolsa-de-aire-frio2.jpg 751w, https:\/\/static-blogs.diariosur.es\/wp-content\/uploads\/sites\/12\/2014\/11\/bolsa-de-aire-frio2-517x400.jpg 517w\" sizes=\"(max-width: 517px) 100vw, 517px\" \/><\/span><\/a><\/span><\/p>\n<p>&nbsp;<\/p>\n<p>&nbsp;<\/p>\n<p><span style=\"color: #0000ff;\"><strong>Seg\u00fan<\/strong><strong>\u00a0donde se\u00a0situ\u00e9\u00a0puede dejar de nuevo lluvias y tormentas en el litoral\u00a0mediterr\u00e1neo\u00a0andaluz, pero como os comento mas arriba no todos los modelos dicen lo mismo. El modelo que da mayor inestabilidad para el\u00a0mi\u00e9rcoles\u00a0y el jueves\u00a0es el\u00a0Europeo. La aemet da este pronostico para el\u00a0mi\u00e9rcoles\u00a0y el jueves, pero lo mismo hoy cuando actualicen quitan estas lluvias y tormentas.<\/strong><\/span><\/p>\n<p>&nbsp;<\/p>\n<p><a href=\"https:\/\/blogs.diariosur.es\/tormentas-y-rayos\/2014\/12\/01\/prevision-del-tiempo-malaga-da-la-maxima-de-andalucia-el-poniente-y-el-terral-de-otono-protagonistas-posibilidad-de-lluvias-y-tormentas-a-partir-del-miercoles\/mircoles-2\/\" rel=\"attachment wp-att-10419\"><img loading=\"lazy\" class=\"aligncenter size-full wp-image-10419\" title=\"mircoles\" src=\"\/tormentas-y-rayos\/wp-content\/uploads\/sites\/12\/2014\/11\/mircoles.jpg\" alt=\"\" width=\"486\" height=\"169\" \/><\/a><a href=\"https:\/\/blogs.diariosur.es\/tormentas-y-rayos\/2014\/12\/01\/prevision-del-tiempo-malaga-da-la-maxima-de-andalucia-el-poniente-y-el-terral-de-otono-protagonistas-posibilidad-de-lluvias-y-tormentas-a-partir-del-miercoles\/mierjueves\/\" rel=\"attachment wp-att-10420\"><img loading=\"lazy\" class=\"aligncenter size-full wp-image-10420\" title=\"mierjueves\" src=\"\/tormentas-y-rayos\/wp-content\/uploads\/sites\/12\/2014\/11\/mierjueves.jpg\" alt=\"\" width=\"478\" height=\"167\" \/><\/a><\/p>\n<p>&nbsp;<\/p>\n<p>&nbsp;<\/p>\n<p>&nbsp;<\/p>\n<p><span style=\"color: #ff0000;\"><strong>Los potentes ordenadores aun no tienen los suficientes datos para modelizar estas situaciones retr\u00f3gradas. Hasta ma\u00f1ana no\u00a0habr\u00eda\u00a0nada claro. Asi que toca esperar amigos.<\/strong><\/span><\/p>\n<p>&nbsp;<\/p>\n<p>&nbsp;<\/p>\n<p><strong>Os hago un peque\u00f1o resumen del domingo. <\/strong><\/p>\n<p><strong>Lo mas destacado fue que M\u00e1laga Capital dio la\u00a0m\u00e1xima\u00a0de Andaluc\u00eda con 20.2 grados. Aunque pienso que en la zona de Torre de Benagalb\u00f3n sobre las dos de la tarde se superaban los 21. Aesa hora el viento de poniente cambio a noreste.<\/strong><\/p>\n<p><strong> Lo que pasa que ayer la\u00a0estaci\u00f3n\u00a0del Rinc\u00f3n de la\u00a0Victoria estaba fuera de linea.<\/strong><\/p>\n<p>&nbsp;<\/p>\n<p><a href=\"https:\/\/blogs.diariosur.es\/tormentas-y-rayos\/2014\/12\/01\/prevision-del-tiempo-malaga-da-la-maxima-de-andalucia-el-poniente-y-el-terral-de-otono-protagonistas-posibilidad-de-lluvias-y-tormentas-a-partir-del-miercoles\/resumenn\/\" rel=\"attachment wp-att-10421\"><img loading=\"lazy\" class=\"aligncenter size-medium wp-image-10421\" title=\"resumenn\" src=\"\/tormentas-y-rayos\/wp-content\/uploads\/sites\/12\/2014\/12\/resumenn.jpg\" alt=\"\" width=\"534\" height=\"400\" srcset=\"https:\/\/static-blogs.diariosur.es\/wp-content\/uploads\/sites\/12\/2014\/12\/resumenn.jpg 814w, https:\/\/static-blogs.diariosur.es\/wp-content\/uploads\/sites\/12\/2014\/12\/resumenn-535x400.jpg 535w, https:\/\/static-blogs.diariosur.es\/wp-content\/uploads\/sites\/12\/2014\/12\/resumenn-768x575.jpg 768w\" sizes=\"(max-width: 534px) 100vw, 534px\" \/><\/a><\/p>\n<p>&nbsp;<\/p>\n<p>&nbsp;<\/p>\n<p>&nbsp;<\/p>\n<p>&nbsp;<\/p>\n<p><strong>El amanecer estuvo precioso, estas nubes que veis, son los restos de una tormenta que se dio de madrugada en Albor\u00e1n.<\/strong><\/p>\n<p>&nbsp;<\/p>\n<p>&nbsp;<\/p>\n<p><img loading=\"lazy\" class=\"aligncenter\" src=\"https:\/\/farm8.staticflickr.com\/7466\/15727696960_196c9230fa_z.jpg\" alt=\"\" width=\"640\" height=\"378\" \/><\/p>\n<p>&nbsp;<\/p>\n<p>&nbsp;<\/p>\n<p>&nbsp;<\/p>\n<p>&nbsp;<\/p>\n<p>&nbsp;<\/p>\n<p><img loading=\"lazy\" class=\"aligncenter\" src=\"https:\/\/farm8.staticflickr.com\/7577\/15914349722_abe9cf60ca_z.jpg\" alt=\"\" width=\"640\" height=\"427\" \/><\/p>\n<p>&nbsp;<\/p>\n<p>&nbsp;<\/p>\n<p><strong>Sobre las once llegue a Torre de Benagalb\u00f3n. Cuando baje a la playa me\u00a0encontr\u00e9\u00a0con mi amigo Jose, que como todos\u00a0sab\u00e9is\u00a0es el espetero de la Marina, por cierto, esta de vacaciones.\u00a0<\/strong><\/p>\n<p>&nbsp;<\/p>\n<p>&nbsp;<\/p>\n<p>&nbsp;<\/p>\n<p><a href=\"https:\/\/blogs.diariosur.es\/tormentas-y-rayos\/2014\/12\/01\/prevision-del-tiempo-malaga-da-la-maxima-de-andalucia-el-poniente-y-el-terral-de-otono-protagonistas-posibilidad-de-lluvias-y-tormentas-a-partir-del-miercoles\/1048029_10204064578713709_7811943425937336323_o\/\" rel=\"attachment wp-att-10423\"><img loading=\"lazy\" class=\"aligncenter size-full wp-image-10423\" title=\"1048029_10204064578713709_7811943425937336323_o\" src=\"\/tormentas-y-rayos\/wp-content\/uploads\/sites\/12\/2014\/12\/1048029_10204064578713709_7811943425937336323_o.jpg\" alt=\"\" width=\"640\" height=\"360\" \/><\/a><\/p>\n<p>&nbsp;<\/p>\n<p>&nbsp;<\/p>\n<p>&nbsp;<\/p>\n<p>&nbsp;<\/p>\n<p>&nbsp;<\/p>\n<p>&nbsp;<\/p>\n<p><a href=\"https:\/\/blogs.diariosur.es\/tormentas-y-rayos\/2014\/12\/01\/prevision-del-tiempo-malaga-da-la-maxima-de-andalucia-el-poniente-y-el-terral-de-otono-protagonistas-posibilidad-de-lluvias-y-tormentas-a-partir-del-miercoles\/_dsc6341\/\" rel=\"attachment wp-att-10410\"><img loading=\"lazy\" class=\"aligncenter size-medium wp-image-10410\" title=\"_DSC6341\" src=\"\/tormentas-y-rayos\/wp-content\/uploads\/sites\/12\/2014\/11\/DSC6341.jpg\" alt=\"\" width=\"600\" height=\"400\" srcset=\"https:\/\/static-blogs.diariosur.es\/wp-content\/uploads\/sites\/12\/2014\/11\/DSC6341.jpg 640w, https:\/\/static-blogs.diariosur.es\/wp-content\/uploads\/sites\/12\/2014\/11\/DSC6341-600x400.jpg 600w\" sizes=\"(max-width: 600px) 100vw, 600px\" \/><\/a><\/p>\n<p>&nbsp;<\/p>\n<p>&nbsp;<\/p>\n<p><strong>Aunque parezca que esta mirando a la ca\u00f1a, no es\u00a0as\u00ed, estaba mirando los borreguitos jjiji, borreguitos en el cielo a los dos\u00a0d\u00edas\u00a0charquitos en el suelo, son sus palabras.<\/strong><\/p>\n<p>&nbsp;<\/p>\n<p>&nbsp;<\/p>\n<p>&nbsp;<\/p>\n<p>&nbsp;<\/p>\n<p><a href=\"https:\/\/blogs.diariosur.es\/tormentas-y-rayos\/2014\/12\/01\/prevision-del-tiempo-malaga-da-la-maxima-de-andalucia-el-poniente-y-el-terral-de-otono-protagonistas-posibilidad-de-lluvias-y-tormentas-a-partir-del-miercoles\/_dsc6344_1\/\" rel=\"attachment wp-att-10412\"><img loading=\"lazy\" class=\"aligncenter size-full wp-image-10412\" title=\"_DSC6344_1\" src=\"\/tormentas-y-rayos\/wp-content\/uploads\/sites\/12\/2014\/11\/DSC6344_1.jpg\" alt=\"\" width=\"460\" height=\"689\" srcset=\"https:\/\/static-blogs.diariosur.es\/wp-content\/uploads\/sites\/12\/2014\/11\/DSC6344_1.jpg 460w, https:\/\/static-blogs.diariosur.es\/wp-content\/uploads\/sites\/12\/2014\/11\/DSC6344_1-267x400.jpg 267w\" sizes=\"(max-width: 460px) 100vw, 460px\" \/><\/a><\/p>\n<p>&nbsp;<\/p>\n<p>&nbsp;<\/p>\n<p><strong>\u00a0Sobre las dos de la tarde, el cambio de poniente \u00a0a noreste trajo estos\u00a0c\u00famulos\u00a0mediocris.<\/strong><\/p>\n<p>&nbsp;<\/p>\n<p><a href=\"https:\/\/blogs.diariosur.es\/tormentas-y-rayos\/2014\/12\/01\/prevision-del-tiempo-malaga-da-la-maxima-de-andalucia-el-poniente-y-el-terral-de-otono-protagonistas-posibilidad-de-lluvias-y-tormentas-a-partir-del-miercoles\/_dsc6351\/\" rel=\"attachment wp-att-10422\"><img loading=\"lazy\" class=\"aligncenter size-full wp-image-10422\" title=\"_DSC6351\" src=\"\/tormentas-y-rayos\/wp-content\/uploads\/sites\/12\/2014\/12\/DSC6351.jpg\" alt=\"\" width=\"640\" height=\"427\" srcset=\"https:\/\/static-blogs.diariosur.es\/wp-content\/uploads\/sites\/12\/2014\/12\/DSC6351.jpg 640w, https:\/\/static-blogs.diariosur.es\/wp-content\/uploads\/sites\/12\/2014\/12\/DSC6351-600x400.jpg 600w\" sizes=\"(max-width: 640px) 100vw, 640px\" \/><\/a><\/p>\n<p>&nbsp;<\/p>\n<p>&nbsp;<\/p>\n<p><strong>A \u00a0las seis y diez minutos de la tarde noche \u00a0se\u00a0produc\u00eda\u00a0un bonito\u00a0<\/strong><strong>candilazo.<\/strong><\/p>\n<p>&nbsp;<\/p>\n<p>&nbsp;<\/p>\n<p>&nbsp;<\/p>\n<p><a href=\"https:\/\/blogs.diariosur.es\/tormentas-y-rayos\/2014\/12\/01\/prevision-del-tiempo-malaga-da-la-maxima-de-andalucia-el-poniente-y-el-terral-de-otono-protagonistas-posibilidad-de-lluvias-y-tormentas-a-partir-del-miercoles\/_dsc6352_1\/\" rel=\"attachment wp-att-10415\"><img loading=\"lazy\" class=\"aligncenter size-full wp-image-10415\" title=\"_DSC6352_1\" src=\"\/tormentas-y-rayos\/wp-content\/uploads\/sites\/12\/2014\/11\/DSC6352_1.jpg\" alt=\"\" width=\"640\" height=\"427\" srcset=\"https:\/\/static-blogs.diariosur.es\/wp-content\/uploads\/sites\/12\/2014\/11\/DSC6352_1.jpg 640w, https:\/\/static-blogs.diariosur.es\/wp-content\/uploads\/sites\/12\/2014\/11\/DSC6352_1-600x400.jpg 600w\" sizes=\"(max-width: 640px) 100vw, 640px\" \/><\/a><\/p>\n<p>&nbsp;<\/p>\n<p>&nbsp;<\/p>\n<p>&nbsp;<\/p>\n<p>&nbsp;<\/p>\n<p>&nbsp;<\/p>\n<p>&nbsp;<\/p>\n<p>&nbsp;<\/p>\n<p><strong>Os dejo con estos dos fotones. El primero es de Estefania Belmonte, un arcoiris doble, impresionante.<\/strong><\/p>\n<p>&nbsp;<\/p>\n<p><a href=\"https:\/\/blogs.diariosur.es\/tormentas-y-rayos\/2014\/12\/01\/prevision-del-tiempo-malaga-da-la-maxima-de-andalucia-el-poniente-y-el-terral-de-otono-protagonistas-posibilidad-de-lluvias-y-tormentas-a-partir-del-miercoles\/10151321_10203541585916483_2819429836026847798_n\/\" rel=\"attachment wp-att-10414\"><img loading=\"lazy\" class=\"aligncenter size-full wp-image-10414\" title=\"10151321_10203541585916483_2819429836026847798_n\" src=\"\/tormentas-y-rayos\/wp-content\/uploads\/sites\/12\/2014\/11\/10151321_10203541585916483_2819429836026847798_n.jpg\" alt=\"\" width=\"640\" height=\"640\" srcset=\"https:\/\/static-blogs.diariosur.es\/wp-content\/uploads\/sites\/12\/2014\/11\/10151321_10203541585916483_2819429836026847798_n.jpg 640w, https:\/\/static-blogs.diariosur.es\/wp-content\/uploads\/sites\/12\/2014\/11\/10151321_10203541585916483_2819429836026847798_n-150x150.jpg 150w, https:\/\/static-blogs.diariosur.es\/wp-content\/uploads\/sites\/12\/2014\/11\/10151321_10203541585916483_2819429836026847798_n-400x400.jpg 400w\" sizes=\"(max-width: 640px) 100vw, 640px\" \/><\/a><\/p>\n<p>&nbsp;<\/p>\n<p>&nbsp;<\/p>\n<p><strong>Y la segunda foto de mi amigo Jose Campos otro fot\u00f3n.<\/strong><\/p>\n<p>&nbsp;<\/p>\n<p>&nbsp;<\/p>\n<p><a href=\"https:\/\/blogs.diariosur.es\/tormentas-y-rayos\/2014\/12\/01\/prevision-del-tiempo-malaga-da-la-maxima-de-andalucia-el-poniente-y-el-terral-de-otono-protagonistas-posibilidad-de-lluvias-y-tormentas-a-partir-del-miercoles\/10265552_320773218119738_3027580378158402939_o\/\" rel=\"attachment wp-att-10416\"><img loading=\"lazy\" class=\"aligncenter size-full wp-image-10416\" title=\"10265552_320773218119738_3027580378158402939_o\" src=\"\/tormentas-y-rayos\/wp-content\/uploads\/sites\/12\/2014\/11\/10265552_320773218119738_3027580378158402939_o.jpg\" alt=\"\" width=\"640\" height=\"427\" srcset=\"https:\/\/static-blogs.diariosur.es\/wp-content\/uploads\/sites\/12\/2014\/11\/10265552_320773218119738_3027580378158402939_o.jpg 640w, https:\/\/static-blogs.diariosur.es\/wp-content\/uploads\/sites\/12\/2014\/11\/10265552_320773218119738_3027580378158402939_o-600x400.jpg 600w\" sizes=\"(max-width: 640px) 100vw, 640px\" \/><\/a><\/p>\n<p>&nbsp;<\/p>\n<p>&nbsp;<\/p>\n<p>&nbsp;<\/p>\n<p><strong>Os dejo hasta ma\u00f1ana amigos, ya veremos si el\u00a0mi\u00e9rcoles\u00a0y el jueves de nuevo tenemos agua.<\/strong><\/p>\n","protected":false},"excerpt":{"rendered":"<p>&nbsp; &nbsp; &nbsp; &nbsp; &nbsp; &nbsp; Buenos\u00a0d\u00edas\u00a0amigos de la meteo, son las seis de la ma\u00f1ana, registro 15.4 grados y los cielos\u00a0est\u00e1n algo \u00a0nubosos por la zona mas oriental andaluza y Estrecho.\u00a0 Os quiero dar las gracias por las 36.005 visitas que ha tenido el blog este pasado mes. Hoy empiezo a currar, se terminaron [&hellip;]<\/p>\n","protected":false},"author":16,"featured_media":10412,"comment_status":"open","ping_status":"open","sticky":false,"template":"","format":"standard","meta":[],"categories":[2],"tags":[100,587,791,809,975,980],"_links":{"self":[{"href":"https:\/\/blogs.diariosur.es\/tormentas-y-rayos\/wp-json\/wp\/v2\/posts\/10409"}],"collection":[{"href":"https:\/\/blogs.diariosur.es\/tormentas-y-rayos\/wp-json\/wp\/v2\/posts"}],"about":[{"href":"https:\/\/blogs.diariosur.es\/tormentas-y-rayos\/wp-json\/wp\/v2\/types\/post"}],"author":[{"embeddable":true,"href":"https:\/\/blogs.diariosur.es\/tormentas-y-rayos\/wp-json\/wp\/v2\/users\/16"}],"replies":[{"embeddable":true,"href":"https:\/\/blogs.diariosur.es\/tormentas-y-rayos\/wp-json\/wp\/v2\/comments?post=10409"}],"version-history":[{"count":0,"href":"https:\/\/blogs.diariosur.es\/tormentas-y-rayos\/wp-json\/wp\/v2\/posts\/10409\/revisions"}],"wp:featuredmedia":[{"embeddable":true,"href":"https:\/\/blogs.diariosur.es\/tormentas-y-rayos\/wp-json\/wp\/v2\/media\/10412"}],"wp:attachment":[{"href":"https:\/\/blogs.diariosur.es\/tormentas-y-rayos\/wp-json\/wp\/v2\/media?parent=10409"}],"wp:term":[{"taxonomy":"category","embeddable":true,"href":"https:\/\/blogs.diariosur.es\/tormentas-y-rayos\/wp-json\/wp\/v2\/categories?post=10409"},{"taxonomy":"post_tag","embeddable":true,"href":"https:\/\/blogs.diariosur.es\/tormentas-y-rayos\/wp-json\/wp\/v2\/tags?post=10409"}],"curies":[{"name":"wp","href":"https:\/\/api.w.org\/{rel}","templated":true}]}}