{"id":10425,"date":"2014-12-02T07:25:26","date_gmt":"2014-12-02T06:25:26","guid":{"rendered":"http:\/\/blogs.diariosur.es\/tormentas-y-rayos\/?p=10425"},"modified":"2014-12-02T07:25:26","modified_gmt":"2014-12-02T06:25:26","slug":"prevision-del-tiempo-andalucia-posibles-chubascos-manana-miercoles-avance-del-tiempo-en-el-puente-de-la-inmaculada-y-constitucion-2014","status":"publish","type":"post","link":"https:\/\/blogs.diariosur.es\/tormentas-y-rayos\/2014\/12\/02\/prevision-del-tiempo-andalucia-posibles-chubascos-manana-miercoles-avance-del-tiempo-en-el-puente-de-la-inmaculada-y-constitucion-2014\/","title":{"rendered":"Previsi\u00f3n del tiempo Andaluc\u00eda. &#8220;Posibles chubascos ma\u00f1ana miercoles&#8221;. Avance del tiempo en el Puente de la  Inmaculada y Constituci\u00f3n  2014."},"content":{"rendered":"<p><img loading=\"lazy\" class=\"aligncenter\" src=\"https:\/\/farm3.staticflickr.com\/2898\/14371881571_bbae3518b1_q.jpg\" alt=\"\" width=\"150\" height=\"150\" \/><\/p>\n<p>&nbsp;<\/p>\n<p>&nbsp;<\/p>\n<p>&nbsp;<\/p>\n<p>&nbsp;<\/p>\n<p><strong>Buenos dias amigos de la meteo, son las seis de la ma\u00f1ana, registro 15 grados y los cielos andaluces\u00a0est\u00e1n\u00a0poco nubosos. Hoy bajaran las\u00a0m\u00e1ximas, y las \u00a0m\u00ednimas\u00a0la\u00a0pr\u00f3xima\u00a0madrugada. El viento de terral de oto\u00f1o y el poniente\u00a0seguir\u00e1n\u00a0 de\u00a0protagonistas hoy martes.<\/strong><\/p>\n<p><strong>Hoy estoy muy contento amigos, el Tiempo de la Primera Cadena de Televisi\u00f3n, me ha seleccionado una foto para el concurso de la semana, es concretamente esta.\u00a0<\/strong><\/p>\n<p>&nbsp;<\/p>\n<p><img loading=\"lazy\" class=\"aligncenter\" src=\"https:\/\/farm8.staticflickr.com\/7583\/15865699686_65bd94ef4a_z.jpg\" alt=\"\" width=\"640\" height=\"427\" \/><\/p>\n<p>&nbsp;<\/p>\n<p><strong>Aun no est\u00e1n puestas para votar, pienso que a primera hora de la ma\u00f1ana\u00a0abrir\u00e1n\u00a0las votaciones en este enlace<a href=\"https:\/\/www.facebook.com\/eltiempoentve?fref=ts\" rel=\"external nofollow\">\u00a0EL TIEMPO EN TVE FACEBOOK<\/a>.\u00a0<\/strong><\/p>\n<p>&nbsp;<\/p>\n<p>&nbsp;<\/p>\n<p><a href=\"https:\/\/blogs.diariosur.es\/tormentas-y-rayos\/2014\/12\/02\/prevision-del-tiempo-andalucia-posibles-chubascos-manana-miercoles-avance-del-tiempo-en-el-puente-de-la-inmaculada-y-constitucion-2014\/bolsa-de-aire-frio-9\/\" rel=\"attachment wp-att-10428\"><img loading=\"lazy\" class=\"aligncenter size-medium wp-image-10428\" title=\"bolsa de aire frio\" src=\"\/tormentas-y-rayos\/wp-content\/uploads\/sites\/12\/2014\/12\/bolsa-de-aire-frio.jpg\" alt=\"\" width=\"578\" height=\"400\" srcset=\"https:\/\/static-blogs.diariosur.es\/wp-content\/uploads\/sites\/12\/2014\/12\/bolsa-de-aire-frio.jpg 784w, https:\/\/static-blogs.diariosur.es\/wp-content\/uploads\/sites\/12\/2014\/12\/bolsa-de-aire-frio-579x400.jpg 579w, https:\/\/static-blogs.diariosur.es\/wp-content\/uploads\/sites\/12\/2014\/12\/bolsa-de-aire-frio-768x531.jpg 768w\" sizes=\"(max-width: 578px) 100vw, 578px\" \/><\/a><\/p>\n<p>&nbsp;<\/p>\n<p>&nbsp;<\/p>\n<p><strong>Seguimos con la\u00a0incertidumbre\u00a0de lo que pueda pasar ma\u00f1ana\u00a0mi\u00e9rcoles\u00a0y el jueves, ayer os comentaba esto<a href=\"https:\/\/blogs.diariosur.es\/tormentas-y-rayos\/2014\/12\/01\/prevision-del-tiempo-malaga-da-la-maxima-de-andalucia-el-poniente-y-el-terral-de-otono-protagonistas-posibilidad-de-lluvias-y-tormentas-a-partir-del-miercoles\/\"> en el post que os abri\u00a0<\/a>.<\/strong><\/p>\n<p><strong> Si lo\u00a0hab\u00e9is\u00a0le\u00eddo el post de ayer\u00a0, os\u00a0comento ahora \u00a0que\u00a0\u00a0mas o menos la cosa sigue igual, incluso para el\u00a0jueves\u00a0ya no dan agua \u00a0en\u00a0M\u00e1laga. \u00a0Este es el pronostico actualizado, nada que ver con el que puse ayer.<\/strong><\/p>\n<p>&nbsp;<\/p>\n<p>&nbsp;<\/p>\n<p><a href=\"https:\/\/blogs.diariosur.es\/tormentas-y-rayos\/2014\/12\/02\/prevision-del-tiempo-andalucia-posibles-chubascos-manana-miercoles-avance-del-tiempo-en-el-puente-de-la-inmaculada-y-constitucion-2014\/riki\/\" rel=\"attachment wp-att-10426\"><img loading=\"lazy\" class=\"aligncenter size-full wp-image-10426\" title=\"riki\" src=\"\/tormentas-y-rayos\/wp-content\/uploads\/sites\/12\/2014\/12\/riki.jpg\" alt=\"\" width=\"493\" height=\"177\" \/><\/a><\/p>\n<p><strong>\u00a0Y este el que os puse ayer\u00a0os puse ayer lunes.<\/strong><\/p>\n<p>&nbsp;<\/p>\n<p><a href=\"https:\/\/blogs.diariosur.es\/tormentas-y-rayos\/2014\/12\/02\/prevision-del-tiempo-andalucia-posibles-chubascos-manana-miercoles-avance-del-tiempo-en-el-puente-de-la-inmaculada-y-constitucion-2014\/mierjueves-2\/\" rel=\"attachment wp-att-10427\"><img loading=\"lazy\" class=\"aligncenter size-full wp-image-10427\" title=\"mierjueves\" src=\"\/tormentas-y-rayos\/wp-content\/uploads\/sites\/12\/2014\/12\/mierjueves.jpg\" alt=\"\" width=\"478\" height=\"167\" \/><\/a><\/p>\n<p>&nbsp;<\/p>\n<p><strong>Hasta esta noche no\u00a0estar\u00e1\u00a0 clara la predicci\u00f3n. Las situaciones retrogradas son muy\u00a0dif\u00edciles\u00a0de modelizar. Todo\u00a0depender\u00e1\u00a0de la ubicaci\u00f3n que tome esta bolsa de aire fr\u00edo, o cae la mayor parte de la lluvia en el Mar de Albor\u00e1n, y solo dos gotas en la Costa Malague\u00f1a, o por el contrario\u00a0llover\u00eda\u00a0 mas en M\u00e1laga.\u00a0<\/strong><\/p>\n<p>&nbsp;<\/p>\n<p><strong><span style=\"color: #ff0000;\">Sobre el Puente de la Inmaculada y de la Constituci\u00f3n, os avanzo que las\u00a0m\u00e1ximas y\u00a0m\u00ednimas\u00a0 estar\u00e1n\u00a0mas acorde en\u00a0Andaluc\u00eda con las fechas que estamos. Es decir que\u00a0har\u00e1\u00a0fr\u00edo jijijij. Las\u00a0m\u00e1ximas\u00a0en M\u00e1laga a partir del\u00a0s\u00e1bado<\/span><span style=\"color: #ff0000;\">\u00a0dia 6\u00a0\u00a0y \u00a0hasta\u00a0el lunes\u00a0d\u00eda\u00a08 \u00a0no creo que pasen de los 15 grados, las\u00a0m\u00ednimas\u00a0rondaran los 8 y 9. <span style=\"color: #ff00ff;\">Sobre si\u00a0llover\u00e1\u00a0o no, aun no me quiero aventurar, pero la gran mayor\u00eda de los modelos de momento no dan lluvia en Andaluc\u00eda.<\/span><\/span><\/strong><\/p>\n<p><span style=\"color: #ff0000;\"><strong>\u00a0Como ma\u00f1ana libro os\u00a0estar\u00e9\u00a0informados en directo\u00a0v\u00eda\u00a0facebook desde la playa.<\/strong><\/span><\/p>\n<p>&nbsp;<\/p>\n<p><strong>Os paso los datos mas destacados que se dieron ayer en Andaluc\u00eda. Fuente Aemet.<\/strong><\/p>\n<p>&nbsp;<\/p>\n<p>&nbsp;<\/p>\n<p><a href=\"https:\/\/blogs.diariosur.es\/tormentas-y-rayos\/2014\/12\/02\/prevision-del-tiempo-andalucia-posibles-chubascos-manana-miercoles-avance-del-tiempo-en-el-puente-de-la-inmaculada-y-constitucion-2014\/captura-523\/\" rel=\"attachment wp-att-10433\"><img loading=\"lazy\" class=\"aligncenter size-medium wp-image-10433\" title=\"Captura\" src=\"\/tormentas-y-rayos\/wp-content\/uploads\/sites\/12\/2014\/12\/Captura.jpg\" alt=\"\" width=\"522\" height=\"400\" srcset=\"https:\/\/static-blogs.diariosur.es\/wp-content\/uploads\/sites\/12\/2014\/12\/Captura.jpg 803w, https:\/\/static-blogs.diariosur.es\/wp-content\/uploads\/sites\/12\/2014\/12\/Captura-522x400.jpg 522w, https:\/\/static-blogs.diariosur.es\/wp-content\/uploads\/sites\/12\/2014\/12\/Captura-768x588.jpg 768w\" sizes=\"(max-width: 522px) 100vw, 522px\" \/><\/a><\/p>\n<p>&nbsp;<\/p>\n<p><strong>Os dejo hasta ma\u00f1ana con estos fotones que me\u00a0hab\u00e9is\u00a0mandado. Son una pasada.<\/strong><\/p>\n<p>&nbsp;<\/p>\n<p><strong>Fernando Berrocal este pedazo de lenticular que se vio desde toda la provincia. Yo me lo\u00a0perd\u00ed.\u00a0<\/strong><\/p>\n<p><a href=\"https:\/\/blogs.diariosur.es\/tormentas-y-rayos\/2014\/12\/02\/prevision-del-tiempo-andalucia-posibles-chubascos-manana-miercoles-avance-del-tiempo-en-el-puente-de-la-inmaculada-y-constitucion-2014\/2014-12-01_18-04-00_156\/\" rel=\"attachment wp-att-10429\"><img loading=\"lazy\" class=\"aligncenter size-full wp-image-10429\" title=\"2014-12-01_18-04-00_156\" src=\"\/tormentas-y-rayos\/wp-content\/uploads\/sites\/12\/2014\/12\/2014-12-01_18-04-00_156.jpg\" alt=\"\" width=\"640\" height=\"361\" \/><\/a><\/p>\n<p>&nbsp;<\/p>\n<p><strong>Marcela Cernicica lo cazo desde Vel\u00e9z M\u00e1laga. Un maravilla.<\/strong><\/p>\n<p>&nbsp;<\/p>\n<p><a href=\"https:\/\/blogs.diariosur.es\/tormentas-y-rayos\/2014\/12\/02\/prevision-del-tiempo-andalucia-posibles-chubascos-manana-miercoles-avance-del-tiempo-en-el-puente-de-la-inmaculada-y-constitucion-2014\/marcela-cernicica\/\" rel=\"attachment wp-att-10430\"><img loading=\"lazy\" class=\"aligncenter size-medium wp-image-10430\" title=\"MARCELA CERNICICA\" src=\"\/tormentas-y-rayos\/wp-content\/uploads\/sites\/12\/2014\/12\/MARCELA-CERNICICA.jpg\" alt=\"\" width=\"526\" height=\"400\" srcset=\"https:\/\/static-blogs.diariosur.es\/wp-content\/uploads\/sites\/12\/2014\/12\/MARCELA-CERNICICA.jpg 753w, https:\/\/static-blogs.diariosur.es\/wp-content\/uploads\/sites\/12\/2014\/12\/MARCELA-CERNICICA-527x400.jpg 527w\" sizes=\"(max-width: 526px) 100vw, 526px\" \/><\/a><\/p>\n<p>&nbsp;<\/p>\n<p>&nbsp;<\/p>\n<p>&nbsp;<\/p>\n<p><strong>Maria Jose Moyano Ponce este \u00a0candilazo . Muy bonito.<\/strong><\/p>\n<p>&nbsp;<\/p>\n<p>&nbsp;<\/p>\n<p>&nbsp;<\/p>\n<p><a href=\"https:\/\/blogs.diariosur.es\/tormentas-y-rayos\/2014\/12\/02\/prevision-del-tiempo-andalucia-posibles-chubascos-manana-miercoles-avance-del-tiempo-en-el-puente-de-la-inmaculada-y-constitucion-2014\/maria-jose-moyano-4\/\" rel=\"attachment wp-att-10431\"><img loading=\"lazy\" class=\"aligncenter size-medium wp-image-10431\" title=\"MARIA JOSE MOYANO\" src=\"\/tormentas-y-rayos\/wp-content\/uploads\/sites\/12\/2014\/12\/MARIA-JOSE-MOYANO.jpg\" alt=\"\" width=\"600\" height=\"337\" srcset=\"https:\/\/static-blogs.diariosur.es\/wp-content\/uploads\/sites\/12\/2014\/12\/MARIA-JOSE-MOYANO.jpg 1024w, https:\/\/static-blogs.diariosur.es\/wp-content\/uploads\/sites\/12\/2014\/12\/MARIA-JOSE-MOYANO-640x360.jpg 640w, https:\/\/static-blogs.diariosur.es\/wp-content\/uploads\/sites\/12\/2014\/12\/MARIA-JOSE-MOYANO-768x432.jpg 768w\" sizes=\"(max-width: 600px) 100vw, 600px\" \/><\/a><\/p>\n<p>&nbsp;<\/p>\n<p>&nbsp;<\/p>\n","protected":false},"excerpt":{"rendered":"<p>&nbsp; &nbsp; &nbsp; &nbsp; Buenos dias amigos de la meteo, son las seis de la ma\u00f1ana, registro 15 grados y los cielos andaluces\u00a0est\u00e1n\u00a0poco nubosos. Hoy bajaran las\u00a0m\u00e1ximas, y las \u00a0m\u00ednimas\u00a0la\u00a0pr\u00f3xima\u00a0madrugada. El viento de terral de oto\u00f1o y el poniente\u00a0seguir\u00e1n\u00a0 de\u00a0protagonistas hoy martes. Hoy estoy muy contento amigos, el Tiempo de la Primera Cadena de Televisi\u00f3n, [&hellip;]<\/p>\n","protected":false},"author":16,"featured_media":10432,"comment_status":"open","ping_status":"open","sticky":false,"template":"","format":"standard","meta":[],"categories":[2],"tags":[100,276,511,809,832,980],"_links":{"self":[{"href":"https:\/\/blogs.diariosur.es\/tormentas-y-rayos\/wp-json\/wp\/v2\/posts\/10425"}],"collection":[{"href":"https:\/\/blogs.diariosur.es\/tormentas-y-rayos\/wp-json\/wp\/v2\/posts"}],"about":[{"href":"https:\/\/blogs.diariosur.es\/tormentas-y-rayos\/wp-json\/wp\/v2\/types\/post"}],"author":[{"embeddable":true,"href":"https:\/\/blogs.diariosur.es\/tormentas-y-rayos\/wp-json\/wp\/v2\/users\/16"}],"replies":[{"embeddable":true,"href":"https:\/\/blogs.diariosur.es\/tormentas-y-rayos\/wp-json\/wp\/v2\/comments?post=10425"}],"version-history":[{"count":0,"href":"https:\/\/blogs.diariosur.es\/tormentas-y-rayos\/wp-json\/wp\/v2\/posts\/10425\/revisions"}],"wp:featuredmedia":[{"embeddable":true,"href":"https:\/\/blogs.diariosur.es\/tormentas-y-rayos\/wp-json\/wp\/v2\/media\/10432"}],"wp:attachment":[{"href":"https:\/\/blogs.diariosur.es\/tormentas-y-rayos\/wp-json\/wp\/v2\/media?parent=10425"}],"wp:term":[{"taxonomy":"category","embeddable":true,"href":"https:\/\/blogs.diariosur.es\/tormentas-y-rayos\/wp-json\/wp\/v2\/categories?post=10425"},{"taxonomy":"post_tag","embeddable":true,"href":"https:\/\/blogs.diariosur.es\/tormentas-y-rayos\/wp-json\/wp\/v2\/tags?post=10425"}],"curies":[{"name":"wp","href":"https:\/\/api.w.org\/{rel}","templated":true}]}}