{"id":10444,"date":"2014-12-04T09:06:52","date_gmt":"2014-12-04T08:06:52","guid":{"rendered":"http:\/\/blogs.diariosur.es\/tormentas-y-rayos\/?p=10444"},"modified":"2014-12-04T09:06:52","modified_gmt":"2014-12-04T08:06:52","slug":"prevision-del-tiempo-puente-de-la-constitucion-e-inmaculada-el-terral-de-otono-y-el-poniente-protagonistas-hoy-jueves-en-la-costa-mediterranea-andaluza","status":"publish","type":"post","link":"https:\/\/blogs.diariosur.es\/tormentas-y-rayos\/2014\/12\/04\/prevision-del-tiempo-puente-de-la-constitucion-e-inmaculada-el-terral-de-otono-y-el-poniente-protagonistas-hoy-jueves-en-la-costa-mediterranea-andaluza\/","title":{"rendered":"Previsi\u00f3n del tiempo Puente de la  Constituci\u00f3n e Inmaculada. El terral de oto\u00f1o y el poniente protagonistas hoy jueves en la Costa Mediterr\u00e1nea Andaluza."},"content":{"rendered":"<p>&nbsp;<\/p>\n<p><img loading=\"lazy\" class=\"aligncenter\" src=\"https:\/\/farm3.staticflickr.com\/2898\/14371881571_bbae3518b1_q.jpg\" alt=\"\" width=\"150\" height=\"150\" \/><\/p>\n<p>&nbsp;<\/p>\n<p>&nbsp;<\/p>\n<p>&nbsp;<\/p>\n<p>&nbsp;<\/p>\n<p>&nbsp;<\/p>\n<p><strong>Buenos\u00a0d\u00edas\u00a0amigos de la meteo, son las seis y media de la ma\u00f1ana, registro en mi estaci\u00f3n\u00a0<span style=\"color: #ff0000;\">11.5 grados, aunque en el Aeropuerto da 8.1<\/span>\u00a0, de momento es la\u00a0m\u00ednima\u00a0mas baja en lo que va de oto\u00f1o en M\u00e1laga Capital. Menos mal que no\u00a0corre\u00a0viento. Los\u00a0rel\u00e1mpagos\u00a0han sido protagonistas esta pasada madrugada<\/strong><\/p>\n<p><strong> La bolsa de aire fr\u00edo que esta afectando a Andaluc\u00eda, \u00a0poco a poco se traslada hacia el\u00a0Mediterr\u00e1neo. Aun hoy se pueden dar chubascos, pero\u00a0ser\u00e1n\u00a0mas probables por el\u00a0interior\u00a0de nuestra comunidad. En M\u00e1laga Capital el terral de oto\u00f1o y el poniente soplaran de flojos a moderados dentro de unas horas, esto\u00a0har\u00e1\u00a0que la sensaci\u00f3n\u00a0t\u00e9rmica\u00a0sea de mas fr\u00edo.<\/strong><\/p>\n<p>&nbsp;<\/p>\n<p><strong><em><span style=\"color: #0000ff;\">PREVISI\u00d3N DEL TIEMPO PUENTE DE LA CONSTITUCI\u00d3N E INMACULADA EN\u00a0ANDALUC\u00cdA.<\/span><\/em><\/strong><\/p>\n<p><em><strong><span style=\"color: #3366ff;\">El protagonista sera el anticicl\u00f3n de las Azores en Andaluc\u00eda y en buena parte de la\u00a0pen\u00ednsula. Sera la zona del Cantabrico y Pais Vasco donde el\u00a0s\u00e1bado\u00a0se\u00a0registraran\u00a0chubascos debido al viento del norte. Incluso la nieve puede\u00a0aparecer\u00a0a partir de 500 metros.<\/span><\/strong><\/em><\/p>\n<p><a href=\"https:\/\/blogs.diariosur.es\/tormentas-y-rayos\/2014\/12\/04\/prevision-del-tiempo-puente-de-la-constitucion-e-inmaculada-el-terral-de-otono-y-el-poniente-protagonistas-hoy-jueves-en-la-costa-mediterranea-andaluza\/potente-anticiclon\/\" rel=\"attachment wp-att-10451\"><img loading=\"lazy\" class=\"aligncenter size-medium wp-image-10451\" title=\"potente anticiclon\" src=\"\/tormentas-y-rayos\/wp-content\/uploads\/sites\/12\/2014\/12\/potente-anticiclon.jpg\" alt=\"\" width=\"546\" height=\"400\" srcset=\"https:\/\/static-blogs.diariosur.es\/wp-content\/uploads\/sites\/12\/2014\/12\/potente-anticiclon.jpg 775w, https:\/\/static-blogs.diariosur.es\/wp-content\/uploads\/sites\/12\/2014\/12\/potente-anticiclon-547x400.jpg 547w, https:\/\/static-blogs.diariosur.es\/wp-content\/uploads\/sites\/12\/2014\/12\/potente-anticiclon-768x562.jpg 768w\" sizes=\"(max-width: 546px) 100vw, 546px\" \/><\/a><\/p>\n<p>&nbsp;<\/p>\n<p><strong><em><span><span><span style=\"color: #ff0000;\">Bueno amigos, lo mas destacable del tiempo \u00a0para estos\u00a0d\u00edas\u00a0festivos en Andaluc\u00eda (para el que lo tenga jijijij ) sera que las\u00a0m\u00e1ximas\u00a0y las\u00a0m\u00ednimas\u00a0estar\u00e1n\u00a0mas acorde con las fechas que estamos, recordar que ya queda poco para que\u00a0comience\u00a0la\u00a0nueva estaci\u00f3n. Hay posibilidad de heladas en la provincia de Granada y de Ja\u00e9n. Las\u00a0m\u00e1ximas\u00a0en M\u00e1laga no creo que sobrepasen los 16 grados y las\u00a0m\u00ednimas\u00a0rondaran en la capital los 9.\u00a0<\/span><strong><em><span><span style=\"color: #ff0000;\">Seg\u00fan\u00a0los modelos no se esperan lluvias en Andaluc\u00eda.<\/span><\/span><\/em><\/strong><\/span><\/span><\/em><\/strong><\/p>\n<p><strong><em><span><span><span style=\"color: #ff0000;\">De todas formas iremos ampliando esta informaci\u00f3n todos los\u00a0d\u00edas, sobre todo para el lunes dia 8 que cambiara a levante y puede traer nubosidad.\u00a0<\/span><\/span><\/span><\/em><\/strong><\/p>\n<p><strong>Os dejo un momento y tiro para la playa para fotografiar el amanecer.<\/strong><\/p>\n<p><strong>Ya de vuelta amigos, hoy mas regular que ayer, soso, soso, jijiji.\u00a0<\/strong><\/p>\n<p>&nbsp;<\/p>\n<p><a href=\"https:\/\/blogs.diariosur.es\/tormentas-y-rayos\/2014\/12\/04\/prevision-del-tiempo-puente-de-la-constitucion-e-inmaculada-el-terral-de-otono-y-el-poniente-protagonistas-hoy-jueves-en-la-costa-mediterranea-andaluza\/_dsc6401\/\" rel=\"attachment wp-att-10452\"><img loading=\"lazy\" class=\"aligncenter size-full wp-image-10452\" title=\"_DSC6401\" src=\"\/tormentas-y-rayos\/wp-content\/uploads\/sites\/12\/2014\/12\/DSC6401.jpg\" alt=\"\" width=\"640\" height=\"427\" srcset=\"https:\/\/static-blogs.diariosur.es\/wp-content\/uploads\/sites\/12\/2014\/12\/DSC6401.jpg 640w, https:\/\/static-blogs.diariosur.es\/wp-content\/uploads\/sites\/12\/2014\/12\/DSC6401-600x400.jpg 600w\" sizes=\"(max-width: 640px) 100vw, 640px\" \/><\/a><\/p>\n<p>&nbsp;<\/p>\n<p>&nbsp;<\/p>\n<p>&nbsp;<\/p>\n<p>&nbsp;<\/p>\n<p>&nbsp;<\/p>\n<p>&nbsp;<\/p>\n<p>&nbsp;<\/p>\n<p><strong>Os hago un peque\u00f1o resumen de ayer.<\/strong><\/p>\n<p><strong>Se cumplieron todos \u00a0los pron\u00f3sticos que daba en el post, y la bolsa de aire fr\u00edo fue la protagonista tanto en la Costa\u00a0Mediterr\u00e1nea\u00a0Andaluza con en el interior, ya que tambi\u00e9n hubo tormentas.<\/strong><\/p>\n<p><strong>Sobre las once y media tire para el Espig\u00f3n de la T\u00e9rmica, hacia el oeste se empezaba a poner el cielo negro. A las doce y cuarto me caian las primeras gotas y escuchaba truenos a lo lejos.<\/strong><\/p>\n<p>&nbsp;<\/p>\n<p>&nbsp;<\/p>\n<p>&nbsp;<\/p>\n<p><img loading=\"lazy\" class=\"aligncenter\" src=\"https:\/\/farm8.staticflickr.com\/7550\/15935750641_275be3808c_z.jpg\" alt=\"\" width=\"640\" height=\"427\" \/><\/p>\n<p>&nbsp;<\/p>\n<p>&nbsp;<\/p>\n<p><img loading=\"lazy\" class=\"aligncenter\" src=\"https:\/\/farm8.staticflickr.com\/7535\/15751672659_ba1bd4153d_z.jpg\" alt=\"\" width=\"640\" height=\"427\" \/><\/p>\n<p>&nbsp;<\/p>\n<p>&nbsp;<\/p>\n<p>&nbsp;<\/p>\n<p><img loading=\"lazy\" class=\"aligncenter\" src=\"https:\/\/farm8.staticflickr.com\/7572\/15751966187_3eb5699108_z.jpg\" alt=\"\" width=\"640\" height=\"427\" \/><\/p>\n<p>&nbsp;<\/p>\n<p>&nbsp;<\/p>\n<p><img loading=\"lazy\" class=\"aligncenter\" src=\"https:\/\/farm9.staticflickr.com\/8574\/15935750101_5cfcee9c86_z.jpg\" alt=\"\" width=\"640\" height=\"427\" \/><\/p>\n<p>&nbsp;<\/p>\n<p>&nbsp;<\/p>\n<p><strong>En la zona de Estepona y Marbella la tormenta era la protagonista. <\/strong><\/p>\n<p><strong>Nuevamente por la tarde noche, una nueva tormenta acompa\u00f1ada de granizos se registro en Estepona y zonas cercanas. Sobre las diez de la noche y hasta bien entrada la madrugada, las tormentas se\u00a0pasearon\u00a0frente al litoral malague\u00f1o.<\/strong><\/p>\n<p><strong>Mi amigo David Mancebo antes de entrar al curro, fotografio la tormenta. Preciosa foto .<\/strong><\/p>\n<p>&nbsp;<\/p>\n<p><a href=\"https:\/\/blogs.diariosur.es\/tormentas-y-rayos\/2014\/12\/04\/prevision-del-tiempo-puente-de-la-constitucion-e-inmaculada-el-terral-de-otono-y-el-poniente-protagonistas-hoy-jueves-en-la-costa-mediterranea-andaluza\/10847154_810007469063023_5870056404706465480_o\/\" rel=\"attachment wp-att-10453\"><img loading=\"lazy\" class=\"aligncenter size-full wp-image-10453\" title=\"10847154_810007469063023_5870056404706465480_o\" src=\"\/tormentas-y-rayos\/wp-content\/uploads\/sites\/12\/2014\/12\/10847154_810007469063023_5870056404706465480_o.jpg\" alt=\"\" width=\"640\" height=\"425\" srcset=\"https:\/\/static-blogs.diariosur.es\/wp-content\/uploads\/sites\/12\/2014\/12\/10847154_810007469063023_5870056404706465480_o.jpg 640w, https:\/\/static-blogs.diariosur.es\/wp-content\/uploads\/sites\/12\/2014\/12\/10847154_810007469063023_5870056404706465480_o-602x400.jpg 602w\" sizes=\"(max-width: 640px) 100vw, 640px\" \/><\/a><\/p>\n<p>&nbsp;<\/p>\n<p>&nbsp;<\/p>\n<p><a href=\"https:\/\/blogs.diariosur.es\/tormentas-y-rayos\/2014\/12\/04\/prevision-del-tiempo-puente-de-la-constitucion-e-inmaculada-el-terral-de-otono-y-el-poniente-protagonistas-hoy-jueves-en-la-costa-mediterranea-andaluza\/rayos-19\/\" rel=\"attachment wp-att-10450\"><img loading=\"lazy\" class=\"aligncenter size-medium wp-image-10450\" title=\"rayos\" src=\"\/tormentas-y-rayos\/wp-content\/uploads\/sites\/12\/2014\/12\/rayos.jpg\" alt=\"\" width=\"461\" height=\"400\" srcset=\"https:\/\/static-blogs.diariosur.es\/wp-content\/uploads\/sites\/12\/2014\/12\/rayos.jpg 747w, https:\/\/static-blogs.diariosur.es\/wp-content\/uploads\/sites\/12\/2014\/12\/rayos-462x400.jpg 462w\" sizes=\"(max-width: 461px) 100vw, 461px\" \/><\/a><\/p>\n<p>&nbsp;<\/p>\n<p><strong>Estos fueron \u00a0los datos mas destacados de ayer.<\/strong><\/p>\n<p>&nbsp;<\/p>\n<p><a href=\"https:\/\/blogs.diariosur.es\/tormentas-y-rayos\/2014\/12\/04\/prevision-del-tiempo-puente-de-la-constitucion-e-inmaculada-el-terral-de-otono-y-el-poniente-protagonistas-hoy-jueves-en-la-costa-mediterranea-andaluza\/datos-5\/\" rel=\"attachment wp-att-10445\"><img loading=\"lazy\" class=\"aligncenter size-medium wp-image-10445\" title=\"datos\" src=\"\/tormentas-y-rayos\/wp-content\/uploads\/sites\/12\/2014\/12\/datos.jpg\" alt=\"\" width=\"520\" height=\"400\" srcset=\"https:\/\/static-blogs.diariosur.es\/wp-content\/uploads\/sites\/12\/2014\/12\/datos.jpg 805w, https:\/\/static-blogs.diariosur.es\/wp-content\/uploads\/sites\/12\/2014\/12\/datos-520x400.jpg 520w, https:\/\/static-blogs.diariosur.es\/wp-content\/uploads\/sites\/12\/2014\/12\/datos-768x591.jpg 768w\" sizes=\"(max-width: 520px) 100vw, 520px\" \/><\/a><\/p>\n<p>&nbsp;<\/p>\n<p>&nbsp;<\/p>\n<p><strong>Os pongo las fotos que me\u00a0hab\u00e9is\u00a0mandado. Son todas \u00a0preciosas amig@s, unos fotones.<\/strong><\/p>\n<p>&nbsp;<\/p>\n<p><strong>Ana Sanchez Martin<\/strong><\/p>\n<p>&nbsp;<\/p>\n<p><a href=\"https:\/\/blogs.diariosur.es\/tormentas-y-rayos\/2014\/12\/04\/prevision-del-tiempo-puente-de-la-constitucion-e-inmaculada-el-terral-de-otono-y-el-poniente-protagonistas-hoy-jueves-en-la-costa-mediterranea-andaluza\/ana-sanchez-martin-2\/\" rel=\"attachment wp-att-10446\"><img loading=\"lazy\" class=\"aligncenter size-full wp-image-10446\" title=\"ana sanchez martin\" src=\"\/tormentas-y-rayos\/wp-content\/uploads\/sites\/12\/2014\/12\/ana-sanchez-martin.jpg\" alt=\"\" width=\"640\" height=\"282\" \/><\/a><\/p>\n<p>&nbsp;<\/p>\n<p>&nbsp;<\/p>\n<p><strong>German Moreno<\/strong><\/p>\n<p>&nbsp;<\/p>\n<p><a href=\"https:\/\/blogs.diariosur.es\/tormentas-y-rayos\/2014\/12\/04\/prevision-del-tiempo-puente-de-la-constitucion-e-inmaculada-el-terral-de-otono-y-el-poniente-protagonistas-hoy-jueves-en-la-costa-mediterranea-andaluza\/german-moreno-2\/\" rel=\"attachment wp-att-10448\"><img loading=\"lazy\" class=\"aligncenter size-full wp-image-10448\" title=\"german moreno\" src=\"\/tormentas-y-rayos\/wp-content\/uploads\/sites\/12\/2014\/12\/german-moreno1.jpg\" alt=\"\" width=\"640\" height=\"427\" srcset=\"https:\/\/static-blogs.diariosur.es\/wp-content\/uploads\/sites\/12\/2014\/12\/german-moreno1.jpg 640w, https:\/\/static-blogs.diariosur.es\/wp-content\/uploads\/sites\/12\/2014\/12\/german-moreno1-600x400.jpg 600w\" sizes=\"(max-width: 640px) 100vw, 640px\" \/><\/a><\/p>\n<p>&nbsp;<\/p>\n<p>&nbsp;<\/p>\n<p><strong>Jose Torres Ruiz.<\/strong><\/p>\n<p>&nbsp;<\/p>\n<p>&nbsp;<\/p>\n<p><a href=\"https:\/\/blogs.diariosur.es\/tormentas-y-rayos\/2014\/12\/04\/prevision-del-tiempo-puente-de-la-constitucion-e-inmaculada-el-terral-de-otono-y-el-poniente-protagonistas-hoy-jueves-en-la-costa-mediterranea-andaluza\/jose-torres-ruiz-3\/\" rel=\"attachment wp-att-10449\"><img loading=\"lazy\" class=\"aligncenter size-full wp-image-10449\" title=\"jose torres ruiz\" src=\"\/tormentas-y-rayos\/wp-content\/uploads\/sites\/12\/2014\/12\/jose-torres-ruiz.jpg\" alt=\"\" width=\"640\" height=\"360\" \/><\/a><\/p>\n<p>&nbsp;<\/p>\n<p>&nbsp;<\/p>\n<p>&nbsp;<\/p>\n","protected":false},"excerpt":{"rendered":"<p>&nbsp; &nbsp; &nbsp; &nbsp; &nbsp; &nbsp; Buenos\u00a0d\u00edas\u00a0amigos de la meteo, son las seis y media de la ma\u00f1ana, registro en mi estaci\u00f3n\u00a011.5 grados, aunque en el Aeropuerto da 8.1\u00a0, de momento es la\u00a0m\u00ednima\u00a0mas baja en lo que va de oto\u00f1o en M\u00e1laga Capital. Menos mal que no\u00a0corre\u00a0viento. Los\u00a0rel\u00e1mpagos\u00a0han sido protagonistas esta pasada madrugada La bolsa [&hellip;]<\/p>\n","protected":false},"author":16,"featured_media":10451,"comment_status":"open","ping_status":"open","sticky":false,"template":"","format":"standard","meta":[],"categories":[2],"tags":[276,511,809,832,980],"_links":{"self":[{"href":"https:\/\/blogs.diariosur.es\/tormentas-y-rayos\/wp-json\/wp\/v2\/posts\/10444"}],"collection":[{"href":"https:\/\/blogs.diariosur.es\/tormentas-y-rayos\/wp-json\/wp\/v2\/posts"}],"about":[{"href":"https:\/\/blogs.diariosur.es\/tormentas-y-rayos\/wp-json\/wp\/v2\/types\/post"}],"author":[{"embeddable":true,"href":"https:\/\/blogs.diariosur.es\/tormentas-y-rayos\/wp-json\/wp\/v2\/users\/16"}],"replies":[{"embeddable":true,"href":"https:\/\/blogs.diariosur.es\/tormentas-y-rayos\/wp-json\/wp\/v2\/comments?post=10444"}],"version-history":[{"count":0,"href":"https:\/\/blogs.diariosur.es\/tormentas-y-rayos\/wp-json\/wp\/v2\/posts\/10444\/revisions"}],"wp:featuredmedia":[{"embeddable":true,"href":"https:\/\/blogs.diariosur.es\/tormentas-y-rayos\/wp-json\/wp\/v2\/media\/10451"}],"wp:attachment":[{"href":"https:\/\/blogs.diariosur.es\/tormentas-y-rayos\/wp-json\/wp\/v2\/media?parent=10444"}],"wp:term":[{"taxonomy":"category","embeddable":true,"href":"https:\/\/blogs.diariosur.es\/tormentas-y-rayos\/wp-json\/wp\/v2\/categories?post=10444"},{"taxonomy":"post_tag","embeddable":true,"href":"https:\/\/blogs.diariosur.es\/tormentas-y-rayos\/wp-json\/wp\/v2\/tags?post=10444"}],"curies":[{"name":"wp","href":"https:\/\/api.w.org\/{rel}","templated":true}]}}