{"id":10474,"date":"2014-12-06T10:09:26","date_gmt":"2014-12-06T09:09:26","guid":{"rendered":"http:\/\/blogs.diariosur.es\/tormentas-y-rayos\/?p=10474"},"modified":"2014-12-06T10:09:26","modified_gmt":"2014-12-06T09:09:26","slug":"actualizacion-sabado-viento-del-norte-prevision-del-tiempo-puente-de-la-constitucion-e-inmaculada-impresionante-montana-de-cerveza-en-alta-mar","status":"publish","type":"post","link":"https:\/\/blogs.diariosur.es\/tormentas-y-rayos\/2014\/12\/06\/actualizacion-sabado-viento-del-norte-prevision-del-tiempo-puente-de-la-constitucion-e-inmaculada-impresionante-montana-de-cerveza-en-alta-mar\/","title":{"rendered":"Actualizaci\u00f3n S\u00e1bado ( viento del norte, poniente, terral de oto\u00f1o). Previsi\u00f3n del tiempo Puente de la Constituci\u00f3n e Inmaculada. Impresionante monta\u00f1a de cerveza en alta mar."},"content":{"rendered":"<p style=\"text-align: center;\"><img loading=\"lazy\" class=\"aligncenter\" src=\"https:\/\/farm3.staticflickr.com\/2898\/14371881571_bbae3518b1_q.jpg\" alt=\"\" width=\"150\" height=\"150\" \/><\/p>\n<p>&nbsp;<\/p>\n<p>&nbsp;<\/p>\n<p>&nbsp;<\/p>\n<p><span style=\"color: #ff0000;\"><strong>\u00a0ACTUALIZACI\u00d3N\u00a0S\u00c1BADO\u00a06 DE DICIEMBRE.<\/strong><\/span><\/p>\n<p><span style=\"color: #0000ff;\"><strong>Buenos dias amigos de la meteo, solo comentaros que la\u00a0m\u00ednima\u00a0de hoy ha sido mas alta que la que se dio ayer. En cambio en otras zonas de Andaluc\u00eda han bajado mas. En el Aeropuerto de Granada han registrado menos 2.7 grados bajo cero. Os paso los datos mas destacados de esta madrugada en cuanto a temperaturas.<\/strong><\/span><\/p>\n<p>&nbsp;<\/p>\n<p><a href=\"https:\/\/blogs.diariosur.es\/tormentas-y-rayos\/2014\/12\/06\/actualizacion-sabado-viento-del-norte-prevision-del-tiempo-puente-de-la-constitucion-e-inmaculada-impresionante-montana-de-cerveza-en-alta-mar\/frio-8\/\" rel=\"attachment wp-att-10478\"><img loading=\"lazy\" class=\"aligncenter size-large wp-image-10478\" title=\"frio\" src=\"\/tormentas-y-rayos\/wp-content\/uploads\/sites\/12\/2014\/12\/frio.jpg\" alt=\"\" width=\"600\" height=\"600\" srcset=\"https:\/\/static-blogs.diariosur.es\/wp-content\/uploads\/sites\/12\/2014\/12\/frio.jpg 807w, https:\/\/static-blogs.diariosur.es\/wp-content\/uploads\/sites\/12\/2014\/12\/frio-150x150.jpg 150w, https:\/\/static-blogs.diariosur.es\/wp-content\/uploads\/sites\/12\/2014\/12\/frio-400x400.jpg 400w, https:\/\/static-blogs.diariosur.es\/wp-content\/uploads\/sites\/12\/2014\/12\/frio-768x767.jpg 768w\" sizes=\"(max-width: 600px) 100vw, 600px\" \/><\/a><\/p>\n<p><span style=\"color: #0000ff;\"><strong>El viento del norte ( poniente, terral de oto\u00f1o seg\u00fan las zonas) \u00a0soplara de flojo a moderado, tanto hoy como ma\u00f1ana domingo, sinceramente hoy esperaba calma, pero la meteo es asi. Al soplar este viento del norte&#8230;&#8230; \u00a0notaremos un poco mas de fr\u00edo, esto se debera a la sensaci\u00f3n\u00a0t\u00e9rmica. De todas formas el dia invitara a pasear mirando al mar. Poco mas que contar, en unos minutos tiro para Torre de Benagalb\u00f3n, ya os\u00a0pondr\u00e9\u00a0en facebook algunas fotos.<\/strong><\/span><\/p>\n<p>&nbsp;<\/p>\n<p><span style=\"color: #ff0000;\"><strong>FOTO TOMADA EL 29 DE NOVIEMBRE<\/strong><\/span><\/p>\n<p>&nbsp;<\/p>\n<p>&nbsp;<\/p>\n<p>&nbsp;<\/p>\n<p>&nbsp;<\/p>\n<p>&nbsp;<\/p>\n<p>&nbsp;<\/p>\n<p><img loading=\"lazy\" class=\"aligncenter\" src=\"https:\/\/farm8.staticflickr.com\/7533\/15955775371_237e73678b_z.jpg\" alt=\"\" width=\"640\" height=\"427\" \/><\/p>\n<p><strong>Buenos d\u00edas amigos de la meteo. Son las seis de la ma\u00f1ana, registro 11. 4 grados y los cielos andaluces est\u00e1n despejados. En el Aeropuerto Malague\u00f1o registra 7.4 . nuevamente es la\u00a0m\u00ednima\u00a0mas baja en lo que va de oto\u00f1o,\u00a0( \u00a0reedito \u00a06.7 grados a las siete ). Hoy seguira soplando de flojo a moderado el terral de oto\u00f1o y el poniente en el litoral\u00a0mediterr\u00e1neo\u00a0andaluz. Ma\u00f1ana\u00a0s\u00e1bado\u00a0los paseos\u00a0mar\u00edtimos\u00a0se llenaran, ya que espero que apenas sople viento.\u00a0<\/strong><\/p>\n<p>&nbsp;<\/p>\n<p><strong>La madrugada del domingo sera y si nada cambia la mas fr\u00eda en la\u00a0pen\u00ednsula\u00a0en lo que va de oto\u00f1o. Las heladas\u00a0ser\u00e1n\u00a0las protagonistas.\u00a0<\/strong><\/p>\n<p><strong>Otro dato a destacar es la presi\u00f3n, se nota que el potente anticicl\u00f3n de las Azores llega hasta nosotros. Fuente aemet.<\/strong><\/p>\n<p style=\"text-align: center;\"><a href=\"https:\/\/blogs.diariosur.es\/tormentas-y-rayos\/2014\/12\/05\/prevision-del-tiempo-puente-de-la-constitucion-e-inmaculada-andalucia-impresionante-foto-de-una-montana-de-cerveza-en-alta-mar-jijijiji\/ggg-4\/\" rel=\"attachment wp-att-10467\"><img loading=\"lazy\" class=\"aligncenter\" title=\"ggg\" src=\"\/tormentas-y-rayos\/wp-content\/uploads\/sites\/12\/2014\/12\/ggg.jpg\" alt=\"\" width=\"600\" height=\"254\" \/><\/a><a href=\"https:\/\/blogs.diariosur.es\/tormentas-y-rayos\/2014\/12\/05\/prevision-del-tiempo-puente-de-la-constitucion-e-inmaculada-andalucia-impresionante-foto-de-una-montana-de-cerveza-en-alta-mar-jijijiji\/presion-10\/\" rel=\"attachment wp-att-10468\"><img loading=\"lazy\" title=\"presi\u00f3n\" src=\"\/tormentas-y-rayos\/wp-content\/uploads\/sites\/12\/2014\/12\/presi\u00f3n.jpg\" alt=\"\" width=\"600\" height=\"250\" \/><\/a><\/p>\n<p>&nbsp;<\/p>\n<p><strong>Fijaros hace una semana \u00a0la\u00a0presi\u00f3n\u00a0que\u00a0ten\u00edamos.<\/strong><\/p>\n<p style=\"text-align: center;\"><a href=\"https:\/\/blogs.diariosur.es\/tormentas-y-rayos\/2014\/12\/05\/prevision-del-tiempo-puente-de-la-constitucion-e-inmaculada-andalucia-impresionante-foto-de-una-montana-de-cerveza-en-alta-mar-jijijiji\/presion-viernes-600x254\/\" rel=\"attachment wp-att-10469\"><img loading=\"lazy\" class=\"aligncenter\" title=\"presion-viernes-600x254\" src=\"\/tormentas-y-rayos\/wp-content\/uploads\/sites\/12\/2014\/12\/presion-viernes.jpg\" alt=\"\" width=\"600\" height=\"254\" \/><\/a><\/p>\n<p>&nbsp;<\/p>\n<p>&nbsp;<\/p>\n<p>&nbsp;<\/p>\n<p><em><strong><a href=\"https:\/\/www.flickr.com\/photos\/jose_luis_escudero\/\" rel=\"external nofollow\">\u00a0GALER\u00cdA DE FOTOS JOSE LUIS ESCUDERO. ACTUALIZADA<\/a><\/strong><\/em><\/p>\n<p>&nbsp;<\/p>\n<p>&nbsp;<\/p>\n<p><em><strong>PREVISI\u00d3N DEL TIEMPO PUENTE DE LA CONSTITUCI\u00d3N E INMACULADA<\/strong><\/em><\/p>\n<p>&nbsp;<\/p>\n<p><strong>Amplio un poco la previsi\u00f3n que daba ayer jueves :<\/strong><\/p>\n<p><em><strong>El protagonista sera el anticicl\u00f3n de las Azores en Andaluc\u00eda y en buena parte de la\u00a0pen\u00ednsula. Sera la zona del\u00a0Cant\u00e1brico, \u00a0Pa\u00eds\u00a0Vasco y \u00a0Pirineos, donde el\u00a0s\u00e1bado \u00a0y el domingo se\u00a0registraran\u00a0chubascos debido al viento del norte. La borrasca centrada cerca del Golfo de Le\u00f3n y el potente anticicl\u00f3n,\u00a0har\u00e1n\u00a0que los vientos soplen fuertes en Arag\u00f3n, Catalu\u00f1a y Baleares.\u00a0<\/strong><\/em><\/p>\n<p>&nbsp;<\/p>\n<p><em><strong>\u00a0Incluso la\u00a0nieve puede\u00a0aparecer\u00a0a partir de 800 metros en el\u00a0Cant\u00e1brico.\u00a0<\/strong><\/em><\/p>\n<p>&nbsp;<\/p>\n<p>&nbsp;<\/p>\n<p><strong><em>Bueno amigos, lo mas destacable del tiempo \u00a0para estos\u00a0d\u00edas\u00a0festivos en Andaluc\u00eda (para el que lo tenga jijijij ) sera que las\u00a0m\u00e1ximas\u00a0y las\u00a0m\u00ednimas\u00a0estar\u00e1n\u00a0mas acorde con las fechas que estamos, recordar que ya queda poco para que\u00a0comience\u00a0la\u00a0nueva estaci\u00f3n. Hay posibilidad de heladas en la provincia de Granada y de Ja\u00e9n. Las\u00a0m\u00e1ximas\u00a0en M\u00e1laga no creo que sobrepasen los 16 grados y las\u00a0m\u00ednimas\u00a0rondaran en la capital los 9.\u00a0<strong><em>Seg\u00fan\u00a0los modelos no se esperan lluvias en Andaluc\u00eda.<\/em><\/strong><\/em><\/strong><\/p>\n<p><strong><em>De todas formas iremos ampliando esta informaci\u00f3n todos los\u00a0d\u00edas, sobre todo para el lunes dia 8 que cambiara a levante y puede traer nubosidad. )<\/em><\/strong><\/p>\n<p><strong>Solo comentaros que todo sigue igual, simplemente\u00a0estar\u00e9\u00a0pendiente al cambio de viento que se pueda dar en la madrugada del lunes. Al cambiar a levante, puede traer nubes bajas, que como todos\u00a0sab\u00e9is\u00a0pueden dejar escapar algunas\u00a0gotas en alg\u00fan punto del litoral\u00a0mediterr\u00e1neo\u00a0andaluz a primera hora de la ma\u00f1ana o de madrugada.\u00a0<\/strong><\/p>\n<p>&nbsp;<\/p>\n<p>&nbsp;<\/p>\n<p><strong>Os hago un peque\u00f1o resumen de ayer.<\/strong><\/p>\n<p><strong>La\u00a0m\u00e1xima\u00a0de M\u00e1laga Capital fue de 19.1 grados, en ning\u00fan sitio de Andaluc\u00eda se llego a los veinte.<\/strong><\/p>\n<p>&nbsp;<\/p>\n<p>&nbsp;<\/p>\n<p style=\"text-align: center;\"><a href=\"https:\/\/blogs.diariosur.es\/tormentas-y-rayos\/2014\/12\/05\/prevision-del-tiempo-puente-de-la-constitucion-e-inmaculada-andalucia-impresionante-foto-de-una-montana-de-cerveza-en-alta-mar-jijijiji\/mmmmm-6\/\" rel=\"attachment wp-att-10466\"><img loading=\"lazy\" class=\"aligncenter\" title=\"mmmmm\" src=\"\/tormentas-y-rayos\/wp-content\/uploads\/sites\/12\/2014\/12\/mmmmm.jpg\" alt=\"\" width=\"600\" height=\"152\" \/><\/a><\/p>\n<p><strong>A las ocho menos cuarto llegue al espig\u00f3n de la\u00a0t\u00e9rmica. La humedad era muy alta y la sensaci\u00f3n de frio tambi\u00e9n.<\/strong><\/p>\n<p>&nbsp;<\/p>\n<p>&nbsp;<\/p>\n<p style=\"text-align: center;\"><img loading=\"lazy\" class=\"aligncenter\" src=\"https:\/\/farm9.staticflickr.com\/8565\/15760836987_4cbe56a909_z.jpg\" alt=\"\" width=\"640\" height=\"427\" \/><\/p>\n<p>&nbsp;<\/p>\n<p><strong>Sobre las diez y media llegue a la playa de la misericordia. En esos momentos no soplaba apenas aire y se estaba muy bien.<\/strong><\/p>\n<p>&nbsp;<\/p>\n<p>&nbsp;<\/p>\n<p style=\"text-align: center;\"><a href=\"https:\/\/blogs.diariosur.es\/tormentas-y-rayos\/2014\/12\/05\/prevision-del-tiempo-puente-de-la-constitucion-e-inmaculada-andalucia-impresionante-foto-de-una-montana-de-cerveza-en-alta-mar-jijijiji\/_dsc6404\/\" rel=\"attachment wp-att-10456\"><img loading=\"lazy\" class=\"aligncenter\" title=\"_DSC6404\" src=\"\/tormentas-y-rayos\/wp-content\/uploads\/sites\/12\/2014\/12\/DSC6404.jpg\" alt=\"\" width=\"640\" height=\"427\" \/><\/a><\/p>\n<p>&nbsp;<\/p>\n<p>&nbsp;<\/p>\n<p>&nbsp;<\/p>\n<p><strong>Saliendo de la playa, me\u00a0encontr\u00e9\u00a0con una sorpresa, una vanessa cardu\u00a0revoloteaba\u00a0por esa zona.<\/strong><\/p>\n<p>&nbsp;<\/p>\n<p>&nbsp;<\/p>\n<p style=\"text-align: center;\"><a href=\"https:\/\/blogs.diariosur.es\/tormentas-y-rayos\/2014\/12\/05\/prevision-del-tiempo-puente-de-la-constitucion-e-inmaculada-andalucia-impresionante-foto-de-una-montana-de-cerveza-en-alta-mar-jijijiji\/_dsc6418\/\" rel=\"attachment wp-att-10457\"><img loading=\"lazy\" class=\"aligncenter\" title=\"_DSC6418\" src=\"\/tormentas-y-rayos\/wp-content\/uploads\/sites\/12\/2014\/12\/DSC6418.jpg\" alt=\"\" width=\"640\" height=\"498\" \/><\/a><\/p>\n<p>&nbsp;<\/p>\n<p><strong>Sobre las dos de la tarde, los c\u00famulos fractus eran los protagonistas.<\/strong><\/p>\n<p>&nbsp;<\/p>\n<p>&nbsp;<\/p>\n<p style=\"text-align: center;\"><a href=\"https:\/\/blogs.diariosur.es\/tormentas-y-rayos\/2014\/12\/05\/prevision-del-tiempo-puente-de-la-constitucion-e-inmaculada-andalucia-impresionante-foto-de-una-montana-de-cerveza-en-alta-mar-jijijiji\/_dsc6423\/\" rel=\"attachment wp-att-10461\"><img loading=\"lazy\" class=\"aligncenter\" title=\"_DSC6423\" src=\"\/tormentas-y-rayos\/wp-content\/uploads\/sites\/12\/2014\/12\/DSC6423.jpg\" alt=\"\" width=\"640\" height=\"427\" \/><\/a><\/p>\n<p>&nbsp;<\/p>\n<p><strong>\u00a0<\/strong><\/p>\n<p>&nbsp;<\/p>\n<p><strong>Poco mas que contar amigos, sobre las siete de la noche \u00a0empez\u00f3\u00a0a bajar la temperatura, que unido al viento de terral de oto\u00f1o la sensaci\u00f3n era de 10 grados.<\/strong><\/p>\n<p>&nbsp;<\/p>\n<p>&nbsp;<\/p>\n<p><strong>Os pongo algunas fotos que me\u00a0hab\u00e9is\u00a0mandado.<\/strong><\/p>\n<p>&nbsp;<\/p>\n<p><strong>\u00c1lvaro Gordillo, nos manda esta preciosa foto de niebla desde Benaoj\u00e1n.<\/strong><\/p>\n<p>&nbsp;<\/p>\n<p>&nbsp;<\/p>\n<p style=\"text-align: center;\"><a href=\"https:\/\/blogs.diariosur.es\/tormentas-y-rayos\/2014\/12\/05\/prevision-del-tiempo-puente-de-la-constitucion-e-inmaculada-andalucia-impresionante-foto-de-una-montana-de-cerveza-en-alta-mar-jijijiji\/10847940_977580068922979_4429520208387835924_n-2\/\" rel=\"attachment wp-att-10471\"><img loading=\"lazy\" class=\"aligncenter\" title=\"10847940_977580068922979_4429520208387835924_n\" src=\"\/tormentas-y-rayos\/wp-content\/uploads\/sites\/12\/2014\/12\/10847940_977580068922979_4429520208387835924_n1.jpg\" alt=\"\" width=\"640\" height=\"640\" \/><\/a><\/p>\n<p>&nbsp;<\/p>\n<p>&nbsp;<\/p>\n<p>&nbsp;<\/p>\n<p><strong>Preciosa foto de Jose Luis Gil, \u00a0cuando\u00a0empez\u00f3\u00a0 a soplar el poniente en Marbella sobre el\u00a0mediod\u00eda.\u00a0<\/strong><\/p>\n<p>&nbsp;<\/p>\n<p>&nbsp;<\/p>\n<p style=\"text-align: center;\"><a href=\"https:\/\/blogs.diariosur.es\/tormentas-y-rayos\/2014\/12\/05\/prevision-del-tiempo-puente-de-la-constitucion-e-inmaculada-andalucia-impresionante-foto-de-una-montana-de-cerveza-en-alta-mar-jijijiji\/10548177_10204270285230247_2858121111499882476_o\/\" rel=\"attachment wp-att-10458\"><img loading=\"lazy\" class=\"aligncenter\" title=\"10548177_10204270285230247_2858121111499882476_o\" src=\"\/tormentas-y-rayos\/wp-content\/uploads\/sites\/12\/2014\/12\/10548177_10204270285230247_2858121111499882476_o.jpg\" alt=\"\" width=\"640\" height=\"360\" \/><\/a><\/p>\n<p>&nbsp;<\/p>\n<p><strong>\u00a0Desde la playa de la Cortadura en C\u00e1diz, mi amiga Eva Casta\u00f1o me manda estos fotones. Impresionante la de la espuma.<\/strong><\/p>\n<p>&nbsp;<\/p>\n<p style=\"text-align: center;\"><a href=\"https:\/\/blogs.diariosur.es\/tormentas-y-rayos\/2014\/12\/05\/prevision-del-tiempo-puente-de-la-constitucion-e-inmaculada-andalucia-impresionante-foto-de-una-montana-de-cerveza-en-alta-mar-jijijiji\/eva\/\" rel=\"attachment wp-att-10464\"><img loading=\"lazy\" class=\"aligncenter\" title=\"eva\" src=\"\/tormentas-y-rayos\/wp-content\/uploads\/sites\/12\/2014\/12\/eva.jpg\" alt=\"\" width=\"640\" height=\"480\" \/><\/a><\/p>\n<p>&nbsp;<\/p>\n<p>&nbsp;<\/p>\n<p style=\"text-align: center;\"><a href=\"https:\/\/blogs.diariosur.es\/tormentas-y-rayos\/2014\/12\/05\/prevision-del-tiempo-puente-de-la-constitucion-e-inmaculada-andalucia-impresionante-foto-de-una-montana-de-cerveza-en-alta-mar-jijijiji\/evaa\/\" rel=\"attachment wp-att-10465\"><img loading=\"lazy\" class=\"aligncenter\" title=\"evaa\" src=\"\/tormentas-y-rayos\/wp-content\/uploads\/sites\/12\/2014\/12\/evaa.jpg\" alt=\"\" width=\"480\" height=\"640\" \/><\/a><\/p>\n<p>&nbsp;<\/p>\n<p>&nbsp;<\/p>\n<p>&nbsp;<\/p>\n<p>&nbsp;<\/p>\n<p>&nbsp;<\/p>\n<p>&nbsp;<\/p>\n<p><strong>Por ultimo os paso la foto de mi amigo Bernabe \u00a0de la Rosa, el dia pasado\u00a0coincidimos\u00a0a las ocho de la ma\u00f1ana fotografiando el amanecer. Como todos\u00a0sab\u00e9is, Bernabe \u00a0se ba\u00f1a todo los dias del a\u00f1o. Hoy he recibido un correo\u00a0coment\u00e1ndome\u00a0que\u00a0la\u00a0temperatura del agua esta 16 grados.\u00a0<\/strong><\/p>\n<p>&nbsp;<\/p>\n<p><a href=\"https:\/\/blogs.diariosur.es\/tormentas-y-rayos\/2014\/12\/06\/actualizacion-sabado-viento-del-norte-prevision-del-tiempo-puente-de-la-constitucion-e-inmaculada-impresionante-montana-de-cerveza-en-alta-mar\/o-5\/\" rel=\"attachment wp-att-10477\"><img loading=\"lazy\" class=\"aligncenter size-full wp-image-10477\" title=\"O\" src=\"\/tormentas-y-rayos\/wp-content\/uploads\/sites\/12\/2014\/12\/2014-12-03.Amanecer-sobre-nubes-bajas1.jpg\" alt=\"\" width=\"640\" height=\"507\" srcset=\"https:\/\/static-blogs.diariosur.es\/wp-content\/uploads\/sites\/12\/2014\/12\/2014-12-03.Amanecer-sobre-nubes-bajas1.jpg 640w, https:\/\/static-blogs.diariosur.es\/wp-content\/uploads\/sites\/12\/2014\/12\/2014-12-03.Amanecer-sobre-nubes-bajas1-505x400.jpg 505w\" sizes=\"(max-width: 640px) 100vw, 640px\" \/><\/a><\/p>\n<p>&nbsp;<\/p>\n<p>&nbsp;<\/p>\n<p><strong>Ademas es un pedazo de\u00a0<\/strong><strong>fot\u00f3grafo<\/strong><\/p>\n<p>&nbsp;<\/p>\n<p style=\"text-align: center;\"><a href=\"https:\/\/blogs.diariosur.es\/tormentas-y-rayos\/2014\/12\/05\/prevision-del-tiempo-puente-de-la-constitucion-e-inmaculada-andalucia-impresionante-foto-de-una-montana-de-cerveza-en-alta-mar-jijijiji\/olympus-digital-camera-1597\/\" rel=\"attachment wp-att-10463\"><img loading=\"lazy\" class=\"aligncenter\" title=\"OLYMPUS DIGITAL CAMERA\" src=\"\/tormentas-y-rayos\/wp-content\/uploads\/sites\/12\/2014\/12\/2014-12-03.jpg\" alt=\"\" width=\"640\" height=\"476\" \/><\/a><\/p>\n<p>&nbsp;<\/p>\n<p>&nbsp;<\/p>\n<p>&nbsp;<\/p>\n<p>&nbsp;<\/p>\n<p>&nbsp;<\/p>\n<p><strong>Os dejo con este fot\u00f3n.<\/strong><\/p>\n<p><strong>Impresionante esta foto que me han etiquetado en facebook. Por eso me gusta tanto la cerveza jijiji.<\/strong><\/p>\n<p>&nbsp;<\/p>\n<p><a href=\"https:\/\/blogs.diariosur.es\/tormentas-y-rayos\/2014\/12\/05\/prevision-del-tiempo-puente-de-la-constitucion-e-inmaculada-andalucia-impresionante-foto-de-una-montana-de-cerveza-en-alta-mar-jijijiji\/m-10\/\" rel=\"attachment wp-att-10459\"><img loading=\"lazy\" title=\"m\" src=\"\/tormentas-y-rayos\/wp-content\/uploads\/sites\/12\" alt=\"\" width=\"331\" height=\"175\" \/><\/a><a href=\"https:\/\/blogs.diariosur.es\/tormentas-y-rayos\/2014\/12\/05\/prevision-del-tiempo-puente-de-la-constitucion-e-inmaculada-andalucia-impresionante-foto-de-una-montana-de-cerveza-en-alta-mar-jijijiji\/captura-524\/\" rel=\"attachment wp-att-10460\"><img loading=\"lazy\" title=\"Captura\" src=\"\/tormentas-y-rayos\/wp-content\/uploads\/sites\/12\/2014\/12\/Captura1.jpg\" alt=\"\" width=\"605\" height=\"902\" \/><\/a><\/p>\n<p>&nbsp;<\/p>\n<p>&nbsp;<\/p>\n","protected":false},"excerpt":{"rendered":"<p>&nbsp; &nbsp; &nbsp; \u00a0ACTUALIZACI\u00d3N\u00a0S\u00c1BADO\u00a06 DE DICIEMBRE. Buenos dias amigos de la meteo, solo comentaros que la\u00a0m\u00ednima\u00a0de hoy ha sido mas alta que la que se dio ayer. En cambio en otras zonas de Andaluc\u00eda han bajado mas. En el Aeropuerto de Granada han registrado menos 2.7 grados bajo cero. Os paso los datos mas destacados [&hellip;]<\/p>\n","protected":false},"author":16,"featured_media":10476,"comment_status":"open","ping_status":"open","sticky":false,"template":"","format":"standard","meta":[],"categories":[2],"tags":[100,276,511,809,832,980],"_links":{"self":[{"href":"https:\/\/blogs.diariosur.es\/tormentas-y-rayos\/wp-json\/wp\/v2\/posts\/10474"}],"collection":[{"href":"https:\/\/blogs.diariosur.es\/tormentas-y-rayos\/wp-json\/wp\/v2\/posts"}],"about":[{"href":"https:\/\/blogs.diariosur.es\/tormentas-y-rayos\/wp-json\/wp\/v2\/types\/post"}],"author":[{"embeddable":true,"href":"https:\/\/blogs.diariosur.es\/tormentas-y-rayos\/wp-json\/wp\/v2\/users\/16"}],"replies":[{"embeddable":true,"href":"https:\/\/blogs.diariosur.es\/tormentas-y-rayos\/wp-json\/wp\/v2\/comments?post=10474"}],"version-history":[{"count":0,"href":"https:\/\/blogs.diariosur.es\/tormentas-y-rayos\/wp-json\/wp\/v2\/posts\/10474\/revisions"}],"wp:featuredmedia":[{"embeddable":true,"href":"https:\/\/blogs.diariosur.es\/tormentas-y-rayos\/wp-json\/wp\/v2\/media\/10476"}],"wp:attachment":[{"href":"https:\/\/blogs.diariosur.es\/tormentas-y-rayos\/wp-json\/wp\/v2\/media?parent=10474"}],"wp:term":[{"taxonomy":"category","embeddable":true,"href":"https:\/\/blogs.diariosur.es\/tormentas-y-rayos\/wp-json\/wp\/v2\/categories?post=10474"},{"taxonomy":"post_tag","embeddable":true,"href":"https:\/\/blogs.diariosur.es\/tormentas-y-rayos\/wp-json\/wp\/v2\/tags?post=10474"}],"curies":[{"name":"wp","href":"https:\/\/api.w.org\/{rel}","templated":true}]}}