{"id":10492,"date":"2014-12-08T07:11:42","date_gmt":"2014-12-08T06:11:42","guid":{"rendered":"http:\/\/blogs.diariosur.es\/tormentas-y-rayos\/?p=10492"},"modified":"2014-12-08T07:11:42","modified_gmt":"2014-12-08T06:11:42","slug":"prevision-del-tiempo-aviso-de-temporal-de-viento-y-mar-en-el-mediterraneo-aviso-rojo-en-menorca-velez-malaga-da-la-maxima-de-la-peninsula-seguida-de-malaga","status":"publish","type":"post","link":"https:\/\/blogs.diariosur.es\/tormentas-y-rayos\/2014\/12\/08\/prevision-del-tiempo-aviso-de-temporal-de-viento-y-mar-en-el-mediterraneo-aviso-rojo-en-menorca-velez-malaga-da-la-maxima-de-la-peninsula-seguida-de-malaga\/","title":{"rendered":"Previsi\u00f3n del tiempo. Aviso de temporal de viento y mar en el Mediterr\u00e1neo. Aviso rojo en Menorca. V\u00e9lez M\u00e1laga da la m\u00e1xima de la pen\u00ednsula, seguida de M\u00e1laga."},"content":{"rendered":"<p><img loading=\"lazy\" class=\"aligncenter\" src=\"https:\/\/farm6.staticflickr.com\/5566\/14568830453_8e0522e3fc_q.jpg\" alt=\"\" width=\"150\" height=\"150\" \/><\/p>\n<p>&nbsp;<\/p>\n<p>&nbsp;<\/p>\n<p>&nbsp;<\/p>\n<p><span style=\"color: #0000ff;\"><strong>Buenos dias amigos de la meteo, son las seis de la ma\u00f1ana, registro en mi estaci\u00f3n 8.9 \u00a0grados, los cielos est\u00e1n despejados y el viento esta en calma. El Aeropuerto Malague\u00f1o da en estos momentos una\u00a0m\u00ednima\u00a0de 6. En Antequera esta helando, asi que precauci\u00f3n por las carreteras del interior de la provincia. \u00a0Hasta por la tarde noche, los vientos soplaran flojos y de\u00a0direcci\u00f3n\u00a0variable. Entrada la noche de nuevo el terral de oto\u00f1o tomara protagonismo y\u00a0har\u00e1\u00a0que la sensaci\u00f3n\u00a0t\u00e9rmica\u00a0sea de mas fr\u00edo. Poco mas que contar del dia de hoy.<\/strong><\/span><\/p>\n<p>&nbsp;<\/p>\n<p><span style=\"color: #ff00ff;\"><strong>Una cosilla mas, para el\u00a0pr\u00f3ximo\u00a0fin de semana hay modelos que dan una posible inestabilizaci\u00f3n. Pero esto lo iremos viendo poco a poco.<\/strong><\/span><\/p>\n<p>&nbsp;<\/p>\n<p>&nbsp;<\/p>\n<p>&nbsp;<\/p>\n<p>&nbsp;<\/p>\n<p>&nbsp;<\/p>\n<p><span style=\"color: #ff0000;\"><strong>Pues si amigos, a partir de hoy lunes , y sobre todo ma\u00f1ana martes , un fuerte temporal de viento y mar afectara al\u00a0Mediterr\u00e1neo. El potente anticicl\u00f3n que tenemos al oeste de la\u00a0pen\u00ednsula\u00a0y una borrasca que se centrara entre \u00a0el Golfo de Genova y Corcega,\u00a0har\u00e1\u00a0que los vientos en la zona de las Islas Baleares, noreste peninsular y sus costas superen en algunos puntos los 100 km\/h. Por este motivo la Aemet ha sacado un aviso especial.<\/strong><\/span><\/p>\n<p>&nbsp;<\/p>\n<p><a href=\"https:\/\/blogs.diariosur.es\/tormentas-y-rayos\/2014\/12\/08\/prevision-del-tiempo-aviso-de-temporal-de-viento-y-mar-en-el-mediterraneo-aviso-rojo-en-menorca-velez-malaga-da-la-maxima-de-la-peninsula-seguida-de-malaga\/aviso-rojo\/\" rel=\"attachment wp-att-10504\"><img loading=\"lazy\" class=\"aligncenter size-medium wp-image-10504\" title=\"aviso rojo\" src=\"\/tormentas-y-rayos\/wp-content\/uploads\/sites\/12\/2014\/12\/aviso-rojo.jpg\" alt=\"\" width=\"586\" height=\"400\" srcset=\"https:\/\/static-blogs.diariosur.es\/wp-content\/uploads\/sites\/12\/2014\/12\/aviso-rojo.jpg 727w, https:\/\/static-blogs.diariosur.es\/wp-content\/uploads\/sites\/12\/2014\/12\/aviso-rojo-586x400.jpg 586w\" sizes=\"(max-width: 586px) 100vw, 586px\" \/><\/a><\/p>\n<p>&nbsp;<\/p>\n<p>&nbsp;<\/p>\n<p>&nbsp;<\/p>\n<p><span style=\"color: #ff0000;\"><strong>Ma\u00f1ana martes se activa el aviso rojo en Menorca por fen\u00f3menos\u00a0costeros y naranja por viento. Las olas en el norte de Menorca llegaran casi a los nueve metros, una pasada.<\/strong><\/span><\/p>\n<p><span style=\"color: #ff0000;\"><strong> En los Pirineos\u00a0ser\u00e1n\u00a0por nevadas y viento. En Catalu\u00f1a tambi\u00e9n se activara la naranja y amarilla por fuertes rachas de viento.<\/strong><\/span><\/p>\n<p>&nbsp;<\/p>\n<p>&nbsp;<\/p>\n<p><a href=\"https:\/\/blogs.diariosur.es\/tormentas-y-rayos\/2014\/12\/08\/prevision-del-tiempo-aviso-de-temporal-de-viento-y-mar-en-el-mediterraneo-aviso-rojo-en-menorca-velez-malaga-da-la-maxima-de-la-peninsula-seguida-de-malaga\/rojo-2\/\" rel=\"attachment wp-att-10502\"><img loading=\"lazy\" class=\"aligncenter size-full wp-image-10502\" title=\"rojo\" src=\"\/tormentas-y-rayos\/wp-content\/uploads\/sites\/12\/2014\/12\/rojo.jpg\" alt=\"\" width=\"622\" height=\"482\" srcset=\"https:\/\/static-blogs.diariosur.es\/wp-content\/uploads\/sites\/12\/2014\/12\/rojo.jpg 622w, https:\/\/static-blogs.diariosur.es\/wp-content\/uploads\/sites\/12\/2014\/12\/rojo-516x400.jpg 516w\" sizes=\"(max-width: 622px) 100vw, 622px\" \/><\/a><\/p>\n<p><a href=\"https:\/\/blogs.diariosur.es\/tormentas-y-rayos\/2014\/12\/08\/prevision-del-tiempo-aviso-de-temporal-de-viento-y-mar-en-el-mediterraneo-aviso-rojo-en-menorca-velez-malaga-da-la-maxima-de-la-peninsula-seguida-de-malaga\/captura-525\/\" rel=\"attachment wp-att-10503\"><img loading=\"lazy\" class=\"aligncenter size-large wp-image-10503\" title=\"Captura\" src=\"\/tormentas-y-rayos\/wp-content\/uploads\/sites\/12\/2014\/12\/Captura2.jpg\" alt=\"\" width=\"593\" height=\"600\" srcset=\"https:\/\/static-blogs.diariosur.es\/wp-content\/uploads\/sites\/12\/2014\/12\/Captura2.jpg 766w, https:\/\/static-blogs.diariosur.es\/wp-content\/uploads\/sites\/12\/2014\/12\/Captura2-396x400.jpg 396w\" sizes=\"(max-width: 593px) 100vw, 593px\" \/><\/a><\/p>\n<p>&nbsp;<\/p>\n<p><span style=\"color: #ff0000;\"><strong>\u00a0Dar\u00eda algo por estar ma\u00f1ana en el norte de Menorca jijijiji.<\/strong><\/span><\/p>\n<p><span style=\"color: #ff0000;\"><strong>Os paso el aviso de la aemet.<\/strong><\/span><\/p>\n<p>&nbsp;<\/p>\n<p><a href=\"https:\/\/blogs.diariosur.es\/tormentas-y-rayos\/2014\/12\/08\/prevision-del-tiempo-aviso-de-temporal-de-viento-y-mar-en-el-mediterraneo-aviso-rojo-en-menorca-velez-malaga-da-la-maxima-de-la-peninsula-seguida-de-malaga\/captura-526\/\" rel=\"attachment wp-att-10516\"><img loading=\"lazy\" class=\"aligncenter size-medium wp-image-10516\" title=\"Captura\" src=\"\/tormentas-y-rayos\/wp-content\/uploads\/sites\/12\/2014\/12\/Captura3.jpg\" alt=\"\" width=\"475\" height=\"400\" srcset=\"https:\/\/static-blogs.diariosur.es\/wp-content\/uploads\/sites\/12\/2014\/12\/Captura3.jpg 715w, https:\/\/static-blogs.diariosur.es\/wp-content\/uploads\/sites\/12\/2014\/12\/Captura3-475x400.jpg 475w\" sizes=\"(max-width: 475px) 100vw, 475px\" \/><\/a><\/p>\n<p>&nbsp;<\/p>\n<p><span style=\"color: #ff00ff;\"><em><strong>Os hago un peque\u00f1o resumen de ayer domingo\u00a0d\u00eda\u00a0siete de diciembre.\u00a0<\/strong><\/em><\/span><\/p>\n<p><span style=\"color: #0000ff;\"><em><strong>El\u00a0d\u00eda\u00a0fue algo parecido al\u00a0s\u00e1bado, simplemente cambio la\u00a0direcci\u00f3n\u00a0del viento. En esta ocasi\u00f3n \u00a0la\u00a0direcci\u00f3n del viento\u00a0\u00a0soplo de norte, nordeste \u00a0en la zona de Torre de Benagalb\u00f3n. \u00a0Por ese motivo el mar estaba en calma.\u00a0<\/strong><\/em><\/span><\/p>\n<p><span style=\"color: #0000ff;\"><em><strong>La\u00a0m\u00e1xima\u00a0de la\u00a0pen\u00ednsula\u00a0la d\u00edo \u00a0V\u00e9lez M\u00e1laga con 20.1 grados, M\u00e1laga Capital llego a los 20 \u00a0y el Rinc\u00f3n a los 19.4 grados.<\/strong><\/em><\/span><\/p>\n<p><span style=\"color: #0000ff;\"><em><strong>De nuevo los pescadores y el cielo azul eran los protagonista en la orilla de la playa. Tres nubes\u00a0cont\u00e9\u00a0<\/strong><\/em><em><strong>hacia el este, buenoooo cuatro y media. <\/strong><\/em><\/span><\/p>\n<p><span style=\"color: #0000ff;\"><em><strong>Una pregunta, cuantas ca\u00f1as\u00a0pens\u00e1is\u00a0que se ven hasta la torre \u00a0de la cruz roja ???. Yo las\u00a0cont\u00e9\u00a0todas jijiji.<\/strong><\/em><\/span><\/p>\n<p>&nbsp;<\/p>\n<p>&nbsp;<\/p>\n<p>&nbsp;<\/p>\n<p><a href=\"https:\/\/blogs.diariosur.es\/tormentas-y-rayos\/2014\/12\/08\/prevision-del-tiempo-aviso-de-temporal-de-viento-y-mar-en-el-mediterraneo-aviso-rojo-en-menorca-velez-malaga-da-la-maxima-de-la-peninsula-seguida-de-malaga\/_dsc6457\/\" rel=\"attachment wp-att-10493\"><img loading=\"lazy\" class=\"aligncenter size-full wp-image-10493\" title=\"_DSC6457\" src=\"\/tormentas-y-rayos\/wp-content\/uploads\/sites\/12\/2014\/12\/DSC6457.jpg\" alt=\"\" width=\"640\" height=\"387\" \/><\/a><\/p>\n<p>&nbsp;<\/p>\n<p>&nbsp;<\/p>\n<p><a href=\"https:\/\/blogs.diariosur.es\/tormentas-y-rayos\/2014\/12\/08\/prevision-del-tiempo-aviso-de-temporal-de-viento-y-mar-en-el-mediterraneo-aviso-rojo-en-menorca-velez-malaga-da-la-maxima-de-la-peninsula-seguida-de-malaga\/10682246_10204105880866237_4662616301630026445_o\/\" rel=\"attachment wp-att-10494\"><img loading=\"lazy\" class=\"aligncenter size-full wp-image-10494\" title=\"10682246_10204105880866237_4662616301630026445_o\" src=\"\/tormentas-y-rayos\/wp-content\/uploads\/sites\/12\/2014\/12\/10682246_10204105880866237_4662616301630026445_o.jpg\" alt=\"\" width=\"640\" height=\"360\" \/><\/a><\/p>\n<p>&nbsp;<\/p>\n<p><span style=\"color: #0000ff;\"><strong>Una vez mas mi mujer, mi cu\u00f1ada y mi sobrina me\u00a0sirvieron\u00a0de modelos. El paseo se iba llenando de gente a las doce del mediodia.<\/strong><\/span><\/p>\n<p>&nbsp;<\/p>\n<p><a href=\"https:\/\/blogs.diariosur.es\/tormentas-y-rayos\/2014\/12\/08\/prevision-del-tiempo-aviso-de-temporal-de-viento-y-mar-en-el-mediterraneo-aviso-rojo-en-menorca-velez-malaga-da-la-maxima-de-la-peninsula-seguida-de-malaga\/_dsc6448\/\" rel=\"attachment wp-att-10495\"><img loading=\"lazy\" class=\"aligncenter size-full wp-image-10495\" title=\"_DSC6448\" src=\"\/tormentas-y-rayos\/wp-content\/uploads\/sites\/12\/2014\/12\/DSC6448.jpg\" alt=\"\" width=\"640\" height=\"418\" srcset=\"https:\/\/static-blogs.diariosur.es\/wp-content\/uploads\/sites\/12\/2014\/12\/DSC6448.jpg 640w, https:\/\/static-blogs.diariosur.es\/wp-content\/uploads\/sites\/12\/2014\/12\/DSC6448-612x400.jpg 612w\" sizes=\"(max-width: 640px) 100vw, 640px\" \/><\/a><\/p>\n<p>&nbsp;<\/p>\n<p>&nbsp;<\/p>\n<p><a href=\"https:\/\/blogs.diariosur.es\/tormentas-y-rayos\/2014\/12\/08\/prevision-del-tiempo-aviso-de-temporal-de-viento-y-mar-en-el-mediterraneo-aviso-rojo-en-menorca-velez-malaga-da-la-maxima-de-la-peninsula-seguida-de-malaga\/_dsc6453\/\" rel=\"attachment wp-att-10496\"><img loading=\"lazy\" class=\"aligncenter size-full wp-image-10496\" title=\"_DSC6453\" src=\"\/tormentas-y-rayos\/wp-content\/uploads\/sites\/12\/2014\/12\/DSC6453.jpg\" alt=\"\" width=\"640\" height=\"549\" srcset=\"https:\/\/static-blogs.diariosur.es\/wp-content\/uploads\/sites\/12\/2014\/12\/DSC6453.jpg 640w, https:\/\/static-blogs.diariosur.es\/wp-content\/uploads\/sites\/12\/2014\/12\/DSC6453-466x400.jpg 466w\" sizes=\"(max-width: 640px) 100vw, 640px\" \/><\/a><\/p>\n<p>&nbsp;<\/p>\n<p><span style=\"color: #0000ff;\"><strong>Como muchos\u00a0sab\u00e9is, debido al viento del norte la visibilidad es muy buena, y M\u00e1laga se ve perfectamente desde Torre de Benagalb\u00f3n. La pena es que la Sierra de las Nieves no este nevada.\u00a0<\/strong><\/span><\/p>\n<p>&nbsp;<\/p>\n<p><a href=\"https:\/\/blogs.diariosur.es\/tormentas-y-rayos\/2014\/12\/08\/prevision-del-tiempo-aviso-de-temporal-de-viento-y-mar-en-el-mediterraneo-aviso-rojo-en-menorca-velez-malaga-da-la-maxima-de-la-peninsula-seguida-de-malaga\/_dsc6452\/\" rel=\"attachment wp-att-10497\"><img loading=\"lazy\" class=\"aligncenter size-full wp-image-10497\" title=\"_DSC6452\" src=\"\/tormentas-y-rayos\/wp-content\/uploads\/sites\/12\/2014\/12\/DSC6452.jpg\" alt=\"\" width=\"640\" height=\"329\" \/><\/a><\/p>\n<p>&nbsp;<\/p>\n<p><a href=\"https:\/\/blogs.diariosur.es\/tormentas-y-rayos\/2014\/12\/08\/prevision-del-tiempo-aviso-de-temporal-de-viento-y-mar-en-el-mediterraneo-aviso-rojo-en-menorca-velez-malaga-da-la-maxima-de-la-peninsula-seguida-de-malaga\/_dsc6463\/\" rel=\"attachment wp-att-10498\"><img loading=\"lazy\" class=\"aligncenter size-full wp-image-10498\" title=\"_DSC6463\" src=\"\/tormentas-y-rayos\/wp-content\/uploads\/sites\/12\/2014\/12\/DSC6463.jpg\" alt=\"\" width=\"640\" height=\"427\" srcset=\"https:\/\/static-blogs.diariosur.es\/wp-content\/uploads\/sites\/12\/2014\/12\/DSC6463.jpg 640w, https:\/\/static-blogs.diariosur.es\/wp-content\/uploads\/sites\/12\/2014\/12\/DSC6463-600x400.jpg 600w\" sizes=\"(max-width: 640px) 100vw, 640px\" \/><\/a><\/p>\n<p>&nbsp;<\/p>\n<p>&nbsp;<\/p>\n<p><span style=\"color: #0000ff;\"><strong>Mi amigo y pedazo de observador de la meteo Jose Luis Gil , me manda este fot\u00f3n desde Marbella. El Pe\u00f1on Espa\u00f1ol se\u00a0ve\u00eda\u00a0perfectamente.<\/strong><\/span><\/p>\n<p>&nbsp;<\/p>\n<p><strong><a href=\"https:\/\/blogs.diariosur.es\/tormentas-y-rayos\/2014\/12\/08\/prevision-del-tiempo-aviso-de-temporal-de-viento-y-mar-en-el-mediterraneo-aviso-rojo-en-menorca-velez-malaga-da-la-maxima-de-la-peninsula-seguida-de-malaga\/10697283_10204290013683446_7249772273919038286_o\/\" rel=\"attachment wp-att-10505\"><img loading=\"lazy\" class=\"aligncenter size-full wp-image-10505\" title=\"10697283_10204290013683446_7249772273919038286_o\" src=\"\/tormentas-y-rayos\/wp-content\/uploads\/sites\/12\/2014\/12\/10697283_10204290013683446_7249772273919038286_o.jpg\" alt=\"\" width=\"640\" height=\"360\" \/><\/a>\u00a0<\/strong><\/p>\n<p>&nbsp;<\/p>\n<p>&nbsp;<\/p>\n<p><span style=\"color: #0000ff;\"><strong>Poco mas que contar del dia de ayer. Os paso los datos mas destacados. Fuente Aemet.<\/strong><\/span><\/p>\n<p>&nbsp;<\/p>\n<p><a href=\"https:\/\/blogs.diariosur.es\/tormentas-y-rayos\/2014\/12\/08\/prevision-del-tiempo-aviso-de-temporal-de-viento-y-mar-en-el-mediterraneo-aviso-rojo-en-menorca-velez-malaga-da-la-maxima-de-la-peninsula-seguida-de-malaga\/domingoooo\/\" rel=\"attachment wp-att-10514\"><img loading=\"lazy\" class=\"aligncenter size-large wp-image-10514\" title=\"domingoooo\" src=\"\/tormentas-y-rayos\/wp-content\/uploads\/sites\/12\/2014\/12\/domingoooo.jpg\" alt=\"\" width=\"582\" height=\"600\" srcset=\"https:\/\/static-blogs.diariosur.es\/wp-content\/uploads\/sites\/12\/2014\/12\/domingoooo.jpg 801w, https:\/\/static-blogs.diariosur.es\/wp-content\/uploads\/sites\/12\/2014\/12\/domingoooo-388x400.jpg 388w, https:\/\/static-blogs.diariosur.es\/wp-content\/uploads\/sites\/12\/2014\/12\/domingoooo-768x791.jpg 768w\" sizes=\"(max-width: 582px) 100vw, 582px\" \/><\/a><\/p>\n<p>&nbsp;<\/p>\n<p>&nbsp;<\/p>\n<p>&nbsp;<\/p>\n<p>&nbsp;<\/p>\n<p><strong>Os dejo hasta ma\u00f1ana con estas fotos que me\u00a0hab\u00e9is\u00a0mandado.<\/strong><\/p>\n<p>&nbsp;<\/p>\n<p><strong>Mi amiga Paqui Carnero me manda esta preciosa foto de la fuente de los cien ca\u00f1os, da gusto ver como sale el agua. Me comenta que Villanueva del Trabuco al\u00a0mediod\u00eda\u00a0estaban a 5 grados.<\/strong><\/p>\n<p>&nbsp;<\/p>\n<p><a href=\"https:\/\/blogs.diariosur.es\/tormentas-y-rayos\/2014\/12\/08\/prevision-del-tiempo-aviso-de-temporal-de-viento-y-mar-en-el-mediterraneo-aviso-rojo-en-menorca-velez-malaga-da-la-maxima-de-la-peninsula-seguida-de-malaga\/10272732_10203172058213254_4786843664160307259_o\/\" rel=\"attachment wp-att-10515\"><img loading=\"lazy\" class=\"aligncenter size-full wp-image-10515\" title=\"10272732_10203172058213254_4786843664160307259_o\" src=\"\/tormentas-y-rayos\/wp-content\/uploads\/sites\/12\/2014\/12\/10272732_10203172058213254_4786843664160307259_o.jpg\" alt=\"\" width=\"640\" height=\"480\" srcset=\"https:\/\/static-blogs.diariosur.es\/wp-content\/uploads\/sites\/12\/2014\/12\/10272732_10203172058213254_4786843664160307259_o.jpg 640w, https:\/\/static-blogs.diariosur.es\/wp-content\/uploads\/sites\/12\/2014\/12\/10272732_10203172058213254_4786843664160307259_o-533x400.jpg 533w\" sizes=\"(max-width: 640px) 100vw, 640px\" \/><\/a><\/p>\n<p>&nbsp;<\/p>\n<p><strong>Ana Gonfer nos manda estas dos fotos fotones de la puesta de sol desde El Morche. Si os\u00a0fij\u00e1is, os\u00a0dar\u00e9is\u00a0cuenta que el sol se oculta por el mar, pero lo curioso es que en este mes tambi\u00e9n sale por el mar en esta zona de la Costa Malague\u00f1a.<\/strong><\/p>\n<p>&nbsp;<\/p>\n<p>&nbsp;<\/p>\n<p><a href=\"https:\/\/blogs.diariosur.es\/tormentas-y-rayos\/2014\/12\/08\/prevision-del-tiempo-aviso-de-temporal-de-viento-y-mar-en-el-mediterraneo-aviso-rojo-en-menorca-velez-malaga-da-la-maxima-de-la-peninsula-seguida-de-malaga\/ana-gonfer-4\/\" rel=\"attachment wp-att-10499\"><img loading=\"lazy\" class=\"aligncenter size-full wp-image-10499\" title=\"ANA GONFER\" src=\"\/tormentas-y-rayos\/wp-content\/uploads\/sites\/12\/2014\/12\/ANA-GONFER.jpg\" alt=\"\" width=\"640\" height=\"360\" \/><\/a><\/p>\n<p>&nbsp;<\/p>\n<p>&nbsp;<\/p>\n<p><a href=\"https:\/\/blogs.diariosur.es\/tormentas-y-rayos\/2014\/12\/08\/prevision-del-tiempo-aviso-de-temporal-de-viento-y-mar-en-el-mediterraneo-aviso-rojo-en-menorca-velez-malaga-da-la-maxima-de-la-peninsula-seguida-de-malaga\/10644124_793666167346305_730025779364278432_o\/\" rel=\"attachment wp-att-10500\"><img loading=\"lazy\" class=\"aligncenter size-full wp-image-10500\" title=\"10644124_793666167346305_730025779364278432_o\" src=\"\/tormentas-y-rayos\/wp-content\/uploads\/sites\/12\/2014\/12\/10644124_793666167346305_730025779364278432_o.jpg\" alt=\"\" width=\"640\" height=\"360\" \/><\/a><\/p>\n<p>&nbsp;<\/p>\n<p>&nbsp;<\/p>\n<p><strong>La ultima foto me la manda mi cu\u00f1ado Jose Morales Bejar, \u00a0precioso ese altocumulo \u00a0lenticular saliendo el sol. Impresionante la foto.<\/strong><\/p>\n<p>&nbsp;<\/p>\n<p><a href=\"https:\/\/blogs.diariosur.es\/tormentas-y-rayos\/2014\/12\/08\/prevision-del-tiempo-aviso-de-temporal-de-viento-y-mar-en-el-mediterraneo-aviso-rojo-en-menorca-velez-malaga-da-la-maxima-de-la-peninsula-seguida-de-malaga\/10636637_10204106906771884_2835652377209042136_o_1\/\" rel=\"attachment wp-att-10501\"><img loading=\"lazy\" class=\"aligncenter size-full wp-image-10501\" title=\"10636637_10204106906771884_2835652377209042136_o_1\" src=\"\/tormentas-y-rayos\/wp-content\/uploads\/sites\/12\/2014\/12\/10636637_10204106906771884_2835652377209042136_o_1.jpg\" alt=\"\" width=\"640\" height=\"408\" srcset=\"https:\/\/static-blogs.diariosur.es\/wp-content\/uploads\/sites\/12\/2014\/12\/10636637_10204106906771884_2835652377209042136_o_1.jpg 640w, https:\/\/static-blogs.diariosur.es\/wp-content\/uploads\/sites\/12\/2014\/12\/10636637_10204106906771884_2835652377209042136_o_1-627x400.jpg 627w\" sizes=\"(max-width: 640px) 100vw, 640px\" \/><\/a><\/p>\n","protected":false},"excerpt":{"rendered":"<p>&nbsp; &nbsp; &nbsp; Buenos dias amigos de la meteo, son las seis de la ma\u00f1ana, registro en mi estaci\u00f3n 8.9 \u00a0grados, los cielos est\u00e1n despejados y el viento esta en calma. El Aeropuerto Malague\u00f1o da en estos momentos una\u00a0m\u00ednima\u00a0de 6. En Antequera esta helando, asi que precauci\u00f3n por las carreteras del interior de la provincia. [&hellip;]<\/p>\n","protected":false},"author":16,"featured_media":10501,"comment_status":"open","ping_status":"open","sticky":false,"template":"","format":"standard","meta":[],"categories":[2],"tags":[63,151,633,809,871,966,980,1059],"_links":{"self":[{"href":"https:\/\/blogs.diariosur.es\/tormentas-y-rayos\/wp-json\/wp\/v2\/posts\/10492"}],"collection":[{"href":"https:\/\/blogs.diariosur.es\/tormentas-y-rayos\/wp-json\/wp\/v2\/posts"}],"about":[{"href":"https:\/\/blogs.diariosur.es\/tormentas-y-rayos\/wp-json\/wp\/v2\/types\/post"}],"author":[{"embeddable":true,"href":"https:\/\/blogs.diariosur.es\/tormentas-y-rayos\/wp-json\/wp\/v2\/users\/16"}],"replies":[{"embeddable":true,"href":"https:\/\/blogs.diariosur.es\/tormentas-y-rayos\/wp-json\/wp\/v2\/comments?post=10492"}],"version-history":[{"count":0,"href":"https:\/\/blogs.diariosur.es\/tormentas-y-rayos\/wp-json\/wp\/v2\/posts\/10492\/revisions"}],"wp:featuredmedia":[{"embeddable":true,"href":"https:\/\/blogs.diariosur.es\/tormentas-y-rayos\/wp-json\/wp\/v2\/media\/10501"}],"wp:attachment":[{"href":"https:\/\/blogs.diariosur.es\/tormentas-y-rayos\/wp-json\/wp\/v2\/media?parent=10492"}],"wp:term":[{"taxonomy":"category","embeddable":true,"href":"https:\/\/blogs.diariosur.es\/tormentas-y-rayos\/wp-json\/wp\/v2\/categories?post=10492"},{"taxonomy":"post_tag","embeddable":true,"href":"https:\/\/blogs.diariosur.es\/tormentas-y-rayos\/wp-json\/wp\/v2\/tags?post=10492"}],"curies":[{"name":"wp","href":"https:\/\/api.w.org\/{rel}","templated":true}]}}