{"id":10517,"date":"2014-12-09T07:06:12","date_gmt":"2014-12-09T06:06:12","guid":{"rendered":"http:\/\/blogs.diariosur.es\/tormentas-y-rayos\/?p=10517"},"modified":"2014-12-09T07:06:12","modified_gmt":"2014-12-09T06:06:12","slug":"prevision-del-tiempo-aviso-rojo-en-mallorca-y-menorca-por-olas-de-8-metros-el-aeropuerto-malagueno-dio-la-minima-mas-baja-en-lo-que-va-de-otono-3-9","status":"publish","type":"post","link":"https:\/\/blogs.diariosur.es\/tormentas-y-rayos\/2014\/12\/09\/prevision-del-tiempo-aviso-rojo-en-mallorca-y-menorca-por-olas-de-8-metros-el-aeropuerto-malagueno-dio-la-minima-mas-baja-en-lo-que-va-de-otono-3-9\/","title":{"rendered":"Previsi\u00f3n del tiempo. Aviso rojo en Mallorca y  Menorca por olas de 8 metros. El Aeropuerto Malague\u00f1o dio la m\u00ednima mas baja en lo que va de oto\u00f1o (3.9)"},"content":{"rendered":"<p><img loading=\"lazy\" class=\"aligncenter\" src=\"https:\/\/farm3.staticflickr.com\/2898\/14371881571_bbae3518b1_q.jpg\" alt=\"\" width=\"150\" height=\"150\" \/><\/p>\n<p>&nbsp;<\/p>\n<p>&nbsp;<\/p>\n<p>&nbsp;<\/p>\n<p>&nbsp;<\/p>\n<p>&nbsp;<\/p>\n<p><span style=\"color: #0000ff;\"><strong>Buenos dias amigos de la meteo, son las seis de la ma\u00f1ana, registro 11.8 \u00a0grados y los cielos est\u00e1n poco nubosos. El terral de oto\u00f1o ha sido el protagonista esta pasada madrugada y aunque hace menos fr\u00edo que ayer, la sensaci\u00f3n\u00a0t\u00e9rmica\u00a0debida al viento es de mas fresquete.\u00a0<\/strong><\/span><\/p>\n<p><span style=\"color: #0000ff;\"><strong> Durante el\u00a0d\u00eda\u00a0de hoy el viento del norte nordeste sera el protagonista en toda Andaluc\u00eda. En M\u00e1laga soplara moderado y en\u00a0ocasiones\u00a0seg\u00fan\u00a0las zonas fuerte. A ultima hora de la noche o de madrugada cambiara a levante en la Costa\u00a0Mediterr\u00e1nea\u00a0Andaluza. El cambio de viento\u00a0traer\u00e1\u00a0consigo nubes bajas ma\u00f1ana. Como ma\u00f1ana libro, espero poder fotografiar el amanecer por fin con alguna nube jijijij.<\/strong><\/span><\/p>\n<p><span style=\"color: #ff00ff;\"><strong>Y el ganadorrrrrrrr del juego essssssssss &#8230;&#8230;&#8230;..Juan Repetto con 21 ca\u00f1as. Se nota que eres pescador Juan. Felicidades.<\/strong><\/span><\/p>\n<p>&nbsp;<\/p>\n<p><a href=\"https:\/\/blogs.diariosur.es\/tormentas-y-rayos\/2014\/12\/09\/prevision-del-tiempo-aviso-rojo-en-mallorca-y-menorca-por-olas-de-8-metros-el-aeropuerto-malagueno-dio-la-minima-mas-baja-en-lo-que-va-de-otono-3-9\/_dsc6457-2\/\" rel=\"attachment wp-att-10520\"><img loading=\"lazy\" class=\"aligncenter size-full wp-image-10520\" title=\"_DSC6457\" src=\"\/tormentas-y-rayos\/wp-content\/uploads\/sites\/12\/2014\/12\/DSC64571.jpg\" alt=\"\" width=\"640\" height=\"362\" \/><\/a><\/p>\n<p>&nbsp;<\/p>\n<p>&nbsp;<\/p>\n<p>&nbsp;<\/p>\n<p>&nbsp;<\/p>\n<p><span style=\"color: #ff0000;\"><strong>Ayer os explicaba que la aemet lanzo el domingo un aviso de temporal de viento y mala mar en el\u00a0Mediterr\u00e1neo. \u00a0Os paso el enlace donde explicaba lo que\u00a0ocurrir\u00eda\u00a0hoy. <\/strong><\/span><\/p>\n<p>&nbsp;<\/p>\n<p><span style=\"color: #ff0000;\"><strong><span style=\"color: #ff0000;\"><a href=\"https:\/\/blogs.diariosur.es\/tormentas-y-rayos\/2014\/12\/08\/prevision-del-tiempo-aviso-de-temporal-de-viento-y-mar-en-el-mediterraneo-aviso-rojo-en-menorca-velez-malaga-da-la-maxima-de-la-peninsula-seguida-de-malaga\/\">\u00a0ENLACE, \u00a0AVISO ROJO MENORCA<\/a>\u00a0<\/span><\/strong><\/span><\/p>\n<p><strong><span style=\"color: #ff0000;\">Pues si amigos de la meteo, las olas en el norte de Menorca \u00a0y \u00a0Mallorca \u00a0llegaran a los ocho \u00a0metros, el\u00a0r\u00e9cord\u00a0medido en esa zona es de siete metros. Los vientos sostenidos de mas de 70 km\/h por hora\u00a0contribuir\u00e1n\u00a0a esas enormes olas.\u00a0Las rachas\u00a0sobrepasaran los 110. A esto hay que unirle las lluvias, las tormentas y el viento que tambi\u00e9n\u00a0ser\u00e1n\u00a0protagonistas. Y hace dos semanas estuve alli ahhhhhhh.<\/span><\/strong><\/p>\n<p>&nbsp;<\/p>\n<p><a href=\"https:\/\/blogs.diariosur.es\/tormentas-y-rayos\/2014\/12\/09\/prevision-del-tiempo-aviso-rojo-en-mallorca-y-menorca-por-olas-de-8-metros-el-aeropuerto-malagueno-dio-la-minima-mas-baja-en-lo-que-va-de-otono-3-9\/aviso-rojo-2\/\" rel=\"attachment wp-att-10518\"><img loading=\"lazy\" class=\"aligncenter size-full wp-image-10518\" title=\"aviso rojo\" src=\"\/tormentas-y-rayos\/wp-content\/uploads\/sites\/12\/2014\/12\/aviso-rojo1.jpg\" alt=\"\" width=\"598\" height=\"428\" srcset=\"https:\/\/static-blogs.diariosur.es\/wp-content\/uploads\/sites\/12\/2014\/12\/aviso-rojo1.jpg 598w, https:\/\/static-blogs.diariosur.es\/wp-content\/uploads\/sites\/12\/2014\/12\/aviso-rojo1-559x400.jpg 559w\" sizes=\"(max-width: 598px) 100vw, 598px\" \/><\/a><\/p>\n<p>&nbsp;<\/p>\n<p>&nbsp;<\/p>\n<p><a href=\"https:\/\/blogs.diariosur.es\/tormentas-y-rayos\/2014\/12\/09\/prevision-del-tiempo-aviso-rojo-en-mallorca-y-menorca-por-olas-de-8-metros-el-aeropuerto-malagueno-dio-la-minima-mas-baja-en-lo-que-va-de-otono-3-9\/captura-528\/\" rel=\"attachment wp-att-10523\"><img loading=\"lazy\" class=\"aligncenter size-large wp-image-10523\" title=\"Captura\" src=\"\/tormentas-y-rayos\/wp-content\/uploads\/sites\/12\/2014\/12\/Captura5.jpg\" alt=\"\" width=\"632\" height=\"600\" srcset=\"https:\/\/static-blogs.diariosur.es\/wp-content\/uploads\/sites\/12\/2014\/12\/Captura5.jpg 783w, https:\/\/static-blogs.diariosur.es\/wp-content\/uploads\/sites\/12\/2014\/12\/Captura5-422x400.jpg 422w, https:\/\/static-blogs.diariosur.es\/wp-content\/uploads\/sites\/12\/2014\/12\/Captura5-768x729.jpg 768w\" sizes=\"(max-width: 632px) 100vw, 632px\" \/><\/a><\/p>\n<p>&nbsp;<\/p>\n<p><strong><span style=\"color: #ff0000;\">No sola las Islas Baleares\u00a0sufrir\u00e1n\u00a0este temporal,\u00a0tambi\u00e9n estas zonas se\u00f1aladas por la aemet. Aqu\u00ed\u00a0ser\u00e1n\u00a0por nevadas, viento y\u00a0fen\u00f3menos\u00a0costeros.<\/span><\/strong><\/p>\n<p>&nbsp;<\/p>\n<p><a href=\"https:\/\/blogs.diariosur.es\/tormentas-y-rayos\/2014\/12\/09\/prevision-del-tiempo-aviso-rojo-en-mallorca-y-menorca-por-olas-de-8-metros-el-aeropuerto-malagueno-dio-la-minima-mas-baja-en-lo-que-va-de-otono-3-9\/temporal\/\" rel=\"attachment wp-att-10519\"><img loading=\"lazy\" class=\"aligncenter size-full wp-image-10519\" title=\"temporal\" src=\"\/tormentas-y-rayos\/wp-content\/uploads\/sites\/12\/2014\/12\/temporal.jpg\" alt=\"\" width=\"614\" height=\"433\" srcset=\"https:\/\/static-blogs.diariosur.es\/wp-content\/uploads\/sites\/12\/2014\/12\/temporal.jpg 614w, https:\/\/static-blogs.diariosur.es\/wp-content\/uploads\/sites\/12\/2014\/12\/temporal-567x400.jpg 567w\" sizes=\"(max-width: 614px) 100vw, 614px\" \/><\/a><\/p>\n<p>&nbsp;<\/p>\n<p><span style=\"color: #ff00ff;\"><strong>Os hago un peque\u00f1o resumen de ayer dia de la Inmaculada.<\/strong><\/span><\/p>\n<p>&nbsp;<\/p>\n<p><span style=\"color: #0000ff;\"><strong>Ayer el Aeropuerto Malague\u00f1o dio la\u00a0m\u00ednima\u00a0mas baja en lo que va de oto\u00f1o, concretamente se registro 3.9 grados.\u00a0<\/strong><\/span><\/p>\n<p>&nbsp;<\/p>\n<p><a href=\"https:\/\/blogs.diariosur.es\/tormentas-y-rayos\/2014\/12\/09\/prevision-del-tiempo-aviso-rojo-en-mallorca-y-menorca-por-olas-de-8-metros-el-aeropuerto-malagueno-dio-la-minima-mas-baja-en-lo-que-va-de-otono-3-9\/aeropuerto-10\/\" rel=\"attachment wp-att-10521\"><img loading=\"lazy\" class=\"aligncenter size-full wp-image-10521\" title=\"aeropuerto\" src=\"\/tormentas-y-rayos\/wp-content\/uploads\/sites\/12\/2014\/12\/aeropuerto.jpg\" alt=\"\" width=\"461\" height=\"180\" \/><\/a><\/p>\n<p>&nbsp;<\/p>\n<p><span style=\"color: #0000ff;\"><strong>La\u00a0m\u00e1xima\u00a0de Andaluc\u00eda y de la\u00a0Pen\u00ednsula\u00a0 la dio Motril Puerto con 22.5 grados, le\u00a0sigui\u00f3\u00a0Velez M\u00e1laga con 20.1.<\/strong><\/span><\/p>\n<p>&nbsp;<\/p>\n<p><a href=\"https:\/\/blogs.diariosur.es\/tormentas-y-rayos\/2014\/12\/09\/prevision-del-tiempo-aviso-rojo-en-mallorca-y-menorca-por-olas-de-8-metros-el-aeropuerto-malagueno-dio-la-minima-mas-baja-en-lo-que-va-de-otono-3-9\/captura-527\/\" rel=\"attachment wp-att-10522\"><img loading=\"lazy\" class=\"aligncenter size-full wp-image-10522\" title=\"Captura\" src=\"\/tormentas-y-rayos\/wp-content\/uploads\/sites\/12\/2014\/12\/Captura4.jpg\" alt=\"\" width=\"366\" height=\"244\" \/><\/a><\/p>\n<p>&nbsp;<\/p>\n<p><span style=\"color: #ff0000;\"><strong><em>Los modelos para el\u00a0pr\u00f3ximo\u00a0s\u00e1bado\u00a0siguen dando la entrada de una vaguada, esta vaguada puede formar una baja cerca del Cabo de SanVicente, que traera consigo chubascos a la parte occidental Andaluza y a la Provincia Malague\u00f1a. De todas formas aun es pronto para confirmarlo ok amigos ?<\/em><\/strong><\/span><\/p>\n<p><span style=\"color: #ff0000;\"><em><strong>Ojala se cumpla y podamos ver estos cielos de nuevo a los que nos gustan tanto las nubes jijiji.<\/strong><\/em><\/span><\/p>\n<p>&nbsp;<\/p>\n<p><a href=\"https:\/\/blogs.diariosur.es\/tormentas-y-rayos\/2014\/12\/09\/prevision-del-tiempo-aviso-rojo-en-mallorca-y-menorca-por-olas-de-8-metros-el-aeropuerto-malagueno-dio-la-minima-mas-baja-en-lo-que-va-de-otono-3-9\/1401238_10204098979173699_2699818642101910610_o\/\" rel=\"attachment wp-att-10524\"><img loading=\"lazy\" class=\"aligncenter size-full wp-image-10524\" title=\"1401238_10204098979173699_2699818642101910610_o\" src=\"\/tormentas-y-rayos\/wp-content\/uploads\/sites\/12\/2014\/12\/1401238_10204098979173699_2699818642101910610_o.jpg\" alt=\"\" width=\"640\" height=\"427\" srcset=\"https:\/\/static-blogs.diariosur.es\/wp-content\/uploads\/sites\/12\/2014\/12\/1401238_10204098979173699_2699818642101910610_o.jpg 640w, https:\/\/static-blogs.diariosur.es\/wp-content\/uploads\/sites\/12\/2014\/12\/1401238_10204098979173699_2699818642101910610_o-600x400.jpg 600w\" sizes=\"(max-width: 640px) 100vw, 640px\" \/><\/a><\/p>\n<p>&nbsp;<\/p>\n<p><span style=\"color: #ff0000;\"><strong>Y si puede ser este \u00a0otro cielo de mi amigo<span style=\"color: #0000ff;\">\u00a0<a id=\"js_8\" href=\"https:\/\/www.facebook.com\/george.tanguay?fref=photo\" data-hovercard=\"\/ajax\/hovercard\/user.php?id=1578527176\" rel=\"external nofollow\"><span style=\"color: #0000ff;\">George Tanguay<\/span><\/a>\u00a0<\/span>, mejor que mejor, un fot\u00f3n. Bestiallllllllll.<\/strong><\/span><\/p>\n<p>&nbsp;<\/p>\n<p><a href=\"https:\/\/blogs.diariosur.es\/tormentas-y-rayos\/2014\/12\/09\/prevision-del-tiempo-aviso-rojo-en-mallorca-y-menorca-por-olas-de-8-metros-el-aeropuerto-malagueno-dio-la-minima-mas-baja-en-lo-que-va-de-otono-3-9\/george-tanguay\/\" rel=\"attachment wp-att-10525\"><img loading=\"lazy\" class=\"aligncenter size-full wp-image-10525\" title=\"george tanguay\" src=\"\/tormentas-y-rayos\/wp-content\/uploads\/sites\/12\/2014\/12\/george-tanguay.jpg\" alt=\"\" width=\"640\" height=\"440\" srcset=\"https:\/\/static-blogs.diariosur.es\/wp-content\/uploads\/sites\/12\/2014\/12\/george-tanguay.jpg 640w, https:\/\/static-blogs.diariosur.es\/wp-content\/uploads\/sites\/12\/2014\/12\/george-tanguay-582x400.jpg 582w\" sizes=\"(max-width: 640px) 100vw, 640px\" \/><\/a><\/p>\n<p>&nbsp;<\/p>\n<p>&nbsp;<\/p>\n<p>&nbsp;<\/p>\n","protected":false},"excerpt":{"rendered":"<p>&nbsp; &nbsp; &nbsp; &nbsp; &nbsp; Buenos dias amigos de la meteo, son las seis de la ma\u00f1ana, registro 11.8 \u00a0grados y los cielos est\u00e1n poco nubosos. El terral de oto\u00f1o ha sido el protagonista esta pasada madrugada y aunque hace menos fr\u00edo que ayer, la sensaci\u00f3n\u00a0t\u00e9rmica\u00a0debida al viento es de mas fresquete.\u00a0 Durante el\u00a0d\u00eda\u00a0de hoy [&hellip;]<\/p>\n","protected":false},"author":16,"featured_media":10525,"comment_status":"open","ping_status":"open","sticky":false,"template":"","format":"standard","meta":[],"categories":[2],"tags":[63,151,592,633,637,736,809,871,980],"_links":{"self":[{"href":"https:\/\/blogs.diariosur.es\/tormentas-y-rayos\/wp-json\/wp\/v2\/posts\/10517"}],"collection":[{"href":"https:\/\/blogs.diariosur.es\/tormentas-y-rayos\/wp-json\/wp\/v2\/posts"}],"about":[{"href":"https:\/\/blogs.diariosur.es\/tormentas-y-rayos\/wp-json\/wp\/v2\/types\/post"}],"author":[{"embeddable":true,"href":"https:\/\/blogs.diariosur.es\/tormentas-y-rayos\/wp-json\/wp\/v2\/users\/16"}],"replies":[{"embeddable":true,"href":"https:\/\/blogs.diariosur.es\/tormentas-y-rayos\/wp-json\/wp\/v2\/comments?post=10517"}],"version-history":[{"count":0,"href":"https:\/\/blogs.diariosur.es\/tormentas-y-rayos\/wp-json\/wp\/v2\/posts\/10517\/revisions"}],"wp:featuredmedia":[{"embeddable":true,"href":"https:\/\/blogs.diariosur.es\/tormentas-y-rayos\/wp-json\/wp\/v2\/media\/10525"}],"wp:attachment":[{"href":"https:\/\/blogs.diariosur.es\/tormentas-y-rayos\/wp-json\/wp\/v2\/media?parent=10517"}],"wp:term":[{"taxonomy":"category","embeddable":true,"href":"https:\/\/blogs.diariosur.es\/tormentas-y-rayos\/wp-json\/wp\/v2\/categories?post=10517"},{"taxonomy":"post_tag","embeddable":true,"href":"https:\/\/blogs.diariosur.es\/tormentas-y-rayos\/wp-json\/wp\/v2\/tags?post=10517"}],"curies":[{"name":"wp","href":"https:\/\/api.w.org\/{rel}","templated":true}]}}