{"id":10526,"date":"2014-12-10T08:47:26","date_gmt":"2014-12-10T07:47:26","guid":{"rendered":"http:\/\/blogs.diariosur.es\/tormentas-y-rayos\/?p=10526"},"modified":"2014-12-10T08:47:26","modified_gmt":"2014-12-10T07:47:26","slug":"prevision-del-tiempo-posibilidad-de-lluvias-el-proximo-fin-de-semana-en-buena-parte-de-andalucia-torrox-da-la-maxima-de-la-peninsula","status":"publish","type":"post","link":"https:\/\/blogs.diariosur.es\/tormentas-y-rayos\/2014\/12\/10\/prevision-del-tiempo-posibilidad-de-lluvias-el-proximo-fin-de-semana-en-buena-parte-de-andalucia-torrox-da-la-maxima-de-la-peninsula\/","title":{"rendered":"Previsi\u00f3n del tiempo. &#8220;Posibilidad de lluvias el pr\u00f3ximo fin de semana en  buena parte de Andaluc\u00eda&#8221;. Torrox da la m\u00e1xima de la pen\u00ednsula."},"content":{"rendered":"<p><img loading=\"lazy\" class=\"aligncenter\" src=\"https:\/\/farm3.staticflickr.com\/2898\/14371881571_bbae3518b1_q.jpg\" alt=\"\" width=\"150\" height=\"150\" \/><\/p>\n<p>&nbsp;<\/p>\n<p>&nbsp;<\/p>\n<p>&nbsp;<\/p>\n<p>&nbsp;<\/p>\n<p>&nbsp;<\/p>\n<p>&nbsp;<\/p>\n<p>&nbsp;<\/p>\n<p><strong><span><span style=\"color: #0000ff;\">Buenos\u00a0d\u00edas\u00a0amigos de la meteo, son las seis y media de la ma\u00f1ana, registro 11 grados y \u00a0los cielos malague\u00f1os\u00a0est\u00e1n\u00a0algo nubosos. El viento sopla en estos momentos entre flojo y moderado de noreste, esto hace que la\u00a0sensaci\u00f3n\u00a0t\u00e9rmica\u00a0sea de mas fr\u00edo<\/span><\/span><\/strong><\/p>\n<p><span style=\"color: #0000ff;\"><strong>\u00a0El fuerte viento que soplo ayer ha ido amainando durante la madrugada, hoy\u00a0dar\u00e1\u00a0paso a vientos de direcci\u00f3n variable a primeras horas de la ma\u00f1ana, lo mas seguro es que entre el levante.<\/strong><\/span><\/p>\n<p><span style=\"color: #ff00ff;\"><strong>Como todos\u00a0<\/strong><strong>sab\u00e9is y hasta mediados de Enero,\u00a0tendr\u00e9\u00a0menos tiempo para el blog, son los meses fuertes en mi trabajo ( navidad y rebajas). Si algunos dias veis los post con menos contenido, sera por este motivo que os he\u00a0comentado.<\/strong><\/span><\/p>\n<p>&nbsp;<\/p>\n<p><span style=\"color: #ff0000;\"><strong>POSIBILIDAD DE LLUVIAS ACOMPA\u00d1ADAS DE TORMENTAS EL\u00a0PR\u00d3XIMO\u00a0FIN DE SEMANA \u00a0EN CASI TODA \u00a0ANDALUC\u00cdA\u00a0.<\/strong><\/span><\/p>\n<p><span style=\"color: #ff00ff;\"><strong>Bueno amigos de la meteo, los modelos siguen\u00a0confirmando\u00a0esa posible inestabilizaci\u00f3n para el\u00a0pr\u00f3ximo\u00a0fin de semana, para mi ha sido una sorpresa que de pronto los modelos den este cambio. Pensaba que el potente anticicl\u00f3n de las Azores no\u00a0dejar\u00eda\u00a0pasar\u00a0ning\u00fan\u00a0frente. Este frente viene acompa\u00f1ado de una vaguada \u00a0( VAGAUADA,AIRE FRIO, INESTABLE), que al llegar a la\u00a0pen\u00ednsula\u00a0se\u00a0estrangulara\u00a0y formara una borrasca entre el Golfo de C\u00e1diz y Cabo de SanVicente.<\/strong><\/span><\/p>\n<p><span style=\"color: #ff00ff;\"><strong>Os paso estos TRES \u00a0mapas para que lo\u00a0ve\u00e1is\u00a0mas claramente.\u00a0<\/strong><\/span><\/p>\n<p><a href=\"https:\/\/blogs.diariosur.es\/tormentas-y-rayos\/2014\/12\/10\/prevision-del-tiempo-posibilidad-de-lluvias-el-proximo-fin-de-semana-en-buena-parte-de-andalucia-torrox-da-la-maxima-de-la-peninsula\/vaguada-10\/\" rel=\"attachment wp-att-10537\"><img loading=\"lazy\" class=\"aligncenter size-medium wp-image-10537\" title=\"vaguada\" src=\"\/tormentas-y-rayos\/wp-content\/uploads\/sites\/12\/2014\/12\/vaguada.jpg\" alt=\"\" width=\"491\" height=\"400\" srcset=\"https:\/\/static-blogs.diariosur.es\/wp-content\/uploads\/sites\/12\/2014\/12\/vaguada.jpg 740w, https:\/\/static-blogs.diariosur.es\/wp-content\/uploads\/sites\/12\/2014\/12\/vaguada-492x400.jpg 492w\" sizes=\"(max-width: 491px) 100vw, 491px\" \/><\/a><\/p>\n<p>&nbsp;<\/p>\n<p>&nbsp;<\/p>\n<p><a href=\"https:\/\/blogs.diariosur.es\/tormentas-y-rayos\/2014\/12\/10\/prevision-del-tiempo-posibilidad-de-lluvias-el-proximo-fin-de-semana-en-buena-parte-de-andalucia-torrox-da-la-maxima-de-la-peninsula\/estrangula\/\" rel=\"attachment wp-att-10539\"><img loading=\"lazy\" class=\"aligncenter size-medium wp-image-10539\" title=\"estrangula\" src=\"\/tormentas-y-rayos\/wp-content\/uploads\/sites\/12\/2014\/12\/estrangula.jpg\" alt=\"\" width=\"504\" height=\"400\" srcset=\"https:\/\/static-blogs.diariosur.es\/wp-content\/uploads\/sites\/12\/2014\/12\/estrangula.jpg 764w, https:\/\/static-blogs.diariosur.es\/wp-content\/uploads\/sites\/12\/2014\/12\/estrangula-504x400.jpg 504w\" sizes=\"(max-width: 504px) 100vw, 504px\" \/><\/a><\/p>\n<p>&nbsp;<\/p>\n<p>&nbsp;<\/p>\n<p><a href=\"https:\/\/blogs.diariosur.es\/tormentas-y-rayos\/2014\/12\/10\/prevision-del-tiempo-posibilidad-de-lluvias-el-proximo-fin-de-semana-en-buena-parte-de-andalucia-torrox-da-la-maxima-de-la-peninsula\/aa-4\/\" rel=\"attachment wp-att-10560\"><img loading=\"lazy\" class=\"aligncenter size-medium wp-image-10560\" title=\"aa\" src=\"\/tormentas-y-rayos\/wp-content\/uploads\/sites\/12\/2014\/12\/aa1.jpg\" alt=\"\" width=\"489\" height=\"400\" srcset=\"https:\/\/static-blogs.diariosur.es\/wp-content\/uploads\/sites\/12\/2014\/12\/aa1.jpg 743w, https:\/\/static-blogs.diariosur.es\/wp-content\/uploads\/sites\/12\/2014\/12\/aa1-490x400.jpg 490w\" sizes=\"(max-width: 489px) 100vw, 489px\" \/><\/a><\/p>\n<p>&nbsp;<\/p>\n<p>&nbsp;<\/p>\n<p>&nbsp;<\/p>\n<p>&nbsp;<\/p>\n<p>&nbsp;<\/p>\n<p>&nbsp;<\/p>\n<p>&nbsp;<\/p>\n<p><strong>Poco mas que contar de esta posible situaci\u00f3n. Ma\u00f1ana jueves si se confirma esta borrasca, haremos un seguimiento especial.\u00a0<\/strong><\/p>\n<p>&nbsp;<\/p>\n<p><strong>Con vuestro permiso, tiro para la playa para fotografiar el amanecer. En un rato estoy de nuevo con vosotros.<\/strong><\/p>\n<p><strong>Ya de vuelta amigos, pilar cargadas, pero he pasado mucho fr\u00edo jijiji.<\/strong><\/p>\n<p>&nbsp;<\/p>\n<p>&nbsp;<\/p>\n<p>&nbsp;<\/p>\n<p><img loading=\"lazy\" class=\"aligncenter\" src=\"https:\/\/farm8.staticflickr.com\/7475\/15988222762_7632876b5b_z.jpg\" alt=\"\" width=\"640\" height=\"428\" \/><\/p>\n<p>&nbsp;<\/p>\n<p><strong>Os paso los datos mas destacados que se dieron ayer en\u00a0Andaluc\u00eda\u00a0y en Espa\u00f1a. Destacar que Torrox dio la\u00a0m\u00e1xima\u00a0 de la\u00a0Pen\u00ednsula.\u00a0<\/strong><\/p>\n<p>&nbsp;<\/p>\n<p><a href=\"https:\/\/blogs.diariosur.es\/tormentas-y-rayos\/2014\/12\/10\/prevision-del-tiempo-posibilidad-de-lluvias-el-proximo-fin-de-semana-en-buena-parte-de-andalucia-torrox-da-la-maxima-de-la-peninsula\/anadalucia\/\" rel=\"attachment wp-att-10540\"><img loading=\"lazy\" class=\"aligncenter size-medium wp-image-10540\" title=\"anadaluc\u00eda\" src=\"\/tormentas-y-rayos\/wp-content\/uploads\/sites\/12\/2014\/12\/anadaluc\u00eda.jpg\" alt=\"\" width=\"600\" height=\"318\" srcset=\"https:\/\/static-blogs.diariosur.es\/wp-content\/uploads\/sites\/12\/2014\/12\/anadaluc\u00eda.jpg 798w, https:\/\/static-blogs.diariosur.es\/wp-content\/uploads\/sites\/12\/2014\/12\/anadaluc\u00eda-640x340.jpg 640w, https:\/\/static-blogs.diariosur.es\/wp-content\/uploads\/sites\/12\/2014\/12\/anadaluc\u00eda-768x408.jpg 768w\" sizes=\"(max-width: 600px) 100vw, 600px\" \/><\/a><\/p>\n<p>&nbsp;<\/p>\n<p><a href=\"https:\/\/blogs.diariosur.es\/tormentas-y-rayos\/2014\/12\/10\/prevision-del-tiempo-posibilidad-de-lluvias-el-proximo-fin-de-semana-en-buena-parte-de-andalucia-torrox-da-la-maxima-de-la-peninsula\/espana-2\/\" rel=\"attachment wp-att-10541\"><img loading=\"lazy\" class=\"aligncenter size-large wp-image-10541\" title=\"espa\u00f1a\" src=\"\/tormentas-y-rayos\/wp-content\/uploads\/sites\/12\/2014\/12\/espa\u00f1a.jpg\" alt=\"\" width=\"469\" height=\"600\" srcset=\"https:\/\/static-blogs.diariosur.es\/wp-content\/uploads\/sites\/12\/2014\/12\/espa\u00f1a.jpg 772w, https:\/\/static-blogs.diariosur.es\/wp-content\/uploads\/sites\/12\/2014\/12\/espa\u00f1a-313x400.jpg 313w, https:\/\/static-blogs.diariosur.es\/wp-content\/uploads\/sites\/12\/2014\/12\/espa\u00f1a-768x982.jpg 768w\" sizes=\"(max-width: 469px) 100vw, 469px\" \/><\/a><\/p>\n<p>&nbsp;<\/p>\n<p>&nbsp;<\/p>\n<p>&nbsp;<\/p>\n<p><strong>Muchas gracias por los montones de fotos que he recibido de la puesta de sol que tuvimos ayer. Los lenticularis fueron los protagonistas. Unos pedazos de fotos amigos, de nuevo gracias.<\/strong><\/p>\n<p>&nbsp;<\/p>\n<p><strong>Cristina Gonzalez<\/strong><\/p>\n<p>&nbsp;<\/p>\n<p><a href=\"https:\/\/blogs.diariosur.es\/tormentas-y-rayos\/2014\/12\/10\/prevision-del-tiempo-posibilidad-de-lluvias-el-proximo-fin-de-semana-en-buena-parte-de-andalucia-torrox-da-la-maxima-de-la-peninsula\/cristina-gonzalez-3\/\" rel=\"attachment wp-att-10527\"><img loading=\"lazy\" class=\"aligncenter size-full wp-image-10527\" title=\"cristina gonzalez\" src=\"\/tormentas-y-rayos\/wp-content\/uploads\/sites\/12\/2014\/12\/cristina-gonzalez.jpg\" alt=\"\" width=\"640\" height=\"480\" srcset=\"https:\/\/static-blogs.diariosur.es\/wp-content\/uploads\/sites\/12\/2014\/12\/cristina-gonzalez.jpg 640w, https:\/\/static-blogs.diariosur.es\/wp-content\/uploads\/sites\/12\/2014\/12\/cristina-gonzalez-533x400.jpg 533w\" sizes=\"(max-width: 640px) 100vw, 640px\" \/><\/a><\/p>\n<p>&nbsp;<\/p>\n<p><strong>Jose Campos.<\/strong><\/p>\n<p>&nbsp;<\/p>\n<p><a href=\"https:\/\/blogs.diariosur.es\/tormentas-y-rayos\/2014\/12\/10\/prevision-del-tiempo-posibilidad-de-lluvias-el-proximo-fin-de-semana-en-buena-parte-de-andalucia-torrox-da-la-maxima-de-la-peninsula\/jose-campos-2\/\" rel=\"attachment wp-att-10528\"><img loading=\"lazy\" class=\"aligncenter size-full wp-image-10528\" title=\"jose campos\" src=\"\/tormentas-y-rayos\/wp-content\/uploads\/sites\/12\/2014\/12\/jose-campos.jpg\" alt=\"\" width=\"640\" height=\"332\" \/><\/a><\/p>\n<p>&nbsp;<\/p>\n<p>&nbsp;<\/p>\n<p><strong>Jose luis Gil<\/strong><\/p>\n<p>&nbsp;<\/p>\n<p><a href=\"https:\/\/blogs.diariosur.es\/tormentas-y-rayos\/2014\/12\/10\/prevision-del-tiempo-posibilidad-de-lluvias-el-proximo-fin-de-semana-en-buena-parte-de-andalucia-torrox-da-la-maxima-de-la-peninsula\/jose-luis-gil-29\/\" rel=\"attachment wp-att-10529\"><img loading=\"lazy\" class=\"aligncenter size-full wp-image-10529\" title=\"jose luis gil\" src=\"\/tormentas-y-rayos\/wp-content\/uploads\/sites\/12\/2014\/12\/jose-luis-gil1.jpg\" alt=\"\" width=\"640\" height=\"360\" \/><\/a><\/p>\n<p>&nbsp;<\/p>\n<p>&nbsp;<\/p>\n<p><strong>Juan Antonio Espejo<\/strong><\/p>\n<p>&nbsp;<\/p>\n<p><a href=\"https:\/\/blogs.diariosur.es\/tormentas-y-rayos\/2014\/12\/10\/prevision-del-tiempo-posibilidad-de-lluvias-el-proximo-fin-de-semana-en-buena-parte-de-andalucia-torrox-da-la-maxima-de-la-peninsula\/juan-antonio-espejo-3\/\" rel=\"attachment wp-att-10530\"><img loading=\"lazy\" class=\"aligncenter size-full wp-image-10530\" title=\"juan antonio espejo\" src=\"\/tormentas-y-rayos\/wp-content\/uploads\/sites\/12\/2014\/12\/juan-antonio-espejo.jpg\" alt=\"\" width=\"640\" height=\"360\" \/><\/a><\/p>\n<p>&nbsp;<\/p>\n<p><strong>Macu Prieto<\/strong><\/p>\n<p><a href=\"https:\/\/blogs.diariosur.es\/tormentas-y-rayos\/2014\/12\/10\/prevision-del-tiempo-posibilidad-de-lluvias-el-proximo-fin-de-semana-en-buena-parte-de-andalucia-torrox-da-la-maxima-de-la-peninsula\/macu-prieto-12\/\" rel=\"attachment wp-att-10531\"><img loading=\"lazy\" class=\"aligncenter size-full wp-image-10531\" title=\"macu prieto\" src=\"\/tormentas-y-rayos\/wp-content\/uploads\/sites\/12\/2014\/12\/macu-prieto1.jpg\" alt=\"\" width=\"640\" height=\"426\" srcset=\"https:\/\/static-blogs.diariosur.es\/wp-content\/uploads\/sites\/12\/2014\/12\/macu-prieto1.jpg 640w, https:\/\/static-blogs.diariosur.es\/wp-content\/uploads\/sites\/12\/2014\/12\/macu-prieto1-601x400.jpg 601w\" sizes=\"(max-width: 640px) 100vw, 640px\" \/><\/a><\/p>\n<p>&nbsp;<\/p>\n<p>&nbsp;<\/p>\n<p><strong>Maria jose Moyano<\/strong><\/p>\n<p><a href=\"https:\/\/blogs.diariosur.es\/tormentas-y-rayos\/2014\/12\/10\/prevision-del-tiempo-posibilidad-de-lluvias-el-proximo-fin-de-semana-en-buena-parte-de-andalucia-torrox-da-la-maxima-de-la-peninsula\/maria-jose-moyano-5\/\" rel=\"attachment wp-att-10532\"><img loading=\"lazy\" class=\"aligncenter size-full wp-image-10532\" title=\"maria jose moyano\" src=\"\/tormentas-y-rayos\/wp-content\/uploads\/sites\/12\/2014\/12\/maria-jose-moyano.jpg\" alt=\"\" width=\"640\" height=\"480\" srcset=\"https:\/\/static-blogs.diariosur.es\/wp-content\/uploads\/sites\/12\/2014\/12\/maria-jose-moyano.jpg 640w, https:\/\/static-blogs.diariosur.es\/wp-content\/uploads\/sites\/12\/2014\/12\/maria-jose-moyano-533x400.jpg 533w\" sizes=\"(max-width: 640px) 100vw, 640px\" \/><\/a><\/p>\n<p>&nbsp;<\/p>\n<p><strong>Marilo Diaz<\/strong><\/p>\n<p><a href=\"https:\/\/blogs.diariosur.es\/tormentas-y-rayos\/2014\/12\/10\/prevision-del-tiempo-posibilidad-de-lluvias-el-proximo-fin-de-semana-en-buena-parte-de-andalucia-torrox-da-la-maxima-de-la-peninsula\/marilo-diaz-9\/\" rel=\"attachment wp-att-10533\"><img loading=\"lazy\" class=\"aligncenter size-full wp-image-10533\" title=\"marilo diaz\" src=\"\/tormentas-y-rayos\/wp-content\/uploads\/sites\/12\/2014\/12\/marilo-diaz.jpg\" alt=\"\" width=\"640\" height=\"479\" srcset=\"https:\/\/static-blogs.diariosur.es\/wp-content\/uploads\/sites\/12\/2014\/12\/marilo-diaz.jpg 640w, https:\/\/static-blogs.diariosur.es\/wp-content\/uploads\/sites\/12\/2014\/12\/marilo-diaz-534x400.jpg 534w\" sizes=\"(max-width: 640px) 100vw, 640px\" \/><\/a><\/p>\n<p>&nbsp;<\/p>\n<p><strong>Paco del Campo.<\/strong><\/p>\n<p>&nbsp;<\/p>\n<p>&nbsp;<\/p>\n<p><a href=\"https:\/\/blogs.diariosur.es\/tormentas-y-rayos\/2014\/12\/10\/prevision-del-tiempo-posibilidad-de-lluvias-el-proximo-fin-de-semana-en-buena-parte-de-andalucia-torrox-da-la-maxima-de-la-peninsula\/paco-del-campo\/\" rel=\"attachment wp-att-10534\"><img loading=\"lazy\" class=\"aligncenter size-full wp-image-10534\" title=\"paco del campo\" src=\"\/tormentas-y-rayos\/wp-content\/uploads\/sites\/12\/2014\/12\/paco-del-campo.jpg\" alt=\"\" width=\"460\" height=\"613\" srcset=\"https:\/\/static-blogs.diariosur.es\/wp-content\/uploads\/sites\/12\/2014\/12\/paco-del-campo.jpg 460w, https:\/\/static-blogs.diariosur.es\/wp-content\/uploads\/sites\/12\/2014\/12\/paco-del-campo-300x400.jpg 300w\" sizes=\"(max-width: 460px) 100vw, 460px\" \/><\/a><\/p>\n<p>&nbsp;<\/p>\n<p><strong>Salvador Romero<\/strong><\/p>\n<p>&nbsp;<\/p>\n<p><a href=\"https:\/\/blogs.diariosur.es\/tormentas-y-rayos\/2014\/12\/10\/prevision-del-tiempo-posibilidad-de-lluvias-el-proximo-fin-de-semana-en-buena-parte-de-andalucia-torrox-da-la-maxima-de-la-peninsula\/salvador-romero-5\/\" rel=\"attachment wp-att-10535\"><img loading=\"lazy\" class=\"aligncenter size-full wp-image-10535\" title=\"salvador romero\" src=\"\/tormentas-y-rayos\/wp-content\/uploads\/sites\/12\/2014\/12\/salvador-romero.jpg\" alt=\"\" width=\"640\" height=\"360\" \/><\/a><\/p>\n<p>&nbsp;<\/p>\n<p>&nbsp;<\/p>\n<p><strong>Trinidad Borras<\/strong><\/p>\n<p><a href=\"https:\/\/blogs.diariosur.es\/tormentas-y-rayos\/2014\/12\/10\/prevision-del-tiempo-posibilidad-de-lluvias-el-proximo-fin-de-semana-en-buena-parte-de-andalucia-torrox-da-la-maxima-de-la-peninsula\/trinidad-borras\/\" rel=\"attachment wp-att-10536\"><img loading=\"lazy\" class=\"aligncenter size-full wp-image-10536\" title=\"trinidad borras\" src=\"\/tormentas-y-rayos\/wp-content\/uploads\/sites\/12\/2014\/12\/trinidad-borras.jpg\" alt=\"\" width=\"640\" height=\"360\" \/><\/a><\/p>\n","protected":false},"excerpt":{"rendered":"<p>&nbsp; &nbsp; &nbsp; &nbsp; &nbsp; &nbsp; &nbsp; Buenos\u00a0d\u00edas\u00a0amigos de la meteo, son las seis y media de la ma\u00f1ana, registro 11 grados y \u00a0los cielos malague\u00f1os\u00a0est\u00e1n\u00a0algo nubosos. El viento sopla en estos momentos entre flojo y moderado de noreste, esto hace que la\u00a0sensaci\u00f3n\u00a0t\u00e9rmica\u00a0sea de mas fr\u00edo \u00a0El fuerte viento que soplo ayer ha ido amainando [&hellip;]<\/p>\n","protected":false},"author":16,"featured_media":10542,"comment_status":"open","ping_status":"open","sticky":false,"template":"","format":"standard","meta":[],"categories":[2],"tags":[100,624,809,961,980,1012],"_links":{"self":[{"href":"https:\/\/blogs.diariosur.es\/tormentas-y-rayos\/wp-json\/wp\/v2\/posts\/10526"}],"collection":[{"href":"https:\/\/blogs.diariosur.es\/tormentas-y-rayos\/wp-json\/wp\/v2\/posts"}],"about":[{"href":"https:\/\/blogs.diariosur.es\/tormentas-y-rayos\/wp-json\/wp\/v2\/types\/post"}],"author":[{"embeddable":true,"href":"https:\/\/blogs.diariosur.es\/tormentas-y-rayos\/wp-json\/wp\/v2\/users\/16"}],"replies":[{"embeddable":true,"href":"https:\/\/blogs.diariosur.es\/tormentas-y-rayos\/wp-json\/wp\/v2\/comments?post=10526"}],"version-history":[{"count":0,"href":"https:\/\/blogs.diariosur.es\/tormentas-y-rayos\/wp-json\/wp\/v2\/posts\/10526\/revisions"}],"wp:featuredmedia":[{"embeddable":true,"href":"https:\/\/blogs.diariosur.es\/tormentas-y-rayos\/wp-json\/wp\/v2\/media\/10542"}],"wp:attachment":[{"href":"https:\/\/blogs.diariosur.es\/tormentas-y-rayos\/wp-json\/wp\/v2\/media?parent=10526"}],"wp:term":[{"taxonomy":"category","embeddable":true,"href":"https:\/\/blogs.diariosur.es\/tormentas-y-rayos\/wp-json\/wp\/v2\/categories?post=10526"},{"taxonomy":"post_tag","embeddable":true,"href":"https:\/\/blogs.diariosur.es\/tormentas-y-rayos\/wp-json\/wp\/v2\/tags?post=10526"}],"curies":[{"name":"wp","href":"https:\/\/api.w.org\/{rel}","templated":true}]}}