{"id":10543,"date":"2014-12-11T08:46:23","date_gmt":"2014-12-11T07:46:23","guid":{"rendered":"http:\/\/blogs.diariosur.es\/tormentas-y-rayos\/?p=10543"},"modified":"2014-12-11T08:46:23","modified_gmt":"2014-12-11T07:46:23","slug":"prevision-del-tiempo-andalucia-se-confirman-las-lluvias-en-andalucia-para-el-fin-de-semana-y-el-lunes-el-rincon-de-la-victoria-da-la-maxima-de-la-peninsula-20-6","status":"publish","type":"post","link":"https:\/\/blogs.diariosur.es\/tormentas-y-rayos\/2014\/12\/11\/prevision-del-tiempo-andalucia-se-confirman-las-lluvias-en-andalucia-para-el-fin-de-semana-y-el-lunes-el-rincon-de-la-victoria-da-la-maxima-de-la-peninsula-20-6\/","title":{"rendered":"Previsi\u00f3n del tiempo Andaluc\u00eda. Se confirman las lluvias en Andaluc\u00eda para el fin de semana y el lunes. El Rinc\u00f3n de la Victoria da la m\u00e1xima de la pen\u00ednsula 20.6."},"content":{"rendered":"<p><img loading=\"lazy\" class=\"alignright\" src=\"https:\/\/farm9.staticflickr.com\/8608\/15373660164_580374e1ba_m.jpg\" alt=\"\" width=\"240\" height=\"160\" \/><img loading=\"lazy\" class=\"aligncenter\" src=\"https:\/\/farm6.staticflickr.com\/5566\/14568830453_8e0522e3fc_q.jpg\" alt=\"\" width=\"150\" height=\"150\" \/><\/p>\n<p>&nbsp;<\/p>\n<p>&nbsp;<\/p>\n<p>&nbsp;<\/p>\n<p>&nbsp;<\/p>\n<p>&nbsp;<\/p>\n<p><span style=\"color: #0000ff;\"><strong>Buenos dias amigos de la meteo, son las siete de la ma\u00f1ana, registro en mi estaci\u00f3n 9.8 grados y el viento de momento esta en calma. Destacar los casi 5 grados bajo cero que se dan en Baza.<\/strong><\/span><\/p>\n<p><span style=\"color: #0000ff;\"><strong> Tenemos nubes altas y posibles nieblas en Andaluc\u00eda, esto ultimo no lo tengo muy claro. Espero que de\u00a0aqu\u00ed\u00a0a un rato se acerquen esas nubes y podamos disfrutar de un bonito candilazo. En la zona de Huelva y C\u00e1diz si es mas seguro que lo tengan.\u00a0<\/strong><\/span><\/p>\n<p>&nbsp;<\/p>\n<p><span style=\"color: #0000ff;\"><strong>Os paso una imagen reciente del eumetsat.<\/strong><\/span><\/p>\n<p>&nbsp;<\/p>\n<p><a href=\"https:\/\/blogs.diariosur.es\/tormentas-y-rayos\/2014\/12\/11\/prevision-del-tiempo-andalucia-se-confirman-las-lluvias-en-andalucia-para-el-fin-de-semana-y-el-lunes-el-rincon-de-la-victoria-da-la-maxima-de-la-peninsula-20-6\/nieblas\/\" rel=\"attachment wp-att-10555\"><img loading=\"lazy\" class=\"aligncenter size-medium wp-image-10555\" title=\"nieblas\" src=\"\/tormentas-y-rayos\/wp-content\/uploads\/sites\/12\/2014\/12\/nieblas.jpg\" alt=\"\" width=\"543\" height=\"400\" srcset=\"https:\/\/static-blogs.diariosur.es\/wp-content\/uploads\/sites\/12\/2014\/12\/nieblas.jpg 755w, https:\/\/static-blogs.diariosur.es\/wp-content\/uploads\/sites\/12\/2014\/12\/nieblas-543x400.jpg 543w\" sizes=\"(max-width: 543px) 100vw, 543px\" \/><\/a><\/p>\n<p>&nbsp;<\/p>\n<p><span style=\"color: #0000ff;\"><strong>Las nubes altas\u00a0ser\u00e1n\u00a0las protagonista hoy jueves en la Provincia Malague\u00f1a y en Andaluc\u00eda, los vientos soplaran flojos y de direcci\u00f3n variable. La\u00a0m\u00e1xima\u00a0en la Capital Malague\u00f1a rondara los 18 grados.<\/strong><\/span><\/p>\n<p>&nbsp;<\/p>\n<p><span style=\"color: #ff00ff;\"><strong><em><span>LAS LLUVIAS\u00a0SER\u00c1N\u00a0LAS PROTAGONISTAS EL\u00a0PR\u00d3XIMO\u00a0FIN DE SEMANA Y EL LUNES EN \u00a0ANDALUC\u00cdA.<\/span><\/em><\/strong><\/span><\/p>\n<p><strong><em><span style=\"color: #ff0000;\">Pues si amigos de la meteo, \u00a0 todos los modelos coinciden en el descuelgue de esa vaguada y posterior formaci\u00f3n de una DANA ( depresi\u00f3n\u00a0aislada\u00a0en niveles altos) \u00a0entre el Golfo de C\u00e1diz y Cabo de San Vicente el\u00a0s\u00e1bado\u00a0por la\u00a0tarde. En este mapa a 500 hpa previsto la\u00a0pod\u00e9is\u00a0ver. Fuente aemet<\/span><\/em><\/strong><\/p>\n<p><a href=\"https:\/\/blogs.diariosur.es\/tormentas-y-rayos\/2014\/12\/11\/prevision-del-tiempo-andalucia-se-confirman-las-lluvias-en-andalucia-para-el-fin-de-semana-y-el-lunes-el-rincon-de-la-victoria-da-la-maxima-de-la-peninsula-20-6\/z-42\/\" rel=\"attachment wp-att-10558\"><img loading=\"lazy\" class=\"aligncenter size-medium wp-image-10558\" title=\"z\" src=\"\/tormentas-y-rayos\/wp-content\/uploads\/sites\/12\/2014\/12\/z1.jpg\" alt=\"\" width=\"525\" height=\"400\" srcset=\"https:\/\/static-blogs.diariosur.es\/wp-content\/uploads\/sites\/12\/2014\/12\/z1.jpg 758w, https:\/\/static-blogs.diariosur.es\/wp-content\/uploads\/sites\/12\/2014\/12\/z1-525x400.jpg 525w\" sizes=\"(max-width: 525px) 100vw, 525px\" \/><\/a><\/p>\n<p>&nbsp;<\/p>\n<p><span style=\"color: #ff0000;\"><strong><em>\u00a0<\/em><\/strong><\/span><\/p>\n<p>&nbsp;<\/p>\n<p><span style=\"color: #ff0000;\"><em><strong>\u00a0<\/strong><\/em><\/span><\/p>\n<p>&nbsp;<\/p>\n<p>&nbsp;<\/p>\n<p><span style=\"color: #ff0000;\"><em><strong>Os paso los mismo mapas que os puse ayer , ya que apenas han cambiado<\/strong><\/em>.<\/span><\/p>\n<p><span style=\"color: #ff0000;\"><strong>\u00a0<\/strong><\/span><\/p>\n<p style=\"text-align: center;\"><a href=\"https:\/\/blogs.diariosur.es\/tormentas-y-rayos\/2014\/12\/10\/prevision-del-tiempo-posibilidad-de-lluvias-el-proximo-fin-de-semana-en-buena-parte-de-andalucia-torrox-da-la-maxima-de-la-peninsula\/vaguada-10\/\" rel=\"attachment wp-att-10537\"><img loading=\"lazy\" class=\"aligncenter\" title=\"vaguada\" src=\"\/tormentas-y-rayos\/wp-content\/uploads\/sites\/12\/2014\/12\/vaguada.jpg\" alt=\"\" width=\"491\" height=\"400\" \/><\/a><\/p>\n<p>&nbsp;<\/p>\n<p>&nbsp;<\/p>\n<p style=\"text-align: center;\"><a href=\"https:\/\/blogs.diariosur.es\/tormentas-y-rayos\/2014\/12\/10\/prevision-del-tiempo-posibilidad-de-lluvias-el-proximo-fin-de-semana-en-buena-parte-de-andalucia-torrox-da-la-maxima-de-la-peninsula\/estrangula\/\" rel=\"attachment wp-att-10539\"><img loading=\"lazy\" class=\"aligncenter\" title=\"estrangula\" src=\"\/tormentas-y-rayos\/wp-content\/uploads\/sites\/12\/2014\/12\/estrangula.jpg\" alt=\"\" width=\"504\" height=\"400\" \/><\/a><\/p>\n<p>&nbsp;<\/p>\n<p>&nbsp;<\/p>\n<p>&nbsp;<\/p>\n<p>&nbsp;<\/p>\n<p>&nbsp;<\/p>\n<p><a href=\"https:\/\/blogs.diariosur.es\/tormentas-y-rayos\/2014\/12\/11\/prevision-del-tiempo-andalucia-se-confirman-las-lluvias-en-andalucia-para-el-fin-de-semana-y-el-lunes-el-rincon-de-la-victoria-da-la-maxima-de-la-peninsula-20-6\/aa-3\/\" rel=\"attachment wp-att-10559\"><img loading=\"lazy\" class=\"aligncenter size-medium wp-image-10559\" title=\"aa\" src=\"\/tormentas-y-rayos\/wp-content\/uploads\/sites\/12\/2014\/12\/aa.jpg\" alt=\"\" width=\"489\" height=\"400\" srcset=\"https:\/\/static-blogs.diariosur.es\/wp-content\/uploads\/sites\/12\/2014\/12\/aa.jpg 743w, https:\/\/static-blogs.diariosur.es\/wp-content\/uploads\/sites\/12\/2014\/12\/aa-490x400.jpg 490w\" sizes=\"(max-width: 489px) 100vw, 489px\" \/><\/a><\/p>\n<p><span style=\"color: #ff0000;\"><em><strong>Lo que aun no esta muy claro, es la posici\u00f3n que tomara la DANA y en que momento cruzara el Estrecho. \u00a0De esto\u00a0depender\u00e1\u00a0como afectaran las lluvias a Andaluc\u00eda.<\/strong><\/em><\/span><\/p>\n<p><em><strong><span style=\"color: #ff00ff;\">Para<\/span><span style=\"color: #ff0000;\"><span style=\"color: #ff00ff;\"> la zona malague\u00f1a la retrasan para el\u00a0s\u00e1bado por la noche o madrugada del domingo, dando mas probabilidad de lluvias \u00a0para el domingo y el lunes.. Todo\u00a0esto lo iremos viendo poco a poco. Ya\u00a0sab\u00e9is\u00a0como se las gasta estas situaciones.<\/span><\/span><\/strong><\/em><\/p>\n<p><span style=\"color: #ff00ff;\"><strong><em>Si se cumple este mapa para \u00a0el domingo, la Provincia Malague\u00f1a\u00a0recoger\u00e1\u00a0unos buenos litros. Fuente meteociel gfs<\/em><\/strong><\/span><\/p>\n<p>&nbsp;<\/p>\n<p><a href=\"https:\/\/blogs.diariosur.es\/tormentas-y-rayos\/2014\/12\/11\/prevision-del-tiempo-andalucia-se-confirman-las-lluvias-en-andalucia-para-el-fin-de-semana-y-el-lunes-el-rincon-de-la-victoria-da-la-maxima-de-la-peninsula-20-6\/lluvias-5\/\" rel=\"attachment wp-att-10556\"><img loading=\"lazy\" class=\"aligncenter size-large wp-image-10556\" title=\"lluvias\" src=\"\/tormentas-y-rayos\/wp-content\/uploads\/sites\/12\/2014\/12\/lluvias.jpg\" alt=\"\" width=\"602\" height=\"600\" srcset=\"https:\/\/static-blogs.diariosur.es\/wp-content\/uploads\/sites\/12\/2014\/12\/lluvias.jpg 776w, https:\/\/static-blogs.diariosur.es\/wp-content\/uploads\/sites\/12\/2014\/12\/lluvias-150x150.jpg 150w, https:\/\/static-blogs.diariosur.es\/wp-content\/uploads\/sites\/12\/2014\/12\/lluvias-402x400.jpg 402w, https:\/\/static-blogs.diariosur.es\/wp-content\/uploads\/sites\/12\/2014\/12\/lluvias-768x765.jpg 768w\" sizes=\"(max-width: 602px) 100vw, 602px\" \/><\/a><\/p>\n<p>&nbsp;<\/p>\n<p><span style=\"color: #ff00ff;\"><em><strong>A lo largo del dia de hoy, la aemet ira activando los avisos por lluvias el\u00a0s\u00e1bado\u00a0para la zona de Huelva.<\/strong><\/em><\/span><\/p>\n<p>&nbsp;<\/p>\n<p><strong>Con vuestro permiso jijiji, tiro para la playa, espero \u00a0 las nubes altas hayan llegado a M\u00e1laga y podamos disfrutar de un bonito candilazo.<\/strong><\/p>\n<p><strong>Ya de vuelta amigos, no me siento los dedos, que fr\u00edo hacia en la playa de huelin, pero ha merecido la pena pasar fr\u00edo. Las nubes altas tipo cirrus estaban llegando y he podido disfrutar de un bonito amanecer.\u00a0<\/strong><\/p>\n<p>&nbsp;<\/p>\n<p><img loading=\"lazy\" class=\"aligncenter\" src=\"https:\/\/farm8.staticflickr.com\/7545\/15808513788_98ff13ef82_z.jpg\" alt=\"\" width=\"640\" height=\"427\" \/><\/p>\n<p>&nbsp;<\/p>\n<p>&nbsp;<\/p>\n<p><img loading=\"lazy\" class=\"aligncenter\" src=\"https:\/\/farm9.staticflickr.com\/8608\/15373660164_580374e1ba_z.jpg\" alt=\"\" width=\"640\" height=\"427\" \/><\/p>\n<p>&nbsp;<\/p>\n<p>&nbsp;<\/p>\n<p><span style=\"color: #0000ff;\"><strong>Os hago un peque\u00f1o resumen del dia de ayer.\u00a0<\/strong><\/span><\/p>\n<p>&nbsp;<\/p>\n<p><span style=\"color: #0000ff;\"><strong>A las ocho y veinte minutos\u00a0amanec\u00eda\u00a0en la Playa de Huelin. La temperatura del aire era de 11 grados y la del mar 15.8. La\u00a0m\u00e1xima\u00a0de la\u00a0pen\u00ednsula\u00a0la dio el Rinc\u00f3n de la Victoria con 20.6 grados.<\/strong><\/span><\/p>\n<p>&nbsp;<\/p>\n<p><span style=\"color: #0000ff;\"><img loading=\"lazy\" class=\"aligncenter\" src=\"https:\/\/farm8.staticflickr.com\/7475\/15988222762_7632876b5b_z.jpg\" alt=\"\" width=\"640\" height=\"428\" \/><\/span><\/p>\n<p>&nbsp;<\/p>\n<p><span style=\"color: #0000ff;\">\u00a0<strong>Sobre las diez y media tire para el Rinc\u00f3n de la Victoria, tenia encargado un\u00a0d\u00e9cimo\u00a0de navidad que al final no me trajeron. Que conste que esta pagado y todo, &#8220;espero que si no puedo ir a recogerlo&#8221;, me pase igual que al famoso anuncio jijijiji. En el camino yendo para el Rinc\u00f3n me\u00a0encontr\u00e9\u00a0con unos bonitos stratocumulus stratiformis. A la vuelta tambi\u00e9n vi algunos altocumulus ondulatus que no\u00a0fotografi\u00e9.<\/strong><\/span><\/p>\n<p>&nbsp;<\/p>\n<p><span style=\"color: #0000ff;\"><a href=\"https:\/\/blogs.diariosur.es\/tormentas-y-rayos\/2014\/12\/11\/prevision-del-tiempo-andalucia-se-confirman-las-lluvias-en-andalucia-para-el-fin-de-semana-y-el-lunes-el-rincon-de-la-victoria-da-la-maxima-de-la-peninsula-20-6\/_dsc2528\/\" rel=\"attachment wp-att-10552\"><span style=\"color: #0000ff;\"><img loading=\"lazy\" class=\"aligncenter size-full wp-image-10552\" title=\"_DSC2528\" src=\"\/tormentas-y-rayos\/wp-content\/uploads\/sites\/12\/2014\/12\/DSC2528.jpg\" alt=\"\" width=\"640\" height=\"427\" srcset=\"https:\/\/static-blogs.diariosur.es\/wp-content\/uploads\/sites\/12\/2014\/12\/DSC2528.jpg 640w, https:\/\/static-blogs.diariosur.es\/wp-content\/uploads\/sites\/12\/2014\/12\/DSC2528-600x400.jpg 600w\" sizes=\"(max-width: 640px) 100vw, 640px\" \/><\/span><\/a><\/span><\/p>\n<p>&nbsp;<\/p>\n<p><span style=\"color: #0000ff;\"><a href=\"https:\/\/blogs.diariosur.es\/tormentas-y-rayos\/2014\/12\/11\/prevision-del-tiempo-andalucia-se-confirman-las-lluvias-en-andalucia-para-el-fin-de-semana-y-el-lunes-el-rincon-de-la-victoria-da-la-maxima-de-la-peninsula-20-6\/_dsc2526\/\" rel=\"attachment wp-att-10553\"><span style=\"color: #0000ff;\"><img loading=\"lazy\" class=\"aligncenter size-full wp-image-10553\" title=\"_DSC2526\" src=\"\/tormentas-y-rayos\/wp-content\/uploads\/sites\/12\/2014\/12\/DSC2526.jpg\" alt=\"\" width=\"640\" height=\"427\" srcset=\"https:\/\/static-blogs.diariosur.es\/wp-content\/uploads\/sites\/12\/2014\/12\/DSC2526.jpg 640w, https:\/\/static-blogs.diariosur.es\/wp-content\/uploads\/sites\/12\/2014\/12\/DSC2526-600x400.jpg 600w\" sizes=\"(max-width: 640px) 100vw, 640px\" \/><\/span><\/a><\/span><\/p>\n<p>&nbsp;<\/p>\n<p>&nbsp;<\/p>\n<p><span style=\"color: #0000ff;\"><strong>Y poco mas que contar de ayer, os paso los datos mas destacados.<\/strong><\/span><\/p>\n<p>&nbsp;<\/p>\n<p>&nbsp;<\/p>\n<p><span style=\"color: #0000ff;\"><a href=\"https:\/\/blogs.diariosur.es\/tormentas-y-rayos\/2014\/12\/11\/prevision-del-tiempo-andalucia-se-confirman-las-lluvias-en-andalucia-para-el-fin-de-semana-y-el-lunes-el-rincon-de-la-victoria-da-la-maxima-de-la-peninsula-20-6\/datos-6\/\" rel=\"attachment wp-att-10554\"><span style=\"color: #0000ff;\"><img loading=\"lazy\" class=\"aligncenter size-large wp-image-10554\" title=\"datos\" src=\"\/tormentas-y-rayos\/wp-content\/uploads\/sites\/12\/2014\/12\/datos1.jpg\" alt=\"\" width=\"614\" height=\"600\" srcset=\"https:\/\/static-blogs.diariosur.es\/wp-content\/uploads\/sites\/12\/2014\/12\/datos1.jpg 785w, https:\/\/static-blogs.diariosur.es\/wp-content\/uploads\/sites\/12\/2014\/12\/datos1-409x400.jpg 409w, https:\/\/static-blogs.diariosur.es\/wp-content\/uploads\/sites\/12\/2014\/12\/datos1-768x750.jpg 768w\" sizes=\"(max-width: 614px) 100vw, 614px\" \/><\/span><\/a><\/span><\/p>\n<p>&nbsp;<\/p>\n<p>&nbsp;<\/p>\n<p><span style=\"color: #0000ff;\"><strong>Avaro Gordillo nos manda esta\u00a0bonita\u00a0foto desde Banaoj\u00e1n, me comentaba que en esta zona, los\u00a0p\u00e1jaros\u00a0no cantan&#8230; estornudan.. jijijiji, un grado bajo cero.<\/strong><\/span><\/p>\n<p>&nbsp;<\/p>\n<p><span style=\"color: #0000ff;\"><a href=\"https:\/\/blogs.diariosur.es\/tormentas-y-rayos\/2014\/12\/11\/prevision-del-tiempo-andalucia-se-confirman-las-lluvias-en-andalucia-para-el-fin-de-semana-y-el-lunes-el-rincon-de-la-victoria-da-la-maxima-de-la-peninsula-20-6\/alvaro-gordillo-el-pueblo-donde-os-pajaros-no-cantan-estornudan-benaojan-2\/\" rel=\"attachment wp-att-10548\"><span style=\"color: #0000ff;\"><img loading=\"lazy\" class=\"aligncenter size-full wp-image-10548\" title=\"alvaro gordillo, el pueblo donde os pajaros no cantan estornudan benaoj\u00e1n\" src=\"\/tormentas-y-rayos\/wp-content\/uploads\/sites\/12\/2014\/12\/alvaro-gordillo-el-pueblo-donde-os-pajaros-no-cantan-estornudan-benaoj\u00e1n1.jpg\" alt=\"\" width=\"640\" height=\"646\" srcset=\"https:\/\/static-blogs.diariosur.es\/wp-content\/uploads\/sites\/12\/2014\/12\/alvaro-gordillo-el-pueblo-donde-os-pajaros-no-cantan-estornudan-benaoj\u00e1n1.jpg 640w, https:\/\/static-blogs.diariosur.es\/wp-content\/uploads\/sites\/12\/2014\/12\/alvaro-gordillo-el-pueblo-donde-os-pajaros-no-cantan-estornudan-benaoj\u00e1n1-150x150.jpg 150w, https:\/\/static-blogs.diariosur.es\/wp-content\/uploads\/sites\/12\/2014\/12\/alvaro-gordillo-el-pueblo-donde-os-pajaros-no-cantan-estornudan-benaoj\u00e1n1-396x400.jpg 396w\" sizes=\"(max-width: 640px) 100vw, 640px\" \/><\/span><\/a><\/span><\/p>\n<p>&nbsp;<\/p>\n<p><span style=\"color: #0000ff;\"><strong>Jose Antonio P\u00e9rez nos manda desde la campi\u00f1a Cordobesa este bonito atardecer.<\/strong><\/span><\/p>\n<p>&nbsp;<\/p>\n<p><span style=\"color: #0000ff;\"><a href=\"https:\/\/blogs.diariosur.es\/tormentas-y-rayos\/2014\/12\/11\/prevision-del-tiempo-andalucia-se-confirman-las-lluvias-en-andalucia-para-el-fin-de-semana-y-el-lunes-el-rincon-de-la-victoria-da-la-maxima-de-la-peninsula-20-6\/antonio-perez-2\/\" rel=\"attachment wp-att-10549\"><span style=\"color: #0000ff;\"><img loading=\"lazy\" class=\"aligncenter size-full wp-image-10549\" title=\"antonio p\u00e9rez\" src=\"\/tormentas-y-rayos\/wp-content\/uploads\/sites\/12\/2014\/12\/antonio-p\u00e9rez1.jpg\" alt=\"\" width=\"640\" height=\"425\" srcset=\"https:\/\/static-blogs.diariosur.es\/wp-content\/uploads\/sites\/12\/2014\/12\/antonio-p\u00e9rez1.jpg 640w, https:\/\/static-blogs.diariosur.es\/wp-content\/uploads\/sites\/12\/2014\/12\/antonio-p\u00e9rez1-602x400.jpg 602w\" sizes=\"(max-width: 640px) 100vw, 640px\" \/><\/span><\/a><\/span><\/p>\n<p><span style=\"color: #0000ff;\"><strong>\u00a0\u00a0<\/strong><\/span><\/p>\n<p><span style=\"color: #0000ff;\"><strong>Jose Torres Ruiz, cazo desde Gibralfaro estos stratocumulus stratiformis. Me encanta la foto amigo.<\/strong><\/span><\/p>\n<p>&nbsp;<\/p>\n<p>&nbsp;<\/p>\n<p><span style=\"color: #0000ff;\"><a href=\"https:\/\/blogs.diariosur.es\/tormentas-y-rayos\/2014\/12\/11\/prevision-del-tiempo-andalucia-se-confirman-las-lluvias-en-andalucia-para-el-fin-de-semana-y-el-lunes-el-rincon-de-la-victoria-da-la-maxima-de-la-peninsula-20-6\/jose-torres-ruiz_1-4\/\" rel=\"attachment wp-att-10550\"><span style=\"color: #0000ff;\"><img loading=\"lazy\" class=\"aligncenter size-full wp-image-10550\" title=\"jose torres ruiz_1\" src=\"\/tormentas-y-rayos\/wp-content\/uploads\/sites\/12\/2014\/12\/jose-torres-ruiz_11.jpg\" alt=\"\" width=\"640\" height=\"360\" \/><\/span><\/a><\/span><\/p>\n<p>&nbsp;<\/p>\n<p>&nbsp;<\/p>\n<p><span style=\"color: #0000ff;\"><strong>Mi amiga Paqui Carnero, inmortalizo\u00a0magistralmente\u00a0el amanecer de ayer desde la Playa del Chanquete.<\/strong><\/span><\/p>\n<p>&nbsp;<\/p>\n<p>&nbsp;<\/p>\n<p><span style=\"color: #0000ff;\"><a href=\"https:\/\/blogs.diariosur.es\/tormentas-y-rayos\/2014\/12\/11\/prevision-del-tiempo-andalucia-se-confirman-las-lluvias-en-andalucia-para-el-fin-de-semana-y-el-lunes-el-rincon-de-la-victoria-da-la-maxima-de-la-peninsula-20-6\/paqui-carnero-16\/\" rel=\"attachment wp-att-10551\"><span style=\"color: #0000ff;\"><img loading=\"lazy\" class=\"aligncenter size-full wp-image-10551\" title=\"paqui carnero\" src=\"\/tormentas-y-rayos\/wp-content\/uploads\/sites\/12\/2014\/12\/paqui-carnero1.jpg\" alt=\"\" width=\"640\" height=\"473\" srcset=\"https:\/\/static-blogs.diariosur.es\/wp-content\/uploads\/sites\/12\/2014\/12\/paqui-carnero1.jpg 640w, https:\/\/static-blogs.diariosur.es\/wp-content\/uploads\/sites\/12\/2014\/12\/paqui-carnero1-541x400.jpg 541w\" sizes=\"(max-width: 640px) 100vw, 640px\" \/><\/span><\/a><\/span><\/p>\n","protected":false},"excerpt":{"rendered":"<p>&nbsp; &nbsp; &nbsp; &nbsp; &nbsp; Buenos dias amigos de la meteo, son las siete de la ma\u00f1ana, registro en mi estaci\u00f3n 9.8 grados y el viento de momento esta en calma. Destacar los casi 5 grados bajo cero que se dan en Baza. Tenemos nubes altas y posibles nieblas en Andaluc\u00eda, esto ultimo no lo [&hellip;]<\/p>\n","protected":false},"author":16,"featured_media":10556,"comment_status":"closed","ping_status":"closed","sticky":false,"template":"","format":"standard","meta":[],"categories":[2],"tags":[100,412,569,809,980],"_links":{"self":[{"href":"https:\/\/blogs.diariosur.es\/tormentas-y-rayos\/wp-json\/wp\/v2\/posts\/10543"}],"collection":[{"href":"https:\/\/blogs.diariosur.es\/tormentas-y-rayos\/wp-json\/wp\/v2\/posts"}],"about":[{"href":"https:\/\/blogs.diariosur.es\/tormentas-y-rayos\/wp-json\/wp\/v2\/types\/post"}],"author":[{"embeddable":true,"href":"https:\/\/blogs.diariosur.es\/tormentas-y-rayos\/wp-json\/wp\/v2\/users\/16"}],"replies":[{"embeddable":true,"href":"https:\/\/blogs.diariosur.es\/tormentas-y-rayos\/wp-json\/wp\/v2\/comments?post=10543"}],"version-history":[{"count":0,"href":"https:\/\/blogs.diariosur.es\/tormentas-y-rayos\/wp-json\/wp\/v2\/posts\/10543\/revisions"}],"wp:featuredmedia":[{"embeddable":true,"href":"https:\/\/blogs.diariosur.es\/tormentas-y-rayos\/wp-json\/wp\/v2\/media\/10556"}],"wp:attachment":[{"href":"https:\/\/blogs.diariosur.es\/tormentas-y-rayos\/wp-json\/wp\/v2\/media?parent=10543"}],"wp:term":[{"taxonomy":"category","embeddable":true,"href":"https:\/\/blogs.diariosur.es\/tormentas-y-rayos\/wp-json\/wp\/v2\/categories?post=10543"},{"taxonomy":"post_tag","embeddable":true,"href":"https:\/\/blogs.diariosur.es\/tormentas-y-rayos\/wp-json\/wp\/v2\/tags?post=10543"}],"curies":[{"name":"wp","href":"https:\/\/api.w.org\/{rel}","templated":true}]}}