{"id":10572,"date":"2014-12-13T07:16:07","date_gmt":"2014-12-13T06:16:07","guid":{"rendered":"http:\/\/blogs.diariosur.es\/tormentas-y-rayos\/?p=10572"},"modified":"2014-12-13T07:16:07","modified_gmt":"2014-12-13T06:16:07","slug":"prevision-del-tiempo-andalucia-aviso-amarillo-por-lluvias-en-malaga-cadiz-sevilla-y-huelva-la-borrasca-cruzara-manana-domingo-el-estrecho","status":"publish","type":"post","link":"https:\/\/blogs.diariosur.es\/tormentas-y-rayos\/2014\/12\/13\/prevision-del-tiempo-andalucia-aviso-amarillo-por-lluvias-en-malaga-cadiz-sevilla-y-huelva-la-borrasca-cruzara-manana-domingo-el-estrecho\/","title":{"rendered":"Previsi\u00f3n del tiempo Andaluc\u00eda. Aviso amarillo por lluvias en M\u00e1laga, C\u00e1diz, Sevilla y Huelva. La borrasca cruzara ma\u00f1ana domingo el Estrecho."},"content":{"rendered":"<p><a href=\"https:\/\/blogs.diariosur.es\/tormentas-y-rayos\/2014\/12\/13\/prevision-del-tiempo-andalucia-aviso-amarillo-por-lluvias-en-malaga-cadiz-sevilla-y-huelva-la-borrasca-cruzara-manana-domingo-el-estrecho\/sabado-19\/\" rel=\"attachment wp-att-10575\"><img loading=\"lazy\" class=\"alignleft size-thumbnail wp-image-10575\" title=\"sabado\" src=\"\/tormentas-y-rayos\/wp-content\/uploads\/sites\/12\/2014\/12\/sabado.jpg\" alt=\"\" width=\"150\" height=\"150\" \/><\/a><img loading=\"lazy\" class=\"aligncenter\" src=\"https:\/\/farm3.staticflickr.com\/2898\/14371881571_bbae3518b1_q.jpg\" alt=\"\" width=\"150\" height=\"150\" \/><\/p>\n<p>&nbsp;<\/p>\n<p>&nbsp;<\/p>\n<p>&nbsp;<\/p>\n<p>&nbsp;<\/p>\n<p>&nbsp;<\/p>\n<p>&nbsp;<\/p>\n<p>&nbsp;<\/p>\n<p><strong>Buenos dias amigos de la meteo, son las seis de la ma\u00f1ana, registro 13.8 grados \u00a0y los cielos andaluces est\u00e1n muy nubosos. Hoy debido a que est\u00e1n los cielos cubiertos, no han dejado escapar el calor acumulado del dia de ayer, \u00a0por este motivo en estos momentos las\u00a0m\u00ednimas\u00a0son mucho mas altas que ayer a esta misma hora. \u00a0Se registran peque\u00f1os\u00a0chubascos en las provincias occidentales, incluso\u00a0aqu\u00ed\u00a0en M\u00e1laga Capital y en otros puntos de la costa han\u00a0ca\u00eddo\u00a0peque\u00f1os\u00a0chubascos. Hay posibilidad de que tambi\u00e9n se den dentro de un par de horas.\u00a0<\/strong><strong>El viento de\u00a0levante tomara protagonismo en el Litoral\u00a0Mediterr\u00e1neo Andaluz y Estrecho a partir del\u00a0mediod\u00eda. Sera a ultima hora de la noche y madrugada del domingo cuando se esperan mas lluvia.\u00a0<strong>Ma\u00f1ana o el lunes \u00a0veremos que registros de lluvias hemos tenido en M\u00e1laga y su provincia.<\/strong><\/strong><\/p>\n<p><em><strong>\u00a0\u00a0<a href=\"https:\/\/blogs.diariosur.es\/tormentas-y-rayos\/\">Para los que\u00a0entr\u00e1is\u00a0por primera vez os paso el enlace a la portada del blog, alli\u00a0podes\u00a0pinchar en los post que he abierto estos dias explicando esta situaci\u00f3n.\u00a0\u00a0<\/a><\/strong><\/em><\/p>\n<p><strong>En esta imagen de masas de aire se ve perfectamente la vaguada, asi como el frente que afecta en estos momentos a la zona occidental peninsular, donde mas lluvia esta dejando es en Galicia.\u00a0<\/strong><\/p>\n<p>&nbsp;<\/p>\n<p><a href=\"https:\/\/blogs.diariosur.es\/tormentas-y-rayos\/2014\/12\/13\/prevision-del-tiempo-andalucia-aviso-amarillo-por-lluvias-en-malaga-cadiz-sevilla-y-huelva-la-borrasca-cruzara-manana-domingo-el-estrecho\/masas-de-aire-6\/\" rel=\"attachment wp-att-10574\"><img loading=\"lazy\" class=\"aligncenter size-full wp-image-10574\" title=\"masas de aire\" src=\"\/tormentas-y-rayos\/wp-content\/uploads\/sites\/12\/2014\/12\/masas-de-aire1.jpg\" alt=\"\" width=\"624\" height=\"530\" srcset=\"https:\/\/static-blogs.diariosur.es\/wp-content\/uploads\/sites\/12\/2014\/12\/masas-de-aire1.jpg 624w, https:\/\/static-blogs.diariosur.es\/wp-content\/uploads\/sites\/12\/2014\/12\/masas-de-aire1-471x400.jpg 471w\" sizes=\"(max-width: 624px) 100vw, 624px\" \/><\/a><\/p>\n<p><a href=\"https:\/\/blogs.diariosur.es\/tormentas-y-rayos\/\">\u00a0<\/a><\/p>\n<p><strong>A ultima hora de la tarde noche de hoy \u00a0esta vaguada se estrangulara y se formara una borrasca en el Cabo de San Vicente. Durante la jornada del domingo pasara por el Golfo de C\u00e1diz , para mas tarde cruzar por el Estrecho.<\/strong><\/p>\n<p><strong>La Aemet activa el aviso amarillo \u00a0hoy\u00a0s\u00e1bado\u00a0por lluvias en Huelva, C\u00e1diz, Sevilla y M\u00e1laga.<\/strong><\/p>\n<p>&nbsp;<\/p>\n<p><a href=\"https:\/\/blogs.diariosur.es\/tormentas-y-rayos\/2014\/12\/13\/prevision-del-tiempo-andalucia-aviso-amarillo-por-lluvias-en-malaga-cadiz-sevilla-y-huelva-la-borrasca-cruzara-manana-domingo-el-estrecho\/sabado-19\/\" rel=\"attachment wp-att-10575\"><img loading=\"lazy\" class=\"aligncenter size-full wp-image-10575\" title=\"sabado\" src=\"\/tormentas-y-rayos\/wp-content\/uploads\/sites\/12\/2014\/12\/sabado.jpg\" alt=\"\" width=\"539\" height=\"433\" srcset=\"https:\/\/static-blogs.diariosur.es\/wp-content\/uploads\/sites\/12\/2014\/12\/sabado.jpg 539w, https:\/\/static-blogs.diariosur.es\/wp-content\/uploads\/sites\/12\/2014\/12\/sabado-498x400.jpg 498w\" sizes=\"(max-width: 539px) 100vw, 539px\" \/><\/a><\/p>\n<p>&nbsp;<\/p>\n<p><a href=\"https:\/\/blogs.diariosur.es\/tormentas-y-rayos\/2014\/12\/13\/prevision-del-tiempo-andalucia-aviso-amarillo-por-lluvias-en-malaga-cadiz-sevilla-y-huelva-la-borrasca-cruzara-manana-domingo-el-estrecho\/xx\/\" rel=\"attachment wp-att-10576\"><img loading=\"lazy\" class=\"aligncenter size-full wp-image-10576\" title=\"xx\" src=\"\/tormentas-y-rayos\/wp-content\/uploads\/sites\/12\/2014\/12\/xx.jpg\" alt=\"\" width=\"452\" height=\"241\" \/><\/a><\/p>\n<p>&nbsp;<\/p>\n<p><strong>En M\u00e1laga entra en vigor el aviso a partir de las 18:00 horas. Y\u00a0estar\u00eda\u00a0vigente hasta por la tarde del domingo.<\/strong><\/p>\n<p>&nbsp;<\/p>\n<p><a href=\"https:\/\/blogs.diariosur.es\/tormentas-y-rayos\/2014\/12\/13\/prevision-del-tiempo-andalucia-aviso-amarillo-por-lluvias-en-malaga-cadiz-sevilla-y-huelva-la-borrasca-cruzara-manana-domingo-el-estrecho\/xxxxx\/\" rel=\"attachment wp-att-10577\"><img loading=\"lazy\" class=\"aligncenter size-full wp-image-10577\" title=\"xxxxx\" src=\"\/tormentas-y-rayos\/wp-content\/uploads\/sites\/12\/2014\/12\/xxxxx.jpg\" alt=\"\" width=\"573\" height=\"303\" \/><\/a><\/p>\n<p>&nbsp;<\/p>\n<p>&nbsp;<\/p>\n<p>&nbsp;<\/p>\n<p><img loading=\"lazy\" class=\"aligncenter\" src=\"https:\/\/farm8.staticflickr.com\/7583\/15865699686_65bd94ef4a_z.jpg\" alt=\"\" width=\"640\" height=\"427\" \/><\/p>\n<p>&nbsp;<\/p>\n<p><strong>Lo mismo si hay alguna tormenta, se podr\u00e1n ver algunas trombas marinas, eso si que se queden en el mar.<\/strong><\/p>\n<p>&nbsp;<\/p>\n<p style=\"text-align: center;\"><a href=\"https:\/\/blogs.diariosur.es\/tormentas-y-rayos\/2014\/12\/13\/prevision-del-tiempo-andalucia-aviso-amarillo-por-lluvias-en-malaga-cadiz-sevilla-y-huelva-la-borrasca-cruzara-manana-domingo-el-estrecho\/tttt-3\/\" rel=\"attachment wp-att-10581\"><img loading=\"lazy\" class=\"size-full wp-image-10581 aligncenter\" title=\"tttt\" src=\"\/tormentas-y-rayos\/wp-content\/uploads\/sites\/12\/2014\/12\/tttt1.jpg\" alt=\"\" width=\"640\" height=\"427\" srcset=\"https:\/\/static-blogs.diariosur.es\/wp-content\/uploads\/sites\/12\/2014\/12\/tttt1.jpg 640w, https:\/\/static-blogs.diariosur.es\/wp-content\/uploads\/sites\/12\/2014\/12\/tttt1-600x400.jpg 600w\" sizes=\"(max-width: 640px) 100vw, 640px\" \/><\/a><\/p>\n<p>&nbsp;<\/p>\n<p>&nbsp;<\/p>\n<p>&nbsp;<\/p>\n<p><span style=\"color: #ff0000;\"><strong>Me vais a permitir que hoy el post \u00a0sea muy corto, tanto hoy\u00a0s\u00e1bado\u00a0 como\u00a0ma\u00f1ana\u00a0domingo curro el\u00a0d\u00eda\u00a0entero, y no se de donde voy a sacar tiempo.<\/strong><\/span><\/p>\n<p><span style=\"color: #ff0000;\"><strong> Ademas, el\u00a0pr\u00f3ximo\u00a0jueves\u00a0estar\u00e9\u00a0en Radio Victoria en el Programa el Despertador y quiero preparar estos\u00a0d\u00edas\u00a0un poco la entrevista. \u00a0Poco mas que contar, os dejo con los datos mas destacados que se\u00a0dieron\u00a0ayer.<\/strong><\/span><\/p>\n<p>&nbsp;<\/p>\n<p><strong>Os paso los datos mas destacados que se dieron ayer en Andaluc\u00eda. El\u00a0aeropuerto\u00a0malague\u00f1o registro la\u00a0m\u00ednima\u00a0mas baja en lo que va de oto\u00f1o, concretamente 3.5 grados. Otro dato a destacar la maxima que dio Motril con 22.1 grados<\/strong><\/p>\n<p>&nbsp;<\/p>\n<p><a href=\"https:\/\/blogs.diariosur.es\/tormentas-y-rayos\/2014\/12\/13\/prevision-del-tiempo-andalucia-aviso-amarillo-por-lluvias-en-malaga-cadiz-sevilla-y-huelva-la-borrasca-cruzara-manana-domingo-el-estrecho\/3-vert\/\" rel=\"attachment wp-att-10573\"><img loading=\"lazy\" class=\"aligncenter size-full wp-image-10573\" title=\"3-vert\" src=\"\/tormentas-y-rayos\/wp-content\/uploads\/sites\/12\/2014\/12\/3-vert.jpg\" alt=\"\" width=\"617\" height=\"994\" srcset=\"https:\/\/static-blogs.diariosur.es\/wp-content\/uploads\/sites\/12\/2014\/12\/3-vert.jpg 617w, https:\/\/static-blogs.diariosur.es\/wp-content\/uploads\/sites\/12\/2014\/12\/3-vert-248x400.jpg 248w\" sizes=\"(max-width: 617px) 100vw, 617px\" \/><\/a><\/p>\n","protected":false},"excerpt":{"rendered":"<p>&nbsp; &nbsp; &nbsp; &nbsp; &nbsp; &nbsp; &nbsp; Buenos dias amigos de la meteo, son las seis de la ma\u00f1ana, registro 13.8 grados \u00a0y los cielos andaluces est\u00e1n muy nubosos. Hoy debido a que est\u00e1n los cielos cubiertos, no han dejado escapar el calor acumulado del dia de ayer, \u00a0por este motivo en estos momentos las\u00a0m\u00ednimas\u00a0son [&hellip;]<\/p>\n","protected":false},"author":16,"featured_media":10580,"comment_status":"open","ping_status":"open","sticky":false,"template":"","format":"standard","meta":[],"categories":[2],"tags":[94,100,151,569,587,809,980],"_links":{"self":[{"href":"https:\/\/blogs.diariosur.es\/tormentas-y-rayos\/wp-json\/wp\/v2\/posts\/10572"}],"collection":[{"href":"https:\/\/blogs.diariosur.es\/tormentas-y-rayos\/wp-json\/wp\/v2\/posts"}],"about":[{"href":"https:\/\/blogs.diariosur.es\/tormentas-y-rayos\/wp-json\/wp\/v2\/types\/post"}],"author":[{"embeddable":true,"href":"https:\/\/blogs.diariosur.es\/tormentas-y-rayos\/wp-json\/wp\/v2\/users\/16"}],"replies":[{"embeddable":true,"href":"https:\/\/blogs.diariosur.es\/tormentas-y-rayos\/wp-json\/wp\/v2\/comments?post=10572"}],"version-history":[{"count":0,"href":"https:\/\/blogs.diariosur.es\/tormentas-y-rayos\/wp-json\/wp\/v2\/posts\/10572\/revisions"}],"wp:featuredmedia":[{"embeddable":true,"href":"https:\/\/blogs.diariosur.es\/tormentas-y-rayos\/wp-json\/wp\/v2\/media\/10580"}],"wp:attachment":[{"href":"https:\/\/blogs.diariosur.es\/tormentas-y-rayos\/wp-json\/wp\/v2\/media?parent=10572"}],"wp:term":[{"taxonomy":"category","embeddable":true,"href":"https:\/\/blogs.diariosur.es\/tormentas-y-rayos\/wp-json\/wp\/v2\/categories?post=10572"},{"taxonomy":"post_tag","embeddable":true,"href":"https:\/\/blogs.diariosur.es\/tormentas-y-rayos\/wp-json\/wp\/v2\/tags?post=10572"}],"curies":[{"name":"wp","href":"https:\/\/api.w.org\/{rel}","templated":true}]}}