{"id":10582,"date":"2014-12-14T07:33:25","date_gmt":"2014-12-14T06:33:25","guid":{"rendered":"http:\/\/blogs.diariosur.es\/tormentas-y-rayos\/?p=10582"},"modified":"2014-12-14T07:33:25","modified_gmt":"2014-12-14T06:33:25","slug":"prevision-del-tiempo-andalucia-aviso-naranja-por-nevadas-en-la-provincia-granadina-y-por-lluvias-en-cadiz-amarillo-en-huelva-sevilla-malaga-y-almeria","status":"publish","type":"post","link":"https:\/\/blogs.diariosur.es\/tormentas-y-rayos\/2014\/12\/14\/prevision-del-tiempo-andalucia-aviso-naranja-por-nevadas-en-la-provincia-granadina-y-por-lluvias-en-cadiz-amarillo-en-huelva-sevilla-malaga-y-almeria\/","title":{"rendered":"Previsi\u00f3n del tiempo Andaluc\u00eda. Aviso naranja por nevadas en la provincia Granadina y por lluvias en C\u00e1diz. Amarillo en Huelva, Sevilla, M\u00e1laga y Almer\u00eda."},"content":{"rendered":"<p><img loading=\"lazy\" class=\"aligncenter\" src=\"https:\/\/farm3.staticflickr.com\/2898\/14371881571_bbae3518b1_q.jpg\" alt=\"\" width=\"150\" height=\"150\" \/><\/p>\n<p>&nbsp;<\/p>\n<p>&nbsp;<\/p>\n<p>&nbsp;<\/p>\n<p>&nbsp;<\/p>\n<p>&nbsp;<\/p>\n<p>&nbsp;<\/p>\n<p><span style=\"color: #0000ff;\"><strong>Buenos\u00a0d\u00edas\u00a0amigos de la meteo, son las seis de la ma\u00f1ana, registro 13.5 grados y los cielos andaluces y malague\u00f1os est\u00e1n muy nubosos. Se registran chubascos en las provincias de Huelva, C\u00e1diz, \u00a0M\u00e1laga, Granada y \u00a0Sevilla en estos momentos.\u00a0<\/strong><\/span><\/p>\n<p><span style=\"color: #ff00ff;\"><strong>Hoy no os podre informar en directo del paso de la borrasca, trabajo el\u00a0d\u00eda\u00a0entero.\u00a0<\/strong><\/span><\/p>\n<p><span style=\"color: #0000ff;\"><strong>La bolsa de aire fr\u00edo se encuentra en estos momentos en el Cabo de San Vicente, os paso esta bonita imagen de masas de aire y el mapa previsto para dentro de una hora.<\/strong><\/span><\/p>\n<p>&nbsp;<\/p>\n<p><a href=\"https:\/\/blogs.diariosur.es\/tormentas-y-rayos\/2014\/12\/14\/prevision-del-tiempo-andalucia-aviso-naranja-por-nevadas-en-la-provincia-granadina-y-por-lluvias-en-cadiz-amarillo-en-huelva-sevilla-malaga-y-almeria\/masas-de-aire-7\/\" rel=\"attachment wp-att-10583\"><img loading=\"lazy\" class=\"aligncenter size-full wp-image-10583\" title=\"masas de aire\" src=\"\/tormentas-y-rayos\/wp-content\/uploads\/sites\/12\/2014\/12\/masas-de-aire2.jpg\" alt=\"\" width=\"590\" height=\"528\" srcset=\"https:\/\/static-blogs.diariosur.es\/wp-content\/uploads\/sites\/12\/2014\/12\/masas-de-aire2.jpg 590w, https:\/\/static-blogs.diariosur.es\/wp-content\/uploads\/sites\/12\/2014\/12\/masas-de-aire2-447x400.jpg 447w\" sizes=\"(max-width: 590px) 100vw, 590px\" \/><\/a><\/p>\n<p>&nbsp;<\/p>\n<p><a href=\"https:\/\/blogs.diariosur.es\/tormentas-y-rayos\/2014\/12\/14\/prevision-del-tiempo-andalucia-aviso-naranja-por-nevadas-en-la-provincia-granadina-y-por-lluvias-en-cadiz-amarillo-en-huelva-sevilla-malaga-y-almeria\/captura-530\/\" rel=\"attachment wp-att-10584\"><img loading=\"lazy\" class=\"aligncenter size-medium wp-image-10584\" title=\"Captura\" src=\"\/tormentas-y-rayos\/wp-content\/uploads\/sites\/12\/2014\/12\/Captura7.jpg\" alt=\"\" width=\"600\" height=\"374\" srcset=\"https:\/\/static-blogs.diariosur.es\/wp-content\/uploads\/sites\/12\/2014\/12\/Captura7.jpg 781w, https:\/\/static-blogs.diariosur.es\/wp-content\/uploads\/sites\/12\/2014\/12\/Captura7-640x400.jpg 640w, https:\/\/static-blogs.diariosur.es\/wp-content\/uploads\/sites\/12\/2014\/12\/Captura7-768x479.jpg 768w\" sizes=\"(max-width: 600px) 100vw, 600px\" \/><\/a><\/p>\n<p>&nbsp;<\/p>\n<p><span style=\"color: #0000ff;\"><strong>A lo largo del dia \u00a0la peque\u00f1a borrasca se acercara al Golfo de C\u00e1diz y cruzara el Estrecho, para mas tarde centrarse cerca de Murcia ma\u00f1ana lunes . El\u00a0n\u00facleo\u00a0 fr\u00edo de la borrasca dejara precipitaciones acompa\u00f1adas de tormentas en\u00a0C\u00e1diz, asi como nevadas en la provincia granadina a partir de 1000 metros. Por este motivo la Aemet ha activado el aviso naranja en C\u00e1diz y Granada. El amarillo por lluvias\u00a0<\/strong><strong>seguir\u00e1\u00a0vigente en Huelva, M\u00e1laga, Almer\u00eda y Ja\u00e9n, esta ultima tambi\u00e9n por nevadas.<\/strong><\/span><\/p>\n<p>&nbsp;<\/p>\n<p><a href=\"https:\/\/blogs.diariosur.es\/tormentas-y-rayos\/2014\/12\/14\/prevision-del-tiempo-andalucia-aviso-naranja-por-nevadas-en-la-provincia-granadina-y-por-lluvias-en-cadiz-amarillo-en-huelva-sevilla-malaga-y-almeria\/avisos-domingo\/\" rel=\"attachment wp-att-10586\"><img loading=\"lazy\" class=\"aligncenter size-full wp-image-10586\" title=\"avisos domingo\" src=\"\/tormentas-y-rayos\/wp-content\/uploads\/sites\/12\/2014\/12\/avisos-domingo.jpg\" alt=\"\" width=\"571\" height=\"422\" srcset=\"https:\/\/static-blogs.diariosur.es\/wp-content\/uploads\/sites\/12\/2014\/12\/avisos-domingo.jpg 571w, https:\/\/static-blogs.diariosur.es\/wp-content\/uploads\/sites\/12\/2014\/12\/avisos-domingo-541x400.jpg 541w\" sizes=\"(max-width: 571px) 100vw, 571px\" \/><\/a><\/p>\n<p>&nbsp;<\/p>\n<p><strong><span style=\"color: #ff0000;\">\u00a0Los modelos de lluvias en estos momentos para la provincia malague\u00f1a no se ponen muy de acuerdo, unos dan mas lluvia que otros. Todo\u00a0depender\u00e1<\/span><span style=\"color: #ff0000;\">\u00a0en el momento que\u00a0empiece a moverse la borrasca\u00a0y la zona por donde pase a ultima hora, puede pasar como en otras ocasiones, que las lluvias y tormentas se pasen por la costa malague\u00f1a. Ya veremos cuando se termine el dia de hoy cuantos litros recogemos. Comentaros\u00a0tambi\u00e9n que puede nevar en Sierra Tejeda a partir de 1500 metros. Con un poco de suerte ma\u00f1ana lunes la veremos\u00a0blanca.\u00a0<\/span><\/strong><\/p>\n<p>&nbsp;<\/p>\n<p><span style=\"color: #0000ff;\"><strong>Os hago un peque\u00f1o resumen del dia de ayer.<\/strong><\/span><\/p>\n<p><span style=\"color: #0000ff;\"><strong>Amaneci\u00f3<\/strong><strong>\u00a0muy nuboso, pero hubo un peque\u00f1o momento en que el sol quiso salir. Mi amigo Pepe Rivas fotografi\u00f3 magistralmente esos segundos de lucha entre el sol y las nubes.<\/strong><\/span><\/p>\n<p>&nbsp;<\/p>\n<p><span style=\"color: #0000ff;\"><a href=\"https:\/\/blogs.diariosur.es\/tormentas-y-rayos\/2014\/12\/14\/prevision-del-tiempo-andalucia-aviso-naranja-por-nevadas-en-la-provincia-granadina-y-por-lluvias-en-cadiz-amarillo-en-huelva-sevilla-malaga-y-almeria\/1614627_10204148247485376_1455763592172193194_o_1\/\" rel=\"attachment wp-att-10588\"><span style=\"color: #0000ff;\"><img loading=\"lazy\" class=\"aligncenter size-full wp-image-10588\" title=\"1614627_10204148247485376_1455763592172193194_o_1\" src=\"\/tormentas-y-rayos\/wp-content\/uploads\/sites\/12\/2014\/12\/1614627_10204148247485376_1455763592172193194_o_1.jpg\" alt=\"\" width=\"640\" height=\"384\" \/><\/span><\/a><\/span><\/p>\n<p>&nbsp;<\/p>\n<p>&nbsp;<\/p>\n<p>&nbsp;<\/p>\n<p><span style=\"color: #0000ff;\"><strong>Estas fueron las\u00a0m\u00e1ximas\u00a0y\u00a0m\u00ednimas\u00a0mas destacadas.<\/strong><\/span><\/p>\n<p><span style=\"color: #0000ff;\"><a href=\"https:\/\/blogs.diariosur.es\/tormentas-y-rayos\/2014\/12\/14\/prevision-del-tiempo-andalucia-aviso-naranja-por-nevadas-en-la-provincia-granadina-y-por-lluvias-en-cadiz-amarillo-en-huelva-sevilla-malaga-y-almeria\/maximas-9\/\" rel=\"attachment wp-att-10587\"><span style=\"color: #0000ff;\"><img loading=\"lazy\" class=\"aligncenter size-medium wp-image-10587\" title=\"maximas\" src=\"\/tormentas-y-rayos\/wp-content\/uploads\/sites\/12\/2014\/12\/maximas.jpg\" alt=\"\" width=\"600\" height=\"175\" srcset=\"https:\/\/static-blogs.diariosur.es\/wp-content\/uploads\/sites\/12\/2014\/12\/maximas.jpg 802w, https:\/\/static-blogs.diariosur.es\/wp-content\/uploads\/sites\/12\/2014\/12\/maximas-640x187.jpg 640w, https:\/\/static-blogs.diariosur.es\/wp-content\/uploads\/sites\/12\/2014\/12\/maximas-768x224.jpg 768w\" sizes=\"(max-width: 600px) 100vw, 600px\" \/><\/span><\/a><\/span><\/p>\n<p>&nbsp;<\/p>\n<p><span style=\"color: #0000ff;\"><strong>La\u00a0m\u00e1xima\u00a0en M\u00e1laga Capital fue de 18 grados, pero tengo un amigo que es muy friolero jijijij. Mi compi Juan Miguel a las cinco de la tarde y con guantes, en esos momentos\u00a0ten\u00edamos\u00a015 grados.<\/strong><\/span><\/p>\n<p>&nbsp;<\/p>\n<p><span style=\"color: #0000ff;\"><a href=\"https:\/\/blogs.diariosur.es\/tormentas-y-rayos\/2014\/12\/14\/prevision-del-tiempo-andalucia-aviso-naranja-por-nevadas-en-la-provincia-granadina-y-por-lluvias-en-cadiz-amarillo-en-huelva-sevilla-malaga-y-almeria\/10406845_10204147567308372_7078664574086829481_n\/\" rel=\"attachment wp-att-10589\"><span style=\"color: #0000ff;\"><img loading=\"lazy\" class=\"aligncenter size-full wp-image-10589\" title=\"10406845_10204147567308372_7078664574086829481_n\" src=\"\/tormentas-y-rayos\/wp-content\/uploads\/sites\/12\/2014\/12\/10406845_10204147567308372_7078664574086829481_n.jpg\" alt=\"\" width=\"380\" height=\"676\" srcset=\"https:\/\/static-blogs.diariosur.es\/wp-content\/uploads\/sites\/12\/2014\/12\/10406845_10204147567308372_7078664574086829481_n.jpg 380w, https:\/\/static-blogs.diariosur.es\/wp-content\/uploads\/sites\/12\/2014\/12\/10406845_10204147567308372_7078664574086829481_n-225x400.jpg 225w\" sizes=\"(max-width: 380px) 100vw, 380px\" \/><\/span><\/a><\/span><\/p>\n<p>&nbsp;<\/p>\n<p>&nbsp;<\/p>\n<p>&nbsp;<\/p>\n<p>&nbsp;<\/p>\n<p><span style=\"color: #0000ff;\"><strong>El frente fr\u00edo llego a la capital muy debilitado, donde mas\u00a0llovi\u00f3\u00a0de la provincia fue en su zona mas occidental, destaca Cortes de la\u00a0Frontera\u00a0con mas de 30 litros. La zona andaluza donde mas ha llovido durante el dia de ayer fue en la provincia de C\u00e1diz y Sevilla. En algunos puntos se sobrepasaron los 50 litros.<\/strong><\/span><\/p>\n<p><span style=\"color: #0000ff;\"><strong>Poco mas que contar amigos de la meteo. Si todo trascurre como yo espero, los turrones y las uvas no las comeremos con anticicl\u00f3n. A partir de ma\u00f1ana iremos viendo el \u00a0tiempo nos espera para las Navidades.<\/strong><\/span><\/p>\n<p><span style=\"color: #0000ff;\"><strong>Os dejo con algunas fotos de los amaneceres que hemos tenido este mes.<\/strong><\/span><\/p>\n<p>&nbsp;<\/p>\n<p><span style=\"color: #0000ff;\"><img loading=\"lazy\" class=\"aligncenter\" src=\"https:\/\/farm9.staticflickr.com\/8627\/15809901309_1be7b13170_z.jpg\" alt=\"\" width=\"640\" height=\"427\" \/><\/span><\/p>\n<p>&nbsp;<\/p>\n<p>&nbsp;<\/p>\n<p>&nbsp;<\/p>\n<p><span style=\"color: #0000ff;\"><img loading=\"lazy\" class=\"aligncenter\" src=\"https:\/\/farm9.staticflickr.com\/8608\/15373660164_580374e1ba_z.jpg\" alt=\"\" width=\"640\" height=\"427\" \/><\/span><\/p>\n<p>&nbsp;<\/p>\n<p>&nbsp;<\/p>\n<p><img loading=\"lazy\" class=\"aligncenter\" src=\"https:\/\/farm8.staticflickr.com\/7475\/15988222762_7632876b5b_z.jpg\" alt=\"\" width=\"640\" height=\"428\" \/><\/p>\n<p>&nbsp;<\/p>\n<p>&nbsp;<\/p>\n<p><img loading=\"lazy\" class=\"aligncenter\" src=\"https:\/\/farm9.staticflickr.com\/8565\/15760836987_4cbe56a909_z.jpg\" alt=\"\" width=\"640\" height=\"427\" \/><\/p>\n<p>&nbsp;<\/p>\n<p>&nbsp;<\/p>\n","protected":false},"excerpt":{"rendered":"<p>&nbsp; &nbsp; &nbsp; &nbsp; &nbsp; &nbsp; Buenos\u00a0d\u00edas\u00a0amigos de la meteo, son las seis de la ma\u00f1ana, registro 13.5 grados y los cielos andaluces y malague\u00f1os est\u00e1n muy nubosos. Se registran chubascos en las provincias de Huelva, C\u00e1diz, \u00a0M\u00e1laga, Granada y \u00a0Sevilla en estos momentos.\u00a0 Hoy no os podre informar en directo del paso de la [&hellip;]<\/p>\n","protected":false},"author":16,"featured_media":10586,"comment_status":"open","ping_status":"open","sticky":false,"template":"","format":"standard","meta":[],"categories":[2],"tags":[63,100,151,569,676,690,809,980],"_links":{"self":[{"href":"https:\/\/blogs.diariosur.es\/tormentas-y-rayos\/wp-json\/wp\/v2\/posts\/10582"}],"collection":[{"href":"https:\/\/blogs.diariosur.es\/tormentas-y-rayos\/wp-json\/wp\/v2\/posts"}],"about":[{"href":"https:\/\/blogs.diariosur.es\/tormentas-y-rayos\/wp-json\/wp\/v2\/types\/post"}],"author":[{"embeddable":true,"href":"https:\/\/blogs.diariosur.es\/tormentas-y-rayos\/wp-json\/wp\/v2\/users\/16"}],"replies":[{"embeddable":true,"href":"https:\/\/blogs.diariosur.es\/tormentas-y-rayos\/wp-json\/wp\/v2\/comments?post=10582"}],"version-history":[{"count":0,"href":"https:\/\/blogs.diariosur.es\/tormentas-y-rayos\/wp-json\/wp\/v2\/posts\/10582\/revisions"}],"wp:featuredmedia":[{"embeddable":true,"href":"https:\/\/blogs.diariosur.es\/tormentas-y-rayos\/wp-json\/wp\/v2\/media\/10586"}],"wp:attachment":[{"href":"https:\/\/blogs.diariosur.es\/tormentas-y-rayos\/wp-json\/wp\/v2\/media?parent=10582"}],"wp:term":[{"taxonomy":"category","embeddable":true,"href":"https:\/\/blogs.diariosur.es\/tormentas-y-rayos\/wp-json\/wp\/v2\/categories?post=10582"},{"taxonomy":"post_tag","embeddable":true,"href":"https:\/\/blogs.diariosur.es\/tormentas-y-rayos\/wp-json\/wp\/v2\/tags?post=10582"}],"curies":[{"name":"wp","href":"https:\/\/api.w.org\/{rel}","templated":true}]}}