{"id":10592,"date":"2014-12-16T06:53:37","date_gmt":"2014-12-16T05:53:37","guid":{"rendered":"http:\/\/blogs.diariosur.es\/tormentas-y-rayos\/?p=10592"},"modified":"2014-12-16T06:53:37","modified_gmt":"2014-12-16T05:53:37","slug":"prevision-del-tiempo-andalucia-el-anticiclon-tomara-protagonismo-a-partir-del-miercoles-motril-velez-malaga-y-torrox-sobrepasaron-los-20-grados","status":"publish","type":"post","link":"https:\/\/blogs.diariosur.es\/tormentas-y-rayos\/2014\/12\/16\/prevision-del-tiempo-andalucia-el-anticiclon-tomara-protagonismo-a-partir-del-miercoles-motril-velez-malaga-y-torrox-sobrepasaron-los-20-grados\/","title":{"rendered":"Previsi\u00f3n del tiempo Andaluc\u00eda. El anticicl\u00f3n tomara protagonismo a partir del mi\u00e9rcoles. Motril, Vel\u00e9z M\u00e1laga y Torrox sobrepasaron los 20 grados."},"content":{"rendered":"<p>&nbsp;<\/p>\n<p><span style=\"color: #ff0000;\"><img loading=\"lazy\" class=\"aligncenter\" src=\"https:\/\/farm3.staticflickr.com\/2898\/14371881571_bbae3518b1_q.jpg\" alt=\"\" width=\"150\" height=\"150\" \/><\/span><\/p>\n<p>&nbsp;<\/p>\n<p>&nbsp;<\/p>\n<p>&nbsp;<\/p>\n<p>&nbsp;<\/p>\n<p><span style=\"color: #ff00ff;\"><strong>POST DEL MARTES<\/strong><\/span><\/p>\n<p>&nbsp;<\/p>\n<p>&nbsp;<\/p>\n<p><span style=\"color: #ff0000;\"><strong>Buenos dias amigos de la meteo, son las cinco y media \u00a0de la ma\u00f1ana, registro 12.8 \u00a0 grados y los cielos\u00a0est\u00e1n\u00a0despejados de momento en M\u00e1laga Capital, \u00a0y bastantes nubosos por la zona occidental andaluza. Perdonan por lo de ayer, se que muchos estabais esperando ver vuestras fotos, pero debido a una\u00a0aver\u00eda\u00a0me que de sin internet.\u00a0As\u00ed\u00a0que hoy por primera vez en el blog tendremos dos post.\u00a0<\/strong><\/span><\/p>\n<p><span style=\"color: #ff0000;\"><strong>El terral de oto\u00f1o y el poniente nuevamente\u00a0ser\u00e1n\u00a0los protagonistas hoy martes, la\u00a0m\u00e1xima\u00a0se puede acercar hoy a los 19 \u00a0 grados en la capital malague\u00f1a. Un frente muy debilitado esta cruzando la\u00a0<\/strong><strong>pen\u00ednsula, y deja algunos chubascos\u00a0espor\u00e1dicos\u00a0en algunos puntos de Huelva, Sevilla y C\u00f3rdoba. \u00a0Os paso la imagen del satelite eumetsat. Fuente meteogalicia.<\/strong><\/span><\/p>\n<p><span style=\"color: #ff0000;\"><a href=\"https:\/\/blogs.diariosur.es\/tormentas-y-rayos\/2014\/12\/16\/prevision-del-tiempo-andalucia-el-anticiclon-tomara-protagonismo-a-partir-del-miercoles-motril-velez-malaga-y-torrox-sobrepasaron-los-20-grados\/captura-533\/\" rel=\"attachment wp-att-10612\"><span style=\"color: #ff0000;\"><img loading=\"lazy\" class=\"aligncenter size-medium wp-image-10612\" title=\"Captura\" src=\"\/tormentas-y-rayos\/wp-content\/uploads\/sites\/12\/2014\/12\/Captura10.jpg\" alt=\"\" width=\"546\" height=\"400\" srcset=\"https:\/\/static-blogs.diariosur.es\/wp-content\/uploads\/sites\/12\/2014\/12\/Captura10.jpg 753w, https:\/\/static-blogs.diariosur.es\/wp-content\/uploads\/sites\/12\/2014\/12\/Captura10-547x400.jpg 547w\" sizes=\"(max-width: 546px) 100vw, 546px\" \/><\/span><\/a><\/span><\/p>\n<p>&nbsp;<\/p>\n<p><span style=\"color: #ff0000;\"><strong> Nuevamente y al igual que ayer lunes se pueden dar lenticularis. Esta\u00a0nubosidad\u00a0llegara a nuestra provincia dentro de un rato.<\/strong><\/span><\/p>\n<p><span style=\"color: #ff0000;\"><strong>El anticicl\u00f3n de las Azores tomara protagonismo a partir de ma\u00f1ana \u00a0y es casi seguro que siga\u00a0as\u00ed\u00a0hasta el\u00a0pr\u00f3ximo\u00a0fin de semana. Tendremos heladas por el interior y las nieblas se\u00a0dar\u00e1n\u00a0por los Valles de los\u00a0R\u00edos\u00a0de Andaluc\u00eda.<\/strong><\/span><\/p>\n<p>&nbsp;<\/p>\n<p><span style=\"color: #ff0000;\"><a href=\"https:\/\/blogs.diariosur.es\/tormentas-y-rayos\/2014\/12\/16\/prevision-del-tiempo-andalucia-el-anticiclon-tomara-protagonismo-a-partir-del-miercoles-motril-velez-malaga-y-torrox-sobrepasaron-los-20-grados\/captura-532\/\" rel=\"attachment wp-att-10611\"><span style=\"color: #ff0000;\"><img loading=\"lazy\" class=\"aligncenter size-medium wp-image-10611\" title=\"Captura\" src=\"\/tormentas-y-rayos\/wp-content\/uploads\/sites\/12\/2014\/12\/Captura9.jpg\" alt=\"\" width=\"600\" height=\"377\" srcset=\"https:\/\/static-blogs.diariosur.es\/wp-content\/uploads\/sites\/12\/2014\/12\/Captura9.jpg 775w, https:\/\/static-blogs.diariosur.es\/wp-content\/uploads\/sites\/12\/2014\/12\/Captura9-637x400.jpg 637w, https:\/\/static-blogs.diariosur.es\/wp-content\/uploads\/sites\/12\/2014\/12\/Captura9-768x483.jpg 768w\" sizes=\"(max-width: 600px) 100vw, 600px\" \/><\/span><\/a><\/span><\/p>\n<p>&nbsp;<\/p>\n<p>&nbsp;<\/p>\n<p>&nbsp;<\/p>\n<p><span style=\"color: #ff0000;\"><strong>Poco mas que contar amigos, solo\u00a0comentaros\u00a0que Motril, Torrox y Vel\u00e9z M\u00e1laga sobrepasaron \u00a0ayer lunes \u00a0los 20 grados.<\/strong><\/span><\/p>\n<p>&nbsp;<\/p>\n<p><span style=\"color: #ff0000;\"><a href=\"https:\/\/blogs.diariosur.es\/tormentas-y-rayos\/2014\/12\/16\/prevision-del-tiempo-andalucia-el-anticiclon-tomara-protagonismo-a-partir-del-miercoles-motril-velez-malaga-y-torrox-sobrepasaron-los-20-grados\/lunessss\/\" rel=\"attachment wp-att-10604\"><span style=\"color: #ff0000;\"><img loading=\"lazy\" class=\"aligncenter size-medium wp-image-10604\" title=\"lunessss\" src=\"\/tormentas-y-rayos\/wp-content\/uploads\/sites\/12\/2014\/12\/lunessss.jpg\" alt=\"\" width=\"600\" height=\"172\" srcset=\"https:\/\/static-blogs.diariosur.es\/wp-content\/uploads\/sites\/12\/2014\/12\/lunessss.jpg 792w, https:\/\/static-blogs.diariosur.es\/wp-content\/uploads\/sites\/12\/2014\/12\/lunessss-640x184.jpg 640w, https:\/\/static-blogs.diariosur.es\/wp-content\/uploads\/sites\/12\/2014\/12\/lunessss-768x221.jpg 768w\" sizes=\"(max-width: 600px) 100vw, 600px\" \/><\/span><\/a><\/span><\/p>\n<p>&nbsp;<\/p>\n<p><span style=\"color: #ff0000;\"><strong>Os pongo las fotos que me\u00a0hab\u00e9is\u00a0mandado. Una pasada de bonitas.<\/strong><\/span><\/p>\n<p>&nbsp;<\/p>\n<p><span style=\"color: #ff0000;\"><strong>Jose luis Gil. Sierra de las nieves ayer por la ma\u00f1ana.<\/strong><\/span><\/p>\n<p>&nbsp;<\/p>\n<p>&nbsp;<\/p>\n<p><span style=\"color: #ff0000;\"><a href=\"https:\/\/blogs.diariosur.es\/tormentas-y-rayos\/2014\/12\/16\/prevision-del-tiempo-andalucia-el-anticiclon-tomara-protagonismo-a-partir-del-miercoles-motril-velez-malaga-y-torrox-sobrepasaron-los-20-grados\/jose-luis-gil-30\/\" rel=\"attachment wp-att-10605\"><span style=\"color: #ff0000;\"><img loading=\"lazy\" class=\"aligncenter size-full wp-image-10605\" title=\"jose luis gil\" src=\"\/tormentas-y-rayos\/wp-content\/uploads\/sites\/12\/2014\/12\/jose-luis-gil2.jpg\" alt=\"\" width=\"640\" height=\"360\" \/><\/span><\/a><\/span><\/p>\n<p>&nbsp;<\/p>\n<p><span style=\"color: #ff0000;\"><strong>Juan Miguel Santos Forner<\/strong><\/span><\/p>\n<p>&nbsp;<\/p>\n<p><span style=\"color: #ff0000;\"><a href=\"https:\/\/blogs.diariosur.es\/tormentas-y-rayos\/2014\/12\/16\/prevision-del-tiempo-andalucia-el-anticiclon-tomara-protagonismo-a-partir-del-miercoles-motril-velez-malaga-y-torrox-sobrepasaron-los-20-grados\/juan-miguel-santos-forner\/\" rel=\"attachment wp-att-10606\"><span style=\"color: #ff0000;\"><img loading=\"lazy\" class=\"aligncenter size-full wp-image-10606\" title=\"juan miguel santos forner\" src=\"\/tormentas-y-rayos\/wp-content\/uploads\/sites\/12\/2014\/12\/juan-miguel-santos-forner.jpg\" alt=\"\" width=\"360\" height=\"667\" srcset=\"https:\/\/static-blogs.diariosur.es\/wp-content\/uploads\/sites\/12\/2014\/12\/juan-miguel-santos-forner.jpg 360w, https:\/\/static-blogs.diariosur.es\/wp-content\/uploads\/sites\/12\/2014\/12\/juan-miguel-santos-forner-216x400.jpg 216w\" sizes=\"(max-width: 360px) 100vw, 360px\" \/><\/span><\/a><\/span><\/p>\n<p><span style=\"color: #ff0000;\"><strong>Maria Jose Moyano<\/strong><\/span><\/p>\n<p>&nbsp;<\/p>\n<p>&nbsp;<\/p>\n<p><span style=\"color: #ff0000;\"><a href=\"https:\/\/blogs.diariosur.es\/tormentas-y-rayos\/2014\/12\/16\/prevision-del-tiempo-andalucia-el-anticiclon-tomara-protagonismo-a-partir-del-miercoles-motril-velez-malaga-y-torrox-sobrepasaron-los-20-grados\/maria-jose-moyano-6\/\" rel=\"attachment wp-att-10607\"><span style=\"color: #ff0000;\"><img loading=\"lazy\" class=\"aligncenter size-full wp-image-10607\" title=\"maria jose moyano\" src=\"\/tormentas-y-rayos\/wp-content\/uploads\/sites\/12\/2014\/12\/maria-jose-moyano1.jpg\" alt=\"\" width=\"640\" height=\"360\" \/><\/span><\/a><\/span><\/p>\n<p>&nbsp;<\/p>\n<p><span style=\"color: #ff0000;\"><strong>Maria Jose Navas<\/strong><\/span><\/p>\n<p><span style=\"color: #ff0000;\"><a href=\"https:\/\/blogs.diariosur.es\/tormentas-y-rayos\/2014\/12\/16\/prevision-del-tiempo-andalucia-el-anticiclon-tomara-protagonismo-a-partir-del-miercoles-motril-velez-malaga-y-torrox-sobrepasaron-los-20-grados\/maria-jose-navas\/\" rel=\"attachment wp-att-10608\"><span style=\"color: #ff0000;\"><img loading=\"lazy\" class=\"aligncenter size-full wp-image-10608\" title=\"maria jose navas\" src=\"\/tormentas-y-rayos\/wp-content\/uploads\/sites\/12\/2014\/12\/maria-jose-navas.jpg\" alt=\"\" width=\"350\" height=\"622\" srcset=\"https:\/\/static-blogs.diariosur.es\/wp-content\/uploads\/sites\/12\/2014\/12\/maria-jose-navas.jpg 350w, https:\/\/static-blogs.diariosur.es\/wp-content\/uploads\/sites\/12\/2014\/12\/maria-jose-navas-225x400.jpg 225w\" sizes=\"(max-width: 350px) 100vw, 350px\" \/><\/span><\/a><\/span><\/p>\n<p>&nbsp;<\/p>\n<p>&nbsp;<\/p>\n<p><span style=\"color: #ff0000;\"><strong>Miguel Cabrera<\/strong><\/span><\/p>\n<p>&nbsp;<\/p>\n<p>&nbsp;<\/p>\n<p><span style=\"color: #ff0000;\"><a href=\"https:\/\/blogs.diariosur.es\/tormentas-y-rayos\/2014\/12\/16\/prevision-del-tiempo-andalucia-el-anticiclon-tomara-protagonismo-a-partir-del-miercoles-motril-velez-malaga-y-torrox-sobrepasaron-los-20-grados\/miguel-cabrera-5\/\" rel=\"attachment wp-att-10609\"><span style=\"color: #ff0000;\"><img loading=\"lazy\" class=\"aligncenter size-full wp-image-10609\" title=\"miguel cabrera\" src=\"\/tormentas-y-rayos\/wp-content\/uploads\/sites\/12\/2014\/12\/miguel-cabrera.jpg\" alt=\"\" width=\"640\" height=\"360\" \/><\/span><\/a><\/span><\/p>\n<p>&nbsp;<\/p>\n<p>&nbsp;<\/p>\n<p><span style=\"color: #ff0000;\"><strong>Fernando Vivar<\/strong><\/span><\/p>\n<p><a href=\"https:\/\/blogs.diariosur.es\/tormentas-y-rayos\/2014\/12\/16\/prevision-del-tiempo-andalucia-el-anticiclon-tomara-protagonismo-a-partir-del-miercoles-motril-velez-malaga-y-torrox-sobrepasaron-los-20-grados\/fernando-vivar-2\/\" rel=\"attachment wp-att-10613\"><img loading=\"lazy\" class=\"aligncenter size-full wp-image-10613\" title=\"fernando vivar\" src=\"\/tormentas-y-rayos\/wp-content\/uploads\/sites\/12\/2014\/12\/fernando-vivar1.jpg\" alt=\"\" width=\"640\" height=\"360\" \/><\/a><\/p>\n<p>&nbsp;<\/p>\n<p><span style=\"color: #ff0000;\"><strong>Antonio Ruiz Molero<\/strong><\/span><\/p>\n<p>&nbsp;<\/p>\n<p><a href=\"https:\/\/blogs.diariosur.es\/tormentas-y-rayos\/2014\/12\/16\/prevision-del-tiempo-andalucia-el-anticiclon-tomara-protagonismo-a-partir-del-miercoles-motril-velez-malaga-y-torrox-sobrepasaron-los-20-grados\/antonio-ruiz-molero-2\/\" rel=\"attachment wp-att-10614\"><img loading=\"lazy\" class=\"aligncenter size-full wp-image-10614\" title=\"antonio ruiz molero\" src=\"\/tormentas-y-rayos\/wp-content\/uploads\/sites\/12\/2014\/12\/antonio-ruiz-molero1.jpg\" alt=\"\" width=\"640\" height=\"363\" \/><\/a><\/p>\n<p>&nbsp;<\/p>\n<p>&nbsp;<\/p>\n<p><span style=\"color: #ff0000;\"><strong>Paqui Carnero<\/strong><\/span><\/p>\n<p>&nbsp;<\/p>\n<p><a href=\"https:\/\/blogs.diariosur.es\/tormentas-y-rayos\/2014\/12\/16\/prevision-del-tiempo-andalucia-el-anticiclon-tomara-protagonismo-a-partir-del-miercoles-motril-velez-malaga-y-torrox-sobrepasaron-los-20-grados\/paqui-5\/\" rel=\"attachment wp-att-10617\"><img loading=\"lazy\" class=\"aligncenter size-full wp-image-10617\" title=\"paqui\" src=\"\/tormentas-y-rayos\/wp-content\/uploads\/sites\/12\/2014\/12\/paqui1.jpg\" alt=\"\" width=\"640\" height=\"489\" srcset=\"https:\/\/static-blogs.diariosur.es\/wp-content\/uploads\/sites\/12\/2014\/12\/paqui1.jpg 640w, https:\/\/static-blogs.diariosur.es\/wp-content\/uploads\/sites\/12\/2014\/12\/paqui1-524x400.jpg 524w\" sizes=\"(max-width: 640px) 100vw, 640px\" \/><\/a><\/p>\n<p>&nbsp;<\/p>\n<p>&nbsp;<\/p>\n<p><span style=\"color: #ff00ff;\"><strong>POST DEL LUNES<\/strong><\/span><\/p>\n<p><span style=\"color: #0000ff;\"><strong>Buenos dias amigos de la meteo, son las siete de la ma\u00f1ana, registro 11 \u00a0grados y los cielos est\u00e1n poco nubosos. <\/strong><\/span><\/p>\n<p><span style=\"color: #0000ff;\"><strong>Antes de nada os quiero dar las gracias por las fotos que me\u00a0hab\u00e9is\u00a0mandado de los cielos que se dieron ayer domingo . Ayer trabajaba y gracias a vosotros he podido verlos. Al final del post\u00a0pondr\u00e9\u00a0vuestras fotos.<\/strong><\/span><\/p>\n<p><span style=\"color: #0000ff;\"><strong>El terral de oto\u00f1o y el poniente\u00a0ser\u00e1n\u00a0hoy los protagonistas, debido a esto la sensaci\u00f3n\u00a0t\u00e9rmica\u00a0de fr\u00edo sera mayor. La\u00a0m\u00e1xima\u00a0en la Capital Malague\u00f1a no creo que pase de 17 grados, en otros puntos de la Costa Mediterranea Andaluza se aproximaran a los 18 o 19 grados.<\/strong><\/span><\/p>\n<p>&nbsp;<\/p>\n<p>&nbsp;<\/p>\n<p>&nbsp;<\/p>\n<p><span style=\"color: #0000ff;\"><strong>\u00a0 Poco mas que contar de la previsi\u00f3n de hoy lunes. Os paso los registros de lluvias que se han dado en la provincia malague\u00f1a durante este ultimo episodio.\u00a0Fuente hidrosur.<\/strong><\/span><\/p>\n<p>&nbsp;<\/p>\n<p><span style=\"color: #0000ff;\"><a href=\"https:\/\/blogs.diariosur.es\/tormentas-y-rayos\/2014\/12\/16\/prevision-del-tiempo-andalucia-el-anticiclon-tomara-protagonismo-a-partir-del-miercoles-motril-velez-malaga-y-torrox-sobrepasaron-los-20-grados\/1-vert-19\/\" rel=\"attachment wp-att-10601\"><span style=\"color: #0000ff;\"><img loading=\"lazy\" class=\"aligncenter size-full wp-image-10601\" title=\"1-vert\" src=\"\/tormentas-y-rayos\/wp-content\/uploads\/sites\/12\/2014\/12\/1-vert.jpg\" alt=\"\" width=\"641\" height=\"825\" srcset=\"https:\/\/static-blogs.diariosur.es\/wp-content\/uploads\/sites\/12\/2014\/12\/1-vert.jpg 641w, https:\/\/static-blogs.diariosur.es\/wp-content\/uploads\/sites\/12\/2014\/12\/1-vert-311x400.jpg 311w\" sizes=\"(max-width: 641px) 100vw, 641px\" \/><\/span><\/a><\/span><\/p>\n<p>&nbsp;<\/p>\n<p><span style=\"color: #0000ff;\"><strong>Destaca tambi\u00e9n Velez M\u00e1laga con 23 litros\u00a0ca\u00eddos\u00a0ayer domingo. Fuente Aemet. Os paso los datos mas destacados de ayer.<\/strong><\/span><\/p>\n<p>&nbsp;<\/p>\n<p>&nbsp;<\/p>\n<p><span style=\"color: #0000ff;\"><a href=\"https:\/\/blogs.diariosur.es\/tormentas-y-rayos\/2014\/12\/16\/prevision-del-tiempo-andalucia-el-anticiclon-tomara-protagonismo-a-partir-del-miercoles-motril-velez-malaga-y-torrox-sobrepasaron-los-20-grados\/captura-531\/\" rel=\"attachment wp-att-10602\"><span style=\"color: #0000ff;\"><img loading=\"lazy\" class=\"aligncenter size-medium wp-image-10602\" title=\"Captura\" src=\"\/tormentas-y-rayos\/wp-content\/uploads\/sites\/12\/2014\/12\/Captura8.jpg\" alt=\"\" width=\"498\" height=\"400\" srcset=\"https:\/\/static-blogs.diariosur.es\/wp-content\/uploads\/sites\/12\/2014\/12\/Captura8.jpg 764w, https:\/\/static-blogs.diariosur.es\/wp-content\/uploads\/sites\/12\/2014\/12\/Captura8-499x400.jpg 499w\" sizes=\"(max-width: 498px) 100vw, 498px\" \/><\/span><\/a><\/span><\/p>\n<p>&nbsp;<\/p>\n<p>&nbsp;<\/p>\n<p>&nbsp;<\/p>\n<p><span style=\"color: #0000ff;\"><strong>Bueno amigos, hasta los vellos se me han puesto de punta de ver tantas fotos bonitas. Muchas gracias, son unos fotones.<\/strong><\/span><\/p>\n<p>&nbsp;<\/p>\n<p><span style=\"color: #0000ff;\"><strong>Fernando Vivar<\/strong><\/span><\/p>\n<p>&nbsp;<\/p>\n<p>&nbsp;<\/p>\n<p><span style=\"color: #0000ff;\"><a href=\"https:\/\/blogs.diariosur.es\/tormentas-y-rayos\/2014\/12\/16\/prevision-del-tiempo-andalucia-el-anticiclon-tomara-protagonismo-a-partir-del-miercoles-motril-velez-malaga-y-torrox-sobrepasaron-los-20-grados\/fernando-vivar\/\" rel=\"attachment wp-att-10593\"><span style=\"color: #0000ff;\"><img loading=\"lazy\" class=\"aligncenter size-full wp-image-10593\" title=\"fernando vivar\" src=\"\/tormentas-y-rayos\/wp-content\/uploads\/sites\/12\/2014\/12\/fernando-vivar.jpg\" alt=\"\" width=\"640\" height=\"361\" \/><\/span><\/a><\/span><\/p>\n<p>&nbsp;<\/p>\n<p><span style=\"color: #0000ff;\"><strong>Gema Reventos<\/strong><\/span><\/p>\n<p><span style=\"color: #0000ff;\"><a href=\"https:\/\/blogs.diariosur.es\/tormentas-y-rayos\/2014\/12\/16\/prevision-del-tiempo-andalucia-el-anticiclon-tomara-protagonismo-a-partir-del-miercoles-motril-velez-malaga-y-torrox-sobrepasaron-los-20-grados\/gema-reventos-2\/\" rel=\"attachment wp-att-10594\"><span style=\"color: #0000ff;\"><img loading=\"lazy\" class=\"aligncenter size-full wp-image-10594\" title=\"gema reventos\" src=\"\/tormentas-y-rayos\/wp-content\/uploads\/sites\/12\/2014\/12\/gema-reventos.jpg\" alt=\"\" width=\"640\" height=\"480\" srcset=\"https:\/\/static-blogs.diariosur.es\/wp-content\/uploads\/sites\/12\/2014\/12\/gema-reventos.jpg 640w, https:\/\/static-blogs.diariosur.es\/wp-content\/uploads\/sites\/12\/2014\/12\/gema-reventos-533x400.jpg 533w\" sizes=\"(max-width: 640px) 100vw, 640px\" \/><\/span><\/a><\/span><\/p>\n<p>&nbsp;<\/p>\n<p><span style=\"color: #0000ff;\"><strong>Isabel Garc\u00eda Pires<\/strong><\/span><\/p>\n<p>&nbsp;<\/p>\n<p>&nbsp;<\/p>\n<p>&nbsp;<\/p>\n<p><span style=\"color: #0000ff;\"><a href=\"https:\/\/blogs.diariosur.es\/tormentas-y-rayos\/2014\/12\/16\/prevision-del-tiempo-andalucia-el-anticiclon-tomara-protagonismo-a-partir-del-miercoles-motril-velez-malaga-y-torrox-sobrepasaron-los-20-grados\/isabelgarcia-pires\/\" rel=\"attachment wp-att-10595\"><span style=\"color: #0000ff;\"><img loading=\"lazy\" class=\"aligncenter size-full wp-image-10595\" title=\"isabelgarcia pires\" src=\"\/tormentas-y-rayos\/wp-content\/uploads\/sites\/12\/2014\/12\/isabelgarcia-pires.jpg\" alt=\"\" width=\"640\" height=\"480\" srcset=\"https:\/\/static-blogs.diariosur.es\/wp-content\/uploads\/sites\/12\/2014\/12\/isabelgarcia-pires.jpg 640w, https:\/\/static-blogs.diariosur.es\/wp-content\/uploads\/sites\/12\/2014\/12\/isabelgarcia-pires-533x400.jpg 533w\" sizes=\"(max-width: 640px) 100vw, 640px\" \/><\/span><\/a><\/span><\/p>\n<p>&nbsp;<\/p>\n<p><span style=\"color: #0000ff;\"><strong>Juan Repetto<\/strong><\/span><\/p>\n<p><span style=\"color: #0000ff;\"><a href=\"https:\/\/blogs.diariosur.es\/tormentas-y-rayos\/2014\/12\/16\/prevision-del-tiempo-andalucia-el-anticiclon-tomara-protagonismo-a-partir-del-miercoles-motril-velez-malaga-y-torrox-sobrepasaron-los-20-grados\/juan-repetto-9\/\" rel=\"attachment wp-att-10596\"><span style=\"color: #0000ff;\"><img loading=\"lazy\" class=\"aligncenter size-full wp-image-10596\" title=\"juan repetto\" src=\"\/tormentas-y-rayos\/wp-content\/uploads\/sites\/12\/2014\/12\/juan-repetto.jpg\" alt=\"\" width=\"640\" height=\"480\" srcset=\"https:\/\/static-blogs.diariosur.es\/wp-content\/uploads\/sites\/12\/2014\/12\/juan-repetto.jpg 640w, https:\/\/static-blogs.diariosur.es\/wp-content\/uploads\/sites\/12\/2014\/12\/juan-repetto-533x400.jpg 533w\" sizes=\"(max-width: 640px) 100vw, 640px\" \/><\/span><\/a><\/span><\/p>\n<p>&nbsp;<\/p>\n<p><span style=\"color: #0000ff;\"><strong>Juan Canales Carrasco<\/strong><\/span><\/p>\n<p><span style=\"color: #0000ff;\"><a href=\"https:\/\/blogs.diariosur.es\/tormentas-y-rayos\/2014\/12\/16\/prevision-del-tiempo-andalucia-el-anticiclon-tomara-protagonismo-a-partir-del-miercoles-motril-velez-malaga-y-torrox-sobrepasaron-los-20-grados\/juen-canales-carrasco\/\" rel=\"attachment wp-att-10597\"><span style=\"color: #0000ff;\"><img loading=\"lazy\" class=\"aligncenter size-full wp-image-10597\" title=\"juen canales carrasco\" src=\"\/tormentas-y-rayos\/wp-content\/uploads\/sites\/12\/2014\/12\/juen-canales-carrasco.jpg\" alt=\"\" width=\"640\" height=\"480\" srcset=\"https:\/\/static-blogs.diariosur.es\/wp-content\/uploads\/sites\/12\/2014\/12\/juen-canales-carrasco.jpg 640w, https:\/\/static-blogs.diariosur.es\/wp-content\/uploads\/sites\/12\/2014\/12\/juen-canales-carrasco-533x400.jpg 533w\" sizes=\"(max-width: 640px) 100vw, 640px\" \/><\/span><\/a><\/span><\/p>\n<p>&nbsp;<\/p>\n<p><span style=\"color: #0000ff;\"><strong>Mar\u00eda Jose Robledo<\/strong><\/span><\/p>\n<p><span style=\"color: #0000ff;\"><a href=\"https:\/\/blogs.diariosur.es\/tormentas-y-rayos\/2014\/12\/16\/prevision-del-tiempo-andalucia-el-anticiclon-tomara-protagonismo-a-partir-del-miercoles-motril-velez-malaga-y-torrox-sobrepasaron-los-20-grados\/maria-jose-robledo\/\" rel=\"attachment wp-att-10598\"><span style=\"color: #0000ff;\"><img loading=\"lazy\" class=\"aligncenter size-full wp-image-10598\" title=\"maria jose robledo\" src=\"\/tormentas-y-rayos\/wp-content\/uploads\/sites\/12\/2014\/12\/maria-jose-robledo.jpg\" alt=\"\" width=\"640\" height=\"480\" srcset=\"https:\/\/static-blogs.diariosur.es\/wp-content\/uploads\/sites\/12\/2014\/12\/maria-jose-robledo.jpg 640w, https:\/\/static-blogs.diariosur.es\/wp-content\/uploads\/sites\/12\/2014\/12\/maria-jose-robledo-533x400.jpg 533w\" sizes=\"(max-width: 640px) 100vw, 640px\" \/><\/span><\/a><\/span><\/p>\n<p>&nbsp;<\/p>\n<p><span style=\"color: #0000ff;\"><strong>Paqui Carnero<\/strong><\/span><\/p>\n<p><span style=\"color: #0000ff;\"><a href=\"https:\/\/blogs.diariosur.es\/tormentas-y-rayos\/2014\/12\/16\/prevision-del-tiempo-andalucia-el-anticiclon-tomara-protagonismo-a-partir-del-miercoles-motril-velez-malaga-y-torrox-sobrepasaron-los-20-grados\/paqui-carnero-17\/\" rel=\"attachment wp-att-10599\"><span style=\"color: #0000ff;\"><img loading=\"lazy\" class=\"aligncenter size-full wp-image-10599\" title=\"paqui carnero\" src=\"\/tormentas-y-rayos\/wp-content\/uploads\/sites\/12\/2014\/12\/paqui-carnero2.jpg\" alt=\"\" width=\"640\" height=\"476\" srcset=\"https:\/\/static-blogs.diariosur.es\/wp-content\/uploads\/sites\/12\/2014\/12\/paqui-carnero2.jpg 640w, https:\/\/static-blogs.diariosur.es\/wp-content\/uploads\/sites\/12\/2014\/12\/paqui-carnero2-538x400.jpg 538w\" sizes=\"(max-width: 640px) 100vw, 640px\" \/><\/span><\/a><\/span><\/p>\n<p>&nbsp;<\/p>\n<p><span style=\"color: #0000ff;\"><strong>Salvador Romero<\/strong><\/span><\/p>\n<p><span style=\"color: #0000ff;\"><a href=\"https:\/\/blogs.diariosur.es\/tormentas-y-rayos\/2014\/12\/16\/prevision-del-tiempo-andalucia-el-anticiclon-tomara-protagonismo-a-partir-del-miercoles-motril-velez-malaga-y-torrox-sobrepasaron-los-20-grados\/salvador-romero-6\/\" rel=\"attachment wp-att-10600\"><span style=\"color: #0000ff;\"><img loading=\"lazy\" class=\"aligncenter size-full wp-image-10600\" title=\"salvador romero\" src=\"\/tormentas-y-rayos\/wp-content\/uploads\/sites\/12\/2014\/12\/salvador-romero1.jpg\" alt=\"\" width=\"640\" height=\"360\" \/><\/span><\/a><\/span><\/p>\n<p>&nbsp;<\/p>\n<p><span style=\"color: #0000ff;\"><strong>Hasta ma\u00f1ana<\/strong>.<\/span><\/p>\n<p>&nbsp;<\/p>\n","protected":false},"excerpt":{"rendered":"<p>&nbsp; &nbsp; &nbsp; &nbsp; &nbsp; POST DEL MARTES &nbsp; &nbsp; Buenos dias amigos de la meteo, son las cinco y media \u00a0de la ma\u00f1ana, registro 12.8 \u00a0 grados y los cielos\u00a0est\u00e1n\u00a0despejados de momento en M\u00e1laga Capital, \u00a0y bastantes nubosos por la zona occidental andaluza. Perdonan por lo de ayer, se que muchos estabais esperando ver [&hellip;]<\/p>\n","protected":false},"author":16,"featured_media":10616,"comment_status":"open","ping_status":"open","sticky":false,"template":"","format":"standard","meta":[],"categories":[2],"tags":[100,114,809,980],"_links":{"self":[{"href":"https:\/\/blogs.diariosur.es\/tormentas-y-rayos\/wp-json\/wp\/v2\/posts\/10592"}],"collection":[{"href":"https:\/\/blogs.diariosur.es\/tormentas-y-rayos\/wp-json\/wp\/v2\/posts"}],"about":[{"href":"https:\/\/blogs.diariosur.es\/tormentas-y-rayos\/wp-json\/wp\/v2\/types\/post"}],"author":[{"embeddable":true,"href":"https:\/\/blogs.diariosur.es\/tormentas-y-rayos\/wp-json\/wp\/v2\/users\/16"}],"replies":[{"embeddable":true,"href":"https:\/\/blogs.diariosur.es\/tormentas-y-rayos\/wp-json\/wp\/v2\/comments?post=10592"}],"version-history":[{"count":0,"href":"https:\/\/blogs.diariosur.es\/tormentas-y-rayos\/wp-json\/wp\/v2\/posts\/10592\/revisions"}],"wp:featuredmedia":[{"embeddable":true,"href":"https:\/\/blogs.diariosur.es\/tormentas-y-rayos\/wp-json\/wp\/v2\/media\/10616"}],"wp:attachment":[{"href":"https:\/\/blogs.diariosur.es\/tormentas-y-rayos\/wp-json\/wp\/v2\/media?parent=10592"}],"wp:term":[{"taxonomy":"category","embeddable":true,"href":"https:\/\/blogs.diariosur.es\/tormentas-y-rayos\/wp-json\/wp\/v2\/categories?post=10592"},{"taxonomy":"post_tag","embeddable":true,"href":"https:\/\/blogs.diariosur.es\/tormentas-y-rayos\/wp-json\/wp\/v2\/tags?post=10592"}],"curies":[{"name":"wp","href":"https:\/\/api.w.org\/{rel}","templated":true}]}}