{"id":10619,"date":"2014-12-17T06:54:39","date_gmt":"2014-12-17T05:54:39","guid":{"rendered":"http:\/\/blogs.diariosur.es\/tormentas-y-rayos\/?p=10619"},"modified":"2014-12-17T06:54:39","modified_gmt":"2014-12-17T05:54:39","slug":"prevision-del-tiempo-el-anticiclon-traera-heladas-y-nieblas-a-muchos-puntos-de-la-peninsula-manana-estare-en-directo-en-radio-victoria-el-despertador-107-1","status":"publish","type":"post","link":"https:\/\/blogs.diariosur.es\/tormentas-y-rayos\/2014\/12\/17\/prevision-del-tiempo-el-anticiclon-traera-heladas-y-nieblas-a-muchos-puntos-de-la-peninsula-manana-estare-en-directo-en-radio-victoria-el-despertador-107-1\/","title":{"rendered":"Previsi\u00f3n del tiempo. El anticicl\u00f3n traer\u00e1 heladas y nieblas a muchos puntos de la pen\u00ednsula. Ma\u00f1ana estar\u00e9 en directo en  Radio Victoria El Despertador (107.1)"},"content":{"rendered":"<p><img loading=\"lazy\" class=\"aligncenter\" src=\"https:\/\/farm6.staticflickr.com\/5566\/14568830453_8e0522e3fc_q.jpg\" alt=\"\" width=\"150\" height=\"150\" \/><\/p>\n<p>&nbsp;<\/p>\n<p>&nbsp;<\/p>\n<p>&nbsp;<\/p>\n<p>&nbsp;<\/p>\n<p>&nbsp;<\/p>\n<p>&nbsp;<\/p>\n<p><a href=\"https:\/\/blogs.diariosur.es\/tormentas-y-rayos\/2014\/12\/17\/prevision-del-tiempo-el-anticiclon-traera-heladas-y-nieblas-a-muchos-puntos-de-la-peninsula-manana-estare-en-directo-en-radio-victoria-el-despertador-107-1\/captura-534\/\" rel=\"attachment wp-att-10629\"><img loading=\"lazy\" class=\"aligncenter size-medium wp-image-10629\" title=\"Captura\" src=\"\/tormentas-y-rayos\/wp-content\/uploads\/sites\/12\/2014\/12\/Captura12.jpg\" alt=\"\" width=\"549\" height=\"400\" srcset=\"https:\/\/static-blogs.diariosur.es\/wp-content\/uploads\/sites\/12\/2014\/12\/Captura12.jpg 732w, https:\/\/static-blogs.diariosur.es\/wp-content\/uploads\/sites\/12\/2014\/12\/Captura12-549x400.jpg 549w\" sizes=\"(max-width: 549px) 100vw, 549px\" \/><\/a><\/p>\n<p>&nbsp;<\/p>\n<p><span style=\"color: #0000ff;\"><strong>\u00a0Buenos\u00a0d\u00edas\u00a0amigos de la meteo, son las seis de la ma\u00f1ana, registro 12 grados y los cielos andaluces y\u00a0malague\u00f1os est\u00e1n poco nubosos. Lo mas destacable los bancos de niebla que se dan en algunos puntos.\u00a0<strong>En M\u00e1laga Capital\u00a0seguir\u00e1\u00a0soplando hoy terral de oto\u00f1o, la\u00a0m\u00e1xima\u00a0rondara hoy los 19 grados.\u00a0<\/strong><\/strong><\/span><\/p>\n<p><strong><span style=\"color: #0000ff;\">Pues si amigos, el anticicl\u00f3n de las Azores tomara protagonismo durante varios dias, incluso el\u00a0pr\u00f3ximo\u00a0fin de semana\u00a0seguir\u00e1\u00a0con nosotros. Y\u00a0seg\u00fan\u00a0los modelos el\u00a0comienzo de la\u00a0pr\u00f3xima\u00a0semana\u00a0seguir\u00eda\u00a0siendo el protagonista,\u00a0pero\u00a0esto lo iremos viendo poco a poco. <\/span><\/strong><\/p>\n<p><strong><span style=\"color: #0000ff;\">Las protagonistas a partir de ma\u00f1ana\u00a0ser\u00e1n\u00a0las nieblas que se\u00a0dar\u00e1n\u00a0en muchos puntos de la\u00a0pen\u00ednsula,\u00a0as\u00ed\u00a0como \u00a0las heladas.<\/span><\/strong><\/p>\n<p><span style=\"color: #0000ff;\"><strong><br \/>\n<\/strong><\/span><\/p>\n<p><span style=\"color: #ff0000;\"><strong>Recordaros que ma\u00f1ana\u00a0estar\u00e9\u00a0en directo a las diez de la ma\u00f1ana en el programa El Despertador de Radio Victoria. Mi amigo Roberto Lopez y yo hablaremos de la meteo.\u00a0<\/strong><\/span><\/p>\n<p><span style=\"color: #ff0000;\"><strong>\u00a0<\/strong><\/span><\/p>\n<p><strong><span style=\"color: #ff00ff;\">Poco mas que contar sobre el tiempo, los que\u00a0salg\u00e1is\u00a0temprano por la carretera extremar la precauci\u00f3n con los bancos de nieblas que se\u00a0dar\u00e1n\u00a0durante varios\u00a0d\u00edas<\/span><span style=\"color: #ff00ff;\">.<\/span><\/strong><\/p>\n<p><strong><span style=\"color: #0000ff;\">Os paso los datos mas destacados que se dieron ayer en Andaluc\u00eda.\u00a0Mi estaci\u00f3n registro una\u00a0m\u00e1xima\u00a0de 15.5 grados, la verdad que esperaba un par de grados mas, pero al estar tan nublado no\u00a0subi\u00f3\u00a0tanto la temperatura, hoy si\u00a0llegaremos \u00a0a los 19.\u00a0<\/span><\/strong><\/p>\n<p><span style=\"color: #0000ff;\"><strong>Los altocumulus lenticularis fueron los protagonista en toda la provincia malague\u00f1a. Mi amigo John Dunford me manda este fot\u00f3n de un lenticular desde Competa. Una pasada de bonito<\/strong><\/span><\/p>\n<p>&nbsp;<\/p>\n<p><a href=\"https:\/\/blogs.diariosur.es\/tormentas-y-rayos\/2014\/12\/17\/prevision-del-tiempo-el-anticiclon-traera-heladas-y-nieblas-a-muchos-puntos-de-la-peninsula-manana-estare-en-directo-en-radio-victoria-el-despertador-107-1\/john-dunford\/\" rel=\"attachment wp-att-10630\"><img loading=\"lazy\" class=\"aligncenter size-full wp-image-10630\" title=\"john dunford\" src=\"\/tormentas-y-rayos\/wp-content\/uploads\/sites\/12\/2014\/12\/john-dunford.jpg\" alt=\"\" width=\"640\" height=\"440\" srcset=\"https:\/\/static-blogs.diariosur.es\/wp-content\/uploads\/sites\/12\/2014\/12\/john-dunford.jpg 640w, https:\/\/static-blogs.diariosur.es\/wp-content\/uploads\/sites\/12\/2014\/12\/john-dunford-582x400.jpg 582w\" sizes=\"(max-width: 640px) 100vw, 640px\" \/><\/a><\/p>\n<p>&nbsp;<\/p>\n<p><strong>\u00a0Yo lo\u00a0fotografi\u00e9\u00a0en la hora de la comida desde la terraza.<\/strong><\/p>\n<p>&nbsp;<\/p>\n<p>&nbsp;<\/p>\n<p><a href=\"https:\/\/blogs.diariosur.es\/tormentas-y-rayos\/2014\/12\/17\/prevision-del-tiempo-el-anticiclon-traera-heladas-y-nieblas-a-muchos-puntos-de-la-peninsula-manana-estare-en-directo-en-radio-victoria-el-despertador-107-1\/_dsc6506\/\" rel=\"attachment wp-att-10631\"><img loading=\"lazy\" class=\"aligncenter size-full wp-image-10631\" title=\"_DSC6506\" src=\"\/tormentas-y-rayos\/wp-content\/uploads\/sites\/12\/2014\/12\/DSC6506.jpg\" alt=\"\" width=\"640\" height=\"427\" srcset=\"https:\/\/static-blogs.diariosur.es\/wp-content\/uploads\/sites\/12\/2014\/12\/DSC6506.jpg 640w, https:\/\/static-blogs.diariosur.es\/wp-content\/uploads\/sites\/12\/2014\/12\/DSC6506-600x400.jpg 600w\" sizes=\"(max-width: 640px) 100vw, 640px\" \/><\/a><\/p>\n<p>&nbsp;<\/p>\n<p>&nbsp;<\/p>\n<p><a href=\"https:\/\/blogs.diariosur.es\/tormentas-y-rayos\/2014\/12\/17\/prevision-del-tiempo-el-anticiclon-traera-heladas-y-nieblas-a-muchos-puntos-de-la-peninsula-manana-estare-en-directo-en-radio-victoria-el-despertador-107-1\/datos-7\/\" rel=\"attachment wp-att-10628\"><img loading=\"lazy\" class=\"aligncenter size-medium wp-image-10628\" title=\"datos\" src=\"\/tormentas-y-rayos\/wp-content\/uploads\/sites\/12\/2014\/12\/datos2.jpg\" alt=\"\" width=\"600\" height=\"310\" srcset=\"https:\/\/static-blogs.diariosur.es\/wp-content\/uploads\/sites\/12\/2014\/12\/datos2.jpg 772w, https:\/\/static-blogs.diariosur.es\/wp-content\/uploads\/sites\/12\/2014\/12\/datos2-640x331.jpg 640w, https:\/\/static-blogs.diariosur.es\/wp-content\/uploads\/sites\/12\/2014\/12\/datos2-768x397.jpg 768w\" sizes=\"(max-width: 600px) 100vw, 600px\" \/><\/a><\/p>\n<p>&nbsp;<\/p>\n<p>&nbsp;<\/p>\n<p><strong>\u00a0Os dejo con las fotos que me\u00a0hab\u00e9is\u00a0mandado . Son una pasada de bonitas.<\/strong><\/p>\n<p><strong>Evita Telo.<\/strong><\/p>\n<p>&nbsp;<\/p>\n<p><a href=\"https:\/\/blogs.diariosur.es\/tormentas-y-rayos\/2014\/12\/17\/prevision-del-tiempo-el-anticiclon-traera-heladas-y-nieblas-a-muchos-puntos-de-la-peninsula-manana-estare-en-directo-en-radio-victoria-el-despertador-107-1\/evita-telo-2\/\" rel=\"attachment wp-att-10621\"><img loading=\"lazy\" class=\"aligncenter size-full wp-image-10621\" title=\"evita telo\" src=\"\/tormentas-y-rayos\/wp-content\/uploads\/sites\/12\/2014\/12\/evita-telo1.jpg\" alt=\"\" width=\"640\" height=\"480\" srcset=\"https:\/\/static-blogs.diariosur.es\/wp-content\/uploads\/sites\/12\/2014\/12\/evita-telo1.jpg 640w, https:\/\/static-blogs.diariosur.es\/wp-content\/uploads\/sites\/12\/2014\/12\/evita-telo1-533x400.jpg 533w\" sizes=\"(max-width: 640px) 100vw, 640px\" \/><\/a><\/p>\n<p>&nbsp;<\/p>\n<p>&nbsp;<\/p>\n<p><strong>Francisco Rubio. Laguna de Fuente Piedra.<\/strong><\/p>\n<p>&nbsp;<\/p>\n<p><a href=\"https:\/\/blogs.diariosur.es\/tormentas-y-rayos\/2014\/12\/17\/prevision-del-tiempo-el-anticiclon-traera-heladas-y-nieblas-a-muchos-puntos-de-la-peninsula-manana-estare-en-directo-en-radio-victoria-el-despertador-107-1\/francis-co-rubuio\/\" rel=\"attachment wp-att-10622\"><img loading=\"lazy\" class=\"aligncenter size-full wp-image-10622\" title=\"francis co rubuio\" src=\"\/tormentas-y-rayos\/wp-content\/uploads\/sites\/12\/2014\/12\/francis-co-rubuio.jpg\" alt=\"\" width=\"640\" height=\"427\" srcset=\"https:\/\/static-blogs.diariosur.es\/wp-content\/uploads\/sites\/12\/2014\/12\/francis-co-rubuio.jpg 640w, https:\/\/static-blogs.diariosur.es\/wp-content\/uploads\/sites\/12\/2014\/12\/francis-co-rubuio-600x400.jpg 600w\" sizes=\"(max-width: 640px) 100vw, 640px\" \/><\/a><\/p>\n<p>&nbsp;<\/p>\n<p>&nbsp;<\/p>\n<p><strong>Gema Revent\u00f3s, Sierra Tejeda<\/strong><\/p>\n<p>&nbsp;<\/p>\n<p>&nbsp;<\/p>\n<p><a href=\"https:\/\/blogs.diariosur.es\/tormentas-y-rayos\/2014\/12\/17\/prevision-del-tiempo-el-anticiclon-traera-heladas-y-nieblas-a-muchos-puntos-de-la-peninsula-manana-estare-en-directo-en-radio-victoria-el-despertador-107-1\/gema-reventos-3\/\" rel=\"attachment wp-att-10623\"><img loading=\"lazy\" class=\"aligncenter size-full wp-image-10623\" title=\"gema revent\u00f3s\" src=\"\/tormentas-y-rayos\/wp-content\/uploads\/sites\/12\/2014\/12\/gema-revent\u00f3s.jpg\" alt=\"\" width=\"640\" height=\"480\" srcset=\"https:\/\/static-blogs.diariosur.es\/wp-content\/uploads\/sites\/12\/2014\/12\/gema-revent\u00f3s.jpg 640w, https:\/\/static-blogs.diariosur.es\/wp-content\/uploads\/sites\/12\/2014\/12\/gema-revent\u00f3s-533x400.jpg 533w\" sizes=\"(max-width: 640px) 100vw, 640px\" \/><\/a><\/p>\n<p>&nbsp;<\/p>\n<p>&nbsp;<\/p>\n<p><strong>Jesus Aguilera Atalaya, desde Ceuta.<\/strong><\/p>\n<p>&nbsp;<\/p>\n<p><a href=\"https:\/\/blogs.diariosur.es\/tormentas-y-rayos\/2014\/12\/17\/prevision-del-tiempo-el-anticiclon-traera-heladas-y-nieblas-a-muchos-puntos-de-la-peninsula-manana-estare-en-directo-en-radio-victoria-el-despertador-107-1\/jesus-aguilera-talaya\/\" rel=\"attachment wp-att-10624\"><img loading=\"lazy\" class=\"aligncenter size-full wp-image-10624\" title=\"jesus aguilera Talaya\" src=\"\/tormentas-y-rayos\/wp-content\/uploads\/sites\/12\/2014\/12\/jesus-aguilera-Talaya.jpg\" alt=\"\" width=\"640\" height=\"480\" srcset=\"https:\/\/static-blogs.diariosur.es\/wp-content\/uploads\/sites\/12\/2014\/12\/jesus-aguilera-Talaya.jpg 640w, https:\/\/static-blogs.diariosur.es\/wp-content\/uploads\/sites\/12\/2014\/12\/jesus-aguilera-Talaya-533x400.jpg 533w\" sizes=\"(max-width: 640px) 100vw, 640px\" \/><\/a><\/p>\n<p><strong>Juan Miguel Santos Forner<\/strong><\/p>\n<p>&nbsp;<\/p>\n<p><a href=\"https:\/\/blogs.diariosur.es\/tormentas-y-rayos\/2014\/12\/17\/prevision-del-tiempo-el-anticiclon-traera-heladas-y-nieblas-a-muchos-puntos-de-la-peninsula-manana-estare-en-directo-en-radio-victoria-el-despertador-107-1\/juan-miguel-santos-forner-2\/\" rel=\"attachment wp-att-10625\"><img loading=\"lazy\" class=\"aligncenter size-full wp-image-10625\" title=\"juan miguel santos forner\" src=\"\/tormentas-y-rayos\/wp-content\/uploads\/sites\/12\/2014\/12\/juan-miguel-santos-forner1.jpg\" alt=\"\" width=\"640\" height=\"360\" \/><\/a><\/p>\n<p>&nbsp;<\/p>\n<p>&nbsp;<\/p>\n<p><strong>Julia CR<\/strong><\/p>\n<p><a href=\"https:\/\/blogs.diariosur.es\/tormentas-y-rayos\/2014\/12\/17\/prevision-del-tiempo-el-anticiclon-traera-heladas-y-nieblas-a-muchos-puntos-de-la-peninsula-manana-estare-en-directo-en-radio-victoria-el-despertador-107-1\/julia-cr-2\/\" rel=\"attachment wp-att-10626\"><img loading=\"lazy\" class=\"aligncenter size-full wp-image-10626\" title=\"julia cr\" src=\"\/tormentas-y-rayos\/wp-content\/uploads\/sites\/12\/2014\/12\/julia-cr.jpg\" alt=\"\" width=\"640\" height=\"360\" \/><\/a><\/p>\n<p><strong>Paqui Lara Amores<\/strong><\/p>\n<p>&nbsp;<\/p>\n<p><a href=\"https:\/\/blogs.diariosur.es\/tormentas-y-rayos\/2014\/12\/17\/prevision-del-tiempo-el-anticiclon-traera-heladas-y-nieblas-a-muchos-puntos-de-la-peninsula-manana-estare-en-directo-en-radio-victoria-el-despertador-107-1\/paqui-lara-amores\/\" rel=\"attachment wp-att-10627\"><img loading=\"lazy\" class=\"aligncenter size-full wp-image-10627\" title=\"paqui lara amores\" src=\"\/tormentas-y-rayos\/wp-content\/uploads\/sites\/12\/2014\/12\/paqui-lara-amores.jpg\" alt=\"\" width=\"640\" height=\"360\" \/><\/a><\/p>\n","protected":false},"excerpt":{"rendered":"<p>&nbsp; &nbsp; &nbsp; &nbsp; &nbsp; &nbsp; &nbsp; \u00a0Buenos\u00a0d\u00edas\u00a0amigos de la meteo, son las seis de la ma\u00f1ana, registro 12 grados y los cielos andaluces y\u00a0malague\u00f1os est\u00e1n poco nubosos. Lo mas destacable los bancos de niebla que se dan en algunos puntos.\u00a0En M\u00e1laga Capital\u00a0seguir\u00e1\u00a0soplando hoy terral de oto\u00f1o, la\u00a0m\u00e1xima\u00a0rondara hoy los 19 grados.\u00a0 Pues si amigos, [&hellip;]<\/p>\n","protected":false},"author":16,"featured_media":10629,"comment_status":"open","ping_status":"open","sticky":false,"template":"","format":"standard","meta":[],"categories":[2],"tags":[114,477,697,769,809,980],"_links":{"self":[{"href":"https:\/\/blogs.diariosur.es\/tormentas-y-rayos\/wp-json\/wp\/v2\/posts\/10619"}],"collection":[{"href":"https:\/\/blogs.diariosur.es\/tormentas-y-rayos\/wp-json\/wp\/v2\/posts"}],"about":[{"href":"https:\/\/blogs.diariosur.es\/tormentas-y-rayos\/wp-json\/wp\/v2\/types\/post"}],"author":[{"embeddable":true,"href":"https:\/\/blogs.diariosur.es\/tormentas-y-rayos\/wp-json\/wp\/v2\/users\/16"}],"replies":[{"embeddable":true,"href":"https:\/\/blogs.diariosur.es\/tormentas-y-rayos\/wp-json\/wp\/v2\/comments?post=10619"}],"version-history":[{"count":0,"href":"https:\/\/blogs.diariosur.es\/tormentas-y-rayos\/wp-json\/wp\/v2\/posts\/10619\/revisions"}],"wp:featuredmedia":[{"embeddable":true,"href":"https:\/\/blogs.diariosur.es\/tormentas-y-rayos\/wp-json\/wp\/v2\/media\/10629"}],"wp:attachment":[{"href":"https:\/\/blogs.diariosur.es\/tormentas-y-rayos\/wp-json\/wp\/v2\/media?parent=10619"}],"wp:term":[{"taxonomy":"category","embeddable":true,"href":"https:\/\/blogs.diariosur.es\/tormentas-y-rayos\/wp-json\/wp\/v2\/categories?post=10619"},{"taxonomy":"post_tag","embeddable":true,"href":"https:\/\/blogs.diariosur.es\/tormentas-y-rayos\/wp-json\/wp\/v2\/tags?post=10619"}],"curies":[{"name":"wp","href":"https:\/\/api.w.org\/{rel}","templated":true}]}}