{"id":10652,"date":"2014-12-20T07:07:44","date_gmt":"2014-12-20T06:07:44","guid":{"rendered":"http:\/\/blogs.diariosur.es\/tormentas-y-rayos\/?p=10652"},"modified":"2014-12-20T07:07:44","modified_gmt":"2014-12-20T06:07:44","slug":"prevision-del-tiempo-en-navidad-siguen-las-nieblas-motril-registra-una-maxima-de-25-9-grados-y-ronda-21-9-posibilidad-de-algunas-gotas-manana-domingo-debido-al-levante","status":"publish","type":"post","link":"https:\/\/blogs.diariosur.es\/tormentas-y-rayos\/2014\/12\/20\/prevision-del-tiempo-en-navidad-siguen-las-nieblas-motril-registra-una-maxima-de-25-9-grados-y-ronda-21-9-posibilidad-de-algunas-gotas-manana-domingo-debido-al-levante\/","title":{"rendered":"Previsi\u00f3n del tiempo en Navidad. Siguen las nieblas. Motril registra una m\u00e1xima de 25.9 grados y Ronda 21.9. Posibilidad de algunas gotas ma\u00f1ana domingo debido al levante."},"content":{"rendered":"<p><img loading=\"lazy\" class=\"aligncenter\" src=\"https:\/\/farm3.staticflickr.com\/2898\/14371881571_bbae3518b1_q.jpg\" alt=\"\" width=\"150\" height=\"150\" \/><\/p>\n<p>&nbsp;<\/p>\n<p>&nbsp;<\/p>\n<p>&nbsp;<\/p>\n<p>&nbsp;<\/p>\n<p>&nbsp;<\/p>\n<p>&nbsp;<\/p>\n<p>&nbsp;<\/p>\n<p><span style=\"color: #0000ff;\"><strong>\u00a0Buenos dias amigos de la meteo, antes de nada, \u00a0os quiero dar las gracias por los montones de felicitaciones que he tenido de todos vosotros, en serio me he emocionado. Un beso muy grande amig@s<\/strong><\/span><\/p>\n<p><span style=\"color: #0000ff;\"><strong>Son las seis de la ma\u00f1ana, registro 11.4 \u00a0grados y los cielos\u00a0est\u00e1n\u00a0poco nubosos. Hoy\u00a0s\u00e1bado\u00a0nuevamente se registraran nieblas en los valles de los grandes r\u00edos, estas nieblas\u00a0ser\u00e1n\u00a0mas\u00a0persistentes\u00a0en la meseta norte. En nuestra regi\u00f3n andaluza\u00a0tambi\u00e9n\u00a0se\u00a0dar\u00e1n, aunque pienso que hoy se\u00a0disiparan\u00a0antes. <\/strong><\/span><\/p>\n<p><span style=\"color: #ff0000;\"><strong>En M\u00e1laga Capital los vientos soplaran flojos y de direcci\u00f3n variable, esto puede traer\u00a0tambi\u00e9n\u00a0algunas brumas o bancos de nieblas. A ultima hora de la noche el levante tomara protagonismo, y\u00a0seguir\u00e1\u00a0con nosotros hasta el martes.\u00a0El\u00a0lunes soplara fuerte en el Estrecho y Mar de Albor\u00e1n.<\/strong><\/span><\/p>\n<p><span style=\"color: #ff0000;\"><strong> <span style=\"color: #ff00ff;\">El levante al ser un viento muy\u00a0h\u00famedo\u00a0traer\u00e1\u00a0nubes bajas, \u00a0que en alg\u00fan momento pueden dejar escapar alguna gota ma\u00f1ana domingo y el lunes \u00a0en\u00a0alg\u00fan\u00a0punto de la Costa\u00a0<\/span><\/strong><strong><span style=\"color: #ff00ff;\">Mediterr\u00e1nea\u00a0Andaluza, asi como en M\u00e1laga<\/span>. \u00a0 <span style=\"color: #ff00ff;\">Comentaros que incluso en verano al soplar levante durante la madrugada y primeras horas de la ma\u00f1ana se han dejado ver gotas. Los anticiclones traen nieblas, cencelladas, viento, heladas etc etc.\u00a0<\/span><\/strong><\/span><\/p>\n<p><span style=\"color: #ff00ff;\"><strong><span style=\"color: #0000ff;\">\u00a0El\u00a0calorcito que hemos tenido estos\u00a0d\u00edas\u00a0ya no lo notaremos tanto en la Costa\u00a0Mediterr\u00e1nea\u00a0Andaluza, este calorcito se trasladara a la zona occidental de la\u00a0regi\u00f3n\u00a0. Pero de todo esto hablaremos mejor ma\u00f1ana<\/span><\/strong><\/span><\/p>\n<p>&nbsp;<\/p>\n<p><span style=\"color: #0000ff;\"><strong>El anticicl\u00f3n\u00a0seguir\u00e1\u00a0con nosotros hasta el 26, a partir de este dia hay modelos que dan algunos cambios. Ma\u00f1ana domingo\u00a0estar\u00e1\u00a0encima de nosotros. Fuente meteociel gfs.<\/strong><\/span><\/p>\n<p>&nbsp;<\/p>\n<p><a href=\"https:\/\/blogs.diariosur.es\/tormentas-y-rayos\/2014\/12\/20\/prevision-del-tiempo-en-navidad-siguen-las-nieblas-motril-registra-una-maxima-de-25-9-grados-y-ronda-21-9-posibilidad-de-algunas-gotas-manana-domingo-debido-al-levante\/gfs-0-36-2\/\" rel=\"attachment wp-att-10663\"><img loading=\"lazy\" class=\"aligncenter size-medium wp-image-10663\" title=\"gfs-0-36\" src=\"\/tormentas-y-rayos\/wp-content\/uploads\/sites\/12\/2014\/12\/gfs-0-36.png\" alt=\"\" width=\"600\" height=\"400\" srcset=\"https:\/\/static-blogs.diariosur.es\/wp-content\/uploads\/sites\/12\/2014\/12\/gfs-0-36.png 768w, https:\/\/static-blogs.diariosur.es\/wp-content\/uploads\/sites\/12\/2014\/12\/gfs-0-36-600x400.png 600w\" sizes=\"(max-width: 600px) 100vw, 600px\" \/><\/a><\/p>\n<p><strong>Fijaros en estos dos\u00a0gr\u00e1ficos\u00a0que os pongo de Salamanca, me he quedado de piedra cuando lo he visto hace un rato. La\u00a0temperatura es de \u00a0menos 0.2 grados y la humedad casi al 100%. Seguro que se estaran produciendo cencelladas. Me\u00a0encantar\u00eda\u00a0fotografiarlas.\u00a0<\/strong><\/p>\n<p>&nbsp;<\/p>\n<p><a href=\"https:\/\/blogs.diariosur.es\/tormentas-y-rayos\/2014\/12\/20\/prevision-del-tiempo-en-navidad-siguen-las-nieblas-motril-registra-una-maxima-de-25-9-grados-y-ronda-21-9-posibilidad-de-algunas-gotas-manana-domingo-debido-al-levante\/sala\/\" rel=\"attachment wp-att-10664\"><img loading=\"lazy\" class=\"aligncenter size-medium wp-image-10664\" title=\"sala\" src=\"\/tormentas-y-rayos\/wp-content\/uploads\/sites\/12\/2014\/12\/sala.jpg\" alt=\"\" width=\"600\" height=\"259\" srcset=\"https:\/\/static-blogs.diariosur.es\/wp-content\/uploads\/sites\/12\/2014\/12\/sala.jpg 704w, https:\/\/static-blogs.diariosur.es\/wp-content\/uploads\/sites\/12\/2014\/12\/sala-640x277.jpg 640w\" sizes=\"(max-width: 600px) 100vw, 600px\" \/><\/a><a href=\"https:\/\/blogs.diariosur.es\/tormentas-y-rayos\/2014\/12\/20\/prevision-del-tiempo-en-navidad-siguen-las-nieblas-motril-registra-una-maxima-de-25-9-grados-y-ronda-21-9-posibilidad-de-algunas-gotas-manana-domingo-debido-al-levante\/sa\/\" rel=\"attachment wp-att-10665\"><img loading=\"lazy\" class=\"aligncenter size-medium wp-image-10665\" title=\"sa\" src=\"\/tormentas-y-rayos\/wp-content\/uploads\/sites\/12\/2014\/12\/sa.jpg\" alt=\"\" width=\"600\" height=\"276\" srcset=\"https:\/\/static-blogs.diariosur.es\/wp-content\/uploads\/sites\/12\/2014\/12\/sa.jpg 723w, https:\/\/static-blogs.diariosur.es\/wp-content\/uploads\/sites\/12\/2014\/12\/sa-640x295.jpg 640w\" sizes=\"(max-width: 600px) 100vw, 600px\" \/><\/a><\/p>\n<p>&nbsp;<\/p>\n<p><strong>\u00a0Foto de Fran Jimenez<\/strong><\/p>\n<p>&nbsp;<\/p>\n<p>&nbsp;<\/p>\n<p><a href=\"https:\/\/blogs.diariosur.es\/tormentas-y-rayos\/2014\/12\/20\/prevision-del-tiempo-en-navidad-siguen-las-nieblas-motril-registra-una-maxima-de-25-9-grados-y-ronda-21-9-posibilidad-de-algunas-gotas-manana-domingo-debido-al-levante\/fran-jimenez\/\" rel=\"attachment wp-att-10666\"><img loading=\"lazy\" class=\"aligncenter size-medium wp-image-10666\" title=\"fran jimenez\" src=\"\/tormentas-y-rayos\/wp-content\/uploads\/sites\/12\/2014\/12\/fran-jimenez.jpg\" alt=\"\" width=\"600\" height=\"398\" srcset=\"https:\/\/static-blogs.diariosur.es\/wp-content\/uploads\/sites\/12\/2014\/12\/fran-jimenez.jpg 858w, https:\/\/static-blogs.diariosur.es\/wp-content\/uploads\/sites\/12\/2014\/12\/fran-jimenez-602x400.jpg 602w, https:\/\/static-blogs.diariosur.es\/wp-content\/uploads\/sites\/12\/2014\/12\/fran-jimenez-768x510.jpg 768w\" sizes=\"(max-width: 600px) 100vw, 600px\" \/><\/a><\/p>\n<p>&nbsp;<\/p>\n<p><strong>Ayer os comentaba que siempre la meteo me hace un regalo el\u00a0d\u00eda\u00a0de mi cumple, pues esta vez han sido dos jijiji, el primero encontrarme con mis amigos Antonio Portillo y Bernabe de la Rosa fotografiando el amanecer que con el regalo de las brumas estuvo precioso, este regalo ya lo\u00a0conoc\u00edais.<\/strong><\/p>\n<p>&nbsp;<\/p>\n<p><img loading=\"lazy\" class=\"aligncenter\" src=\"\/tormentas-y-rayos\/wp-content\/uploads\/sites\/12\/2014\/12\/z11.jpg\" alt=\"\" width=\"600\" height=\"400\" \/><\/p>\n<p>&nbsp;<\/p>\n<p>&nbsp;<\/p>\n<p>&nbsp;<\/p>\n<p>&nbsp;<\/p>\n<p><img loading=\"lazy\" class=\"aligncenter\" src=\"\/tormentas-y-rayos\/wp-content\/uploads\/sites\/12\/2014\/12\/z3.jpg\" alt=\"\" width=\"600\" height=\"400\" \/><\/p>\n<p>&nbsp;<\/p>\n<p><strong>Y el segundo regalo y gracias a mi amigo Antonio Portillo que me comento algo, sobre las diez tire para la playa de sacaba, concretamente al final del Espig\u00f3n de la T\u00e9rmica. Cuando lo vi no me lo\u00a0cre\u00eda, una pareja de flamencos.<\/strong><\/p>\n<p>&nbsp;<\/p>\n<p><strong>Alli estaban en las charcas que se forman cuando llueve mucho en M\u00e1laga. Os paso una foto y luego al final del post pongo mas.<\/strong><\/p>\n<p>&nbsp;<\/p>\n<p><img loading=\"lazy\" class=\"aligncenter\" src=\"https:\/\/farm8.staticflickr.com\/7554\/15435472584_d0cc251fb6_z.jpg\" alt=\"\" width=\"640\" height=\"419\" \/><\/p>\n<p><strong>\u00a0<\/strong><\/p>\n<p>&nbsp;<\/p>\n<p>&nbsp;<\/p>\n<p><strong>Os hago un peque\u00f1o resumen de ayer viernes.<\/strong><\/p>\n<p><strong>Nuevamente las nieblas fueron las protagonistas en los mismos puntos del pasado jueves, lo\u00a0\u00fanico\u00a0mas destacable fue que en la zona de C\u00e1diz, Huelva y Sevilla duraron mas tiempo. Incluso en los\u00a0pluvi\u00f3metros\u00a0registraron precipitaci\u00f3n. Fuenete Aemet<\/strong><\/p>\n<p><a href=\"https:\/\/blogs.diariosur.es\/tormentas-y-rayos\/2014\/12\/20\/prevision-del-tiempo-en-navidad-siguen-las-nieblas-motril-registra-una-maxima-de-25-9-grados-y-ronda-21-9-posibilidad-de-algunas-gotas-manana-domingo-debido-al-levante\/llll-7\/\" rel=\"attachment wp-att-10662\"><img loading=\"lazy\" class=\"aligncenter size-full wp-image-10662\" title=\"llll\" src=\"\/tormentas-y-rayos\/wp-content\/uploads\/sites\/12\/2014\/12\/llll.jpg\" alt=\"\" width=\"391\" height=\"190\" \/><\/a><\/p>\n<p>&nbsp;<\/p>\n<p>&nbsp;<\/p>\n<p><strong>Os paso la imagen que ayer os puse del\u00a0sat\u00e9lite\u00a0terra, \u00a0y compararla con la que os pongo hoy.<\/strong><\/p>\n<p>&nbsp;<\/p>\n<p><a href=\"https:\/\/blogs.diariosur.es\/tormentas-y-rayos\/2014\/12\/20\/prevision-del-tiempo-en-navidad-siguen-las-nieblas-motril-registra-una-maxima-de-25-9-grados-y-ronda-21-9-posibilidad-de-algunas-gotas-manana-domingo-debido-al-levante\/europe_3_01_2014352_terra_2km-2\/\" rel=\"attachment wp-att-10653\"><img loading=\"lazy\" class=\"aligncenter size-full wp-image-10653\" title=\"Europe_3_01_2014352_terra_2km\" src=\"\/tormentas-y-rayos\/wp-content\/uploads\/sites\/12\/2014\/12\/Europe_3_01_2014352_terra_2km1.jpg\" alt=\"\" width=\"575\" height=\"650\" srcset=\"https:\/\/static-blogs.diariosur.es\/wp-content\/uploads\/sites\/12\/2014\/12\/Europe_3_01_2014352_terra_2km1.jpg 575w, https:\/\/static-blogs.diariosur.es\/wp-content\/uploads\/sites\/12\/2014\/12\/Europe_3_01_2014352_terra_2km1-354x400.jpg 354w\" sizes=\"(max-width: 575px) 100vw, 575px\" \/><\/a><\/p>\n<p>&nbsp;<\/p>\n<p>&nbsp;<\/p>\n<p><a href=\"https:\/\/blogs.diariosur.es\/tormentas-y-rayos\/2014\/12\/20\/prevision-del-tiempo-en-navidad-siguen-las-nieblas-motril-registra-una-maxima-de-25-9-grados-y-ronda-21-9-posibilidad-de-algunas-gotas-manana-domingo-debido-al-levante\/nnnnnn\/\" rel=\"attachment wp-att-10654\"><img loading=\"lazy\" class=\"aligncenter size-large wp-image-10654\" title=\"nnnnnn\" src=\"\/tormentas-y-rayos\/wp-content\/uploads\/sites\/12\/2014\/12\/nnnnnn.jpg\" alt=\"\" width=\"612\" height=\"600\" srcset=\"https:\/\/static-blogs.diariosur.es\/wp-content\/uploads\/sites\/12\/2014\/12\/nnnnnn.jpg 761w, https:\/\/static-blogs.diariosur.es\/wp-content\/uploads\/sites\/12\/2014\/12\/nnnnnn-408x400.jpg 408w\" sizes=\"(max-width: 612px) 100vw, 612px\" \/><\/a><\/p>\n<p>&nbsp;<\/p>\n<p><strong>A las dos de la tarde la niebla\u00a0segu\u00eda\u00a0por la zona occidental Andaluza.<\/strong><\/p>\n<p><a href=\"https:\/\/blogs.diariosur.es\/tormentas-y-rayos\/2014\/12\/20\/prevision-del-tiempo-en-navidad-siguen-las-nieblas-motril-registra-una-maxima-de-25-9-grados-y-ronda-21-9-posibilidad-de-algunas-gotas-manana-domingo-debido-al-levante\/n-2\/\" rel=\"attachment wp-att-10655\"><img loading=\"lazy\" class=\"aligncenter size-medium wp-image-10655\" title=\"n\" src=\"\/tormentas-y-rayos\/wp-content\/uploads\/sites\/12\/2014\/12\/n.jpg\" alt=\"\" width=\"515\" height=\"400\" srcset=\"https:\/\/static-blogs.diariosur.es\/wp-content\/uploads\/sites\/12\/2014\/12\/n.jpg 747w, https:\/\/static-blogs.diariosur.es\/wp-content\/uploads\/sites\/12\/2014\/12\/n-515x400.jpg 515w\" sizes=\"(max-width: 515px) 100vw, 515px\" \/><\/a><\/p>\n<p>&nbsp;<\/p>\n<p>&nbsp;<\/p>\n<p>&nbsp;<\/p>\n<p><a href=\"https:\/\/blogs.diariosur.es\/tormentas-y-rayos\/2014\/12\/20\/prevision-del-tiempo-en-navidad-siguen-las-nieblas-motril-registra-una-maxima-de-25-9-grados-y-ronda-21-9-posibilidad-de-algunas-gotas-manana-domingo-debido-al-levante\/nnnn-2\/\" rel=\"attachment wp-att-10660\"><img loading=\"lazy\" class=\"aligncenter size-medium wp-image-10660\" title=\"nnnn\" src=\"\/tormentas-y-rayos\/wp-content\/uploads\/sites\/12\/2014\/12\/nnnn.jpg\" alt=\"\" width=\"600\" height=\"263\" srcset=\"https:\/\/static-blogs.diariosur.es\/wp-content\/uploads\/sites\/12\/2014\/12\/nnnn.jpg 1748w, https:\/\/static-blogs.diariosur.es\/wp-content\/uploads\/sites\/12\/2014\/12\/nnnn-640x281.jpg 640w, https:\/\/static-blogs.diariosur.es\/wp-content\/uploads\/sites\/12\/2014\/12\/nnnn-768x337.jpg 768w\" sizes=\"(max-width: 600px) 100vw, 600px\" \/><\/a><\/p>\n<p>&nbsp;<\/p>\n<p><strong>Esto hizo que las\u00a0m\u00e1ximas\u00a0no sobrepasaran los 14 grados hasta la cuatro de tarde, a las cinco se daban\u00a0m\u00e1ximas\u00a0de 15, \u00a016 y 18 \u00a0grados. Zonas como Sevilla y C\u00f3rdoba\u00a0sub\u00edan\u00a0las temperaturas, en cambio Huelva y C\u00e1diz no se recuperaban. Fijaros en las capturas que os pongo y la hora<\/strong><\/p>\n<p>&nbsp;<\/p>\n<p>&nbsp;<\/p>\n<p>&nbsp;<\/p>\n<p><a href=\"https:\/\/blogs.diariosur.es\/tormentas-y-rayos\/2014\/12\/20\/prevision-del-tiempo-en-navidad-siguen-las-nieblas-motril-registra-una-maxima-de-25-9-grados-y-ronda-21-9-posibilidad-de-algunas-gotas-manana-domingo-debido-al-levante\/t-8\/\" rel=\"attachment wp-att-10656\"><img loading=\"lazy\" class=\"aligncenter size-medium wp-image-10656\" title=\"t\" src=\"\/tormentas-y-rayos\/wp-content\/uploads\/sites\/12\/2014\/12\/t.jpg\" alt=\"\" width=\"524\" height=\"400\" srcset=\"https:\/\/static-blogs.diariosur.es\/wp-content\/uploads\/sites\/12\/2014\/12\/t.jpg 793w, https:\/\/static-blogs.diariosur.es\/wp-content\/uploads\/sites\/12\/2014\/12\/t-524x400.jpg 524w, https:\/\/static-blogs.diariosur.es\/wp-content\/uploads\/sites\/12\/2014\/12\/t-768x586.jpg 768w\" sizes=\"(max-width: 524px) 100vw, 524px\" \/><\/a><\/p>\n<p>&nbsp;<\/p>\n<p><a href=\"https:\/\/blogs.diariosur.es\/tormentas-y-rayos\/2014\/12\/20\/prevision-del-tiempo-en-navidad-siguen-las-nieblas-motril-registra-una-maxima-de-25-9-grados-y-ronda-21-9-posibilidad-de-algunas-gotas-manana-domingo-debido-al-levante\/tt-8\/\" rel=\"attachment wp-att-10659\"><img loading=\"lazy\" class=\"aligncenter size-medium wp-image-10659\" title=\"tt\" src=\"\/tormentas-y-rayos\/wp-content\/uploads\/sites\/12\/2014\/12\/tt1.jpg\" alt=\"\" width=\"506\" height=\"400\" srcset=\"https:\/\/static-blogs.diariosur.es\/wp-content\/uploads\/sites\/12\/2014\/12\/tt1.jpg 765w, https:\/\/static-blogs.diariosur.es\/wp-content\/uploads\/sites\/12\/2014\/12\/tt1-507x400.jpg 507w\" sizes=\"(max-width: 506px) 100vw, 506px\" \/><\/a><\/p>\n<p>&nbsp;<\/p>\n<p><strong>En la Costa\u00a0Mediterr\u00e1nea\u00a0Andaluza pasaba el caso contrario, las\u00a0m\u00e1ximas\u00a0en muchos puntos sobrepasaban los 20 grados. El dato mas destacable el de Motril Puerto que registro una\u00a0m\u00e1xima\u00a0hist\u00f3rica\u00a0de casi 26 grados (25.9).<\/strong><\/p>\n<p><strong>Bestial esta temperatura de Motril, pero que me\u00a0dec\u00eds\u00a0de Ronda con casi 22 graditos (21.9) . En M\u00e1laga Capital rondamos entre los 20 y 21. Fuente Aemet.<\/strong><\/p>\n<p>&nbsp;<\/p>\n<p><a href=\"https:\/\/blogs.diariosur.es\/tormentas-y-rayos\/2014\/12\/20\/prevision-del-tiempo-en-navidad-siguen-las-nieblas-motril-registra-una-maxima-de-25-9-grados-y-ronda-21-9-posibilidad-de-algunas-gotas-manana-domingo-debido-al-levante\/rr-3\/\" rel=\"attachment wp-att-10661\"><img loading=\"lazy\" class=\"aligncenter size-medium wp-image-10661\" title=\"rr\" src=\"\/tormentas-y-rayos\/wp-content\/uploads\/sites\/12\/2014\/12\/rr.jpg\" alt=\"\" width=\"600\" height=\"178\" srcset=\"https:\/\/static-blogs.diariosur.es\/wp-content\/uploads\/sites\/12\/2014\/12\/rr.jpg 798w, https:\/\/static-blogs.diariosur.es\/wp-content\/uploads\/sites\/12\/2014\/12\/rr-640x191.jpg 640w, https:\/\/static-blogs.diariosur.es\/wp-content\/uploads\/sites\/12\/2014\/12\/rr-768x229.jpg 768w\" sizes=\"(max-width: 600px) 100vw, 600px\" \/><\/a><\/p>\n<p>&nbsp;<\/p>\n<p><strong>Os paso mas fotos de los flamencos.\u00a0<\/strong><\/p>\n<p>&nbsp;<\/p>\n<p>&nbsp;<\/p>\n<p><img loading=\"lazy\" class=\"aligncenter\" src=\"https:\/\/farm9.staticflickr.com\/8612\/16057763535_3d3975461d_z.jpg\" alt=\"\" width=\"640\" height=\"427\" \/><\/p>\n<p>&nbsp;<\/p>\n<p>&nbsp;<\/p>\n<p><img loading=\"lazy\" class=\"aligncenter\" src=\"https:\/\/farm9.staticflickr.com\/8634\/15871692679_11f5535aa8_z.jpg\" alt=\"\" width=\"640\" height=\"427\" \/><\/p>\n<p>&nbsp;<\/p>\n<p>&nbsp;<\/p>\n<p><img loading=\"lazy\" class=\"aligncenter\" src=\"https:\/\/farm8.staticflickr.com\/7551\/15870304168_9fbf39da1e_z.jpg\" alt=\"\" width=\"640\" height=\"314\" \/><\/p>\n<p>&nbsp;<\/p>\n<p>&nbsp;<\/p>\n<p><strong>Hasta ma\u00f1ana.<\/strong><\/p>\n","protected":false},"excerpt":{"rendered":"<p>&nbsp; &nbsp; &nbsp; &nbsp; &nbsp; &nbsp; &nbsp; \u00a0Buenos dias amigos de la meteo, antes de nada, \u00a0os quiero dar las gracias por los montones de felicitaciones que he tenido de todos vosotros, en serio me he emocionado. Un beso muy grande amig@s Son las seis de la ma\u00f1ana, registro 11.4 \u00a0grados y los cielos\u00a0est\u00e1n\u00a0poco nubosos. [&hellip;]<\/p>\n","protected":false},"author":16,"featured_media":10653,"comment_status":"open","ping_status":"open","sticky":false,"template":"","format":"standard","meta":[],"categories":[2],"tags":[624,667,681,697,809,849,980],"_links":{"self":[{"href":"https:\/\/blogs.diariosur.es\/tormentas-y-rayos\/wp-json\/wp\/v2\/posts\/10652"}],"collection":[{"href":"https:\/\/blogs.diariosur.es\/tormentas-y-rayos\/wp-json\/wp\/v2\/posts"}],"about":[{"href":"https:\/\/blogs.diariosur.es\/tormentas-y-rayos\/wp-json\/wp\/v2\/types\/post"}],"author":[{"embeddable":true,"href":"https:\/\/blogs.diariosur.es\/tormentas-y-rayos\/wp-json\/wp\/v2\/users\/16"}],"replies":[{"embeddable":true,"href":"https:\/\/blogs.diariosur.es\/tormentas-y-rayos\/wp-json\/wp\/v2\/comments?post=10652"}],"version-history":[{"count":0,"href":"https:\/\/blogs.diariosur.es\/tormentas-y-rayos\/wp-json\/wp\/v2\/posts\/10652\/revisions"}],"wp:featuredmedia":[{"embeddable":true,"href":"https:\/\/blogs.diariosur.es\/tormentas-y-rayos\/wp-json\/wp\/v2\/media\/10653"}],"wp:attachment":[{"href":"https:\/\/blogs.diariosur.es\/tormentas-y-rayos\/wp-json\/wp\/v2\/media?parent=10652"}],"wp:term":[{"taxonomy":"category","embeddable":true,"href":"https:\/\/blogs.diariosur.es\/tormentas-y-rayos\/wp-json\/wp\/v2\/categories?post=10652"},{"taxonomy":"post_tag","embeddable":true,"href":"https:\/\/blogs.diariosur.es\/tormentas-y-rayos\/wp-json\/wp\/v2\/tags?post=10652"}],"curies":[{"name":"wp","href":"https:\/\/api.w.org\/{rel}","templated":true}]}}