{"id":10667,"date":"2014-12-21T07:32:09","date_gmt":"2014-12-21T06:32:09","guid":{"rendered":"http:\/\/blogs.diariosur.es\/tormentas-y-rayos\/?p=10667"},"modified":"2014-12-21T07:32:09","modified_gmt":"2014-12-21T06:32:09","slug":"prevision-del-tiempo-en-navidad-el-invierno-comienza-esta-proxima-madrugada-del-dia-22-a-las-0-h-y-3m-las-nieblas-y-el-anticiclon-protagonistas","status":"publish","type":"post","link":"https:\/\/blogs.diariosur.es\/tormentas-y-rayos\/2014\/12\/21\/prevision-del-tiempo-en-navidad-el-invierno-comienza-esta-proxima-madrugada-del-dia-22-a-las-0-h-y-3m-las-nieblas-y-el-anticiclon-protagonistas\/","title":{"rendered":"Previsi\u00f3n del tiempo en Navidad. El invierno comienza esta pr\u00f3xima madrugada del dia 22 a las 0 h y 3m. Las nieblas y el anticicl\u00f3n protagonistas."},"content":{"rendered":"<p><img loading=\"lazy\" class=\"aligncenter\" src=\"https:\/\/farm3.staticflickr.com\/2898\/14371881571_bbae3518b1_q.jpg\" alt=\"\" width=\"150\" height=\"150\" \/><\/p>\n<p>&nbsp;<\/p>\n<p>&nbsp;<\/p>\n<p>&nbsp;<\/p>\n<p>&nbsp;<\/p>\n<p><strong>Buenos dias amigos de la meteo, son las seis y media de la ma\u00f1ana, registro 14 grados y los cielos malague\u00f1os est\u00e1n muy nubosos, asi como en toda la franja litoral andaluza\u00a0mediterr\u00e1nea. Acabo de subir de tomarme mi primer cafelito y\u00a0ca\u00edan\u00a0mijillas en mi zona. Lo curioso es que aun no tenemos levante\u00a0seg\u00fan\u00a0marcan las estaciones que tiene la aemet en M\u00e1laga. En la zona del Estrecho si sopla moderado.<\/strong><\/p>\n<p><strong> \u00a0Las\u00a0m\u00e1ximas\u00a0bajaran hoy un poco y las\u00a0m\u00ednimas\u00a0subir\u00e1n. Los cielos\u00a0seguir\u00e1n\u00a0nubosos y \u00a0hay posibilidad de que se escapen algunas gotas en\u00a0alg\u00fan\u00a0punto del litoral y sistemas monta\u00f1osos.\u00a0<\/strong><\/p>\n<p><strong>Nuevamente las nieblas son las protagonistas en muchos puntos de la\u00a0pen\u00ednsula.<\/strong><\/p>\n<p><strong>Esta\u00a0pr\u00f3xima\u00a0madrugada del dia 22\u00a0comienza\u00a0el invierno, concretamente a las\u00a00h \u00a03m \u00a0hora oficial peninsular, durara 88 dias \u00a0y 23 horas y \u00a0finalizando \u00a0el 20 de marzo. Este\u00a0d\u00eda\u00a0tendremos un\u00a0eclipse parcial de sol.<\/strong><\/p>\n<p>&nbsp;<\/p>\n<p><strong>Os hago un peque\u00f1o resumen de ayer\u00a0s\u00e1bado\u00a0y os dejo hasta ma\u00f1ana, ya\u00a0sab\u00e9is\u00a0que hoy tambi\u00e9n trabajo y dispongo estos\u00a0d\u00edas\u00a0navide\u00f1os de poco tiempo.<\/strong><\/p>\n<p><strong>Lo mas destacado fue la\u00a0m\u00e1xima\u00a0que dio Ronda con \u00a025,8 \u00a0grados, si este dato se hace oficial por la aemet, sera un pedazo de\u00a0r\u00e9cord\u00a0hist\u00f3rico\u00a0para un mes de diciembre. Fuente Aemet<\/strong><\/p>\n<p><a href=\"https:\/\/blogs.diariosur.es\/tormentas-y-rayos\/2014\/12\/21\/prevision-del-tiempo-en-navidad-el-invierno-comienza-esta-proxima-madrugada-del-dia-22-a-las-0-h-y-3m-las-nieblas-y-el-anticiclon-protagonistas\/bb-11\/\" rel=\"attachment wp-att-10670\"><img loading=\"lazy\" class=\"aligncenter size-medium wp-image-10670\" title=\"bb\" src=\"\/tormentas-y-rayos\/wp-content\/uploads\/sites\/12\/2014\/12\/bb.jpg\" alt=\"\" width=\"600\" height=\"180\" srcset=\"https:\/\/static-blogs.diariosur.es\/wp-content\/uploads\/sites\/12\/2014\/12\/bb.jpg 787w, https:\/\/static-blogs.diariosur.es\/wp-content\/uploads\/sites\/12\/2014\/12\/bb-640x193.jpg 640w, https:\/\/static-blogs.diariosur.es\/wp-content\/uploads\/sites\/12\/2014\/12\/bb-768x231.jpg 768w\" sizes=\"(max-width: 600px) 100vw, 600px\" \/><\/a><\/p>\n<p>&nbsp;<\/p>\n<p><strong>\u00a0M\u00e1laga\u00a0Capital registro mas de 20 en la\u00a0estaci\u00f3n\u00a0del puerto y los 19 en el Centro\u00a0Meteorol\u00f3gico\u00a0de teatinos.\u00a0<\/strong><\/p>\n<p><strong>Mientras la zona costera Andaluza\u00a0Mediterr\u00e1nea\u00a0se llegaban en muchos puntos a los diecinueve grados, en la\u00a0Atl\u00e1ntica\u00a0y debido a la niebla no sobrepasaban los 8 grados a las dos de la tarde, como es el caso de la Costa Gaditana.<\/strong><\/p>\n<p>&nbsp;<\/p>\n<p><a href=\"https:\/\/blogs.diariosur.es\/tormentas-y-rayos\/2014\/12\/21\/prevision-del-tiempo-en-navidad-el-invierno-comienza-esta-proxima-madrugada-del-dia-22-a-las-0-h-y-3m-las-nieblas-y-el-anticiclon-protagonistas\/temp-3\/\" rel=\"attachment wp-att-10671\"><img loading=\"lazy\" class=\"aligncenter size-medium wp-image-10671\" title=\"temp\" src=\"\/tormentas-y-rayos\/wp-content\/uploads\/sites\/12\/2014\/12\/temp.jpg\" alt=\"\" width=\"549\" height=\"400\" srcset=\"https:\/\/static-blogs.diariosur.es\/wp-content\/uploads\/sites\/12\/2014\/12\/temp.jpg 784w, https:\/\/static-blogs.diariosur.es\/wp-content\/uploads\/sites\/12\/2014\/12\/temp-549x400.jpg 549w, https:\/\/static-blogs.diariosur.es\/wp-content\/uploads\/sites\/12\/2014\/12\/temp-768x559.jpg 768w\" sizes=\"(max-width: 549px) 100vw, 549px\" \/><\/a><\/p>\n<p>&nbsp;<\/p>\n<p>&nbsp;<\/p>\n<p><strong>Fijaros en la niebla que habia en Cadiz. La foto me la ha mandado mi amiga Evita Telo.<\/strong><\/p>\n<p>&nbsp;<\/p>\n<p>&nbsp;<\/p>\n<p><a href=\"https:\/\/blogs.diariosur.es\/tormentas-y-rayos\/2014\/12\/21\/prevision-del-tiempo-en-navidad-el-invierno-comienza-esta-proxima-madrugada-del-dia-22-a-las-0-h-y-3m-las-nieblas-y-el-anticiclon-protagonistas\/evita-telo-3\/\" rel=\"attachment wp-att-10674\"><img loading=\"lazy\" class=\"aligncenter size-medium wp-image-10674\" title=\"evita telo\" src=\"\/tormentas-y-rayos\/wp-content\/uploads\/sites\/12\/2014\/12\/evita-telo2.jpg\" alt=\"\" width=\"533\" height=\"400\" srcset=\"https:\/\/static-blogs.diariosur.es\/wp-content\/uploads\/sites\/12\/2014\/12\/evita-telo2.jpg 960w, https:\/\/static-blogs.diariosur.es\/wp-content\/uploads\/sites\/12\/2014\/12\/evita-telo2-533x400.jpg 533w, https:\/\/static-blogs.diariosur.es\/wp-content\/uploads\/sites\/12\/2014\/12\/evita-telo2-768x576.jpg 768w\" sizes=\"(max-width: 533px) 100vw, 533px\" \/><\/a><\/p>\n<p>&nbsp;<\/p>\n<p>&nbsp;<\/p>\n<p><strong>Yo pensaba que ayer la niebla\u00a0durar\u00eda\u00a0menos en esta zona, pero asi es la meteo de caprichosa. La niebla que se formo en el litoral\u00a0mediterr\u00e1neo\u00a0no llego a entrar. Os paso unas bonitas\u00a0im\u00e1genes\u00a0del\u00a0sat\u00e9lite\u00a0terra. En la primera es del mediodia, y la siguiente de por la tarde.\u00a0<\/strong><\/p>\n<p>&nbsp;<\/p>\n<p><a href=\"https:\/\/blogs.diariosur.es\/tormentas-y-rayos\/2014\/12\/21\/prevision-del-tiempo-en-navidad-el-invierno-comienza-esta-proxima-madrugada-del-dia-22-a-las-0-h-y-3m-las-nieblas-y-el-anticiclon-protagonistas\/captura-537\/\" rel=\"attachment wp-att-10673\"><img loading=\"lazy\" class=\"aligncenter size-full wp-image-10673\" title=\"Captura\" src=\"\/tormentas-y-rayos\/wp-content\/uploads\/sites\/12\/2014\/12\/Captura15.jpg\" alt=\"\" width=\"572\" height=\"605\" srcset=\"https:\/\/static-blogs.diariosur.es\/wp-content\/uploads\/sites\/12\/2014\/12\/Captura15.jpg 572w, https:\/\/static-blogs.diariosur.es\/wp-content\/uploads\/sites\/12\/2014\/12\/Captura15-378x400.jpg 378w\" sizes=\"(max-width: 572px) 100vw, 572px\" \/><\/a><\/p>\n<p>&nbsp;<\/p>\n<p>&nbsp;<\/p>\n<p><a href=\"https:\/\/blogs.diariosur.es\/tormentas-y-rayos\/2014\/12\/21\/prevision-del-tiempo-en-navidad-el-invierno-comienza-esta-proxima-madrugada-del-dia-22-a-las-0-h-y-3m-las-nieblas-y-el-anticiclon-protagonistas\/captura-539\/\" rel=\"attachment wp-att-10676\"><img loading=\"lazy\" class=\"aligncenter size-full wp-image-10676\" title=\"Captura\" src=\"\/tormentas-y-rayos\/wp-content\/uploads\/sites\/12\/2014\/12\/Captura17.jpg\" alt=\"\" width=\"570\" height=\"582\" srcset=\"https:\/\/static-blogs.diariosur.es\/wp-content\/uploads\/sites\/12\/2014\/12\/Captura17.jpg 570w, https:\/\/static-blogs.diariosur.es\/wp-content\/uploads\/sites\/12\/2014\/12\/Captura17-392x400.jpg 392w\" sizes=\"(max-width: 570px) 100vw, 570px\" \/><\/a><\/p>\n<p>&nbsp;<\/p>\n<p>&nbsp;<\/p>\n<p>&nbsp;<\/p>\n<p>&nbsp;<\/p>\n<p>&nbsp;<\/p>\n<p><strong>Poco mas que contar amigos, nos vemos ma\u00f1ana dia 22 a las seis de la ma\u00f1ana. Nuestro enemigo el anticicl\u00f3n\u00a0seguir\u00e1\u00a0con nosotros.<\/strong><\/p>\n<p>&nbsp;<\/p>\n<p><a href=\"https:\/\/blogs.diariosur.es\/tormentas-y-rayos\/2014\/12\/21\/prevision-del-tiempo-en-navidad-el-invierno-comienza-esta-proxima-madrugada-del-dia-22-a-las-0-h-y-3m-las-nieblas-y-el-anticiclon-protagonistas\/captura-540\/\" rel=\"attachment wp-att-10677\"><img loading=\"lazy\" class=\"aligncenter size-medium wp-image-10677\" title=\"Captura\" src=\"\/tormentas-y-rayos\/wp-content\/uploads\/sites\/12\/2014\/12\/Captura18.jpg\" alt=\"\" width=\"600\" height=\"370\" srcset=\"https:\/\/static-blogs.diariosur.es\/wp-content\/uploads\/sites\/12\/2014\/12\/Captura18.jpg 770w, https:\/\/static-blogs.diariosur.es\/wp-content\/uploads\/sites\/12\/2014\/12\/Captura18-640x396.jpg 640w, https:\/\/static-blogs.diariosur.es\/wp-content\/uploads\/sites\/12\/2014\/12\/Captura18-768x475.jpg 768w\" sizes=\"(max-width: 600px) 100vw, 600px\" \/><\/a><\/p>\n<p>&nbsp;<\/p>\n<p>&nbsp;<\/p>\n<p>&nbsp;<\/p>\n<p>&nbsp;<\/p>\n<p>&nbsp;<\/p>\n<p>&nbsp;<\/p>\n<p>&nbsp;<\/p>\n<p>&nbsp;<\/p>\n<p>&nbsp;<\/p>\n<p>&nbsp;<\/p>\n<p>&nbsp;<\/p>\n<p>&nbsp;<\/p>\n<p>&nbsp;<\/p>\n<p>&nbsp;<\/p>\n","protected":false},"excerpt":{"rendered":"<p>&nbsp; &nbsp; &nbsp; &nbsp; Buenos dias amigos de la meteo, son las seis y media de la ma\u00f1ana, registro 14 grados y los cielos malague\u00f1os est\u00e1n muy nubosos, asi como en toda la franja litoral andaluza\u00a0mediterr\u00e1nea. Acabo de subir de tomarme mi primer cafelito y\u00a0ca\u00edan\u00a0mijillas en mi zona. Lo curioso es que aun no tenemos [&hellip;]<\/p>\n","protected":false},"author":16,"featured_media":10677,"comment_status":"open","ping_status":"open","sticky":false,"template":"","format":"standard","meta":[],"categories":[2],"tags":[114,269,355,681,697,809,980],"_links":{"self":[{"href":"https:\/\/blogs.diariosur.es\/tormentas-y-rayos\/wp-json\/wp\/v2\/posts\/10667"}],"collection":[{"href":"https:\/\/blogs.diariosur.es\/tormentas-y-rayos\/wp-json\/wp\/v2\/posts"}],"about":[{"href":"https:\/\/blogs.diariosur.es\/tormentas-y-rayos\/wp-json\/wp\/v2\/types\/post"}],"author":[{"embeddable":true,"href":"https:\/\/blogs.diariosur.es\/tormentas-y-rayos\/wp-json\/wp\/v2\/users\/16"}],"replies":[{"embeddable":true,"href":"https:\/\/blogs.diariosur.es\/tormentas-y-rayos\/wp-json\/wp\/v2\/comments?post=10667"}],"version-history":[{"count":0,"href":"https:\/\/blogs.diariosur.es\/tormentas-y-rayos\/wp-json\/wp\/v2\/posts\/10667\/revisions"}],"wp:featuredmedia":[{"embeddable":true,"href":"https:\/\/blogs.diariosur.es\/tormentas-y-rayos\/wp-json\/wp\/v2\/media\/10677"}],"wp:attachment":[{"href":"https:\/\/blogs.diariosur.es\/tormentas-y-rayos\/wp-json\/wp\/v2\/media?parent=10667"}],"wp:term":[{"taxonomy":"category","embeddable":true,"href":"https:\/\/blogs.diariosur.es\/tormentas-y-rayos\/wp-json\/wp\/v2\/categories?post=10667"},{"taxonomy":"post_tag","embeddable":true,"href":"https:\/\/blogs.diariosur.es\/tormentas-y-rayos\/wp-json\/wp\/v2\/tags?post=10667"}],"curies":[{"name":"wp","href":"https:\/\/api.w.org\/{rel}","templated":true}]}}