{"id":10678,"date":"2014-12-22T07:10:39","date_gmt":"2014-12-22T06:10:39","guid":{"rendered":"http:\/\/blogs.diariosur.es\/tormentas-y-rayos\/?p=10678"},"modified":"2014-12-22T07:10:39","modified_gmt":"2014-12-22T06:10:39","slug":"prevision-del-tiempo-en-navidad-andalucia-ya-es-primavera-perdon-invierno-15-grados-a-las-seis-de-la-manana-en-malaga-el-levante-protagonista","status":"publish","type":"post","link":"https:\/\/blogs.diariosur.es\/tormentas-y-rayos\/2014\/12\/22\/prevision-del-tiempo-en-navidad-andalucia-ya-es-primavera-perdon-invierno-15-grados-a-las-seis-de-la-manana-en-malaga-el-levante-protagonista\/","title":{"rendered":"Previsi\u00f3n del tiempo en Navidad Andaluc\u00eda. &#8220;Ya es primavera, perd\u00f3n,  invierno&#8221;. 15 grados a las seis de la ma\u00f1ana en M\u00e1laga. El levante protagonista."},"content":{"rendered":"<p><img loading=\"lazy\" class=\"aligncenter\" src=\"https:\/\/farm3.staticflickr.com\/2898\/14371881571_bbae3518b1_q.jpg\" alt=\"\" width=\"150\" height=\"150\" \/><\/p>\n<p>&nbsp;<\/p>\n<p>&nbsp;<\/p>\n<p>&nbsp;<\/p>\n<p>&nbsp;<\/p>\n<p><strong>Buenos dias amigos de la meteo, son las seis \u00a0de la ma\u00f1ana, <span style=\"color: #ff0000;\">registro 15,1 grados<\/span> y los cielos malague\u00f1os est\u00e1n nubosos. Estas nubes tambi\u00e9n son protagonistas en toda el litoral\u00a0mediterr\u00e1neo\u00a0andaluz. En la zona occidental estan menos nubosos, pero no descarto\u00a0alg\u00fan\u00a0banco de niebla. Donde si es la protagonista la niebla y por\u00a0en\u00e9sima\u00a0vez es en la meseta norte peninsular.<\/strong><\/p>\n<p><strong>El viento de levante sopla moderado en el litoral malague\u00f1o y fuerte en el Estrecho, en esta zona las rachas han llegado a los 67 km\/h. La aemet ha activado el aviso amarillo por\u00a0fen\u00f3menos\u00a0costeros en esta zona. La mar de fondo tambi\u00e9n es protagonista en las playas de M\u00e1laga, en alta mar hay fuerte marejada, si\u00a0sal\u00eds\u00a0a navegar tener\u00a0precauci\u00f3n. Fuente aemet.<\/strong><\/p>\n<p>&nbsp;<\/p>\n<p><a href=\"https:\/\/blogs.diariosur.es\/tormentas-y-rayos\/2014\/12\/22\/prevision-del-tiempo-en-navidad-andalucia-ya-es-primavera-perdon-invierno-15-grados-a-las-seis-de-la-manana-en-malaga-el-levante-protagonista\/mar-de-viento\/\" rel=\"attachment wp-att-10688\"><img loading=\"lazy\" class=\"aligncenter size-medium wp-image-10688\" title=\"mar de viento\" src=\"\/tormentas-y-rayos\/wp-content\/uploads\/sites\/12\/2014\/12\/mar-de-viento.jpg\" alt=\"\" width=\"558\" height=\"400\" srcset=\"https:\/\/static-blogs.diariosur.es\/wp-content\/uploads\/sites\/12\/2014\/12\/mar-de-viento.jpg 767w, https:\/\/static-blogs.diariosur.es\/wp-content\/uploads\/sites\/12\/2014\/12\/mar-de-viento-559x400.jpg 559w\" sizes=\"(max-width: 558px) 100vw, 558px\" \/><\/a><\/p>\n<p>&nbsp;<\/p>\n<p><strong>Pues si amigos de la meteo, hace seis horas que entro el invierno\u00a0astron\u00f3mico, porque lo que es el\u00a0meteorol\u00f3gico\u00a0como que no. Qince grados registro en mi estaci\u00f3n, viendo los datos ahora mismo de toda Andaluc\u00eda no esta helando, ni tan siquiera en Baza. Os paso los datos hasta las cinco de la ma\u00f1ana.<\/strong><\/p>\n<p>&nbsp;<\/p>\n<p><a href=\"https:\/\/blogs.diariosur.es\/tormentas-y-rayos\/2014\/12\/22\/prevision-del-tiempo-en-navidad-andalucia-ya-es-primavera-perdon-invierno-15-grados-a-las-seis-de-la-manana-en-malaga-el-levante-protagonista\/comienza-invierno\/\" rel=\"attachment wp-att-10689\"><img loading=\"lazy\" class=\"aligncenter size-medium wp-image-10689\" title=\"comienza invierno\" src=\"\/tormentas-y-rayos\/wp-content\/uploads\/sites\/12\/2014\/12\/comienza-invierno.jpg\" alt=\"\" width=\"553\" height=\"400\" srcset=\"https:\/\/static-blogs.diariosur.es\/wp-content\/uploads\/sites\/12\/2014\/12\/comienza-invierno.jpg 801w, https:\/\/static-blogs.diariosur.es\/wp-content\/uploads\/sites\/12\/2014\/12\/comienza-invierno-553x400.jpg 553w, https:\/\/static-blogs.diariosur.es\/wp-content\/uploads\/sites\/12\/2014\/12\/comienza-invierno-768x555.jpg 768w\" sizes=\"(max-width: 553px) 100vw, 553px\" \/><\/a><\/p>\n<p>&nbsp;<\/p>\n<p><strong>Todo esto se debe a una masa de aire &#8220;c\u00e1lido &#8221; que tenemos ahora mismo en la\u00a0pen\u00ednsula\u00a0y sur de Europa. Parece un mapa de bien entrada la primavera, 10 grados en buena parte de\u00a0Francia, incluso llega a las Islas\u00a0Brit\u00e1nicas.<\/strong><\/p>\n<p><strong>Londres da ahora mismo 12 grados de\u00a0m\u00ednima.\u00a0<\/strong><\/p>\n<p><strong>En el mapa de temperaturas a 850 hpa ( 1500 m) se ve perfectamente la masa de aire c\u00e1lido.<\/strong><\/p>\n<p>&nbsp;<\/p>\n<p><a href=\"https:\/\/blogs.diariosur.es\/tormentas-y-rayos\/2014\/12\/22\/prevision-del-tiempo-en-navidad-andalucia-ya-es-primavera-perdon-invierno-15-grados-a-las-seis-de-la-manana-en-malaga-el-levante-protagonista\/mapa-a-850-hpa\/\" rel=\"attachment wp-att-10690\"><img loading=\"lazy\" class=\"aligncenter size-medium wp-image-10690\" title=\"mapa a 850 hpa\" src=\"\/tormentas-y-rayos\/wp-content\/uploads\/sites\/12\/2014\/12\/mapa-a-850-hpa.jpg\" alt=\"\" width=\"487\" height=\"400\" srcset=\"https:\/\/static-blogs.diariosur.es\/wp-content\/uploads\/sites\/12\/2014\/12\/mapa-a-850-hpa.jpg 798w, https:\/\/static-blogs.diariosur.es\/wp-content\/uploads\/sites\/12\/2014\/12\/mapa-a-850-hpa-487x400.jpg 487w, https:\/\/static-blogs.diariosur.es\/wp-content\/uploads\/sites\/12\/2014\/12\/mapa-a-850-hpa-768x630.jpg 768w\" sizes=\"(max-width: 487px) 100vw, 487px\" \/><\/a><\/p>\n<p><strong>De momento y hasta el dia 27 el anticicl\u00f3n sera el protagonista en Andaluc\u00eda y en buena parte de la pen\u00ednsula. El 28 un frente\u00a0afectar\u00eda\u00a0al norte peninsular.\u00a0<\/strong><\/p>\n<p>&nbsp;<\/p>\n<p>&nbsp;<\/p>\n<p>&nbsp;<\/p>\n<p>&nbsp;<\/p>\n<p>&nbsp;<\/p>\n<p><strong>Como siempre os hago un peque\u00f1o resumen de ayer domingo.<\/strong><\/p>\n<p><strong>Los cielos amanecieron muy nubosos, antes de entrar al curro\u00a0fotografi\u00e9\u00a0los cielos malague\u00f1os, en esos momentos cuando eran las ocho y media de la ma\u00f1ana se registraba 14 grados.<\/strong><\/p>\n<p>&nbsp;<\/p>\n<p><a href=\"https:\/\/blogs.diariosur.es\/tormentas-y-rayos\/2014\/12\/22\/prevision-del-tiempo-en-navidad-andalucia-ya-es-primavera-perdon-invierno-15-grados-a-las-seis-de-la-manana-en-malaga-el-levante-protagonista\/10856536_10204198208454369_109482392624353880_o\/\" rel=\"attachment wp-att-10679\"><img loading=\"lazy\" class=\"aligncenter size-medium wp-image-10679\" title=\"10856536_10204198208454369_109482392624353880_o\" src=\"\/tormentas-y-rayos\/wp-content\/uploads\/sites\/12\/2014\/12\/10856536_10204198208454369_109482392624353880_o.jpg\" alt=\"\" width=\"600\" height=\"337\" srcset=\"https:\/\/static-blogs.diariosur.es\/wp-content\/uploads\/sites\/12\/2014\/12\/10856536_10204198208454369_109482392624353880_o.jpg 2048w, https:\/\/static-blogs.diariosur.es\/wp-content\/uploads\/sites\/12\/2014\/12\/10856536_10204198208454369_109482392624353880_o-640x360.jpg 640w, https:\/\/static-blogs.diariosur.es\/wp-content\/uploads\/sites\/12\/2014\/12\/10856536_10204198208454369_109482392624353880_o-768x432.jpg 768w\" sizes=\"(max-width: 600px) 100vw, 600px\" \/><\/a><\/p>\n<p>&nbsp;<\/p>\n<p><strong>A partir de esa hora me comentaron que se registraban gotas en Fuengirola \u00a0y en otros puntos de la costa. A las once de la ma\u00f1ana me asome desde donde trabajo y\u00a0ca\u00edan\u00a0gotas. \u00a0<\/strong><\/p>\n<p><strong>Como estaba trabajando y no\u00a0pod\u00eda\u00a0estar en directo como en otras ocasiones, mis corresponsales Genoveva Lozano ( mi mujer) y mi sobrina Paula Romero me\u00a0ten\u00edan\u00a0 informado de lo que\u00a0acontec\u00eda\u00a0en Torre de Benagalb\u00f3n.\u00a0<\/strong><\/p>\n<p><strong>Me comentaron que cayeron unas mijillas, pero que a partir de las dos de la tarde se abrieron los cielos.\u00a0<\/strong><\/p>\n<p><strong>Os paso la foto de mi sobrina Paula, que es un fot\u00f3n, es la primera foto que hace, \u00a0que conste en acta.<\/strong><\/p>\n<p>&nbsp;<\/p>\n<p><a href=\"https:\/\/blogs.diariosur.es\/tormentas-y-rayos\/2014\/12\/22\/prevision-del-tiempo-en-navidad-andalucia-ya-es-primavera-perdon-invierno-15-grados-a-las-seis-de-la-manana-en-malaga-el-levante-protagonista\/10860883_10204207012594467_8778043431191500364_o\/\" rel=\"attachment wp-att-10680\"><img loading=\"lazy\" class=\"aligncenter size-full wp-image-10680\" title=\"10860883_10204207012594467_8778043431191500364_o\" src=\"\/tormentas-y-rayos\/wp-content\/uploads\/sites\/12\/2014\/12\/10860883_10204207012594467_8778043431191500364_o.jpg\" alt=\"\" width=\"640\" height=\"360\" \/><\/a><\/p>\n<p>&nbsp;<\/p>\n<p><strong>Y la de Geno. Tampoco esta nada mal.<\/strong><\/p>\n<p>&nbsp;<\/p>\n<p><a href=\"https:\/\/blogs.diariosur.es\/tormentas-y-rayos\/2014\/12\/22\/prevision-del-tiempo-en-navidad-andalucia-ya-es-primavera-perdon-invierno-15-grados-a-las-seis-de-la-manana-en-malaga-el-levante-protagonista\/10848958_10204205890286410_5772815593899951496_o-2\/\" rel=\"attachment wp-att-10682\"><img loading=\"lazy\" class=\"aligncenter size-full wp-image-10682\" title=\"10848958_10204205890286410_5772815593899951496_o\" src=\"\/tormentas-y-rayos\/wp-content\/uploads\/sites\/12\/2014\/12\/10848958_10204205890286410_5772815593899951496_o1.jpg\" alt=\"\" width=\"640\" height=\"360\" \/><\/a><\/p>\n<p>&nbsp;<\/p>\n<p>&nbsp;<\/p>\n<p><strong>Mi amiga Paqui Carnero fotografiaba magistralmente la mar de fondo de levante en la Playa de la Misericordia.\u00a0<\/strong><\/p>\n<p>&nbsp;<\/p>\n<p><a href=\"https:\/\/blogs.diariosur.es\/tormentas-y-rayos\/2014\/12\/22\/prevision-del-tiempo-en-navidad-andalucia-ya-es-primavera-perdon-invierno-15-grados-a-las-seis-de-la-manana-en-malaga-el-levante-protagonista\/10626393_10203248163715844_8719847550505940884_o\/\" rel=\"attachment wp-att-10683\"><img loading=\"lazy\" class=\"aligncenter size-full wp-image-10683\" title=\"10626393_10203248163715844_8719847550505940884_o\" src=\"\/tormentas-y-rayos\/wp-content\/uploads\/sites\/12\/2014\/12\/10626393_10203248163715844_8719847550505940884_o.jpg\" alt=\"\" width=\"640\" height=\"360\" \/><\/a><\/p>\n<p>&nbsp;<\/p>\n<p>&nbsp;<\/p>\n<p>&nbsp;<\/p>\n<p><strong>Las nieblas levantaron antes en la zona occidental andaluza, y las\u00a0m\u00e1ximas\u00a0se recuperaron en las zonas de C\u00e1diz, Huelva y Valle del Guadalquivir. Os paso dos\u00a0im\u00e1genes, la primera del\u00a0sat\u00e9lite\u00a0terra antes del\u00a0mediod\u00eda, y\u00a0la\u00a0segunda\u00a0del\u00a0sat\u00e9lite\u00a0acua\u00a0despu\u00e9s\u00a0de la\u00a0dos\u00a0de la tarde .<\/strong><\/p>\n<p>&nbsp;<\/p>\n<p>&nbsp;<\/p>\n<p><a href=\"https:\/\/blogs.diariosur.es\/tormentas-y-rayos\/2014\/12\/22\/prevision-del-tiempo-en-navidad-andalucia-ya-es-primavera-perdon-invierno-15-grados-a-las-seis-de-la-manana-en-malaga-el-levante-protagonista\/terra\/\" rel=\"attachment wp-att-10685\"><img loading=\"lazy\" class=\"aligncenter size-full wp-image-10685\" title=\"terra\" src=\"\/tormentas-y-rayos\/wp-content\/uploads\/sites\/12\/2014\/12\/terra.jpg\" alt=\"\" width=\"579\" height=\"548\" srcset=\"https:\/\/static-blogs.diariosur.es\/wp-content\/uploads\/sites\/12\/2014\/12\/terra.jpg 579w, https:\/\/static-blogs.diariosur.es\/wp-content\/uploads\/sites\/12\/2014\/12\/terra-423x400.jpg 423w\" sizes=\"(max-width: 579px) 100vw, 579px\" \/><\/a><\/p>\n<p>&nbsp;<\/p>\n<p>&nbsp;<\/p>\n<p><a href=\"https:\/\/blogs.diariosur.es\/tormentas-y-rayos\/2014\/12\/22\/prevision-del-tiempo-en-navidad-andalucia-ya-es-primavera-perdon-invierno-15-grados-a-las-seis-de-la-manana-en-malaga-el-levante-protagonista\/acua-2\/\" rel=\"attachment wp-att-10687\"><img loading=\"lazy\" class=\"aligncenter size-full wp-image-10687\" title=\"acua\" src=\"\/tormentas-y-rayos\/wp-content\/uploads\/sites\/12\/2014\/12\/acua1.jpg\" alt=\"\" width=\"557\" height=\"559\" srcset=\"https:\/\/static-blogs.diariosur.es\/wp-content\/uploads\/sites\/12\/2014\/12\/acua1.jpg 557w, https:\/\/static-blogs.diariosur.es\/wp-content\/uploads\/sites\/12\/2014\/12\/acua1-150x150.jpg 150w, https:\/\/static-blogs.diariosur.es\/wp-content\/uploads\/sites\/12\/2014\/12\/acua1-399x400.jpg 399w\" sizes=\"(max-width: 557px) 100vw, 557px\" \/><\/a><\/p>\n<p>&nbsp;<\/p>\n<p>&nbsp;<\/p>\n<p>&nbsp;<\/p>\n<p>&nbsp;<\/p>\n<p>&nbsp;<\/p>\n<p>&nbsp;<\/p>\n<p><strong>Poco mas que contar amigos, os dejo con los datos mas destacados de ayer en Andaluc\u00eda. La\u00a0m\u00e1xima\u00a0en la capital malague\u00f1a fue de 17,2 grados en mi estaci\u00f3n.<\/strong><\/p>\n<p>&nbsp;<\/p>\n<p><a href=\"https:\/\/blogs.diariosur.es\/tormentas-y-rayos\/2014\/12\/22\/prevision-del-tiempo-en-navidad-andalucia-ya-es-primavera-perdon-invierno-15-grados-a-las-seis-de-la-manana-en-malaga-el-levante-protagonista\/datos-domingo\/\" rel=\"attachment wp-att-10684\"><img loading=\"lazy\" class=\"aligncenter size-medium wp-image-10684\" title=\"datos domingo\" src=\"\/tormentas-y-rayos\/wp-content\/uploads\/sites\/12\/2014\/12\/datos-domingo.jpg\" alt=\"\" width=\"600\" height=\"330\" srcset=\"https:\/\/static-blogs.diariosur.es\/wp-content\/uploads\/sites\/12\/2014\/12\/datos-domingo.jpg 777w, https:\/\/static-blogs.diariosur.es\/wp-content\/uploads\/sites\/12\/2014\/12\/datos-domingo-640x353.jpg 640w, https:\/\/static-blogs.diariosur.es\/wp-content\/uploads\/sites\/12\/2014\/12\/datos-domingo-768x423.jpg 768w\" sizes=\"(max-width: 600px) 100vw, 600px\" \/><\/a><\/p>\n","protected":false},"excerpt":{"rendered":"<p>&nbsp; &nbsp; &nbsp; &nbsp; Buenos dias amigos de la meteo, son las seis \u00a0de la ma\u00f1ana, registro 15,1 grados y los cielos malague\u00f1os est\u00e1n nubosos. Estas nubes tambi\u00e9n son protagonistas en toda el litoral\u00a0mediterr\u00e1neo\u00a0andaluz. En la zona occidental estan menos nubosos, pero no descarto\u00a0alg\u00fan\u00a0banco de niebla. Donde si es la protagonista la niebla y por\u00a0en\u00e9sima\u00a0vez [&hellip;]<\/p>\n","protected":false},"author":16,"featured_media":10688,"comment_status":"open","ping_status":"open","sticky":false,"template":"","format":"standard","meta":[],"categories":[2],"tags":[100,517,553,681,809,815,980],"_links":{"self":[{"href":"https:\/\/blogs.diariosur.es\/tormentas-y-rayos\/wp-json\/wp\/v2\/posts\/10678"}],"collection":[{"href":"https:\/\/blogs.diariosur.es\/tormentas-y-rayos\/wp-json\/wp\/v2\/posts"}],"about":[{"href":"https:\/\/blogs.diariosur.es\/tormentas-y-rayos\/wp-json\/wp\/v2\/types\/post"}],"author":[{"embeddable":true,"href":"https:\/\/blogs.diariosur.es\/tormentas-y-rayos\/wp-json\/wp\/v2\/users\/16"}],"replies":[{"embeddable":true,"href":"https:\/\/blogs.diariosur.es\/tormentas-y-rayos\/wp-json\/wp\/v2\/comments?post=10678"}],"version-history":[{"count":0,"href":"https:\/\/blogs.diariosur.es\/tormentas-y-rayos\/wp-json\/wp\/v2\/posts\/10678\/revisions"}],"wp:featuredmedia":[{"embeddable":true,"href":"https:\/\/blogs.diariosur.es\/tormentas-y-rayos\/wp-json\/wp\/v2\/media\/10688"}],"wp:attachment":[{"href":"https:\/\/blogs.diariosur.es\/tormentas-y-rayos\/wp-json\/wp\/v2\/media?parent=10678"}],"wp:term":[{"taxonomy":"category","embeddable":true,"href":"https:\/\/blogs.diariosur.es\/tormentas-y-rayos\/wp-json\/wp\/v2\/categories?post=10678"},{"taxonomy":"post_tag","embeddable":true,"href":"https:\/\/blogs.diariosur.es\/tormentas-y-rayos\/wp-json\/wp\/v2\/tags?post=10678"}],"curies":[{"name":"wp","href":"https:\/\/api.w.org\/{rel}","templated":true}]}}