{"id":10691,"date":"2014-12-23T06:55:59","date_gmt":"2014-12-23T05:55:59","guid":{"rendered":"http:\/\/blogs.diariosur.es\/tormentas-y-rayos\/?p=10691"},"modified":"2014-12-23T06:55:59","modified_gmt":"2014-12-23T05:55:59","slug":"prevision-del-tiempo-en-navidad-el-gordo-del-anticiclon-seguira-de-protagonista-hasta-el-ano-que-viene-en-andalucia","status":"publish","type":"post","link":"https:\/\/blogs.diariosur.es\/tormentas-y-rayos\/2014\/12\/23\/prevision-del-tiempo-en-navidad-el-gordo-del-anticiclon-seguira-de-protagonista-hasta-el-ano-que-viene-en-andalucia\/","title":{"rendered":"Previsi\u00f3n del tiempo en Navidad. El gordo del anticicl\u00f3n seguir\u00e1 de protagonista hasta el a\u00f1o que viene en Andaluc\u00eda."},"content":{"rendered":"<p><img loading=\"lazy\" class=\"aligncenter\" src=\"https:\/\/farm3.staticflickr.com\/2898\/14371881571_bbae3518b1_q.jpg\" alt=\"\" width=\"150\" height=\"150\" \/><\/p>\n<p>&nbsp;<\/p>\n<p>&nbsp;<\/p>\n<p>&nbsp;<\/p>\n<p>&nbsp;<\/p>\n<p>&nbsp;<\/p>\n<p><span style=\"color: #0000ff;\"><strong>Buenos\u00a0d\u00edas\u00a0amigos de la meteo, son las seis de la ma\u00f1ana, registro 14,8 grados y los cielos\u00a0est\u00e1n\u00a0nubosos en la Costa\u00a0Mediterr\u00e1nea\u00a0Andaluza. El levante\u00a0seguir\u00e1\u00a0de protagonista y las temperaturas\u00a0m\u00e1ximas\u00a0ser\u00e1n\u00a0altas para las fechas\u00a0que estamos en toda Andaluc\u00eda. Las nieblas por\u00a0en\u00e9sima\u00a0vez\u00a0seguir\u00e1n\u00a0afectando a la meseta norte y valle del Ebro. La aemet activa hoy el aviso\u00a0amarillo por nieblas en estas zonas mencionadas.<\/strong><\/span><\/p>\n<p><strong><span><span><span><span style=\"color: #ff0000;\">Ma\u00f1ana dia 24 el levante amainara y dar\u00e1 paso a viento de componente oeste y noreste flojo. Lo mismo tenemos sorpresa en la Capital Malague\u00f1a, si entra terral de invierno y con la masa de aire\u00a0c\u00e1lido\u00a0que aun tenemos a 850 hpa\u00a0podemos registrar una\u00a0m\u00e1xima\u00a0muy alta, incluso de\u00a0r\u00e9cord. Todo depende de la hora. Si no seria el dia 25 cuando registrar\u00edamos una\u00a0m\u00e1xima\u00a0muy alta para un mes de diciembre.<\/span><\/span><\/span><\/span><\/strong><\/p>\n<p>&nbsp;<\/p>\n<p><a href=\"https:\/\/blogs.diariosur.es\/tormentas-y-rayos\/2014\/12\/23\/prevision-del-tiempo-en-navidad-el-gordo-del-anticiclon-seguira-de-protagonista-hasta-el-ano-que-viene-en-andalucia\/captura-541\/\" rel=\"attachment wp-att-10695\"><img loading=\"lazy\" class=\"aligncenter size-medium wp-image-10695\" title=\"Captura\" src=\"\/tormentas-y-rayos\/wp-content\/uploads\/sites\/12\/2014\/12\/Captura19.jpg\" alt=\"\" width=\"600\" height=\"370\" srcset=\"https:\/\/static-blogs.diariosur.es\/wp-content\/uploads\/sites\/12\/2014\/12\/Captura19.jpg 775w, https:\/\/static-blogs.diariosur.es\/wp-content\/uploads\/sites\/12\/2014\/12\/Captura19-640x396.jpg 640w, https:\/\/static-blogs.diariosur.es\/wp-content\/uploads\/sites\/12\/2014\/12\/Captura19-768x475.jpg 768w\" sizes=\"(max-width: 600px) 100vw, 600px\" \/><\/a><\/p>\n<p>&nbsp;<\/p>\n<p>&nbsp;<\/p>\n<p><strong><span style=\"color: #0000ff;\">El gordo del anticicl\u00f3n\u00a0seguir\u00e1\u00a0con nosotros hasta el a\u00f1o que viene. \u00a0Los posibles cambios que se esperaban en Andaluc\u00eda el\u00a0pr\u00f3ximo\u00a0fin de semana \u00a0en forma de lluvias por algunos modelos, lo mas seguro es que no se den. Lo mas que\u00a0tendr\u00edamos\u00a0en Andaluc\u00eda\u00a0seria<span style=\"color: #ff00ff;\"> bajada de temperaturas y sobre todo viento de moderado a fuerte en la Costa Mediterr\u00e1nea\u00a0Andaluza, el terral de invierno y el poniente\u00a0tomar\u00edan\u00a0protagonismo.<\/span><\/span><\/strong><\/p>\n<p>&nbsp;<\/p>\n<p><span style=\"color: #0000ff;\"><strong>Seria la zona norte y noreste de la\u00a0pen\u00ednsula\u00a0donde\u00a0bajar\u00edan\u00a0las temperaturas y\u00a0podr\u00edan\u00a0tener\u00a0alg\u00fan\u00a0chubasco el domingo. Fuente gfs.<\/strong><\/span><\/p>\n<p><a href=\"https:\/\/blogs.diariosur.es\/tormentas-y-rayos\/2014\/12\/23\/prevision-del-tiempo-en-navidad-el-gordo-del-anticiclon-seguira-de-protagonista-hasta-el-ano-que-viene-en-andalucia\/1-97\/\" rel=\"attachment wp-att-10692\"><img loading=\"lazy\" class=\"aligncenter size-medium wp-image-10692\" title=\"1\" src=\"\/tormentas-y-rayos\/wp-content\/uploads\/sites\/12\/2014\/12\/11.jpg\" alt=\"\" width=\"517\" height=\"400\" srcset=\"https:\/\/static-blogs.diariosur.es\/wp-content\/uploads\/sites\/12\/2014\/12\/11.jpg 1022w, https:\/\/static-blogs.diariosur.es\/wp-content\/uploads\/sites\/12\/2014\/12\/11-517x400.jpg 517w, https:\/\/static-blogs.diariosur.es\/wp-content\/uploads\/sites\/12\/2014\/12\/11-768x594.jpg 768w\" sizes=\"(max-width: 517px) 100vw, 517px\" \/><\/a><a href=\"https:\/\/blogs.diariosur.es\/tormentas-y-rayos\/2014\/12\/23\/prevision-del-tiempo-en-navidad-el-gordo-del-anticiclon-seguira-de-protagonista-hasta-el-ano-que-viene-en-andalucia\/2-70\/\" rel=\"attachment wp-att-10693\"><img loading=\"lazy\" class=\"aligncenter size-medium wp-image-10693\" title=\"2\" src=\"\/tormentas-y-rayos\/wp-content\/uploads\/sites\/12\/2014\/12\/2.jpg\" alt=\"\" width=\"515\" height=\"400\" srcset=\"https:\/\/static-blogs.diariosur.es\/wp-content\/uploads\/sites\/12\/2014\/12\/2.jpg 1011w, https:\/\/static-blogs.diariosur.es\/wp-content\/uploads\/sites\/12\/2014\/12\/2-516x400.jpg 516w, https:\/\/static-blogs.diariosur.es\/wp-content\/uploads\/sites\/12\/2014\/12\/2-768x596.jpg 768w\" sizes=\"(max-width: 515px) 100vw, 515px\" \/><\/a><\/p>\n<p>&nbsp;<\/p>\n<p><strong><span style=\"color: #ff0000;\">\u00a0Poco mas que contar sobre las previsiones, solo que ma\u00f1ana si se cumple lo que yo espero, la\u00a0m\u00e1xima\u00a0puede estar cercana al\u00a0r\u00e9cord. La\u00a0m\u00e1xima\u00a0hist\u00f3rica\u00a0para un mes de diciembre en M\u00e1laga es de 24.6 grados un 12 de diciembre 1998. Todo dependera de la hora que entre el terral de invierno.<\/span><\/strong><\/p>\n<p><strong>Os hago un peque\u00f1o resumen de ayer.<\/strong><\/p>\n<p><strong>Lo mas destacado es que las\u00a0m\u00e1ximas\u00a0fueron muy altas para el mes que estamos en casi toda Andaluc\u00eda, en esta ocasi\u00f3n las nieblas del Valle del Guadalquivir se disiparon antes. La maxima la dio Moron de la Frontera con 20 grados, destaca tambi\u00e9n Velez M\u00e1laga con casi 19. Os paso los datos fuente aemet.<\/strong><\/p>\n<p>&nbsp;<\/p>\n<p><a href=\"https:\/\/blogs.diariosur.es\/tormentas-y-rayos\/2014\/12\/23\/prevision-del-tiempo-en-navidad-el-gordo-del-anticiclon-seguira-de-protagonista-hasta-el-ano-que-viene-en-andalucia\/temperaturas\/\" rel=\"attachment wp-att-10696\"><img loading=\"lazy\" class=\"aligncenter size-large wp-image-10696\" title=\"temperaturas\" src=\"\/tormentas-y-rayos\/wp-content\/uploads\/sites\/12\/2014\/12\/temperaturas.jpg\" alt=\"\" width=\"563\" height=\"600\" srcset=\"https:\/\/static-blogs.diariosur.es\/wp-content\/uploads\/sites\/12\/2014\/12\/temperaturas.jpg 780w, https:\/\/static-blogs.diariosur.es\/wp-content\/uploads\/sites\/12\/2014\/12\/temperaturas-376x400.jpg 376w, https:\/\/static-blogs.diariosur.es\/wp-content\/uploads\/sites\/12\/2014\/12\/temperaturas-768x817.jpg 768w\" sizes=\"(max-width: 563px) 100vw, 563px\" \/><\/a><a href=\"https:\/\/blogs.diariosur.es\/tormentas-y-rayos\/2014\/12\/23\/prevision-del-tiempo-en-navidad-el-gordo-del-anticiclon-seguira-de-protagonista-hasta-el-ano-que-viene-en-andalucia\/minimas-11\/\" rel=\"attachment wp-att-10697\"><img loading=\"lazy\" class=\"aligncenter size-medium wp-image-10697\" title=\"minimas\" src=\"\/tormentas-y-rayos\/wp-content\/uploads\/sites\/12\/2014\/12\/minimas.jpg\" alt=\"\" width=\"560\" height=\"400\" srcset=\"https:\/\/static-blogs.diariosur.es\/wp-content\/uploads\/sites\/12\/2014\/12\/minimas.jpg 750w, https:\/\/static-blogs.diariosur.es\/wp-content\/uploads\/sites\/12\/2014\/12\/minimas-561x400.jpg 561w\" sizes=\"(max-width: 560px) 100vw, 560px\" \/><\/a><\/p>\n<p>&nbsp;<\/p>\n<p>&nbsp;<\/p>\n<p>&nbsp;<\/p>\n<p>&nbsp;<\/p>\n<p>&nbsp;<\/p>\n<p>&nbsp;<\/p>\n<p><strong>Ojala veamos pronto cielos asi, que\u00a0podr\u00eda\u00a0ser los primeros dias de Enero. Hasta ma\u00f1ana que os felicitare con una bonita postal.<\/strong><\/p>\n<p>&nbsp;<\/p>\n<p><img loading=\"lazy\" class=\"aligncenter\" src=\"https:\/\/farm8.staticflickr.com\/7556\/15891507045_4208337049_z.jpg\" alt=\"\" width=\"640\" height=\"427\" \/><\/p>\n","protected":false},"excerpt":{"rendered":"<p>&nbsp; &nbsp; &nbsp; &nbsp; &nbsp; Buenos\u00a0d\u00edas\u00a0amigos de la meteo, son las seis de la ma\u00f1ana, registro 14,8 grados y los cielos\u00a0est\u00e1n\u00a0nubosos en la Costa\u00a0Mediterr\u00e1nea\u00a0Andaluza. El levante\u00a0seguir\u00e1\u00a0de protagonista y las temperaturas\u00a0m\u00e1ximas\u00a0ser\u00e1n\u00a0altas para las fechas\u00a0que estamos en toda Andaluc\u00eda. Las nieblas por\u00a0en\u00e9sima\u00a0vez\u00a0seguir\u00e1n\u00a0afectando a la meseta norte y valle del Ebro. La aemet activa hoy el aviso\u00a0amarillo por [&hellip;]<\/p>\n","protected":false},"author":16,"featured_media":10695,"comment_status":"open","ping_status":"open","sticky":false,"template":"","format":"standard","meta":[],"categories":[2],"tags":[114,457,681,809,980],"_links":{"self":[{"href":"https:\/\/blogs.diariosur.es\/tormentas-y-rayos\/wp-json\/wp\/v2\/posts\/10691"}],"collection":[{"href":"https:\/\/blogs.diariosur.es\/tormentas-y-rayos\/wp-json\/wp\/v2\/posts"}],"about":[{"href":"https:\/\/blogs.diariosur.es\/tormentas-y-rayos\/wp-json\/wp\/v2\/types\/post"}],"author":[{"embeddable":true,"href":"https:\/\/blogs.diariosur.es\/tormentas-y-rayos\/wp-json\/wp\/v2\/users\/16"}],"replies":[{"embeddable":true,"href":"https:\/\/blogs.diariosur.es\/tormentas-y-rayos\/wp-json\/wp\/v2\/comments?post=10691"}],"version-history":[{"count":0,"href":"https:\/\/blogs.diariosur.es\/tormentas-y-rayos\/wp-json\/wp\/v2\/posts\/10691\/revisions"}],"wp:featuredmedia":[{"embeddable":true,"href":"https:\/\/blogs.diariosur.es\/tormentas-y-rayos\/wp-json\/wp\/v2\/media\/10695"}],"wp:attachment":[{"href":"https:\/\/blogs.diariosur.es\/tormentas-y-rayos\/wp-json\/wp\/v2\/media?parent=10691"}],"wp:term":[{"taxonomy":"category","embeddable":true,"href":"https:\/\/blogs.diariosur.es\/tormentas-y-rayos\/wp-json\/wp\/v2\/categories?post=10691"},{"taxonomy":"post_tag","embeddable":true,"href":"https:\/\/blogs.diariosur.es\/tormentas-y-rayos\/wp-json\/wp\/v2\/tags?post=10691"}],"curies":[{"name":"wp","href":"https:\/\/api.w.org\/{rel}","templated":true}]}}