{"id":10699,"date":"2014-12-24T06:40:02","date_gmt":"2014-12-24T05:40:02","guid":{"rendered":"http:\/\/blogs.diariosur.es\/tormentas-y-rayos\/?p=10699"},"modified":"2014-12-24T06:40:02","modified_gmt":"2014-12-24T05:40:02","slug":"prevision-del-tiempo-el-blog-tormenta-y-rayos-os-desea-una-feliz-noche-buena-un-fuerte-abrazo-a-todos-mis-companeros-del-corte-ingles-bahia-malaga","status":"publish","type":"post","link":"https:\/\/blogs.diariosur.es\/tormentas-y-rayos\/2014\/12\/24\/prevision-del-tiempo-el-blog-tormenta-y-rayos-os-desea-una-feliz-noche-buena-un-fuerte-abrazo-a-todos-mis-companeros-del-corte-ingles-bahia-malaga\/","title":{"rendered":"Previsi\u00f3n del tiempo. El blog Tormenta y Rayos os desea una Feliz Noche Buena. Un fuerte abrazo a todos mis compa\u00f1eros del Corte ingles Bah\u00eda M\u00e1laga."},"content":{"rendered":"<p><img loading=\"lazy\" class=\"aligncenter\" src=\"https:\/\/farm3.staticflickr.com\/2898\/14371881571_bbae3518b1_q.jpg\" alt=\"\" width=\"150\" height=\"150\" \/><\/p>\n<p>&nbsp;<\/p>\n<p>&nbsp;<\/p>\n<p>&nbsp;<\/p>\n<p>&nbsp;<\/p>\n<p><strong>Buenos\u00a0d\u00edas\u00a0amigos de la meteo, son las siete menos cuarto de la ma\u00f1ana, registro 11 grados y los cielos est\u00e1n poco nubosos. Hoy si esta helando en Granada y Baza.<\/strong><\/p>\n<p><strong>Hoy mas tarde de lo habitual y el post sera muy corto. El invierno lo comienzo con mal pie, esta pasada madrugada un virus \u00a0que seguro \u00a0es anticiclonico me ha dejado k.o. Espero\u00a0encontrarme mejor esta noche buena.\u00a0<\/strong><\/p>\n<p><span style=\"color: #ff0000;\"><strong>Parece ser que el modelo de viento que vi ayer ha quitado la entrada del viento de terral de invierno, y pronostica de direcci\u00f3n variable. Esto quiere decir que lo mismo no sobrepasamos en la capital los 20 grados y ademas que se pueden formar bancos de nieblas tanto en el interior como en las zonas cercanas al Mar de Albor\u00e1n. De todas formas ma\u00f1ana veremos que pasa. El tiempo esta raro, raro raro&#8230;&#8230;<\/strong><\/span><\/p>\n<p><strong>\u00a0Las nieblas\u00a0seguir\u00e1n\u00a0de protagonistas sobre todo en la meseta norte y Valle del Ebro, sin descartarlas tambi\u00e9n en\u00a0alg\u00fan\u00a0punto de Andaluc\u00eda interior. Las\u00a0m\u00e1ximas\u00a0en Andaluc\u00eda\u00a0seguir\u00e1n\u00a0altas para las fechas que estamos, sin embargo las\u00a0m\u00ednimas\u00a0bajaran y se pueden producir alguna helada.<\/strong><\/p>\n<p>&nbsp;<\/p>\n<p>&nbsp;<\/p>\n<p>&nbsp;<\/p>\n<p><span style=\"color: #ff0000;\"><strong><em>FELIZ NAVIDAD AMIGOS DE LA METEO.<\/em><\/strong><\/span><\/p>\n<p>&nbsp;<\/p>\n<p><a href=\"https:\/\/blogs.diariosur.es\/tormentas-y-rayos\/2014\/12\/24\/prevision-del-tiempo-el-blog-tormenta-y-rayos-os-desea-una-feliz-noche-buena-un-fuerte-abrazo-a-todos-mis-companeros-del-corte-ingles-bahia-malaga\/10687974_693625617401571_7716482842101842821_o\/\" rel=\"attachment wp-att-10700\"><img loading=\"lazy\" class=\"aligncenter size-full wp-image-10700\" title=\"10687974_693625617401571_7716482842101842821_o\" src=\"\/tormentas-y-rayos\/wp-content\/uploads\/sites\/12\/2014\/12\/10687974_693625617401571_7716482842101842821_o.jpg\" alt=\"\" width=\"640\" height=\"503\" srcset=\"https:\/\/static-blogs.diariosur.es\/wp-content\/uploads\/sites\/12\/2014\/12\/10687974_693625617401571_7716482842101842821_o.jpg 640w, https:\/\/static-blogs.diariosur.es\/wp-content\/uploads\/sites\/12\/2014\/12\/10687974_693625617401571_7716482842101842821_o-509x400.jpg 509w\" sizes=\"(max-width: 640px) 100vw, 640px\" \/><\/a><\/p>\n<p>&nbsp;<\/p>\n<p><em><strong><span style=\"color: #0000ff;\">\u00a0FELICITAR TAMBI\u00c9N \u00a0Y DARLES UN FUERTE ABRAZO A TODOS MIS COMPIS \u00a0QUE TRABAJAN EN LOS CORTES Y EN ESPECIAL AL CORTE INGLES \u00a0CORTE INGLES\u00a0BAH\u00cdA\u00a0M\u00c1LAGA. ANIMO COMPA\u00d1EROS.<\/span><\/strong><\/em><\/p>\n<p>&nbsp;<\/p>\n<p><a href=\"https:\/\/blogs.diariosur.es\/tormentas-y-rayos\/2014\/12\/24\/prevision-del-tiempo-el-blog-tormenta-y-rayos-os-desea-una-feliz-noche-buena-un-fuerte-abrazo-a-todos-mis-companeros-del-corte-ingles-bahia-malaga\/_dsc2547_1-2\/\" rel=\"attachment wp-att-10702\"><img loading=\"lazy\" class=\"aligncenter size-full wp-image-10702\" title=\"_DSC2547_1\" src=\"\/tormentas-y-rayos\/wp-content\/uploads\/sites\/12\/2014\/12\/DSC2547_11.jpg\" alt=\"\" width=\"640\" height=\"375\" \/><\/a><\/p>\n<p>&nbsp;<\/p>\n<p>&nbsp;<\/p>\n<p><a href=\"https:\/\/blogs.diariosur.es\/tormentas-y-rayos\/2014\/12\/24\/prevision-del-tiempo-el-blog-tormenta-y-rayos-os-desea-una-feliz-noche-buena-un-fuerte-abrazo-a-todos-mis-companeros-del-corte-ingles-bahia-malaga\/_dsc2542_1\/\" rel=\"attachment wp-att-10703\"><img loading=\"lazy\" class=\"aligncenter size-full wp-image-10703\" title=\"_DSC2542_1\" src=\"\/tormentas-y-rayos\/wp-content\/uploads\/sites\/12\/2014\/12\/DSC2542_1.jpg\" alt=\"\" width=\"640\" height=\"427\" srcset=\"https:\/\/static-blogs.diariosur.es\/wp-content\/uploads\/sites\/12\/2014\/12\/DSC2542_1.jpg 640w, https:\/\/static-blogs.diariosur.es\/wp-content\/uploads\/sites\/12\/2014\/12\/DSC2542_1-600x400.jpg 600w\" sizes=\"(max-width: 640px) 100vw, 640px\" \/><\/a><\/p>\n<p>&nbsp;<\/p>\n<p>&nbsp;<\/p>\n","protected":false},"excerpt":{"rendered":"<p>&nbsp; &nbsp; &nbsp; &nbsp; Buenos\u00a0d\u00edas\u00a0amigos de la meteo, son las siete menos cuarto de la ma\u00f1ana, registro 11 grados y los cielos est\u00e1n poco nubosos. Hoy si esta helando en Granada y Baza. Hoy mas tarde de lo habitual y el post sera muy corto. El invierno lo comienzo con mal pie, esta pasada madrugada [&hellip;]<\/p>\n","protected":false},"author":16,"featured_media":10700,"comment_status":"open","ping_status":"open","sticky":false,"template":"","format":"standard","meta":[],"categories":[2],"tags":[157,181,282,510,587,681,809,847,980,992],"_links":{"self":[{"href":"https:\/\/blogs.diariosur.es\/tormentas-y-rayos\/wp-json\/wp\/v2\/posts\/10699"}],"collection":[{"href":"https:\/\/blogs.diariosur.es\/tormentas-y-rayos\/wp-json\/wp\/v2\/posts"}],"about":[{"href":"https:\/\/blogs.diariosur.es\/tormentas-y-rayos\/wp-json\/wp\/v2\/types\/post"}],"author":[{"embeddable":true,"href":"https:\/\/blogs.diariosur.es\/tormentas-y-rayos\/wp-json\/wp\/v2\/users\/16"}],"replies":[{"embeddable":true,"href":"https:\/\/blogs.diariosur.es\/tormentas-y-rayos\/wp-json\/wp\/v2\/comments?post=10699"}],"version-history":[{"count":0,"href":"https:\/\/blogs.diariosur.es\/tormentas-y-rayos\/wp-json\/wp\/v2\/posts\/10699\/revisions"}],"wp:featuredmedia":[{"embeddable":true,"href":"https:\/\/blogs.diariosur.es\/tormentas-y-rayos\/wp-json\/wp\/v2\/media\/10700"}],"wp:attachment":[{"href":"https:\/\/blogs.diariosur.es\/tormentas-y-rayos\/wp-json\/wp\/v2\/media?parent=10699"}],"wp:term":[{"taxonomy":"category","embeddable":true,"href":"https:\/\/blogs.diariosur.es\/tormentas-y-rayos\/wp-json\/wp\/v2\/categories?post=10699"},{"taxonomy":"post_tag","embeddable":true,"href":"https:\/\/blogs.diariosur.es\/tormentas-y-rayos\/wp-json\/wp\/v2\/tags?post=10699"}],"curies":[{"name":"wp","href":"https:\/\/api.w.org\/{rel}","templated":true}]}}