{"id":10704,"date":"2014-12-26T07:07:35","date_gmt":"2014-12-26T06:07:35","guid":{"rendered":"http:\/\/blogs.diariosur.es\/tormentas-y-rayos\/?p=10704"},"modified":"2014-12-26T07:07:35","modified_gmt":"2014-12-26T06:07:35","slug":"el-tiempo-en-navidad-andalucia-velez-malaga-seguida-de-malaga-capital-dan-la-maxima-de-la-peninsula-con-casi-20-grados","status":"publish","type":"post","link":"https:\/\/blogs.diariosur.es\/tormentas-y-rayos\/2014\/12\/26\/el-tiempo-en-navidad-andalucia-velez-malaga-seguida-de-malaga-capital-dan-la-maxima-de-la-peninsula-con-casi-20-grados\/","title":{"rendered":"El tiempo en Navidad Andaluc\u00eda. Vel\u00e9z M\u00e1laga, seguida de M\u00e1laga Capital dan la m\u00e1xima de la pen\u00ednsula con casi 20 grados."},"content":{"rendered":"<p>&nbsp;<\/p>\n<p><img loading=\"lazy\" class=\"aligncenter\" src=\"https:\/\/farm3.staticflickr.com\/2898\/14371881571_bbae3518b1_q.jpg\" alt=\"\" width=\"150\" height=\"150\" \/><\/p>\n<p>&nbsp;<\/p>\n<p>&nbsp;<\/p>\n<p>&nbsp;<\/p>\n<p>&nbsp;<\/p>\n<p>&nbsp;<\/p>\n<p>&nbsp;<\/p>\n<p><strong>Buenos\u00a0d\u00edas\u00a0amigos de la meteo, son las seis de la ma\u00f1ana, registro 10 grados y los cielos\u00a0est\u00e1n despejados. Hiela en estos momentos en Granada, Baza y Andujar<\/strong><\/p>\n<p><strong> Nuevamente hoy los vientos soplaran en casi toda Andaluc\u00eda de direcci\u00f3n variable, esto\u00a0traer\u00e1\u00a0consigo que en estos momentos se\u00a0est\u00e9n\u00a0produciendo algunas nieblas por la zona interior y sobre todo en el Valle del Guadalquivir. Pero donde\u00a0ser\u00e1n\u00a0mas abundantes y persistentes en la Meseta Norte y Valle del Ebro. Nuevamente la aemet activa el aviso\u00a0amarillo por nieblas en esta zona.<\/strong><\/p>\n<p><strong> Las\u00a0m\u00e1ximas\u00a0subir\u00e1n\u00a0un poco por el interior de Andaluc\u00eda y Valle del Guadalquivir. El terral de invierno y el poniente empezaran a soplar ma\u00f1ana sobre el mediod\u00eda o primeras horas de la tarde.<\/strong><\/p>\n<p><strong>Como ma\u00f1ana libro os dar\u00e9 la predicci\u00f3n para el s\u00e1bado y el domingo. El invierno meteorol\u00f3gico llegara a la zona norte y \u00a0noreste peninsular ma\u00f1ana\u00a0s\u00e1bado. . El domingo el viento fuerte de terral de invierno y el poniente tomaran protagonismo en las Costas Mediterr\u00e1neas\u00a0Andaluzas. \u00a0<strong>Ma\u00f1ana\u00a0hablaremos de\u00a0esto mas tranquilo y os explicare el por qu\u00e9 se\u00a0dar\u00e1\u00a0esto. En Italia si que llegara el invierno crudo.<\/strong><\/strong><\/p>\n<p><strong><\/strong>.<\/p>\n<p><strong>Os hago un peque\u00f1o resumen de ayer jueves\u00a0d\u00eda\u00a0de Navidad.<\/strong><\/p>\n<p><strong>Lo primero comentaros que al final no se dio el terral, en el post del\u00a0mi\u00e9rcoles\u00a0ya lo avisaba. La meteo es asi de\u00a0caprichosa, buenooooooooooooo me quito una medalla Paco Alba jijiji.\u00a0<\/strong><\/p>\n<p><strong>De todas formas las\u00a0m\u00e1ximas\u00a0fueron altas, en Velez\u00a0M\u00e1laga se llego a 19.6 grados y en M\u00e1laga Capital 19.5. La\u00a0m\u00ednima\u00a0la dio Granada Aeropuerto con menos tres grados bajo cero<\/strong><\/p>\n<p>&nbsp;<\/p>\n<p><strong>\u00a0<a href=\"https:\/\/blogs.diariosur.es\/tormentas-y-rayos\/2014\/12\/26\/el-tiempo-en-navidad-andalucia-velez-malaga-seguida-de-malaga-capital-dan-la-maxima-de-la-peninsula-con-casi-20-grados\/mmmm-8\/\" rel=\"attachment wp-att-10707\"><img loading=\"lazy\" class=\"aligncenter size-medium wp-image-10707\" title=\"mmmm\" src=\"\/tormentas-y-rayos\/wp-content\/uploads\/sites\/12\/2014\/12\/mmmm.jpg\" alt=\"\" width=\"441\" height=\"400\" srcset=\"https:\/\/static-blogs.diariosur.es\/wp-content\/uploads\/sites\/12\/2014\/12\/mmmm.jpg 801w, https:\/\/static-blogs.diariosur.es\/wp-content\/uploads\/sites\/12\/2014\/12\/mmmm-442x400.jpg 442w, https:\/\/static-blogs.diariosur.es\/wp-content\/uploads\/sites\/12\/2014\/12\/mmmm-768x695.jpg 768w\" sizes=\"(max-width: 441px) 100vw, 441px\" \/><\/a><\/strong><\/p>\n<p>&nbsp;<\/p>\n<p><strong>Las nieblas fueron por\u00a0en\u00e9sima\u00a0vez protagonistas en la Meseta Norte, Extremadura y Valle del Ebro. En esta imagen del visible del\u00a0sat\u00e9lite\u00a0eumetsat la\u00a0pod\u00e9is\u00a0ver.<\/strong><\/p>\n<p><a href=\"https:\/\/blogs.diariosur.es\/tormentas-y-rayos\/2014\/12\/26\/el-tiempo-en-navidad-andalucia-velez-malaga-seguida-de-malaga-capital-dan-la-maxima-de-la-peninsula-con-casi-20-grados\/captura-542\/\" rel=\"attachment wp-att-10708\"><img loading=\"lazy\" class=\"aligncenter size-medium wp-image-10708\" title=\"Captura\" src=\"\/tormentas-y-rayos\/wp-content\/uploads\/sites\/12\/2014\/12\/Captura20.jpg\" alt=\"\" width=\"554\" height=\"400\" srcset=\"https:\/\/static-blogs.diariosur.es\/wp-content\/uploads\/sites\/12\/2014\/12\/Captura20.jpg 750w, https:\/\/static-blogs.diariosur.es\/wp-content\/uploads\/sites\/12\/2014\/12\/Captura20-555x400.jpg 555w\" sizes=\"(max-width: 554px) 100vw, 554px\" \/><\/a><\/p>\n<p>&nbsp;<\/p>\n<p><strong>Por la tarde entro un poco de levante, que trajo nubes bajas. En la foto que me ha mandado Paco Campos se pueden ver las nubes generadas por el levante. Gracias por la foto Paco.<\/strong><\/p>\n<p>&nbsp;<\/p>\n<p><a href=\"https:\/\/blogs.diariosur.es\/tormentas-y-rayos\/2014\/12\/26\/el-tiempo-en-navidad-andalucia-velez-malaga-seguida-de-malaga-capital-dan-la-maxima-de-la-peninsula-con-casi-20-grados\/paco-campo\/\" rel=\"attachment wp-att-10709\"><img loading=\"lazy\" class=\"aligncenter size-full wp-image-10709\" title=\"paco campo\" src=\"\/tormentas-y-rayos\/wp-content\/uploads\/sites\/12\/2014\/12\/paco-campo.jpg\" alt=\"\" width=\"640\" height=\"384\" \/><\/a><\/p>\n<p>&nbsp;<\/p>\n<p>&nbsp;<\/p>\n<p><strong>Os dejo con estas tres impresionantes fotos.<\/strong><\/p>\n<p><strong>La primera de mi amigo Jose Campos desde C\u00e1diz.<\/strong><\/p>\n<p>&nbsp;<\/p>\n<p><a href=\"https:\/\/blogs.diariosur.es\/tormentas-y-rayos\/2014\/12\/26\/el-tiempo-en-navidad-andalucia-velez-malaga-seguida-de-malaga-capital-dan-la-maxima-de-la-peninsula-con-casi-20-grados\/jose-campos-3\/\" rel=\"attachment wp-att-10705\"><img loading=\"lazy\" class=\"aligncenter size-full wp-image-10705\" title=\"jose campos\" src=\"\/tormentas-y-rayos\/wp-content\/uploads\/sites\/12\/2014\/12\/jose-campos1.jpg\" alt=\"\" width=\"640\" height=\"406\" srcset=\"https:\/\/static-blogs.diariosur.es\/wp-content\/uploads\/sites\/12\/2014\/12\/jose-campos1.jpg 640w, https:\/\/static-blogs.diariosur.es\/wp-content\/uploads\/sites\/12\/2014\/12\/jose-campos1-631x400.jpg 631w\" sizes=\"(max-width: 640px) 100vw, 640px\" \/><\/a><\/p>\n<p>&nbsp;<\/p>\n<p><strong>\u00a0La segunda de mi amigo Jose Luis Gil desde Marbella.<\/strong><\/p>\n<p>&nbsp;<\/p>\n<p><a href=\"https:\/\/blogs.diariosur.es\/tormentas-y-rayos\/2014\/12\/26\/el-tiempo-en-navidad-andalucia-velez-malaga-seguida-de-malaga-capital-dan-la-maxima-de-la-peninsula-con-casi-20-grados\/jose-luis-gil-31\/\" rel=\"attachment wp-att-10706\"><img loading=\"lazy\" class=\"aligncenter size-full wp-image-10706\" title=\"jose luis gil\" src=\"\/tormentas-y-rayos\/wp-content\/uploads\/sites\/12\/2014\/12\/jose-luis-gil3.jpg\" alt=\"\" width=\"640\" height=\"360\" \/><\/a><\/p>\n<p>&nbsp;<\/p>\n<p><strong>Y esta ultima de Maria Jose Moyano.<\/strong><\/p>\n<p>&nbsp;<\/p>\n<p>&nbsp;<\/p>\n<p><a href=\"https:\/\/blogs.diariosur.es\/tormentas-y-rayos\/2014\/12\/26\/el-tiempo-en-navidad-andalucia-velez-malaga-seguida-de-malaga-capital-dan-la-maxima-de-la-peninsula-con-casi-20-grados\/1796080_318548765014963_5050717142770558975_o\/\" rel=\"attachment wp-att-10710\"><img loading=\"lazy\" class=\"aligncenter size-full wp-image-10710\" title=\"1796080_318548765014963_5050717142770558975_o\" src=\"\/tormentas-y-rayos\/wp-content\/uploads\/sites\/12\/2014\/12\/1796080_318548765014963_5050717142770558975_o.jpg\" alt=\"\" width=\"640\" height=\"360\" \/><\/a><\/p>\n<p>&nbsp;<\/p>\n<p><strong>Nos vemos ma\u00f1ana amigos de la meteo.\u00a0<\/strong><\/p>\n<p>&nbsp;<\/p>\n","protected":false},"excerpt":{"rendered":"<p>&nbsp; &nbsp; &nbsp; &nbsp; &nbsp; &nbsp; &nbsp; Buenos\u00a0d\u00edas\u00a0amigos de la meteo, son las seis de la ma\u00f1ana, registro 10 grados y los cielos\u00a0est\u00e1n despejados. Hiela en estos momentos en Granada, Baza y Andujar Nuevamente hoy los vientos soplaran en casi toda Andaluc\u00eda de direcci\u00f3n variable, esto\u00a0traer\u00e1\u00a0consigo que en estos momentos se\u00a0est\u00e9n\u00a0produciendo algunas nieblas por la [&hellip;]<\/p>\n","protected":false},"author":16,"featured_media":10711,"comment_status":"open","ping_status":"open","sticky":false,"template":"","format":"standard","meta":[],"categories":[2],"tags":[100,681,809,980],"_links":{"self":[{"href":"https:\/\/blogs.diariosur.es\/tormentas-y-rayos\/wp-json\/wp\/v2\/posts\/10704"}],"collection":[{"href":"https:\/\/blogs.diariosur.es\/tormentas-y-rayos\/wp-json\/wp\/v2\/posts"}],"about":[{"href":"https:\/\/blogs.diariosur.es\/tormentas-y-rayos\/wp-json\/wp\/v2\/types\/post"}],"author":[{"embeddable":true,"href":"https:\/\/blogs.diariosur.es\/tormentas-y-rayos\/wp-json\/wp\/v2\/users\/16"}],"replies":[{"embeddable":true,"href":"https:\/\/blogs.diariosur.es\/tormentas-y-rayos\/wp-json\/wp\/v2\/comments?post=10704"}],"version-history":[{"count":0,"href":"https:\/\/blogs.diariosur.es\/tormentas-y-rayos\/wp-json\/wp\/v2\/posts\/10704\/revisions"}],"wp:featuredmedia":[{"embeddable":true,"href":"https:\/\/blogs.diariosur.es\/tormentas-y-rayos\/wp-json\/wp\/v2\/media\/10711"}],"wp:attachment":[{"href":"https:\/\/blogs.diariosur.es\/tormentas-y-rayos\/wp-json\/wp\/v2\/media?parent=10704"}],"wp:term":[{"taxonomy":"category","embeddable":true,"href":"https:\/\/blogs.diariosur.es\/tormentas-y-rayos\/wp-json\/wp\/v2\/categories?post=10704"},{"taxonomy":"post_tag","embeddable":true,"href":"https:\/\/blogs.diariosur.es\/tormentas-y-rayos\/wp-json\/wp\/v2\/tags?post=10704"}],"curies":[{"name":"wp","href":"https:\/\/api.w.org\/{rel}","templated":true}]}}