{"id":10712,"date":"2014-12-27T07:54:23","date_gmt":"2014-12-27T06:54:23","guid":{"rendered":"http:\/\/blogs.diariosur.es\/tormentas-y-rayos\/?p=10712"},"modified":"2014-12-27T07:54:23","modified_gmt":"2014-12-27T06:54:23","slug":"prevision-del-tiempo-el-terral-de-invierno-y-el-poniente-soplaran-fuertes-en-la-costa-mediterranea-andaluza-llega-el-invierno-al-norte-y-noreste-peninsular-aviso-amarillo-y-naranja","status":"publish","type":"post","link":"https:\/\/blogs.diariosur.es\/tormentas-y-rayos\/2014\/12\/27\/prevision-del-tiempo-el-terral-de-invierno-y-el-poniente-soplaran-fuertes-en-la-costa-mediterranea-andaluza-llega-el-invierno-al-norte-y-noreste-peninsular-aviso-amarillo-y-naranja\/","title":{"rendered":"Previsi\u00f3n del tiempo. El terral de invierno y el poniente soplaran fuertes en la Costa Mediterr\u00e1nea Andaluza. Llega el invierno al norte y noreste peninsular. Aviso amarillo y naranja."},"content":{"rendered":"<p><img loading=\"lazy\" class=\"aligncenter\" src=\"https:\/\/farm3.staticflickr.com\/2898\/14371881571_bbae3518b1_q.jpg\" alt=\"\" width=\"150\" height=\"150\" \/><\/p>\n<p>&nbsp;<\/p>\n<p>&nbsp;<\/p>\n<p>&nbsp;<\/p>\n<p>&nbsp;<\/p>\n<p><strong>Buenos\u00a0d\u00edas\u00a0amigos de la meteo, son las siete de la ma\u00f1ana, registro 10 grados y los cielos est\u00e1n poco nubosos en Andaluc\u00eda, solo distingo nubes altas en Huelva. A lo largo de la ma\u00f1ana pienso que llegaran tambi\u00e9n a la provincia malague\u00f1a.<\/strong><\/p>\n<p><strong> Me vais a permitir que hoy aunque libre no os fotografi\u00e9 el amanecer, nuevamente esta noche he tenido\u00a0d\u00e9cimas\u00a0de fiebre. Al final del post os\u00a0pondr\u00e9\u00a0la mas bonitas de estos meses pasados.<\/strong><\/p>\n<p><strong>Antes de daros la previsi\u00f3n para este fin de semana, intentare explicar de forma sencilla el por qu\u00e9 de esta situaci\u00f3n que\u00a0traer\u00e1\u00a0fuertes vientos al litoral\u00a0mediterr\u00e1neo\u00a0andaluz, \u00a0asi como las primeras nevadas en cotas bajas en el norte \u00a0y noreste peninsular.<\/strong><\/p>\n<p><strong>El anticicl\u00f3n que nos ha venido acompa\u00f1ando a toda la\u00a0pen\u00ednsula\u00a0e incluso a buena parte de Europa Central e Islas\u00a0Brit\u00e1nicas\u00a0 desde hace muchos dias, se ha debilitado \u00a0y se\u00a0desplaza\u00a0hacia las Islas Azores. Esto creara un pasillo para que una borrasca que ya afecta a las Islas\u00a0Brit\u00e1nicas \u00a0y a buena parte de Europa Central descienda \u00a0desde el norte y se\u00a0profundice\u00a0\u00a0al llegar ma\u00f1ana a Italia. Os paso este mapa previsto para esta tarde.<\/strong><\/p>\n<p>&nbsp;<\/p>\n<p><a href=\"https:\/\/blogs.diariosur.es\/tormentas-y-rayos\/2014\/12\/27\/prevision-del-tiempo-el-terral-de-invierno-y-el-poniente-soplaran-fuertes-en-la-costa-mediterranea-andaluza-llega-el-invierno-al-norte-y-noreste-peninsular-aviso-amarillo-y-naranja\/3-46\/\" rel=\"attachment wp-att-10713\"><img loading=\"lazy\" class=\"aligncenter size-medium wp-image-10713\" title=\"3\" src=\"\/tormentas-y-rayos\/wp-content\/uploads\/sites\/12\/2014\/12\/3.jpg\" alt=\"\" width=\"586\" height=\"400\" srcset=\"https:\/\/static-blogs.diariosur.es\/wp-content\/uploads\/sites\/12\/2014\/12\/3.jpg 776w, https:\/\/static-blogs.diariosur.es\/wp-content\/uploads\/sites\/12\/2014\/12\/3-587x400.jpg 587w, https:\/\/static-blogs.diariosur.es\/wp-content\/uploads\/sites\/12\/2014\/12\/3-768x524.jpg 768w\" sizes=\"(max-width: 586px) 100vw, 586px\" \/><\/a><\/p>\n<p><strong>Esta borrasca trae un frente muy activo que alcanzara el norte peninsular esta tarde noche. A medida que avance el frente ira perdiendo fuerza en cuanto a precipitaci\u00f3n. Os paso este bonito mapa de metoffice<\/strong><\/p>\n<p>&nbsp;<\/p>\n<p><a href=\"https:\/\/blogs.diariosur.es\/tormentas-y-rayos\/2014\/12\/27\/prevision-del-tiempo-el-terral-de-invierno-y-el-poniente-soplaran-fuertes-en-la-costa-mediterranea-andaluza-llega-el-invierno-al-norte-y-noreste-peninsular-aviso-amarillo-y-naranja\/4-12\/\" rel=\"attachment wp-att-10714\"><img loading=\"lazy\" class=\"aligncenter size-medium wp-image-10714\" title=\"4\" src=\"\/tormentas-y-rayos\/wp-content\/uploads\/sites\/12\/2014\/12\/4.jpg\" alt=\"\" width=\"590\" height=\"400\" srcset=\"https:\/\/static-blogs.diariosur.es\/wp-content\/uploads\/sites\/12\/2014\/12\/4.jpg 1070w, https:\/\/static-blogs.diariosur.es\/wp-content\/uploads\/sites\/12\/2014\/12\/4-590x400.jpg 590w, https:\/\/static-blogs.diariosur.es\/wp-content\/uploads\/sites\/12\/2014\/12\/4-768x520.jpg 768w\" sizes=\"(max-width: 590px) 100vw, 590px\" \/><\/a><\/p>\n<p>&nbsp;<\/p>\n<p><strong>Una vez pase el frente\u00a0habr\u00e1\u00a0un desalojo de aire frio polar continental proveniente del norte de Europa, en estos momentos ya afecta a muchos lugares de Europa este frio polar. En la\u00a0pen\u00ednsula\u00a0sera la zona norte y noreste la mas afectada.<\/strong><\/p>\n<p><strong>Bueno amigos espero que\u00a0hay\u00e1is\u00a0entendido mas o menos lo que va a pasar este fin de semana. Ahora vamos con los\u00a0pron\u00f3sticos primero de Andaluc\u00eda y\u00a0despu\u00e9s\u00a0del resto de la\u00a0pen\u00ednsula, ya que las islas Canarias disfrutaran de\u00a0buen\u00a0tiempo.\u00a0<\/strong><\/p>\n<p><strong>En lo que respecta a M\u00e1laga los \u00a0protagonista\u00a0sera el terral de invierno y el poniente, sera a partir del\u00a0mediod\u00eda\u00a0cuando empezara a soplar. Al tener aun a 850 hpa ( 1500 m) una temperatura alta para las fechas que estamos, hoy podemos sobrepasar los 20 grados.<\/strong><\/p>\n<p><strong>Las rachas de viento\u00a0ir\u00e1n\u00a0aumentando a ultima hora de la noche \u00a0y \u00a0ser\u00e1n\u00a0fuertes\u00a0de\u00a0madrugada en todo el Litoral\u00a0Mediterr\u00e1neo\u00a0Andaluz. Ma\u00f1ana domingo sera un\u00a0d\u00eda\u00a0muy ventoso y desapacible. La aemet activa el aviso amarillo por\u00a0fen\u00f3menos\u00a0costeros en el litoral granadino y almeriense. El frente del que antes os hablaba llegara debilitado ma\u00f1ana domingo a\u00a0Andaluc\u00eda, se espera a ultima hora de la tarde. Hay posibilidad de algunos chubascos en el\u00a0interior oriental andaluz, pero esto lo veremos mejor ma\u00f1ana dia de los Santos Inocentes cuando os de una nueva previsi\u00f3n.<\/strong><\/p>\n<p><strong>Resumiendo amigos de la meteo, el invierno\u00a0meteorol\u00f3gico\u00a0llega al norte y noreste peninsular. Las nevadas, el viento y las lluvias seran protagonistas en estas zonas. Os paso el mapa de avisos.<\/strong><\/p>\n<p><a href=\"https:\/\/blogs.diariosur.es\/tormentas-y-rayos\/2014\/12\/27\/prevision-del-tiempo-el-terral-de-invierno-y-el-poniente-soplaran-fuertes-en-la-costa-mediterranea-andaluza-llega-el-invierno-al-norte-y-noreste-peninsular-aviso-amarillo-y-naranja\/captura-544\/\" rel=\"attachment wp-att-10715\"><img loading=\"lazy\" class=\"aligncenter size-full wp-image-10715\" title=\"Captura\" src=\"\/tormentas-y-rayos\/wp-content\/uploads\/sites\/12\/2014\/12\/Captura22.jpg\" alt=\"\" width=\"603\" height=\"412\" srcset=\"https:\/\/static-blogs.diariosur.es\/wp-content\/uploads\/sites\/12\/2014\/12\/Captura22.jpg 603w, https:\/\/static-blogs.diariosur.es\/wp-content\/uploads\/sites\/12\/2014\/12\/Captura22-585x400.jpg 585w\" sizes=\"(max-width: 603px) 100vw, 603px\" \/><\/a><\/p>\n<p>&nbsp;<\/p>\n<p><strong>Ma\u00f1ana os\u00a0dar\u00e9\u00a0un peque\u00f1o adelanto del lunes y del fin de a\u00f1o.<\/strong><\/p>\n<p><strong>Os hago un peque\u00f1o resumen de ayer viernes\u00a0d\u00eda\u00a026 de diciembre fun fun fun,\u00a0perd\u00f3n\u00a0el fun es el 25.<\/strong><\/p>\n<p><strong>Destacar nuevamente las\u00a0m\u00e1ximas\u00a0que se dieron, Motril, V\u00e9lez M\u00e1laga y M\u00e1laga Capital sobrepasaron los 20 graditos. \u00a0Fueron las maximas de la peninsula, ya que las de Espa\u00f1a se dieron en las Islas Canarias.<\/strong><\/p>\n<p><strong>Os paso el resumen de la aemet.<\/strong><\/p>\n<p>&nbsp;<\/p>\n<p><a href=\"https:\/\/blogs.diariosur.es\/tormentas-y-rayos\/2014\/12\/27\/prevision-del-tiempo-el-terral-de-invierno-y-el-poniente-soplaran-fuertes-en-la-costa-mediterranea-andaluza-llega-el-invierno-al-norte-y-noreste-peninsular-aviso-amarillo-y-naranja\/captura-545\/\" rel=\"attachment wp-att-10716\"><img loading=\"lazy\" class=\"aligncenter size-medium wp-image-10716\" title=\"Captura\" src=\"\/tormentas-y-rayos\/wp-content\/uploads\/sites\/12\/2014\/12\/Captura23.jpg\" alt=\"\" width=\"448\" height=\"400\" srcset=\"https:\/\/static-blogs.diariosur.es\/wp-content\/uploads\/sites\/12\/2014\/12\/Captura23.jpg 802w, https:\/\/static-blogs.diariosur.es\/wp-content\/uploads\/sites\/12\/2014\/12\/Captura23-449x400.jpg 449w, https:\/\/static-blogs.diariosur.es\/wp-content\/uploads\/sites\/12\/2014\/12\/Captura23-768x685.jpg 768w\" sizes=\"(max-width: 448px) 100vw, 448px\" \/><\/a><\/p>\n<p><strong>\u00a0Fijaros que foton me ha mandado mi amigo Fernando Vivar del dia 25 desde la Malagueta.<\/strong><\/p>\n<p>&nbsp;<\/p>\n<p><a href=\"https:\/\/blogs.diariosur.es\/tormentas-y-rayos\/2014\/12\/27\/prevision-del-tiempo-el-terral-de-invierno-y-el-poniente-soplaran-fuertes-en-la-costa-mediterranea-andaluza-llega-el-invierno-al-norte-y-noreste-peninsular-aviso-amarillo-y-naranja\/10394015_10203991257516478_9126180124647624559_n-2\/\" rel=\"attachment wp-att-10719\"><img loading=\"lazy\" class=\"aligncenter size-full wp-image-10719\" title=\"10394015_10203991257516478_9126180124647624559_n\" src=\"\/tormentas-y-rayos\/wp-content\/uploads\/sites\/12\/2014\/12\/10394015_10203991257516478_9126180124647624559_n1.jpg\" alt=\"\" width=\"640\" height=\"327\" \/><\/a><\/p>\n<p><strong>Poco mas que contar, nos vemos ma\u00f1ana.<\/strong><\/p>\n<p>&nbsp;<\/p>\n<p>&nbsp;<\/p>\n<p><img loading=\"lazy\" class=\"aligncenter\" src=\"https:\/\/farm9.staticflickr.com\/8565\/15760836987_4cbe56a909_z.jpg\" alt=\"\" width=\"640\" height=\"427\" \/><\/p>\n<p>&nbsp;<\/p>\n<p>&nbsp;<\/p>\n<p><img loading=\"lazy\" class=\"aligncenter\" src=\"https:\/\/farm8.staticflickr.com\/7561\/15685058227_abd79e1742_z.jpg\" alt=\"\" width=\"640\" height=\"427\" \/><\/p>\n<p>&nbsp;<\/p>\n<p>&nbsp;<\/p>\n<p><img loading=\"lazy\" class=\"aligncenter\" src=\"https:\/\/farm8.staticflickr.com\/7579\/15733451345_fa2fd82247_z.jpg\" alt=\"\" width=\"640\" height=\"427\" \/><\/p>\n<p>&nbsp;<\/p>\n<p>&nbsp;<\/p>\n<p>&nbsp;<\/p>\n<p><img loading=\"lazy\" class=\"aligncenter\" src=\"https:\/\/farm8.staticflickr.com\/7560\/15110697663_1b18d9edb7_z.jpg\" alt=\"\" width=\"640\" height=\"441\" \/><\/p>\n<p>&nbsp;<\/p>\n<p>&nbsp;<\/p>\n<p><img loading=\"lazy\" class=\"aligncenter\" src=\"https:\/\/farm6.staticflickr.com\/5612\/14977917444_fa9cb3bc69_z.jpg\" alt=\"\" width=\"640\" height=\"433\" \/><\/p>\n<p>&nbsp;<\/p>\n<p>&nbsp;<\/p>\n<p>&nbsp;<\/p>\n","protected":false},"excerpt":{"rendered":"<p>&nbsp; &nbsp; &nbsp; &nbsp; Buenos\u00a0d\u00edas\u00a0amigos de la meteo, son las siete de la ma\u00f1ana, registro 10 grados y los cielos est\u00e1n poco nubosos en Andaluc\u00eda, solo distingo nubes altas en Huelva. A lo largo de la ma\u00f1ana pienso que llegaran tambi\u00e9n a la provincia malague\u00f1a. Me vais a permitir que hoy aunque libre no os [&hellip;]<\/p>\n","protected":false},"author":16,"featured_media":10714,"comment_status":"open","ping_status":"open","sticky":false,"template":"","format":"standard","meta":[],"categories":[2],"tags":[94,151,355,565,690,791,809,975,980],"_links":{"self":[{"href":"https:\/\/blogs.diariosur.es\/tormentas-y-rayos\/wp-json\/wp\/v2\/posts\/10712"}],"collection":[{"href":"https:\/\/blogs.diariosur.es\/tormentas-y-rayos\/wp-json\/wp\/v2\/posts"}],"about":[{"href":"https:\/\/blogs.diariosur.es\/tormentas-y-rayos\/wp-json\/wp\/v2\/types\/post"}],"author":[{"embeddable":true,"href":"https:\/\/blogs.diariosur.es\/tormentas-y-rayos\/wp-json\/wp\/v2\/users\/16"}],"replies":[{"embeddable":true,"href":"https:\/\/blogs.diariosur.es\/tormentas-y-rayos\/wp-json\/wp\/v2\/comments?post=10712"}],"version-history":[{"count":0,"href":"https:\/\/blogs.diariosur.es\/tormentas-y-rayos\/wp-json\/wp\/v2\/posts\/10712\/revisions"}],"wp:featuredmedia":[{"embeddable":true,"href":"https:\/\/blogs.diariosur.es\/tormentas-y-rayos\/wp-json\/wp\/v2\/media\/10714"}],"wp:attachment":[{"href":"https:\/\/blogs.diariosur.es\/tormentas-y-rayos\/wp-json\/wp\/v2\/media?parent=10712"}],"wp:term":[{"taxonomy":"category","embeddable":true,"href":"https:\/\/blogs.diariosur.es\/tormentas-y-rayos\/wp-json\/wp\/v2\/categories?post=10712"},{"taxonomy":"post_tag","embeddable":true,"href":"https:\/\/blogs.diariosur.es\/tormentas-y-rayos\/wp-json\/wp\/v2\/tags?post=10712"}],"curies":[{"name":"wp","href":"https:\/\/api.w.org\/{rel}","templated":true}]}}