{"id":10720,"date":"2014-12-28T07:46:01","date_gmt":"2014-12-28T06:46:01","guid":{"rendered":"http:\/\/blogs.diariosur.es\/tormentas-y-rayos\/?p=10720"},"modified":"2014-12-28T07:46:01","modified_gmt":"2014-12-28T06:46:01","slug":"prevision-del-tiempo-el-frio-sera-manana-lunes-el-protagonista-hoy-seguira-soplando-terral-de-invierno-y-poniente-manana-al-mediodia-entra-el-levante","status":"publish","type":"post","link":"https:\/\/blogs.diariosur.es\/tormentas-y-rayos\/2014\/12\/28\/prevision-del-tiempo-el-frio-sera-manana-lunes-el-protagonista-hoy-seguira-soplando-terral-de-invierno-y-poniente-manana-al-mediodia-entra-el-levante\/","title":{"rendered":"Previsi\u00f3n del tiempo. El fr\u00edo sera ma\u00f1ana lunes el protagonista. Hoy seguira soplando terral de invierno y poniente, ma\u00f1ana al mediod\u00eda entra el levante."},"content":{"rendered":"<p><img loading=\"lazy\" class=\"aligncenter\" src=\"https:\/\/farm6.staticflickr.com\/5566\/14568830453_8e0522e3fc_q.jpg\" alt=\"\" width=\"150\" height=\"150\" \/><\/p>\n<p>&nbsp;<\/p>\n<p>&nbsp;<\/p>\n<p><strong><span><span style=\"color: #0000ff;\">Buenos dias amigos de la meteo, son las seis de la ma\u00f1ana, registro 12 grados, pero debido al viento la sensaci\u00f3n\u00a0t\u00e9rmica\u00a0es de 7. Los cielos est\u00e1n poco nubosos de momento, a partir del\u00a0mediod\u00eda\u00a0o por la tarde se incrementara\u00a0la\u00a0nubosidad.<\/span><\/span><\/strong><\/p>\n<p><strong><span style=\"color: #0000ff;\"> El terral de invierno y el poniente soplaran fuertes hoy en todo el litoral\u00a0mediterr\u00e1neo\u00a0andaluz, esto\u00a0har\u00e1\u00a0que la\u00a0sensaci\u00f3n\u00a0t\u00e9rmica\u00a0sea de mas fr\u00edo. A ultima hora de la noche ira amainando el viento. El frente del que os hablaba ayer llegara debilitado a Andaluc\u00eda, aun asi, espero algunas gotas a ultima hora de la noche o en la madrugada del lunes.<\/span> <span style=\"color: #ff0000;\">Estos chubascos tambi\u00e9n se pueden dar en la Provincia Malague\u00f1a, incluso hay una peque\u00f1a probabilidad en M\u00e1laga Capital a ultima hora de la noche o de madrugada.<\/span><\/strong><\/p>\n<p><strong><span style=\"color: #ff00ff;\">Ma\u00f1ana lunes abrigaros \u00a0por la ma\u00f1ana, ya que el terral de invierno har\u00e1 que la sensaci\u00f3n t\u00e9rmica sea de mas fr\u00edo. Al\u00a0mediod\u00eda o un poco antes el levante tomara protagonismo, y soplara con rachas moderadas. \u00a0Lo malo del levante es que al ser\u00a0h\u00famedo\u00a0tambi\u00e9n incrementara la sensaci\u00f3n\u00a0t\u00e9rmica<\/span><span style=\"color: #ff00ff;\">\u00a0de fr\u00edo. Como muchos\u00a0sab\u00e9is\u00a0la velocidad del viento y la humedad hacen que si por ejemplo estas a 9 grados la sensaci\u00f3n pueda ser de 1 grados o menos.<\/span><\/strong><\/p>\n<p><span style=\"color: #0000ff;\"><strong>A partir de ma\u00f1ana empezara a afectarnos la masa de aire polar continental, las temperaturas a 850 \u00a0(1500 m) bajaran en casi toda la\u00a0pen\u00ednsula. Os paso un mapa previsto para hoy, \u00a0y otro para ma\u00f1ana por la tarde. El color blanco del mapa es la masa de aire fr\u00edo.\u00a0<\/strong><\/span><\/p>\n<p>&nbsp;<\/p>\n<p><a href=\"https:\/\/blogs.diariosur.es\/tormentas-y-rayos\/2014\/12\/28\/prevision-del-tiempo-el-frio-sera-manana-lunes-el-protagonista-hoy-seguira-soplando-terral-de-invierno-y-poniente-manana-al-mediodia-entra-el-levante\/1-98\/\" rel=\"attachment wp-att-10728\"><img loading=\"lazy\" class=\"aligncenter size-medium wp-image-10728\" title=\"1\" src=\"\/tormentas-y-rayos\/wp-content\/uploads\/sites\/12\/2014\/12\/12.jpg\" alt=\"\" width=\"561\" height=\"400\" srcset=\"https:\/\/static-blogs.diariosur.es\/wp-content\/uploads\/sites\/12\/2014\/12\/12.jpg 752w, https:\/\/static-blogs.diariosur.es\/wp-content\/uploads\/sites\/12\/2014\/12\/12-561x400.jpg 561w\" sizes=\"(max-width: 561px) 100vw, 561px\" \/><\/a><\/p>\n<p>&nbsp;<\/p>\n<p><a href=\"https:\/\/blogs.diariosur.es\/tormentas-y-rayos\/2014\/12\/28\/prevision-del-tiempo-el-frio-sera-manana-lunes-el-protagonista-hoy-seguira-soplando-terral-de-invierno-y-poniente-manana-al-mediodia-entra-el-levante\/2-71\/\" rel=\"attachment wp-att-10729\"><img loading=\"lazy\" class=\"aligncenter size-medium wp-image-10729\" title=\"2\" src=\"\/tormentas-y-rayos\/wp-content\/uploads\/sites\/12\/2014\/12\/21.jpg\" alt=\"\" width=\"517\" height=\"400\" srcset=\"https:\/\/static-blogs.diariosur.es\/wp-content\/uploads\/sites\/12\/2014\/12\/21.jpg 751w, https:\/\/static-blogs.diariosur.es\/wp-content\/uploads\/sites\/12\/2014\/12\/21-518x400.jpg 518w\" sizes=\"(max-width: 517px) 100vw, 517px\" \/><\/a><\/p>\n<p>&nbsp;<\/p>\n<p>&nbsp;<\/p>\n<p><span style=\"color: #0000ff;\"><strong>Esto\u00a0traer\u00e1\u00a0consigo que a partir de ma\u00f1ana notemos mas fr\u00edo y se produzcan heladas por el interior de nuestra regi\u00f3n. Como os comento mas arriba, en M\u00e1laga Capital\u00a0tambi\u00e9n\u00a0notaremos ese fr\u00edo, que unido a que soplara levante, la\u00a0humedad aumentara la sensaci\u00f3n\u00a0<\/strong><strong>t\u00e9rmica.<\/strong><\/span><\/p>\n<p>&nbsp;<\/p>\n<p>&nbsp;<\/p>\n<p>&nbsp;<\/p>\n<p><span style=\"color: #ff00ff;\"><strong>Algunos me\u00a0hab\u00e9is\u00a0preguntado que en donde estaban las fotos de los flamencos, hay un alb\u00fam \u00a0en facebook y en mi \u00a0galer\u00eda de fotos de flick, os paso el enlace\u00a0<\/strong><strong><a href=\"https:\/\/www.flickr.com\/photos\/jose_luis_escudero\/\" rel=\"external nofollow\"><span style=\"color: #ff00ff;\">GALER\u00cdA<\/span><\/a><\/strong><\/span><\/p>\n<p>&nbsp;<\/p>\n<p><span style=\"color: #0000ff;\"><strong>Os hago un peque\u00f1o resumen de ayer\u00a0s\u00e1bado.<\/strong><\/span><\/p>\n<p><strong><span style=\"color: #0000ff;\">Se cumplieron mas o menos los\u00a0pron\u00f3sticos que daba en el post de ayer, y el terral de invierno y el poniente fueron los protagonistas a partir del\u00a0mediod\u00eda. La\u00a0m\u00e1xima\u00a0en M\u00e1laga Capital fue de 18,4 grados en la estaci\u00f3n que tiene la aemet en\u00a0el puerto, yo esperaba mas de veinte. La\u00a0m\u00e1xima\u00a0en V\u00e9lez M\u00e1laga fue de 19.9 grados, en el\u00a0Rinc\u00f3n\u00a0de la Victoria si se llego a los 20.5, \u00a0pero destaca Motril Puerto con 21,6 grados, en esta zona las nubes altas llegaron mas tarde.\u00a0\u00a0Otro datos a destacar las rachas fuertes de viento que se dieron.\u00a0<\/span><\/strong><\/p>\n<p><span style=\"color: #0000ff;\"><strong>Os paso los datos mas destacados. Fuente aemet.<\/strong><\/span><\/p>\n<p>&nbsp;<\/p>\n<p><a href=\"https:\/\/blogs.diariosur.es\/tormentas-y-rayos\/2014\/12\/28\/prevision-del-tiempo-el-frio-sera-manana-lunes-el-protagonista-hoy-seguira-soplando-terral-de-invierno-y-poniente-manana-al-mediodia-entra-el-levante\/domingo-23\/\" rel=\"attachment wp-att-10722\"><img loading=\"lazy\" class=\"aligncenter size-large wp-image-10722\" title=\"domingo\" src=\"\/tormentas-y-rayos\/wp-content\/uploads\/sites\/12\/2014\/12\/domingo.jpg\" alt=\"\" width=\"490\" height=\"600\" srcset=\"https:\/\/static-blogs.diariosur.es\/wp-content\/uploads\/sites\/12\/2014\/12\/domingo.jpg 796w, https:\/\/static-blogs.diariosur.es\/wp-content\/uploads\/sites\/12\/2014\/12\/domingo-327x400.jpg 327w, https:\/\/static-blogs.diariosur.es\/wp-content\/uploads\/sites\/12\/2014\/12\/domingo-768x939.jpg 768w\" sizes=\"(max-width: 490px) 100vw, 490px\" \/><\/a><\/p>\n<p>&nbsp;<\/p>\n<p>&nbsp;<\/p>\n<p>&nbsp;<\/p>\n<p>&nbsp;<\/p>\n<p><span style=\"color: #0000ff;\"><strong>Tambi\u00e9n\u00a0comente que lo mas seguro\u00a0llegar\u00edan\u00a0nubes altas, y\u00a0as\u00ed\u00a0fue. Un impresionante lenticular adornaba el cielo malague\u00f1o sobre las cuatro de la tarde.<\/strong><\/span><\/p>\n<p>&nbsp;<\/p>\n<p><img loading=\"lazy\" class=\"aligncenter\" src=\"https:\/\/farm8.staticflickr.com\/7530\/15934968657_22b5680d11_z.jpg\" alt=\"\" width=\"640\" height=\"427\" \/><\/p>\n<p>&nbsp;<\/p>\n<p>&nbsp;<\/p>\n<p><img loading=\"lazy\" class=\"aligncenter\" src=\"https:\/\/farm9.staticflickr.com\/8626\/15934968747_06ae3a50be_z.jpg\" alt=\"\" width=\"640\" height=\"427\" \/><\/p>\n<p>&nbsp;<\/p>\n<p><strong>El\u00a0sat\u00e9lite\u00a0terra tambi\u00e9n lo fotografiaba desde el espacio, una pasada. Creo que en la foto salgo yo muy peque\u00f1ito jijijji.<\/strong><\/p>\n<p>&nbsp;<\/p>\n<p><a href=\"https:\/\/blogs.diariosur.es\/tormentas-y-rayos\/2014\/12\/28\/prevision-del-tiempo-el-frio-sera-manana-lunes-el-protagonista-hoy-seguira-soplando-terral-de-invierno-y-poniente-manana-al-mediodia-entra-el-levante\/lenti-5\/\" rel=\"attachment wp-att-10730\"><img loading=\"lazy\" class=\"aligncenter size-full wp-image-10730\" title=\"lenti\" src=\"\/tormentas-y-rayos\/wp-content\/uploads\/sites\/12\/2014\/12\/lenti.jpg\" alt=\"\" width=\"640\" height=\"355\" \/><\/a><\/p>\n<p>&nbsp;<\/p>\n<p>&nbsp;<\/p>\n<p>&nbsp;<\/p>\n<p>&nbsp;<\/p>\n<p>&nbsp;<\/p>\n<p><strong>Poco mas que contar del\u00a0d\u00eda\u00a0de ayer. \u00a0<\/strong><\/p>\n<p>&nbsp;<\/p>\n<p><strong>Os dejo con las \u00a0impresionantes fotos que me\u00a0hab\u00e9is\u00a0mandado. El cielo de ayer invitaba a fotografiarlo.<\/strong><\/p>\n<p>&nbsp;<\/p>\n<p><strong>Antonio Macias Guzm\u00e1n.<\/strong><\/p>\n<p>&nbsp;<\/p>\n<p>&nbsp;<\/p>\n<p><a href=\"https:\/\/blogs.diariosur.es\/tormentas-y-rayos\/2014\/12\/28\/prevision-del-tiempo-el-frio-sera-manana-lunes-el-protagonista-hoy-seguira-soplando-terral-de-invierno-y-poniente-manana-al-mediodia-entra-el-levante\/antonio-macias-guzman\/\" rel=\"attachment wp-att-10723\"><img loading=\"lazy\" class=\"aligncenter size-full wp-image-10723\" title=\"antonio macias guzman\" src=\"\/tormentas-y-rayos\/wp-content\/uploads\/sites\/12\/2014\/12\/antonio-macias-guzman.jpg\" alt=\"\" width=\"640\" height=\"360\" \/><\/a><\/p>\n<p>&nbsp;<\/p>\n<p>&nbsp;<\/p>\n<p>&nbsp;<\/p>\n<p><strong>Jose Luis Gil<\/strong><\/p>\n<p>&nbsp;<\/p>\n<p>&nbsp;<\/p>\n<p>&nbsp;<\/p>\n<p><a href=\"https:\/\/blogs.diariosur.es\/tormentas-y-rayos\/2014\/12\/28\/prevision-del-tiempo-el-frio-sera-manana-lunes-el-protagonista-hoy-seguira-soplando-terral-de-invierno-y-poniente-manana-al-mediodia-entra-el-levante\/jose-luis-gil-32\/\" rel=\"attachment wp-att-10724\"><img loading=\"lazy\" class=\"aligncenter size-full wp-image-10724\" title=\"jose luis gil\" src=\"\/tormentas-y-rayos\/wp-content\/uploads\/sites\/12\/2014\/12\/jose-luis-gil4.jpg\" alt=\"\" width=\"640\" height=\"360\" \/><\/a><\/p>\n<p>&nbsp;<\/p>\n<p>&nbsp;<\/p>\n<p><strong>Maria Jesus Tomas<\/strong><\/p>\n<p>&nbsp;<\/p>\n<p><a href=\"https:\/\/blogs.diariosur.es\/tormentas-y-rayos\/2014\/12\/28\/prevision-del-tiempo-el-frio-sera-manana-lunes-el-protagonista-hoy-seguira-soplando-terral-de-invierno-y-poniente-manana-al-mediodia-entra-el-levante\/maria-jesus-tomas\/\" rel=\"attachment wp-att-10725\"><img loading=\"lazy\" class=\"aligncenter size-full wp-image-10725\" title=\"maria jesus tomas\" src=\"\/tormentas-y-rayos\/wp-content\/uploads\/sites\/12\/2014\/12\/maria-jesus-tomas.jpg\" alt=\"\" width=\"640\" height=\"480\" srcset=\"https:\/\/static-blogs.diariosur.es\/wp-content\/uploads\/sites\/12\/2014\/12\/maria-jesus-tomas.jpg 640w, https:\/\/static-blogs.diariosur.es\/wp-content\/uploads\/sites\/12\/2014\/12\/maria-jesus-tomas-533x400.jpg 533w\" sizes=\"(max-width: 640px) 100vw, 640px\" \/><\/a><\/p>\n<p>&nbsp;<\/p>\n<p><strong>Maril\u00f3 Diaz<\/strong><\/p>\n<p>&nbsp;<\/p>\n<p><a href=\"https:\/\/blogs.diariosur.es\/tormentas-y-rayos\/2014\/12\/28\/prevision-del-tiempo-el-frio-sera-manana-lunes-el-protagonista-hoy-seguira-soplando-terral-de-invierno-y-poniente-manana-al-mediodia-entra-el-levante\/marilo-diaz-10\/\" rel=\"attachment wp-att-10726\"><img loading=\"lazy\" class=\"aligncenter size-full wp-image-10726\" title=\"marilo diaz\" src=\"\/tormentas-y-rayos\/wp-content\/uploads\/sites\/12\/2014\/12\/marilo-diaz1.jpg\" alt=\"\" width=\"640\" height=\"480\" srcset=\"https:\/\/static-blogs.diariosur.es\/wp-content\/uploads\/sites\/12\/2014\/12\/marilo-diaz1.jpg 640w, https:\/\/static-blogs.diariosur.es\/wp-content\/uploads\/sites\/12\/2014\/12\/marilo-diaz1-533x400.jpg 533w\" sizes=\"(max-width: 640px) 100vw, 640px\" \/><\/a><\/p>\n<p><strong>Paco Gallardo desde C\u00e1diz<\/strong><\/p>\n<p>&nbsp;<\/p>\n<p>&nbsp;<\/p>\n<p><a href=\"https:\/\/blogs.diariosur.es\/tormentas-y-rayos\/2014\/12\/28\/prevision-del-tiempo-el-frio-sera-manana-lunes-el-protagonista-hoy-seguira-soplando-terral-de-invierno-y-poniente-manana-al-mediodia-entra-el-levante\/paco-gallardo\/\" rel=\"attachment wp-att-10727\"><img loading=\"lazy\" class=\"aligncenter size-full wp-image-10727\" title=\"paco gallardo\" src=\"\/tormentas-y-rayos\/wp-content\/uploads\/sites\/12\/2014\/12\/paco-gallardo.jpg\" alt=\"\" width=\"640\" height=\"389\" \/><\/a><\/p>\n","protected":false},"excerpt":{"rendered":"<p>&nbsp; &nbsp; Buenos dias amigos de la meteo, son las seis de la ma\u00f1ana, registro 12 grados, pero debido al viento la sensaci\u00f3n\u00a0t\u00e9rmica\u00a0es de 7. Los cielos est\u00e1n poco nubosos de momento, a partir del\u00a0mediod\u00eda\u00a0o por la tarde se incrementara\u00a0la\u00a0nubosidad. El terral de invierno y el poniente soplaran fuertes hoy en todo el litoral\u00a0mediterr\u00e1neo\u00a0andaluz, esto\u00a0har\u00e1\u00a0que [&hellip;]<\/p>\n","protected":false},"author":16,"featured_media":10730,"comment_status":"open","ping_status":"open","sticky":false,"template":"","format":"standard","meta":[],"categories":[2],"tags":[100,432,809,980],"_links":{"self":[{"href":"https:\/\/blogs.diariosur.es\/tormentas-y-rayos\/wp-json\/wp\/v2\/posts\/10720"}],"collection":[{"href":"https:\/\/blogs.diariosur.es\/tormentas-y-rayos\/wp-json\/wp\/v2\/posts"}],"about":[{"href":"https:\/\/blogs.diariosur.es\/tormentas-y-rayos\/wp-json\/wp\/v2\/types\/post"}],"author":[{"embeddable":true,"href":"https:\/\/blogs.diariosur.es\/tormentas-y-rayos\/wp-json\/wp\/v2\/users\/16"}],"replies":[{"embeddable":true,"href":"https:\/\/blogs.diariosur.es\/tormentas-y-rayos\/wp-json\/wp\/v2\/comments?post=10720"}],"version-history":[{"count":0,"href":"https:\/\/blogs.diariosur.es\/tormentas-y-rayos\/wp-json\/wp\/v2\/posts\/10720\/revisions"}],"wp:featuredmedia":[{"embeddable":true,"href":"https:\/\/blogs.diariosur.es\/tormentas-y-rayos\/wp-json\/wp\/v2\/media\/10730"}],"wp:attachment":[{"href":"https:\/\/blogs.diariosur.es\/tormentas-y-rayos\/wp-json\/wp\/v2\/media?parent=10720"}],"wp:term":[{"taxonomy":"category","embeddable":true,"href":"https:\/\/blogs.diariosur.es\/tormentas-y-rayos\/wp-json\/wp\/v2\/categories?post=10720"},{"taxonomy":"post_tag","embeddable":true,"href":"https:\/\/blogs.diariosur.es\/tormentas-y-rayos\/wp-json\/wp\/v2\/tags?post=10720"}],"curies":[{"name":"wp","href":"https:\/\/api.w.org\/{rel}","templated":true}]}}