{"id":10745,"date":"2014-12-30T07:02:38","date_gmt":"2014-12-30T06:02:38","guid":{"rendered":"http:\/\/blogs.diariosur.es\/tormentas-y-rayos\/?p=10745"},"modified":"2014-12-30T07:02:38","modified_gmt":"2014-12-30T06:02:38","slug":"prevision-del-tiempo-en-nochevieja-y-ano-nuevo-la-lluvia-de-confetis-sera-la-protagonista-suben-las-maximas-ayer-malaga-dio-la-maxima-de-la-peninsula-con-179-grados","status":"publish","type":"post","link":"https:\/\/blogs.diariosur.es\/tormentas-y-rayos\/2014\/12\/30\/prevision-del-tiempo-en-nochevieja-y-ano-nuevo-la-lluvia-de-confetis-sera-la-protagonista-suben-las-maximas-ayer-malaga-dio-la-maxima-de-la-peninsula-con-179-grados\/","title":{"rendered":"Previsi\u00f3n del tiempo en Nochevieja y A\u00f1o Nuevo. La lluvia de confetis sera la protagonista, suben las m\u00e1ximas. Ayer  M\u00e1laga dio la m\u00e1xima de la pen\u00ednsula con 17,9 grados."},"content":{"rendered":"<p><img loading=\"lazy\" class=\"aligncenter\" src=\"https:\/\/farm3.staticflickr.com\/2898\/14371881571_bbae3518b1_q.jpg\" alt=\"\" width=\"150\" height=\"150\" \/><\/p>\n<p>&nbsp;<\/p>\n<p>&nbsp;<\/p>\n<p>&nbsp;<\/p>\n<p>&nbsp;<\/p>\n<p>&nbsp;<\/p>\n<p>&nbsp;<\/p>\n<p><strong>Buenos\u00a0d\u00edas\u00a0amigos de la meteo, son las seis de la ma\u00f1ana, registro 7, 9 grados en mi estaci\u00f3n, en el Aeropuerto se registran 4,8. Menos mal que el viento esta en calma. Sobre las ocho de la ma\u00f1ana se daran las minimas mas bajas en lo que va de invierno en\u00a0Andaluc\u00eda\u00a0y M\u00e1laga Capital. En estos momentos se registran siete grados bajo cero en Baza, menos 6 en Granada, menos un grado en J\u00e1en \u00a0y hiela tambi\u00e9n en C\u00f3rdoba con &#8211; o,5 .<\/strong><\/p>\n<p>&nbsp;<\/p>\n<p><a href=\"https:\/\/blogs.diariosur.es\/tormentas-y-rayos\/2014\/12\/30\/prevision-del-tiempo-en-nochevieja-y-ano-nuevo-la-lluvia-de-confetis-sera-la-protagonista-suben-las-maximas-ayer-malaga-dio-la-maxima-de-la-peninsula-con-179-grados\/minimas-12\/\" rel=\"attachment wp-att-10754\"><img loading=\"lazy\" class=\"aligncenter size-full wp-image-10754\" title=\"minimas\" src=\"\/tormentas-y-rayos\/wp-content\/uploads\/sites\/12\/2014\/12\/minimas1.jpg\" alt=\"\" width=\"372\" height=\"201\" \/><\/a><\/p>\n<p>&nbsp;<\/p>\n<p><a href=\"https:\/\/blogs.diariosur.es\/tormentas-y-rayos\/2014\/12\/30\/prevision-del-tiempo-en-nochevieja-y-ano-nuevo-la-lluvia-de-confetis-sera-la-protagonista-suben-las-maximas-ayer-malaga-dio-la-maxima-de-la-peninsula-con-179-grados\/tela-de-frio\/\" rel=\"attachment wp-att-10757\"><img loading=\"lazy\" class=\"aligncenter size-medium wp-image-10757\" title=\"tela de frio\" src=\"\/tormentas-y-rayos\/wp-content\/uploads\/sites\/12\/2014\/12\/tela-de-frio.jpg\" alt=\"\" width=\"572\" height=\"400\" srcset=\"https:\/\/static-blogs.diariosur.es\/wp-content\/uploads\/sites\/12\/2014\/12\/tela-de-frio.jpg 741w, https:\/\/static-blogs.diariosur.es\/wp-content\/uploads\/sites\/12\/2014\/12\/tela-de-frio-572x400.jpg 572w\" sizes=\"(max-width: 572px) 100vw, 572px\" \/><\/a><\/p>\n<p>&nbsp;<\/p>\n<p><strong>A primera hora de la madrugada nuevamente el viento ha entrado de terral de invierno, aunque soplando muy flojo, aunque pienso mas bien que han sido brisas de tierra a mar. <\/strong><\/p>\n<p><a href=\"https:\/\/blogs.diariosur.es\/tormentas-y-rayos\/2014\/12\/30\/prevision-del-tiempo-en-nochevieja-y-ano-nuevo-la-lluvia-de-confetis-sera-la-protagonista-suben-las-maximas-ayer-malaga-dio-la-maxima-de-la-peninsula-con-179-grados\/rrrrrrr\/\" rel=\"attachment wp-att-10755\"><img loading=\"lazy\" class=\"aligncenter size-medium wp-image-10755\" title=\"rrrrrrr\" src=\"\/tormentas-y-rayos\/wp-content\/uploads\/sites\/12\/2014\/12\/rrrrrrr.jpg\" alt=\"\" width=\"600\" height=\"270\" srcset=\"https:\/\/static-blogs.diariosur.es\/wp-content\/uploads\/sites\/12\/2014\/12\/rrrrrrr.jpg 720w, https:\/\/static-blogs.diariosur.es\/wp-content\/uploads\/sites\/12\/2014\/12\/rrrrrrr-640x289.jpg 640w\" sizes=\"(max-width: 600px) 100vw, 600px\" \/><\/a><\/p>\n<p>&nbsp;<\/p>\n<p><strong>\u00a0Viendo el\u00a0sat\u00e9lite\u00a0me parece que hay nieblas en muchos puntos de\u00a0Andaluc\u00eda, extremar la precauci\u00f3n si\u00a0sal\u00eds\u00a0con el coche. La\u00a0m\u00e1xima\u00a0hoy no creo que pase de los 14 o 15 grados en M\u00e1laga, sobre las nueve de la ma\u00f1ana\u00a0volver\u00e1\u00a0a soplar levante.<\/strong><\/p>\n<p>&nbsp;<\/p>\n<p>&nbsp;<\/p>\n<p>&nbsp;<\/p>\n<p>&nbsp;<\/p>\n<p>&nbsp;<\/p>\n<p>&nbsp;<\/p>\n<p>&nbsp;<\/p>\n<p><a href=\"https:\/\/blogs.diariosur.es\/tormentas-y-rayos\/2014\/12\/30\/prevision-del-tiempo-en-nochevieja-y-ano-nuevo-la-lluvia-de-confetis-sera-la-protagonista-suben-las-maximas-ayer-malaga-dio-la-maxima-de-la-peninsula-con-179-grados\/10891812_847953741910141_1100225935504993182_n\/\" rel=\"attachment wp-att-10749\"><img loading=\"lazy\" class=\"aligncenter size-medium wp-image-10749\" title=\"10891812_847953741910141_1100225935504993182_n\" src=\"\/tormentas-y-rayos\/wp-content\/uploads\/sites\/12\/2014\/12\/10891812_847953741910141_1100225935504993182_n.jpg\" alt=\"\" width=\"600\" height=\"337\" srcset=\"https:\/\/static-blogs.diariosur.es\/wp-content\/uploads\/sites\/12\/2014\/12\/10891812_847953741910141_1100225935504993182_n.jpg 960w, https:\/\/static-blogs.diariosur.es\/wp-content\/uploads\/sites\/12\/2014\/12\/10891812_847953741910141_1100225935504993182_n-640x360.jpg 640w, https:\/\/static-blogs.diariosur.es\/wp-content\/uploads\/sites\/12\/2014\/12\/10891812_847953741910141_1100225935504993182_n-768x432.jpg 768w\" sizes=\"(max-width: 600px) 100vw, 600px\" \/><\/a><\/p>\n<p>&nbsp;<\/p>\n<p>&nbsp;<\/p>\n<p><strong>Bueno amigos, ya tengo el\u00a0<strong>podcast de la entrevista que me hizo Roberto Lopez en directo en el programa El Despertador de Radio Victoria. A mi lado estaba el maestro de ajedrez Manuel \u00a0Azuaga.<\/strong><\/strong><\/p>\n<p><strong><strong> Escucharla que os vais a\u00a0re\u00edr\u00a0un mont\u00f3n. \u00a0 \u00a0<\/strong><\/strong><a href=\"http:\/\/www.ivoox.com\/ya-es-invierno-viene-jose-luis-escudero-audios-mp3_rf_3900620_1.html?autoplay=1\" rel=\"external nofollow\"><strong>ENTREVISTA<\/strong><\/a><\/p>\n<p>&nbsp;<\/p>\n<p><span style=\"color: #ff00ff;\"><strong>PREVISI\u00d3N DEL TIEMPO EN NOCHEVIEJA Y A\u00d1O NUEVO:<\/strong><\/span><\/p>\n<p><span style=\"color: #ff0000;\"><strong>Buenas noticias ( para mi no jijiji) \u00a0para el fin de a\u00f1o amigos de la meteo, no espero lluvias en Andaluc\u00eda y en casi toda Espa\u00f1a, ademas suben las maximas. Solo hay una peque\u00f1a posibilidad de\u00a0alg\u00fan\u00a0chubasco\u00a0espor\u00e1dico\u00a0en el norte de las Islas Baleares.<\/strong><\/span><\/p>\n<p><span style=\"color: #ff0000;\"><strong>La masa de aire fr\u00edo abandonara la\u00a0pen\u00ednsula,\u00a0subir\u00e1n \u00a0las\u00a0m\u00e1ximas\u00a0en Andaluc\u00eda y solo tendremos heladas\u00a0d\u00e9biles\u00a0en el\u00a0interior\u00a0oriental, algo normal en estas fechas. En estos dos mapas que guarde ayer se ve claramente como la temperatura a 850 hpa ( 1500 metros) \u00a0sube unos grados. Fijaros en la diferencia de un dia para otro. Fuente meteociel gfs.<\/strong><\/span><\/p>\n<p>&nbsp;<\/p>\n<p>&nbsp;<\/p>\n<p><a href=\"https:\/\/blogs.diariosur.es\/tormentas-y-rayos\/2014\/12\/30\/prevision-del-tiempo-en-nochevieja-y-ano-nuevo-la-lluvia-de-confetis-sera-la-protagonista-suben-las-maximas-ayer-malaga-dio-la-maxima-de-la-peninsula-con-179-grados\/1-99\/\" rel=\"attachment wp-att-10750\"><img loading=\"lazy\" class=\"aligncenter size-medium wp-image-10750\" title=\"1\" src=\"\/tormentas-y-rayos\/wp-content\/uploads\/sites\/12\/2014\/12\/13.jpg\" alt=\"\" width=\"600\" height=\"370\" srcset=\"https:\/\/static-blogs.diariosur.es\/wp-content\/uploads\/sites\/12\/2014\/12\/13.jpg 770w, https:\/\/static-blogs.diariosur.es\/wp-content\/uploads\/sites\/12\/2014\/12\/13-640x395.jpg 640w, https:\/\/static-blogs.diariosur.es\/wp-content\/uploads\/sites\/12\/2014\/12\/13-768x474.jpg 768w\" sizes=\"(max-width: 600px) 100vw, 600px\" \/><\/a><\/p>\n<p>&nbsp;<\/p>\n<p>&nbsp;<\/p>\n<p>&nbsp;<\/p>\n<p><a href=\"https:\/\/blogs.diariosur.es\/tormentas-y-rayos\/2014\/12\/30\/prevision-del-tiempo-en-nochevieja-y-ano-nuevo-la-lluvia-de-confetis-sera-la-protagonista-suben-las-maximas-ayer-malaga-dio-la-maxima-de-la-peninsula-con-179-grados\/2-72\/\" rel=\"attachment wp-att-10751\"><img loading=\"lazy\" class=\"aligncenter size-medium wp-image-10751\" title=\"2\" src=\"\/tormentas-y-rayos\/wp-content\/uploads\/sites\/12\/2014\/12\/22.jpg\" alt=\"\" width=\"600\" height=\"376\" srcset=\"https:\/\/static-blogs.diariosur.es\/wp-content\/uploads\/sites\/12\/2014\/12\/22.jpg 780w, https:\/\/static-blogs.diariosur.es\/wp-content\/uploads\/sites\/12\/2014\/12\/22-638x400.jpg 638w, https:\/\/static-blogs.diariosur.es\/wp-content\/uploads\/sites\/12\/2014\/12\/22-768x481.jpg 768w\" sizes=\"(max-width: 600px) 100vw, 600px\" \/><\/a><\/p>\n<p>&nbsp;<\/p>\n<p><span style=\"color: #ff0000;\"><strong>\u00a0Otro dato a destacar es que la sensaci\u00f3n\u00a0t\u00e9rmica\u00a0sera de menos fr\u00edo, ya que los vientos amainaran.<\/strong><\/span><\/p>\n<p><span style=\"color: #ff0000;\"><strong> Nuevamente el anticicl\u00f3n tomara protagonismo para los primeros dias del nuevo a\u00f1o.<\/strong><\/span><\/p>\n<p>&nbsp;<\/p>\n<p><a href=\"https:\/\/blogs.diariosur.es\/tormentas-y-rayos\/2014\/12\/30\/prevision-del-tiempo-en-nochevieja-y-ano-nuevo-la-lluvia-de-confetis-sera-la-protagonista-suben-las-maximas-ayer-malaga-dio-la-maxima-de-la-peninsula-con-179-grados\/anticiclon-6\/\" rel=\"attachment wp-att-10756\"><img loading=\"lazy\" class=\"aligncenter size-medium wp-image-10756\" title=\"anticicl\u00f3n\" src=\"\/tormentas-y-rayos\/wp-content\/uploads\/sites\/12\/2014\/12\/anticicl\u00f3n1.jpg\" alt=\"\" width=\"573\" height=\"400\" srcset=\"https:\/\/static-blogs.diariosur.es\/wp-content\/uploads\/sites\/12\/2014\/12\/anticicl\u00f3n1.jpg 777w, https:\/\/static-blogs.diariosur.es\/wp-content\/uploads\/sites\/12\/2014\/12\/anticicl\u00f3n1-573x400.jpg 573w, https:\/\/static-blogs.diariosur.es\/wp-content\/uploads\/sites\/12\/2014\/12\/anticicl\u00f3n1-768x536.jpg 768w\" sizes=\"(max-width: 573px) 100vw, 573px\" \/><\/a><\/p>\n<p>&nbsp;<\/p>\n<p><span style=\"color: #ff0000;\"><strong>Y poco mas que contar amigos, ma\u00f1ana ultimo dia del a\u00f1o \u00a0actualizare el blog \u00a0para felicitaros y dar la ultima hora de la previsi\u00f3n que se espera..<\/strong><\/span><\/p>\n<p>&nbsp;<\/p>\n<p>&nbsp;<\/p>\n<p>&nbsp;<\/p>\n<p><strong>Os hago un peque\u00f1o resumen de ayer lunes.<\/strong><\/p>\n<p><strong>La\u00a0<\/strong><strong>m\u00ednima en mi estaci\u00f3n fue de 10,6 grados y la\u00a0m\u00e1xima\u00a0de 16.9. De todas formas en la estaci\u00f3n del Puerto se registro 17.9 grados, fue la\u00a0m\u00e1xima\u00a0de la\u00a0pen\u00ednsula, destaca tambi\u00e9n Estepona con 17.4. <\/strong><\/p>\n<p><strong>\u00a0<\/strong><strong>En \u00a0el Centro\u00a0Meteorol\u00f3gico\u00a0en Teatinos fue\u00a0de 15.8 grados.<\/strong><\/p>\n<p><strong>Hasta pasado el\u00a0mediod\u00eda\u00a0el terral de invierno y el poniente fueron los protagonistas en las Costas Malague\u00f1as, esto hizo que la sensaci\u00f3n\u00a0t\u00e9rmica\u00a0\u00a0fuese de mas fr\u00edo. Si teniamos 11 grados a las diez de la ma\u00f1ana, la sensaci\u00f3n era de 4. Gracias al terral de invierno la visibilidad era muy buena, asi que sobre las once tire para la playa para fotografiar Sierra Tejeda. La noche anterior y en la madrugada del lunes registro una peque\u00f1a nevada.<\/strong><\/p>\n<p>&nbsp;<\/p>\n<p>&nbsp;<\/p>\n<p><img loading=\"lazy\" class=\"aligncenter\" src=\"https:\/\/farm9.staticflickr.com\/8590\/15953161177_683f6a4741_z.jpg\" alt=\"\" width=\"640\" height=\"428\" \/><\/p>\n<p>&nbsp;<\/p>\n<p>&nbsp;<\/p>\n<p><strong>Mari Carmen Parra Gil, tambi\u00e9n la fotografiaba magistralmente desde V\u00e9lez M\u00e1laga.<\/strong><\/p>\n<p>&nbsp;<\/p>\n<p><a href=\"https:\/\/blogs.diariosur.es\/tormentas-y-rayos\/2014\/12\/30\/prevision-del-tiempo-en-nochevieja-y-ano-nuevo-la-lluvia-de-confetis-sera-la-protagonista-suben-las-maximas-ayer-malaga-dio-la-maxima-de-la-peninsula-con-179-grados\/maricarmen-parra-gil-9\/\" rel=\"attachment wp-att-10746\"><img loading=\"lazy\" class=\"aligncenter size-full wp-image-10746\" title=\"maricarmen parra gil\" src=\"\/tormentas-y-rayos\/wp-content\/uploads\/sites\/12\/2014\/12\/maricarmen-parra-gil.jpg\" alt=\"\" width=\"640\" height=\"360\" \/><\/a><\/p>\n<p>&nbsp;<\/p>\n<p><strong>Como os comentaba mas arriba la visibilidad era estupenda. Fijaros que bien se ve la Catedral y Gibralfaro.<\/strong><\/p>\n<p>&nbsp;<\/p>\n<p><img loading=\"lazy\" class=\"aligncenter\" src=\"https:\/\/farm8.staticflickr.com\/7470\/15953159697_4fa02d0578_z.jpg\" alt=\"\" width=\"640\" height=\"468\" \/><\/p>\n<p>&nbsp;<\/p>\n<p><strong>Hacia el mar\u00a0aparec\u00edan\u00a0las primeras nubes que anunciaban que\u00a0pronto\u00a0entrar\u00eda\u00a0el levante.<\/strong><\/p>\n<p>&nbsp;<\/p>\n<p><img loading=\"lazy\" class=\"aligncenter\" src=\"https:\/\/farm9.staticflickr.com\/8607\/15951621670_9533fc8c09_z.jpg\" alt=\"\" width=\"640\" height=\"427\" \/><\/p>\n<p>&nbsp;<\/p>\n<p><strong>Sobre las tres y media de la tarde el levante ya era protagonista, asi como las nubes bajas que adornaban los cielos malague\u00f1os.<\/strong><\/p>\n<p><a href=\"https:\/\/blogs.diariosur.es\/tormentas-y-rayos\/2014\/12\/30\/prevision-del-tiempo-en-nochevieja-y-ano-nuevo-la-lluvia-de-confetis-sera-la-protagonista-suben-las-maximas-ayer-malaga-dio-la-maxima-de-la-peninsula-con-179-grados\/10830907_10204272194583976_2340694531010051336_o\/\" rel=\"attachment wp-att-10747\"><img loading=\"lazy\" class=\"aligncenter size-full wp-image-10747\" title=\"10830907_10204272194583976_2340694531010051336_o\" src=\"\/tormentas-y-rayos\/wp-content\/uploads\/sites\/12\/2014\/12\/10830907_10204272194583976_2340694531010051336_o.jpg\" alt=\"\" width=\"640\" height=\"360\" \/><\/a><\/p>\n<p>&nbsp;<\/p>\n<p>&nbsp;<\/p>\n<p><a href=\"https:\/\/blogs.diariosur.es\/tormentas-y-rayos\/2014\/12\/30\/prevision-del-tiempo-en-nochevieja-y-ano-nuevo-la-lluvia-de-confetis-sera-la-protagonista-suben-las-maximas-ayer-malaga-dio-la-maxima-de-la-peninsula-con-179-grados\/10873603_10204272184023712_4289173437390707167_o\/\" rel=\"attachment wp-att-10748\"><img loading=\"lazy\" class=\"aligncenter size-full wp-image-10748\" title=\"10873603_10204272184023712_4289173437390707167_o\" src=\"\/tormentas-y-rayos\/wp-content\/uploads\/sites\/12\/2014\/12\/10873603_10204272184023712_4289173437390707167_o.jpg\" alt=\"\" width=\"640\" height=\"360\" \/><\/a><\/p>\n<p>&nbsp;<\/p>\n<p><strong>Os dejo con los datos mas destacados que se dieron ayer en Andaluc\u00eda y en Espa\u00f1a.<\/strong><\/p>\n<p>&nbsp;<\/p>\n<p>&nbsp;<\/p>\n<p>&nbsp;<\/p>\n<p><a href=\"https:\/\/blogs.diariosur.es\/tormentas-y-rayos\/2014\/12\/30\/prevision-del-tiempo-en-nochevieja-y-ano-nuevo-la-lluvia-de-confetis-sera-la-protagonista-suben-las-maximas-ayer-malaga-dio-la-maxima-de-la-peninsula-con-179-grados\/captura-548\/\" rel=\"attachment wp-att-10752\"><img loading=\"lazy\" class=\"aligncenter size-large wp-image-10752\" title=\"Captura\" src=\"\/tormentas-y-rayos\/wp-content\/uploads\/sites\/12\/2014\/12\/Captura26.jpg\" alt=\"\" width=\"513\" height=\"600\" srcset=\"https:\/\/static-blogs.diariosur.es\/wp-content\/uploads\/sites\/12\/2014\/12\/Captura26.jpg 809w, https:\/\/static-blogs.diariosur.es\/wp-content\/uploads\/sites\/12\/2014\/12\/Captura26-342x400.jpg 342w, https:\/\/static-blogs.diariosur.es\/wp-content\/uploads\/sites\/12\/2014\/12\/Captura26-768x898.jpg 768w\" sizes=\"(max-width: 513px) 100vw, 513px\" \/><\/a><\/p>\n<p>&nbsp;<\/p>\n<p><a href=\"https:\/\/blogs.diariosur.es\/tormentas-y-rayos\/2014\/12\/30\/prevision-del-tiempo-en-nochevieja-y-ano-nuevo-la-lluvia-de-confetis-sera-la-protagonista-suben-las-maximas-ayer-malaga-dio-la-maxima-de-la-peninsula-con-179-grados\/captura-549\/\" rel=\"attachment wp-att-10753\"><img loading=\"lazy\" class=\"aligncenter size-large wp-image-10753\" title=\"Captura\" src=\"\/tormentas-y-rayos\/wp-content\/uploads\/sites\/12\/2014\/12\/Captura27.jpg\" alt=\"\" width=\"597\" height=\"600\" srcset=\"https:\/\/static-blogs.diariosur.es\/wp-content\/uploads\/sites\/12\/2014\/12\/Captura27.jpg 784w, https:\/\/static-blogs.diariosur.es\/wp-content\/uploads\/sites\/12\/2014\/12\/Captura27-150x150.jpg 150w, https:\/\/static-blogs.diariosur.es\/wp-content\/uploads\/sites\/12\/2014\/12\/Captura27-398x400.jpg 398w, https:\/\/static-blogs.diariosur.es\/wp-content\/uploads\/sites\/12\/2014\/12\/Captura27-768x771.jpg 768w\" sizes=\"(max-width: 597px) 100vw, 597px\" \/><\/a><\/p>\n","protected":false},"excerpt":{"rendered":"<p>&nbsp; &nbsp; &nbsp; &nbsp; &nbsp; &nbsp; Buenos\u00a0d\u00edas\u00a0amigos de la meteo, son las seis de la ma\u00f1ana, registro 7, 9 grados en mi estaci\u00f3n, en el Aeropuerto se registran 4,8. Menos mal que el viento esta en calma. Sobre las ocho de la ma\u00f1ana se daran las minimas mas bajas en lo que va de invierno [&hellip;]<\/p>\n","protected":false},"author":16,"featured_media":10756,"comment_status":"open","ping_status":"open","sticky":false,"template":"","format":"standard","meta":[],"categories":[2],"tags":[109,549,710,725,809,933,980],"_links":{"self":[{"href":"https:\/\/blogs.diariosur.es\/tormentas-y-rayos\/wp-json\/wp\/v2\/posts\/10745"}],"collection":[{"href":"https:\/\/blogs.diariosur.es\/tormentas-y-rayos\/wp-json\/wp\/v2\/posts"}],"about":[{"href":"https:\/\/blogs.diariosur.es\/tormentas-y-rayos\/wp-json\/wp\/v2\/types\/post"}],"author":[{"embeddable":true,"href":"https:\/\/blogs.diariosur.es\/tormentas-y-rayos\/wp-json\/wp\/v2\/users\/16"}],"replies":[{"embeddable":true,"href":"https:\/\/blogs.diariosur.es\/tormentas-y-rayos\/wp-json\/wp\/v2\/comments?post=10745"}],"version-history":[{"count":0,"href":"https:\/\/blogs.diariosur.es\/tormentas-y-rayos\/wp-json\/wp\/v2\/posts\/10745\/revisions"}],"wp:featuredmedia":[{"embeddable":true,"href":"https:\/\/blogs.diariosur.es\/tormentas-y-rayos\/wp-json\/wp\/v2\/media\/10756"}],"wp:attachment":[{"href":"https:\/\/blogs.diariosur.es\/tormentas-y-rayos\/wp-json\/wp\/v2\/media?parent=10745"}],"wp:term":[{"taxonomy":"category","embeddable":true,"href":"https:\/\/blogs.diariosur.es\/tormentas-y-rayos\/wp-json\/wp\/v2\/categories?post=10745"},{"taxonomy":"post_tag","embeddable":true,"href":"https:\/\/blogs.diariosur.es\/tormentas-y-rayos\/wp-json\/wp\/v2\/tags?post=10745"}],"curies":[{"name":"wp","href":"https:\/\/api.w.org\/{rel}","templated":true}]}}