{"id":10758,"date":"2014-12-31T07:50:39","date_gmt":"2014-12-31T06:50:39","guid":{"rendered":"http:\/\/blogs.diariosur.es\/tormentas-y-rayos\/?p=10758"},"modified":"2014-12-31T07:50:39","modified_gmt":"2014-12-31T06:50:39","slug":"os-deseo-un-feliz-ano-nuevo-y-os-doy-las-gracias-por-las-400-000-visitas-que-ha-tenido-el-blog-este-ano-prevision-del-tiempo-anticiclon-para-rato","status":"publish","type":"post","link":"https:\/\/blogs.diariosur.es\/tormentas-y-rayos\/2014\/12\/31\/os-deseo-un-feliz-ano-nuevo-y-os-doy-las-gracias-por-las-400-000-visitas-que-ha-tenido-el-blog-este-ano-prevision-del-tiempo-anticiclon-para-rato\/","title":{"rendered":"Os deseo un Feliz A\u00f1o Nuevo y os doy las gracias por las 400.000 visitas que ha tenido el blog este a\u00f1o. Previsi\u00f3n del tiempo, anticicl\u00f3n para rato."},"content":{"rendered":"<p>&nbsp;<\/p>\n<p>&nbsp;<\/p>\n<p>&nbsp;<\/p>\n<p>&nbsp;<\/p>\n<p>&nbsp;<\/p>\n<p>&nbsp;<\/p>\n<p>&nbsp;<\/p>\n<p>&nbsp;<\/p>\n<p>&nbsp;<\/p>\n<p><a href=\"https:\/\/blogs.diariosur.es\/tormentas-y-rayos\/2014\/12\/31\/os-deseo-un-feliz-ano-nuevo-y-os-doy-las-gracias-por-las-400-000-visitas-que-ha-tenido-el-blog-este-ano-prevision-del-tiempo-anticiclon-para-rato\/14593117402_4ed08e9f73_z\/\" rel=\"attachment wp-att-10765\"><img loading=\"lazy\" class=\"aligncenter size-full wp-image-10765\" title=\"14593117402_4ed08e9f73_z\" src=\"\/tormentas-y-rayos\/wp-content\/uploads\/sites\/12\/2014\/12\/14593117402_4ed08e9f73_z.jpg\" alt=\"\" width=\"640\" height=\"427\" srcset=\"https:\/\/static-blogs.diariosur.es\/wp-content\/uploads\/sites\/12\/2014\/12\/14593117402_4ed08e9f73_z.jpg 640w, https:\/\/static-blogs.diariosur.es\/wp-content\/uploads\/sites\/12\/2014\/12\/14593117402_4ed08e9f73_z-600x400.jpg 600w\" sizes=\"(max-width: 640px) 100vw, 640px\" \/><\/a><\/p>\n<p>&nbsp;<\/p>\n<p>&nbsp;<\/p>\n<p><strong>Buenos\u00a0d\u00edas\u00a0amigos de la meteo, son las seis de la ma\u00f1ana, mi estaci\u00f3n registra 6.8 grados y el Aeropuerto Malague\u00f1o 2,7. \u00a0Lo mas seguro que sobre las ocho de la ma\u00f1ana hiele en esta zona. Destacar al igual que ayer los \u00a0seis grados bajo cero que se registran en Baza y en el Aeropuerto Granadino.<\/strong><\/p>\n<p><a href=\"https:\/\/blogs.diariosur.es\/tormentas-y-rayos\/2014\/12\/31\/os-deseo-un-feliz-ano-nuevo-y-os-doy-las-gracias-por-las-400-000-visitas-que-ha-tenido-el-blog-este-ano-prevision-del-tiempo-anticiclon-para-rato\/ano-nuevo\/\" rel=\"attachment wp-att-10759\"><img loading=\"lazy\" class=\"aligncenter size-medium wp-image-10759\" title=\"a\u00f1o nuevo\" src=\"\/tormentas-y-rayos\/wp-content\/uploads\/sites\/12\/2014\/12\/a\u00f1o-nuevo.jpg\" alt=\"\" width=\"527\" height=\"400\" srcset=\"https:\/\/static-blogs.diariosur.es\/wp-content\/uploads\/sites\/12\/2014\/12\/a\u00f1o-nuevo.jpg 812w, https:\/\/static-blogs.diariosur.es\/wp-content\/uploads\/sites\/12\/2014\/12\/a\u00f1o-nuevo-527x400.jpg 527w, https:\/\/static-blogs.diariosur.es\/wp-content\/uploads\/sites\/12\/2014\/12\/a\u00f1o-nuevo-768x583.jpg 768w\" sizes=\"(max-width: 527px) 100vw, 527px\" \/><\/a><\/p>\n<p><strong>Es curioso ver en estos momentos a muchos puntos del interior peninsular en aviso amarillo por temperaturas\u00a0m\u00ednimas, es decir heladas.<\/strong><\/p>\n<p>&nbsp;<\/p>\n<p><a href=\"https:\/\/blogs.diariosur.es\/tormentas-y-rayos\/2014\/12\/31\/os-deseo-un-feliz-ano-nuevo-y-os-doy-las-gracias-por-las-400-000-visitas-que-ha-tenido-el-blog-este-ano-prevision-del-tiempo-anticiclon-para-rato\/avisos-helas\/\" rel=\"attachment wp-att-10760\"><img loading=\"lazy\" class=\"aligncenter size-full wp-image-10760\" title=\"avisos helas\" src=\"\/tormentas-y-rayos\/wp-content\/uploads\/sites\/12\/2014\/12\/avisos-helas.png\" alt=\"\" width=\"500\" height=\"334\" \/><\/a><\/p>\n<p>&nbsp;<\/p>\n<p><span style=\"color: #ff0000;\"><strong>Los vientos hoy ultimo dia del a\u00f1o soplaran en Andaluc\u00eda de direcci\u00f3n variable, tendiendo a componente oeste y norte por la tarde. Las\u00a0m\u00e1ximas\u00a0subir\u00e1n\u00a0un poco y las\u00a0m\u00ednimas\u00a0de madrugada\u00a0ser\u00e1n\u00a0parecidas o un poco mas altas.<\/strong><\/span><\/p>\n<p><span style=\"color: #0000ff;\"><strong> Ma\u00f1ana primer dia del a\u00f1o el levante soplara de flojo a \u00a0moderado en la Costa\u00a0Mediterr\u00e1nea\u00a0Andaluza y\u00a0Atl\u00e1ntica, solo en la zona del Estrecho las rachas\u00a0ser\u00e1n\u00a0mas fuertes. En la Costa Malague\u00f1a debido al levante podemos tener nubes bajas.\u00a0<\/strong><\/span><\/p>\n<p><span style=\"color: #ff00ff;\"><strong>El anticicl\u00f3n tomara protagonismo a partir de ma\u00f1ana y estar\u00e1 con nosotros bastante tiempo. Y para los ni\u00f1os y padres que me leen habitualmente, comentaros que el dia de la Cabalgata y el 6 de enero \u00a0se disfrutara de un precioso\u00a0d\u00eda. A mi me encanta las lluvias, las tormentas etc etc , pero este dia, \u00a0es el\u00a0\u00fanico\u00a0dia que no quiero que llueva del a\u00f1o. No\u00a0cambiar\u00eda\u00a0la sonrisa de un ni\u00f1o viendo la cabalgata ni por\u00a0un\u00a0mont\u00f3n\u00a0de\u00a0tormentas.<\/strong><\/span><\/p>\n<p>&nbsp;<\/p>\n<p><a href=\"https:\/\/blogs.diariosur.es\/tormentas-y-rayos\/2014\/12\/31\/os-deseo-un-feliz-ano-nuevo-y-os-doy-las-gracias-por-las-400-000-visitas-que-ha-tenido-el-blog-este-ano-prevision-del-tiempo-anticiclon-para-rato\/reyes-3\/\" rel=\"attachment wp-att-10761\"><img loading=\"lazy\" class=\"aligncenter size-medium wp-image-10761\" title=\"reyes\" src=\"\/tormentas-y-rayos\/wp-content\/uploads\/sites\/12\/2014\/12\/reyes.jpg\" alt=\"\" width=\"584\" height=\"400\" srcset=\"https:\/\/static-blogs.diariosur.es\/wp-content\/uploads\/sites\/12\/2014\/12\/reyes.jpg 779w, https:\/\/static-blogs.diariosur.es\/wp-content\/uploads\/sites\/12\/2014\/12\/reyes-585x400.jpg 585w, https:\/\/static-blogs.diariosur.es\/wp-content\/uploads\/sites\/12\/2014\/12\/reyes-768x525.jpg 768w\" sizes=\"(max-width: 584px) 100vw, 584px\" \/><\/a><\/p>\n<p>&nbsp;<\/p>\n<p>&nbsp;<\/p>\n<p><span style=\"color: #ff00ff;\"><strong>Como os comento en el titulo del post, os doy las gracias por todas las visitas que ha tenido el blog en el 2014, ha sido una pasada. Impresionante todos los\u00a0pa\u00edses\u00a0que me han visitado.\u00a0<\/strong><\/span><\/p>\n<p>&nbsp;<\/p>\n<p>&nbsp;<\/p>\n<p><a href=\"https:\/\/blogs.diariosur.es\/tormentas-y-rayos\/2014\/12\/31\/os-deseo-un-feliz-ano-nuevo-y-os-doy-las-gracias-por-las-400-000-visitas-que-ha-tenido-el-blog-este-ano-prevision-del-tiempo-anticiclon-para-rato\/captura-551\/\" rel=\"attachment wp-att-10767\"><img loading=\"lazy\" class=\"aligncenter size-medium wp-image-10767\" title=\"Captura\" src=\"\/tormentas-y-rayos\/wp-content\/uploads\/sites\/12\/2014\/12\/Captura29.jpg\" alt=\"\" width=\"600\" height=\"156\" srcset=\"https:\/\/static-blogs.diariosur.es\/wp-content\/uploads\/sites\/12\/2014\/12\/Captura29.jpg 1629w, https:\/\/static-blogs.diariosur.es\/wp-content\/uploads\/sites\/12\/2014\/12\/Captura29-640x167.jpg 640w, https:\/\/static-blogs.diariosur.es\/wp-content\/uploads\/sites\/12\/2014\/12\/Captura29-768x201.jpg 768w\" sizes=\"(max-width: 600px) 100vw, 600px\" \/><\/a><a href=\"https:\/\/blogs.diariosur.es\/tormentas-y-rayos\/2014\/12\/31\/os-deseo-un-feliz-ano-nuevo-y-os-doy-las-gracias-por-las-400-000-visitas-que-ha-tenido-el-blog-este-ano-prevision-del-tiempo-anticiclon-para-rato\/conti-2\/\" rel=\"attachment wp-att-10768\"><img loading=\"lazy\" class=\"aligncenter size-medium wp-image-10768\" title=\"conti\" src=\"\/tormentas-y-rayos\/wp-content\/uploads\/sites\/12\/2014\/12\/conti.jpg\" alt=\"\" width=\"600\" height=\"355\" srcset=\"https:\/\/static-blogs.diariosur.es\/wp-content\/uploads\/sites\/12\/2014\/12\/conti.jpg 988w, https:\/\/static-blogs.diariosur.es\/wp-content\/uploads\/sites\/12\/2014\/12\/conti-640x379.jpg 640w, https:\/\/static-blogs.diariosur.es\/wp-content\/uploads\/sites\/12\/2014\/12\/conti-768x455.jpg 768w\" sizes=\"(max-width: 600px) 100vw, 600px\" \/><\/a><\/p>\n<p>&nbsp;<\/p>\n<p>&nbsp;<\/p>\n<p><strong>Os hago un peque\u00f1o resumen de ayer. Lo mas destacado las\u00a0m\u00ednimas\u00a0que se dieron en muchos puntos de\u00a0Andaluc\u00eda\u00a0como\u00a0podr\u00e9is\u00a0ver en los datos que os\u00a0pondr\u00e9\u00a0al final. <\/strong><\/p>\n<p><strong>Y la verdad que poco mas que contar, bueno si, una cosilla que os va a gustar y es ver a casi toda la\u00a0pen\u00ednsula\u00a0despejada de nubes, solo se ven nubes bajas en el Estrecho. Os paso la imagen del\u00a0sat\u00e9lite\u00a0terra, es una pasada. En la ultima\u00a0se\u00a0distingue\u00a0la nieve en color naranja.<\/strong><\/p>\n<p>&nbsp;<\/p>\n<p><a href=\"https:\/\/blogs.diariosur.es\/tormentas-y-rayos\/2014\/12\/31\/os-deseo-un-feliz-ano-nuevo-y-os-doy-las-gracias-por-las-400-000-visitas-que-ha-tenido-el-blog-este-ano-prevision-del-tiempo-anticiclon-para-rato\/europe_3_01-2014364-terra-2km\/\" rel=\"attachment wp-att-10762\"><img loading=\"lazy\" class=\"aligncenter size-full wp-image-10762\" title=\"Europe_3_01.2014364.terra.2km\" src=\"\/tormentas-y-rayos\/wp-content\/uploads\/sites\/12\/2014\/12\/Europe_3_01.2014364.terra_.2km.jpg\" alt=\"\" width=\"575\" height=\"650\" srcset=\"https:\/\/static-blogs.diariosur.es\/wp-content\/uploads\/sites\/12\/2014\/12\/Europe_3_01.2014364.terra_.2km.jpg 575w, https:\/\/static-blogs.diariosur.es\/wp-content\/uploads\/sites\/12\/2014\/12\/Europe_3_01.2014364.terra_.2km-354x400.jpg 354w\" sizes=\"(max-width: 575px) 100vw, 575px\" \/><\/a><\/p>\n<p>&nbsp;<\/p>\n<p><a href=\"https:\/\/blogs.diariosur.es\/tormentas-y-rayos\/2014\/12\/31\/os-deseo-un-feliz-ano-nuevo-y-os-doy-las-gracias-por-las-400-000-visitas-que-ha-tenido-el-blog-este-ano-prevision-del-tiempo-anticiclon-para-rato\/europe_3_01-2014364-terra-367-2km\/\" rel=\"attachment wp-att-10763\"><img loading=\"lazy\" class=\"aligncenter size-full wp-image-10763\" title=\"Europe_3_01.2014364.terra.367.2km\" src=\"\/tormentas-y-rayos\/wp-content\/uploads\/sites\/12\/2014\/12\/Europe_3_01.2014364.terra_.367.2km.jpg\" alt=\"\" width=\"575\" height=\"650\" srcset=\"https:\/\/static-blogs.diariosur.es\/wp-content\/uploads\/sites\/12\/2014\/12\/Europe_3_01.2014364.terra_.367.2km.jpg 575w, https:\/\/static-blogs.diariosur.es\/wp-content\/uploads\/sites\/12\/2014\/12\/Europe_3_01.2014364.terra_.367.2km-354x400.jpg 354w\" sizes=\"(max-width: 575px) 100vw, 575px\" \/><\/a><\/p>\n<p>&nbsp;<\/p>\n<p>&nbsp;<\/p>\n<p><a href=\"https:\/\/blogs.diariosur.es\/tormentas-y-rayos\/2014\/12\/31\/os-deseo-un-feliz-ano-nuevo-y-os-doy-las-gracias-por-las-400-000-visitas-que-ha-tenido-el-blog-este-ano-prevision-del-tiempo-anticiclon-para-rato\/captura-550\/\" rel=\"attachment wp-att-10764\"><img loading=\"lazy\" class=\"aligncenter size-medium wp-image-10764\" title=\"Captura\" src=\"\/tormentas-y-rayos\/wp-content\/uploads\/sites\/12\/2014\/12\/Captura28.jpg\" alt=\"\" width=\"600\" height=\"326\" srcset=\"https:\/\/static-blogs.diariosur.es\/wp-content\/uploads\/sites\/12\/2014\/12\/Captura28.jpg 799w, https:\/\/static-blogs.diariosur.es\/wp-content\/uploads\/sites\/12\/2014\/12\/Captura28-640x348.jpg 640w, https:\/\/static-blogs.diariosur.es\/wp-content\/uploads\/sites\/12\/2014\/12\/Captura28-768x418.jpg 768w\" sizes=\"(max-width: 600px) 100vw, 600px\" \/><\/a><\/p>\n<p><strong>Ma\u00f1ana si me da tiempo y tengo fuerzas jijijij, os\u00a0pondr\u00e9\u00a0una selecci\u00f3n de fotos\u00a0m\u00edas\u00a0que \u00a0mas me han gustado en el 2014.\u00a0<\/strong><\/p>\n<p><strong>Que\u00a0pas\u00e9is\u00a0una buena entrada de a\u00f1o nuevo y precauci\u00f3n en la carretera. Paco, gracias por compartir tu felicitaci\u00f3n.<\/strong><\/p>\n<p>&nbsp;<\/p>\n<p>&nbsp;<\/p>\n<p>&nbsp;<\/p>\n<p>&nbsp;<\/p>\n<p><a href=\"https:\/\/blogs.diariosur.es\/tormentas-y-rayos\/2014\/12\/31\/os-deseo-un-feliz-ano-nuevo-y-os-doy-las-gracias-por-las-400-000-visitas-que-ha-tenido-el-blog-este-ano-prevision-del-tiempo-anticiclon-para-rato\/10882352_10205564485139879_1588740630201514764_n-2\/\" rel=\"attachment wp-att-10770\"><img loading=\"lazy\" class=\"aligncenter size-large wp-image-10770\" title=\"10882352_10205564485139879_1588740630201514764_n\" src=\"\/tormentas-y-rayos\/wp-content\/uploads\/sites\/12\/2014\/12\/10882352_10205564485139879_1588740630201514764_n1.jpg\" alt=\"\" width=\"547\" height=\"600\" srcset=\"https:\/\/static-blogs.diariosur.es\/wp-content\/uploads\/sites\/12\/2014\/12\/10882352_10205564485139879_1588740630201514764_n1.jpg 621w, https:\/\/static-blogs.diariosur.es\/wp-content\/uploads\/sites\/12\/2014\/12\/10882352_10205564485139879_1588740630201514764_n1-365x400.jpg 365w\" sizes=\"(max-width: 547px) 100vw, 547px\" \/><\/a><\/p>\n","protected":false},"excerpt":{"rendered":"<p>&nbsp; &nbsp; &nbsp; &nbsp; &nbsp; &nbsp; &nbsp; &nbsp; &nbsp; &nbsp; &nbsp; Buenos\u00a0d\u00edas\u00a0amigos de la meteo, son las seis de la ma\u00f1ana, mi estaci\u00f3n registra 6.8 grados y el Aeropuerto Malague\u00f1o 2,7. \u00a0Lo mas seguro que sobre las ocho de la ma\u00f1ana hiele en esta zona. Destacar al igual que ayer los \u00a0seis grados bajo cero [&hellip;]<\/p>\n","protected":false},"author":16,"featured_media":10766,"comment_status":"open","ping_status":"open","sticky":false,"template":"","format":"standard","meta":[],"categories":[2],"tags":[109,114,404,725,809,980],"_links":{"self":[{"href":"https:\/\/blogs.diariosur.es\/tormentas-y-rayos\/wp-json\/wp\/v2\/posts\/10758"}],"collection":[{"href":"https:\/\/blogs.diariosur.es\/tormentas-y-rayos\/wp-json\/wp\/v2\/posts"}],"about":[{"href":"https:\/\/blogs.diariosur.es\/tormentas-y-rayos\/wp-json\/wp\/v2\/types\/post"}],"author":[{"embeddable":true,"href":"https:\/\/blogs.diariosur.es\/tormentas-y-rayos\/wp-json\/wp\/v2\/users\/16"}],"replies":[{"embeddable":true,"href":"https:\/\/blogs.diariosur.es\/tormentas-y-rayos\/wp-json\/wp\/v2\/comments?post=10758"}],"version-history":[{"count":0,"href":"https:\/\/blogs.diariosur.es\/tormentas-y-rayos\/wp-json\/wp\/v2\/posts\/10758\/revisions"}],"wp:featuredmedia":[{"embeddable":true,"href":"https:\/\/blogs.diariosur.es\/tormentas-y-rayos\/wp-json\/wp\/v2\/media\/10766"}],"wp:attachment":[{"href":"https:\/\/blogs.diariosur.es\/tormentas-y-rayos\/wp-json\/wp\/v2\/media?parent=10758"}],"wp:term":[{"taxonomy":"category","embeddable":true,"href":"https:\/\/blogs.diariosur.es\/tormentas-y-rayos\/wp-json\/wp\/v2\/categories?post=10758"},{"taxonomy":"post_tag","embeddable":true,"href":"https:\/\/blogs.diariosur.es\/tormentas-y-rayos\/wp-json\/wp\/v2\/tags?post=10758"}],"curies":[{"name":"wp","href":"https:\/\/api.w.org\/{rel}","templated":true}]}}