{"id":10789,"date":"2015-01-04T07:26:43","date_gmt":"2015-01-04T06:26:43","guid":{"rendered":"http:\/\/blogs.diariosur.es\/tormentas-y-rayos\/?p=10789"},"modified":"2015-01-04T07:26:43","modified_gmt":"2015-01-04T06:26:43","slug":"actualizacion-prevision-del-tiempo-en-andalucia-el-primer-fin-de-semana-del-ano-es-primaveral-malaga-registra-21-grados-el-sabado-y-20-el-viernes","status":"publish","type":"post","link":"https:\/\/blogs.diariosur.es\/tormentas-y-rayos\/2015\/01\/04\/actualizacion-prevision-del-tiempo-en-andalucia-el-primer-fin-de-semana-del-ano-es-primaveral-malaga-registra-21-grados-el-sabado-y-20-el-viernes\/","title":{"rendered":"Actualizaci\u00f3n. Previsi\u00f3n del tiempo en Andaluc\u00eda. El primer fin de semana del a\u00f1o es primaveral. M\u00e1laga registra 21 grados el s\u00e1bado y 20 el viernes."},"content":{"rendered":"<p>&nbsp;<\/p>\n<p><strong><img loading=\"lazy\" src=\"https:\/\/farm3.staticflickr.com\/2898\/14371881571_bbae3518b1_q.jpg\" alt=\"\" width=\"150\" height=\"150\" \/><\/strong><\/p>\n<p>&nbsp;<\/p>\n<p>&nbsp;<\/p>\n<p>&nbsp;<\/p>\n<p><span style=\"color: #ff0000;\"><strong>Actualizaci\u00f3n\u00a04 de Enero.<\/strong><\/span><\/p>\n<p><span style=\"color: #ff0000;\"><strong>Buenos dias amigos de la meteo, solo comentaros que al igual que paso el viernes, M\u00e1laga Capital sobrepasa los 20 grados, ayer\u00a0s\u00e1bado\u00a0llego a los 21. Aunque destaca Motril Puerto con 23.<\/strong><\/span><\/p>\n<p><span style=\"color: #ff0000;\"><strong>Os paso los datos mas destacados de ayer. Fuente Aemet<\/strong><\/span><\/p>\n<p>&nbsp;<\/p>\n<p>&nbsp;<\/p>\n<p><a href=\"https:\/\/blogs.diariosur.es\/tormentas-y-rayos\/2015\/01\/02\/prevision-del-tiempo-en-andalucia-el-primer-fin-de-semana-del-ano-sera-casi-primaveral-suben-las-maximas-potente-anticiclon\/actualizacioon\/\" rel=\"attachment wp-att-10788\"><img loading=\"lazy\" title=\"actualizacioon\" src=\"\/tormentas-y-rayos\/wp-content\/uploads\/sites\/12\/2015\/01\/actualizacioon.jpg\" alt=\"\" width=\"581\" height=\"600\" \/><\/a><\/p>\n<p>&nbsp;<\/p>\n<p><span style=\"color: #ff0000;\"><strong>Esta noche cuando salga del curro, o ma\u00f1ana 5 os\u00a0dar\u00e9\u00a0la previsi\u00f3n para la Cabalgata y el dia de Reyes.<\/strong><\/span><\/p>\n<p>&nbsp;<\/p>\n<p>&nbsp;<\/p>\n<p>&nbsp;<\/p>\n<p><strong>Buenos\u00a0d\u00edas\u00a0amigos de la meteo, son las seis de la ma\u00f1ana, registro en M\u00e1laga Capital 9.8 grados y el viento esta en calma. En estos momentos la\u00a0m\u00ednima\u00a0mas baja la dan Granada Aeropuerto y Baza con cuatro grados bajo cero.\u00a0<\/strong><\/p>\n<p><strong>Os paso el mapa de temperaturas\u00a0m\u00ednimas\u00a0que se han dado hasta las cinco de la ma\u00f1ana, dentro de media hora se actualizara el de las seis, y seguro que habr\u00e1n bajado unas d\u00e9cimas.\u00a0<\/strong><\/p>\n<p>&nbsp;<\/p>\n<p style=\"text-align: center;\"><a href=\"https:\/\/blogs.diariosur.es\/tormentas-y-rayos\/2015\/01\/02\/prevision-del-tiempo-en-andalucia-el-primer-fin-de-semana-del-ano-sera-casi-primaveral-suben-las-maximas-potente-anticiclon\/minimas-viernes-2\/\" rel=\"attachment wp-att-10783\"><img loading=\"lazy\" class=\"aligncenter\" title=\"minimas viernes\" src=\"\/tormentas-y-rayos\/wp-content\/uploads\/sites\/12\/2015\/01\/minimas-viernes.jpg\" alt=\"\" width=\"600\" height=\"398\" \/><\/a><\/p>\n<p>&nbsp;<\/p>\n<p><strong>El viento soplara hoy de levante, y de direcci\u00f3n variable en el interior oriental de Andaluc\u00eda. Las unicas rachas moderadas se daran en el Estrecho y Tarifa. Os paso el mapa de vientos previstos para hoy viernes. Y a continuaci\u00f3n hablamos de la previsi\u00f3n del primer fin de semana de este a\u00f1o 2015.<\/strong><\/p>\n<p><strong>Fuente aemet hirlam<\/strong><\/p>\n<p style=\"text-align: center;\"><a href=\"https:\/\/blogs.diariosur.es\/tormentas-y-rayos\/2015\/01\/02\/prevision-del-tiempo-en-andalucia-el-primer-fin-de-semana-del-ano-sera-casi-primaveral-suben-las-maximas-potente-anticiclon\/viento-38\/\" rel=\"attachment wp-att-10784\"><img loading=\"lazy\" class=\"aligncenter\" title=\"viento\" src=\"\/tormentas-y-rayos\/wp-content\/uploads\/sites\/12\/2015\/01\/viento.jpg\" alt=\"\" width=\"521\" height=\"400\" \/><\/a><\/p>\n<p>&nbsp;<\/p>\n<p>&nbsp;<\/p>\n<p><em><strong>PREVISI\u00d3N DEL TIEMPO FIN DE SEMANA EN ANDALUC\u00cdA.<\/strong><\/em><\/p>\n<p><strong>Antes de nada comentaros que lo mas posible hasta el lunes no podre actualizar el blog, me esperan unos\u00a0d\u00edas\u00a0muy duros en el curro ayudando a los Reyes Magos. Sera el lunes o el domingo por la noche cuando os\u00a0dar\u00e9\u00a0la previsi\u00f3n del tiempo \u00a0de\u00a0la Cabalgata y el\u00a0d\u00eda\u00a0de Reyes.\u00a0<\/strong><\/p>\n<p>&nbsp;<\/p>\n<p>&nbsp;<\/p>\n<p><strong>Fuente meteociel,gfs<\/strong><\/p>\n<p>&nbsp;<\/p>\n<p>&nbsp;<\/p>\n<p style=\"text-align: center;\"><a href=\"https:\/\/blogs.diariosur.es\/tormentas-y-rayos\/2015\/01\/02\/prevision-del-tiempo-en-andalucia-el-primer-fin-de-semana-del-ano-sera-casi-primaveral-suben-las-maximas-potente-anticiclon\/anticiclon-finde\/\" rel=\"attachment wp-att-10785\"><img loading=\"lazy\" class=\"aligncenter\" title=\"anticiclon finde\" src=\"\/tormentas-y-rayos\/wp-content\/uploads\/sites\/12\/2015\/01\/anticiclon-finde.jpg\" alt=\"\" width=\"572\" height=\"400\" \/><\/a><\/p>\n<p>&nbsp;<\/p>\n<p>&nbsp;<\/p>\n<p><strong>Impresionante el mapa de arriba\u00a0verdad\u00a0amigos? Pues si, como pongo en el titulo del post sera casi primaveral, el casi es por las heladas que se\u00a0dar\u00e1n\u00a0y que son habituales con el anticicl\u00f3n. De todas formas no creo que las heladas\u00a0sean tan fuertes como estos\u00a0d\u00edas\u00a0pasados. Ma\u00f1ana\u00a0s\u00e1bado\u00a0y el domingo\u00a0subir\u00e1n\u00a0las\u00a0<\/strong><strong>m\u00e1ximas en toda Andaluc\u00eda y\u00a0podr\u00e9is\u00a0disfrutar de un fin de semana primaveral. Os paso el mapa de temperaturas a 850 hpa, como muchos ya\u00a0sab\u00e9is\u00a0es a 1500 metros, a esta altura rondara los 11 o 12 grados, algo poco habitual para las fechas que estamos.<\/strong><\/p>\n<p>&nbsp;<\/p>\n<p style=\"text-align: center;\"><a href=\"https:\/\/blogs.diariosur.es\/tormentas-y-rayos\/2015\/01\/02\/prevision-del-tiempo-en-andalucia-el-primer-fin-de-semana-del-ano-sera-casi-primaveral-suben-las-maximas-potente-anticiclon\/captura-553\/\" rel=\"attachment wp-att-10786\"><img loading=\"lazy\" class=\"aligncenter\" title=\"Captura\" src=\"\/tormentas-y-rayos\/wp-content\/uploads\/sites\/12\/2015\/01\/Captura1.jpg\" alt=\"\" width=\"600\" height=\"390\" \/><\/a><\/p>\n<p>&nbsp;<\/p>\n<p><strong>Si sigue esta\u00a0t\u00f3nica\u00a0con esta masa de aire\u00a0c\u00e1lida, no me\u00a0extra\u00f1ar\u00eda\u00a0que se diera\u00a0alguna\u00a0r\u00e9cord\u00a0hist\u00f3rico\u00a0en cuanto a\u00a0m\u00e1ximas en\u00a0alg\u00fan\u00a0punto de Andaluc\u00eda. En M\u00e1laga Capital lo veo\u00a0dif\u00edcil, ya que la\u00a0m\u00e1xima\u00a0hist\u00f3rica\u00a0se dio un un 21 de Enero del 1981 con\u00a026.8 grados.\u00a0<\/strong><\/p>\n<p>&nbsp;<\/p>\n<p>&nbsp;<\/p>\n<p>&nbsp;<\/p>\n<p>&nbsp;<\/p>\n<p><strong>Os hago un peque\u00f1o resumen de ayer primer\u00a0d\u00eda\u00a0del a\u00f1o.<\/strong><\/p>\n<p><strong>Se cumplieron los\u00a0pron\u00f3sticos\u00a0y el levante fue el protagonista a partir del\u00a0mediod\u00eda\u00a0en la Costa\u00a0Mediterr\u00e1nea\u00a0Andaluza, asi como las nubes bajas que trae.<\/strong><\/p>\n<p>&nbsp;<\/p>\n<p style=\"text-align: center;\"><a href=\"https:\/\/blogs.diariosur.es\/tormentas-y-rayos\/2015\/01\/02\/prevision-del-tiempo-en-andalucia-el-primer-fin-de-semana-del-ano-sera-casi-primaveral-suben-las-maximas-potente-anticiclon\/134379_10204302998914065_7304063050814200340_o\/\" rel=\"attachment wp-att-10777\"><img loading=\"lazy\" class=\"aligncenter\" title=\"134379_10204302998914065_7304063050814200340_o\" src=\"\/tormentas-y-rayos\/wp-content\/uploads\/sites\/12\/2015\/01\/134379_10204302998914065_7304063050814200340_o.jpg\" alt=\"\" width=\"640\" height=\"360\" \/><\/a><\/p>\n<p>&nbsp;<\/p>\n<p><strong>Antes de esto pude disfrutar con mi amigo Miguel\u00a0\u00c1ngel del primer amanecer del 2015.<\/strong><\/p>\n<p>&nbsp;<\/p>\n<p style=\"text-align: center;\"><strong><img loading=\"lazy\" class=\"aligncenter\" src=\"https:\/\/farm8.staticflickr.com\/7580\/15976882737_85ed00f8ed_z.jpg\" alt=\"\" width=\"640\" height=\"427\" \/>\u00a0<\/strong><\/p>\n<p><strong>El\u00a0d\u00eda\u00a0invitaba a pasear en toda Andaluc\u00eda, \u00a0y eso hicieron mis amigos Marivi, Antonio y Paco, aunque ellos mas bien casi escalaron jijijij, subieron a la Maroma. Me comentaron por wassap que se estaba muy bien y que aun\u00a0quedaban restos de nieve del\u00a0d\u00eda\u00a0pasado. Gracias compis por compartir las foto.<\/strong><\/p>\n<p>&nbsp;<\/p>\n<p>&nbsp;<\/p>\n<p style=\"text-align: center;\"><a href=\"https:\/\/blogs.diariosur.es\/tormentas-y-rayos\/2015\/01\/02\/prevision-del-tiempo-en-andalucia-el-primer-fin-de-semana-del-ano-sera-casi-primaveral-suben-las-maximas-potente-anticiclon\/paco\/\" rel=\"attachment wp-att-10778\"><img loading=\"lazy\" class=\"aligncenter\" title=\"paco\" src=\"\/tormentas-y-rayos\/wp-content\/uploads\/sites\/12\/2015\/01\/paco.jpg\" alt=\"\" width=\"480\" height=\"640\" \/><\/a><\/p>\n<p>&nbsp;<\/p>\n<p><strong>Las\u00a0m\u00e1ximas\u00a0subieron en toda\u00a0Andaluc\u00eda, pero nuevamente destaca Motril con 21.6 grados. En M\u00e1laga Capital la\u00a0m\u00e1xima\u00a0llego en el Puerto a los 19.2. El levante y las nubes bajas contribuyeron a que no subieran mas.\u00a0<\/strong><\/p>\n<p>&nbsp;<\/p>\n<p><strong>Por la tarde noche\u00a0segu\u00edan\u00a0las nubes bajas que dejaron este impresionante atardecer. Mi amiga Julia Mariela Balquinta lo cazo magistralmente desde el Rinc\u00f3n.<\/strong><\/p>\n<p>&nbsp;<\/p>\n<p style=\"text-align: center;\"><a href=\"https:\/\/blogs.diariosur.es\/tormentas-y-rayos\/2015\/01\/02\/prevision-del-tiempo-en-andalucia-el-primer-fin-de-semana-del-ano-sera-casi-primaveral-suben-las-maximas-potente-anticiclon\/julia-marieleabalquinta\/\" rel=\"attachment wp-att-10779\"><img loading=\"lazy\" class=\"aligncenter\" title=\"julia marieleabalquinta\" src=\"\/tormentas-y-rayos\/wp-content\/uploads\/sites\/12\/2015\/01\/julia-marieleabalquinta.jpg\" alt=\"\" width=\"420\" height=\"747\" \/><\/a><\/p>\n<p>&nbsp;<\/p>\n<p>&nbsp;<\/p>\n<p><strong>Maria Jose Moyano tambi\u00e9n lo inmortalizo desde la Capital Malague\u00f1a.<\/strong><\/p>\n<p>&nbsp;<\/p>\n<p style=\"text-align: center;\"><a href=\"https:\/\/blogs.diariosur.es\/tormentas-y-rayos\/2015\/01\/02\/prevision-del-tiempo-en-andalucia-el-primer-fin-de-semana-del-ano-sera-casi-primaveral-suben-las-maximas-potente-anticiclon\/10351661_333101720226334_6069316179100320303_n_1\/\" rel=\"attachment wp-att-10781\"><img loading=\"lazy\" class=\"aligncenter\" title=\"10351661_333101720226334_6069316179100320303_n_1\" src=\"\/tormentas-y-rayos\/wp-content\/uploads\/sites\/12\/2015\/01\/10351661_333101720226334_6069316179100320303_n_1.jpg\" alt=\"\" width=\"640\" height=\"480\" \/><\/a><\/p>\n<p>&nbsp;<\/p>\n<p>&nbsp;<\/p>\n<p><strong>Poco mas que contar, os dejo con los datos mas destacados que se dieron ayer.<\/strong><\/p>\n<p>&nbsp;<\/p>\n<p style=\"text-align: center;\"><a href=\"https:\/\/blogs.diariosur.es\/tormentas-y-rayos\/2015\/01\/02\/prevision-del-tiempo-en-andalucia-el-primer-fin-de-semana-del-ano-sera-casi-primaveral-suben-las-maximas-potente-anticiclon\/datos-8\/\" rel=\"attachment wp-att-10780\"><img loading=\"lazy\" class=\"aligncenter\" title=\"datos\" src=\"\/tormentas-y-rayos\/wp-content\/uploads\/sites\/12\/2015\/01\/datos.jpg\" alt=\"\" width=\"614\" height=\"600\" \/><\/a><\/p>\n<p>&nbsp;<\/p>\n<p>&nbsp;<\/p>\n<p><strong>Poco mas que contar amigos, os veo el domingo por la noche o el lunes. Que\u00a0pas\u00e9is\u00a0un buen finde.<\/strong><\/p>\n","protected":false},"excerpt":{"rendered":"<p>&nbsp; &nbsp; &nbsp; &nbsp; Actualizaci\u00f3n\u00a04 de Enero. Buenos dias amigos de la meteo, solo comentaros que al igual que paso el viernes, M\u00e1laga Capital sobrepasa los 20 grados, ayer\u00a0s\u00e1bado\u00a0llego a los 21. Aunque destaca Motril Puerto con 23. Os paso los datos mas destacados de ayer. Fuente Aemet &nbsp; &nbsp; &nbsp; Esta noche cuando salga [&hellip;]<\/p>\n","protected":false},"author":16,"featured_media":10790,"comment_status":"open","ping_status":"open","sticky":false,"template":"","format":"standard","meta":[],"categories":[2],"tags":[],"_links":{"self":[{"href":"https:\/\/blogs.diariosur.es\/tormentas-y-rayos\/wp-json\/wp\/v2\/posts\/10789"}],"collection":[{"href":"https:\/\/blogs.diariosur.es\/tormentas-y-rayos\/wp-json\/wp\/v2\/posts"}],"about":[{"href":"https:\/\/blogs.diariosur.es\/tormentas-y-rayos\/wp-json\/wp\/v2\/types\/post"}],"author":[{"embeddable":true,"href":"https:\/\/blogs.diariosur.es\/tormentas-y-rayos\/wp-json\/wp\/v2\/users\/16"}],"replies":[{"embeddable":true,"href":"https:\/\/blogs.diariosur.es\/tormentas-y-rayos\/wp-json\/wp\/v2\/comments?post=10789"}],"version-history":[{"count":0,"href":"https:\/\/blogs.diariosur.es\/tormentas-y-rayos\/wp-json\/wp\/v2\/posts\/10789\/revisions"}],"wp:featuredmedia":[{"embeddable":true,"href":"https:\/\/blogs.diariosur.es\/tormentas-y-rayos\/wp-json\/wp\/v2\/media\/10790"}],"wp:attachment":[{"href":"https:\/\/blogs.diariosur.es\/tormentas-y-rayos\/wp-json\/wp\/v2\/media?parent=10789"}],"wp:term":[{"taxonomy":"category","embeddable":true,"href":"https:\/\/blogs.diariosur.es\/tormentas-y-rayos\/wp-json\/wp\/v2\/categories?post=10789"},{"taxonomy":"post_tag","embeddable":true,"href":"https:\/\/blogs.diariosur.es\/tormentas-y-rayos\/wp-json\/wp\/v2\/tags?post=10789"}],"curies":[{"name":"wp","href":"https:\/\/api.w.org\/{rel}","templated":true}]}}