{"id":10791,"date":"2015-01-05T06:48:07","date_gmt":"2015-01-05T05:48:07","guid":{"rendered":"http:\/\/blogs.diariosur.es\/tormentas-y-rayos\/?p=10791"},"modified":"2015-01-05T06:48:07","modified_gmt":"2015-01-05T05:48:07","slug":"prevision-del-tiempo-cabalgata-de-reyes-la-lluvia-de-caramelos-y-peluches-seran-los-protagonistas-manana-puede-entrar-terral-de-invierno-en-malaga-capital","status":"publish","type":"post","link":"https:\/\/blogs.diariosur.es\/tormentas-y-rayos\/2015\/01\/05\/prevision-del-tiempo-cabalgata-de-reyes-la-lluvia-de-caramelos-y-peluches-seran-los-protagonistas-manana-puede-entrar-terral-de-invierno-en-malaga-capital\/","title":{"rendered":"Previsi\u00f3n del tiempo Cabalgata de Reyes. La lluvia de caramelos y peluches ser\u00e1n los  protagonistas. Ma\u00f1ana puede entrar terral de invierno en M\u00e1laga Capital."},"content":{"rendered":"<p><img loading=\"lazy\" class=\"aligncenter\" src=\"https:\/\/farm6.staticflickr.com\/5566\/14568830453_8e0522e3fc_q.jpg\" alt=\"\" width=\"150\" height=\"150\" \/><\/p>\n<p>&nbsp;<\/p>\n<p>&nbsp;<\/p>\n<p>&nbsp;<\/p>\n<p>&nbsp;<\/p>\n<p>&nbsp;<\/p>\n<p><strong>Buenos\u00a0d\u00edas\u00a0amigos de la meteo, son las seis de la ma\u00f1ana, registro 10 grados y los cielos\u00a0est\u00e1n despejados en M\u00e1laga Capital. Hiela en estos momentos en Granada, Baza, C\u00f3rdoba, Andujar y a punto de hacerlo en Antequera.<\/strong><\/p>\n<p><strong>Las nieblas son protagonistas en la Meseta Norte, Extremadura e interior de Andaluc\u00eda.<\/strong><\/p>\n<p>&nbsp;<\/p>\n<p><span style=\"color: #ff0000;\"><strong><em>PREVISI\u00d3N DEL TIEMPO\u00a0CABALGATA<\/em><\/strong><strong><em>\u00a0DE REYES\u00a0<\/em><\/strong><\/span><\/p>\n<p>&nbsp;<\/p>\n<p>&nbsp;<\/p>\n<p><a href=\"https:\/\/blogs.diariosur.es\/tormentas-y-rayos\/2015\/01\/05\/prevision-del-tiempo-cabalgata-de-reyes-la-lluvia-de-caramelos-y-peluches-seran-los-protagonistas-manana-puede-entrar-terral-de-invierno-en-malaga-capital\/1043740-640x640x80\/\" rel=\"attachment wp-att-10793\"><img loading=\"lazy\" class=\"aligncenter size-full wp-image-10793\" title=\"1043740-640x640x80\" src=\"\/tormentas-y-rayos\/wp-content\/uploads\/sites\/12\/2015\/01\/1043740x80.jpg\" alt=\"\" width=\"480\" height=\"640\" \/><\/a><\/p>\n<p>&nbsp;<\/p>\n<p>&nbsp;<\/p>\n<p>&nbsp;<\/p>\n<p><strong><br \/>\n<\/strong><\/p>\n<p><strong><\/strong><span style=\"color: #0000ff;\"><strong>Hoy sera el\u00a0d\u00eda\u00a0mas largo para los que ayudamos a los Reyes Magos para elegir los\u00a0\u00faltimos\u00a0regalos. En un par de horas entro al curro y no saldr\u00e9 hasta la\u00a0pr\u00f3xima\u00a0madrugada.<\/strong><\/span><\/p>\n<p><span style=\"color: #0000ff;\"><strong>La verdad que ando algo cansado,\u00a0as\u00ed\u00a0que permitirme\u00a0<strong>que el post de hoy sea mas corto de lo habitual.<\/strong><\/strong><\/span><\/p>\n<p><strong><span style=\"color: #ff0000;\">La buena noticia es que hoy lunes cinco de enero no creo que llueva en\u00a0ning\u00fan\u00a0sitio de Espa\u00f1a a la hora de la Cabalgata de Reyes, solo llevaros paraguas para recoger caramelos y peluches. El\u00a0d\u00eda\u00a0seis de Enero hay posibilidad de chubascos en el\u00a0noreste peninsular, ya que se espera que un frente poco activo llegue a esta zona. A partir de ma\u00f1ana bajaran las\u00a0m\u00e1ximas un poco\u00a0\u00a0en Andaluc\u00eda Occidental e interior oriental, asi como en otros puntos de la\u00a0pen\u00ednsula. <\/span><\/strong><\/p>\n<p><span style=\"color: #ff0000;\"><strong><span style=\"color: #ff00ff;\">Si entra terral de invierno lo mismo en M\u00e1laga\u00a0podr\u00edan\u00a0subir\u00a0ma\u00f1ana martes, todo\u00a0depender\u00e1\u00a0de la hora que entre. Las nubes altas\u00a0ser\u00e1n\u00a0las protagonistas, lo mismo tenemos un bonito candilazo.<\/span><\/strong><\/span><\/p>\n<p><span style=\"color: #ff0000;\"><strong>A partir del viernes una nueva masa de aire c\u00e1lido afectar\u00eda a la pen\u00ednsula y de nuevo subir\u00edan las m\u00e1ximas.<\/strong><\/span><\/p>\n<p><strong><span style=\"color: #0000ff;\">Y poco mas que contar amigos, os dejo con los datos mas destacados que se dieron ayer en Andaluc\u00eda. Albox dio una\u00a0m\u00e1xima\u00a0de 25 grados, si se hace oficial este dato, puede ser una de las\u00a0m\u00e1ximas\u00a0mas altas desde que se tienen registros<\/span>.<\/strong><\/p>\n<p>&nbsp;<\/p>\n<p><a href=\"https:\/\/blogs.diariosur.es\/tormentas-y-rayos\/2015\/01\/05\/prevision-del-tiempo-cabalgata-de-reyes-la-lluvia-de-caramelos-y-peluches-seran-los-protagonistas-manana-puede-entrar-terral-de-invierno-en-malaga-capital\/captura-554\/\" rel=\"attachment wp-att-10792\"><img loading=\"lazy\" class=\"aligncenter size-large wp-image-10792\" title=\"Captura\" src=\"\/tormentas-y-rayos\/wp-content\/uploads\/sites\/12\/2015\/01\/Captura2.jpg\" alt=\"\" width=\"606\" height=\"600\" srcset=\"https:\/\/static-blogs.diariosur.es\/wp-content\/uploads\/sites\/12\/2015\/01\/Captura2.jpg 790w, https:\/\/static-blogs.diariosur.es\/wp-content\/uploads\/sites\/12\/2015\/01\/Captura2-150x150.jpg 150w, https:\/\/static-blogs.diariosur.es\/wp-content\/uploads\/sites\/12\/2015\/01\/Captura2-404x400.jpg 404w, https:\/\/static-blogs.diariosur.es\/wp-content\/uploads\/sites\/12\/2015\/01\/Captura2-768x760.jpg 768w\" sizes=\"(max-width: 606px) 100vw, 606px\" \/><\/a><\/p>\n","protected":false},"excerpt":{"rendered":"<p>&nbsp; &nbsp; &nbsp; &nbsp; &nbsp; Buenos\u00a0d\u00edas\u00a0amigos de la meteo, son las seis de la ma\u00f1ana, registro 10 grados y los cielos\u00a0est\u00e1n despejados en M\u00e1laga Capital. Hiela en estos momentos en Granada, Baza, C\u00f3rdoba, Andujar y a punto de hacerlo en Antequera. Las nieblas son protagonistas en la Meseta Norte, Extremadura e interior de Andaluc\u00eda. &nbsp; [&hellip;]<\/p>\n","protected":false},"author":16,"featured_media":10793,"comment_status":"open","ping_status":"open","sticky":false,"template":"","format":"standard","meta":[],"categories":[2],"tags":[200,225,568,768,809,861,980],"_links":{"self":[{"href":"https:\/\/blogs.diariosur.es\/tormentas-y-rayos\/wp-json\/wp\/v2\/posts\/10791"}],"collection":[{"href":"https:\/\/blogs.diariosur.es\/tormentas-y-rayos\/wp-json\/wp\/v2\/posts"}],"about":[{"href":"https:\/\/blogs.diariosur.es\/tormentas-y-rayos\/wp-json\/wp\/v2\/types\/post"}],"author":[{"embeddable":true,"href":"https:\/\/blogs.diariosur.es\/tormentas-y-rayos\/wp-json\/wp\/v2\/users\/16"}],"replies":[{"embeddable":true,"href":"https:\/\/blogs.diariosur.es\/tormentas-y-rayos\/wp-json\/wp\/v2\/comments?post=10791"}],"version-history":[{"count":0,"href":"https:\/\/blogs.diariosur.es\/tormentas-y-rayos\/wp-json\/wp\/v2\/posts\/10791\/revisions"}],"wp:featuredmedia":[{"embeddable":true,"href":"https:\/\/blogs.diariosur.es\/tormentas-y-rayos\/wp-json\/wp\/v2\/media\/10793"}],"wp:attachment":[{"href":"https:\/\/blogs.diariosur.es\/tormentas-y-rayos\/wp-json\/wp\/v2\/media?parent=10791"}],"wp:term":[{"taxonomy":"category","embeddable":true,"href":"https:\/\/blogs.diariosur.es\/tormentas-y-rayos\/wp-json\/wp\/v2\/categories?post=10791"},{"taxonomy":"post_tag","embeddable":true,"href":"https:\/\/blogs.diariosur.es\/tormentas-y-rayos\/wp-json\/wp\/v2\/tags?post=10791"}],"curies":[{"name":"wp","href":"https:\/\/api.w.org\/{rel}","templated":true}]}}