{"id":10795,"date":"2015-01-07T07:12:21","date_gmt":"2015-01-07T06:12:21","guid":{"rendered":"http:\/\/blogs.diariosur.es\/tormentas-y-rayos\/?p=10795"},"modified":"2015-01-07T07:12:21","modified_gmt":"2015-01-07T06:12:21","slug":"prevision-del-tiempo-en-andalucia-comienzan-las-rebajas-de-enero-sin-descuentos-en-el-anticiclon","status":"publish","type":"post","link":"https:\/\/blogs.diariosur.es\/tormentas-y-rayos\/2015\/01\/07\/prevision-del-tiempo-en-andalucia-comienzan-las-rebajas-de-enero-sin-descuentos-en-el-anticiclon\/","title":{"rendered":"Previsi\u00f3n del tiempo en Andaluc\u00eda. Comienzan las rebajas de enero sin descuentos en el anticicl\u00f3n."},"content":{"rendered":"<p><strong>\u00a0<img loading=\"lazy\" class=\"aligncenter\" src=\"https:\/\/farm3.staticflickr.com\/2898\/14371881571_bbae3518b1_q.jpg\" alt=\"\" width=\"150\" height=\"150\" \/> <\/strong><\/p>\n<p>&nbsp;<\/p>\n<p>&nbsp;<\/p>\n<p>&nbsp;<\/p>\n<p>&nbsp;<\/p>\n<p><strong>Buenos dias amigos de la meteo, son las seis de la ma\u00f1ana, registro 10 grados y los cielos malague\u00f1os est\u00e1n despejados. Seg\u00fan el sat\u00e9lite tenemos nubes altas en la provincia de Almer\u00eda y sobre todo nieblas en la Meseta Norte y Valle del Ebro, asi que precauci\u00f3n si vais por la carretera.<\/strong><\/p>\n<p>&nbsp;<\/p>\n<p><a href=\"https:\/\/blogs.diariosur.es\/tormentas-y-rayos\/2015\/01\/07\/prevision-del-tiempo-en-andalucia-comienzan-las-rebajas-de-enero-sin-descuentos-en-el-anticiclon\/captura-555\/\" rel=\"attachment wp-att-10808\"><img loading=\"lazy\" class=\"aligncenter size-medium wp-image-10808\" title=\"Captura\" src=\"\/tormentas-y-rayos\/wp-content\/uploads\/sites\/12\/2015\/01\/Captura3.jpg\" alt=\"\" width=\"546\" height=\"400\" srcset=\"https:\/\/static-blogs.diariosur.es\/wp-content\/uploads\/sites\/12\/2015\/01\/Captura3.jpg 752w, https:\/\/static-blogs.diariosur.es\/wp-content\/uploads\/sites\/12\/2015\/01\/Captura3-547x400.jpg 547w\" sizes=\"(max-width: 546px) 100vw, 546px\" \/><\/a><\/p>\n<p>&nbsp;<\/p>\n<p><span style=\"color: #ff0000;\"><strong>El viento de levante soplara a partir del mediod\u00eda en la Costa Mediterr\u00e1nea Andaluza, sera ma\u00f1ana jueves cuando sople un poco mas moderado. Este viento y un poco de aire frio en altura puede traer algunas gotas en alg\u00fan punto del \u00a0litoral\u00a0mediterr\u00e1neo\u00a0andaluz ma\u00f1ana \u00a0jueves. Las\u00a0m\u00e1ximas\u00a0empezaran a recuperarse a partir del viernes.<\/strong><\/span><\/p>\n<p><strong>Pues si amigos, aunque \u00a0hoy comienzan \u00a0las rebajas de Enero \u00a0en mi curro, no hay forma de hacerle un descuento al anticicl\u00f3n. Fijaros que\u00a0presi\u00f3n\u00a0se espera para el viernes y el\u00a0s\u00e1bado.<\/strong><\/p>\n<p>&nbsp;<\/p>\n<p>&nbsp;<\/p>\n<p><a href=\"https:\/\/blogs.diariosur.es\/tormentas-y-rayos\/2015\/01\/07\/prevision-del-tiempo-en-andalucia-comienzan-las-rebajas-de-enero-sin-descuentos-en-el-anticiclon\/presion-12\/\" rel=\"attachment wp-att-10804\"><img loading=\"lazy\" class=\"aligncenter size-medium wp-image-10804\" title=\"presion\" src=\"\/tormentas-y-rayos\/wp-content\/uploads\/sites\/12\/2015\/01\/presion.jpg\" alt=\"\" width=\"587\" height=\"400\" srcset=\"https:\/\/static-blogs.diariosur.es\/wp-content\/uploads\/sites\/12\/2015\/01\/presion.jpg 782w, https:\/\/static-blogs.diariosur.es\/wp-content\/uploads\/sites\/12\/2015\/01\/presion-588x400.jpg 588w, https:\/\/static-blogs.diariosur.es\/wp-content\/uploads\/sites\/12\/2015\/01\/presion-768x522.jpg 768w\" sizes=\"(max-width: 587px) 100vw, 587px\" \/><\/a><\/p>\n<p>&nbsp;<\/p>\n<p><strong>Y a todo esto hay que unirle la masa de aire\u00a0c\u00e1lido\u00a0que entra. A 850 hpa ( 1500 m ) entre 12 y 14 grados, una pasada. Nuevamente el\u00a0pr\u00f3ximo\u00a0fin de semana\u00a0disfrutaremos de un adelanto primaveral, yo seguro que no disfrutare.<\/strong><\/p>\n<p>&nbsp;<\/p>\n<p><a href=\"https:\/\/blogs.diariosur.es\/tormentas-y-rayos\/2015\/01\/07\/prevision-del-tiempo-en-andalucia-comienzan-las-rebajas-de-enero-sin-descuentos-en-el-anticiclon\/masa-calida-2\/\" rel=\"attachment wp-att-10805\"><img loading=\"lazy\" class=\"aligncenter size-medium wp-image-10805\" title=\"masa calida\" src=\"\/tormentas-y-rayos\/wp-content\/uploads\/sites\/12\/2015\/01\/masa-calida.jpg\" alt=\"\" width=\"592\" height=\"400\" srcset=\"https:\/\/static-blogs.diariosur.es\/wp-content\/uploads\/sites\/12\/2015\/01\/masa-calida.jpg 782w, https:\/\/static-blogs.diariosur.es\/wp-content\/uploads\/sites\/12\/2015\/01\/masa-calida-592x400.jpg 592w, https:\/\/static-blogs.diariosur.es\/wp-content\/uploads\/sites\/12\/2015\/01\/masa-calida-768x519.jpg 768w\" sizes=\"(max-width: 592px) 100vw, 592px\" \/><\/a><\/p>\n<p>&nbsp;<\/p>\n<p><strong>Las\u00a0m\u00e1ximas\u00a0el\u00a0s\u00e1bado\u00a0y el domingo\u00a0estar\u00e1n\u00a0cercanas a los 18 y 20 \u00a0grados en muchos puntos de\u00a0Andaluc\u00eda, asi como de la\u00a0pen\u00ednsula. Fijaros en las maximas previstas que da este modelo gfs fuente meteociel.<\/strong><\/p>\n<p>&nbsp;<\/p>\n<p>&nbsp;<\/p>\n<p><a href=\"https:\/\/blogs.diariosur.es\/tormentas-y-rayos\/2015\/01\/07\/prevision-del-tiempo-en-andalucia-comienzan-las-rebajas-de-enero-sin-descuentos-en-el-anticiclon\/maximas-10\/\" rel=\"attachment wp-att-10809\"><img loading=\"lazy\" class=\"aligncenter size-large wp-image-10809\" title=\"maximas\" src=\"\/tormentas-y-rayos\/wp-content\/uploads\/sites\/12\/2015\/01\/maximas.jpg\" alt=\"\" width=\"607\" height=\"600\" srcset=\"https:\/\/static-blogs.diariosur.es\/wp-content\/uploads\/sites\/12\/2015\/01\/maximas.jpg 790w, https:\/\/static-blogs.diariosur.es\/wp-content\/uploads\/sites\/12\/2015\/01\/maximas-405x400.jpg 405w, https:\/\/static-blogs.diariosur.es\/wp-content\/uploads\/sites\/12\/2015\/01\/maximas-768x758.jpg 768w\" sizes=\"(max-width: 607px) 100vw, 607px\" \/><\/a><\/p>\n<p>&nbsp;<\/p>\n<p>&nbsp;<\/p>\n<p><strong>Poco mas que contar amigos.<\/strong><\/p>\n<p><strong>Os hago un peque\u00f1o resumen del\u00a0d\u00eda\u00a0de Reyes.<\/strong><\/p>\n<p><strong>Y empiezo muy temprano o muy tarde seg\u00fan\u00a0se mire jijij. Cuando salia del curro a las tres y media de la ma\u00f1ana\u00a0despu\u00e9s\u00a0de un\u00a0d\u00eda\u00a0agotador, la temperatura era de 9.8 grados. Lo peor la humedad que\u00a0hab\u00eda\u00a0en\u00a0ese\u00a0momento,\u00a0tuve\u00a0que\u00a0secar con papel el\u00a0sill\u00edn\u00a0de la moto.\u00a0<\/strong><\/p>\n<p>&nbsp;<\/p>\n<p>&nbsp;<\/p>\n<p><a href=\"https:\/\/blogs.diariosur.es\/tormentas-y-rayos\/2015\/01\/07\/prevision-del-tiempo-en-andalucia-comienzan-las-rebajas-de-enero-sin-descuentos-en-el-anticiclon\/humedad-8\/\" rel=\"attachment wp-att-10796\"><img loading=\"lazy\" class=\"aligncenter size-medium wp-image-10796\" title=\"humedad\" src=\"\/tormentas-y-rayos\/wp-content\/uploads\/sites\/12\/2015\/01\/humedad.jpg\" alt=\"\" width=\"600\" height=\"256\" srcset=\"https:\/\/static-blogs.diariosur.es\/wp-content\/uploads\/sites\/12\/2015\/01\/humedad.jpg 750w, https:\/\/static-blogs.diariosur.es\/wp-content\/uploads\/sites\/12\/2015\/01\/humedad-640x274.jpg 640w\" sizes=\"(max-width: 600px) 100vw, 600px\" \/><\/a><\/p>\n<p>&nbsp;<\/p>\n<p><strong>Cuando \u00a0llegue a casa sobre las cuatro no\u00a0hab\u00eda\u00a0forma\u00a0de conciliar el sue\u00f1o, as\u00ed\u00a0que mire los\u00a0sat\u00e9lites, \u00a0y vi que se\u00a0acercaban\u00a0nubes altas\u00a0\u00a0a M\u00e1laga. Me dije a mi mismo&#8230;&#8230; los Reyes me quieren regalar un candilazo.\u00a0<\/strong><\/p>\n<p><strong>Lo malo que me que de frito y me\u00a0despert\u00e9\u00a0sobre las ocho y media, a esa hora el candilazo ya se\u00a0hab\u00eda\u00a0producido. Lo\u00a0\u00fanico\u00a0 que pude fotografiar fue este cielo a las nueve de la ma\u00f1ana.<\/strong><\/p>\n<p>&nbsp;<\/p>\n<p><a href=\"https:\/\/blogs.diariosur.es\/tormentas-y-rayos\/2015\/01\/07\/prevision-del-tiempo-en-andalucia-comienzan-las-rebajas-de-enero-sin-descuentos-en-el-anticiclon\/_dsc7037\/\" rel=\"attachment wp-att-10797\"><img loading=\"lazy\" class=\"aligncenter size-full wp-image-10797\" title=\"_DSC7037\" src=\"\/tormentas-y-rayos\/wp-content\/uploads\/sites\/12\/2015\/01\/DSC7037.jpg\" alt=\"\" width=\"640\" height=\"427\" srcset=\"https:\/\/static-blogs.diariosur.es\/wp-content\/uploads\/sites\/12\/2015\/01\/DSC7037.jpg 640w, https:\/\/static-blogs.diariosur.es\/wp-content\/uploads\/sites\/12\/2015\/01\/DSC7037-600x400.jpg 600w\" sizes=\"(max-width: 640px) 100vw, 640px\" \/><\/a><\/p>\n<p>&nbsp;<\/p>\n<p><strong>Y a las diez este otro.<\/strong><\/p>\n<p>&nbsp;<\/p>\n<p><a href=\"https:\/\/blogs.diariosur.es\/tormentas-y-rayos\/2015\/01\/07\/prevision-del-tiempo-en-andalucia-comienzan-las-rebajas-de-enero-sin-descuentos-en-el-anticiclon\/_dsc7038\/\" rel=\"attachment wp-att-10798\"><img loading=\"lazy\" class=\"aligncenter size-full wp-image-10798\" title=\"_DSC7038\" src=\"\/tormentas-y-rayos\/wp-content\/uploads\/sites\/12\/2015\/01\/DSC7038.jpg\" alt=\"\" width=\"640\" height=\"427\" srcset=\"https:\/\/static-blogs.diariosur.es\/wp-content\/uploads\/sites\/12\/2015\/01\/DSC7038.jpg 640w, https:\/\/static-blogs.diariosur.es\/wp-content\/uploads\/sites\/12\/2015\/01\/DSC7038-600x400.jpg 600w\" sizes=\"(max-width: 640px) 100vw, 640px\" \/><\/a><\/p>\n<p>&nbsp;<\/p>\n<p>&nbsp;<\/p>\n<p><strong>La niebla era protagonista en algunos puntos de Andaluc\u00eda. Mi amiga Evita Telo me manda esta foto desde C\u00e1diz.<\/strong><\/p>\n<p>&nbsp;<\/p>\n<p>&nbsp;<\/p>\n<p><a href=\"https:\/\/blogs.diariosur.es\/tormentas-y-rayos\/2015\/01\/07\/prevision-del-tiempo-en-andalucia-comienzan-las-rebajas-de-enero-sin-descuentos-en-el-anticiclon\/evita-telo-4\/\" rel=\"attachment wp-att-10799\"><img loading=\"lazy\" class=\"aligncenter size-full wp-image-10799\" title=\"evita telo\" src=\"\/tormentas-y-rayos\/wp-content\/uploads\/sites\/12\/2015\/01\/evita-telo.jpg\" alt=\"\" width=\"640\" height=\"480\" srcset=\"https:\/\/static-blogs.diariosur.es\/wp-content\/uploads\/sites\/12\/2015\/01\/evita-telo.jpg 640w, https:\/\/static-blogs.diariosur.es\/wp-content\/uploads\/sites\/12\/2015\/01\/evita-telo-533x400.jpg 533w\" sizes=\"(max-width: 640px) 100vw, 640px\" \/><\/a><\/p>\n<p>&nbsp;<\/p>\n<p>&nbsp;<\/p>\n<p><strong>Sobre las once y media de la ma\u00f1ana tire para la playa, necesitaba cargar las pilas, el \u00a0olor a marismo ayuda. <\/strong><\/p>\n<p><strong>La mar estaba en calma chicha y los cirrus eran los protagonistas en los cielos malague\u00f1os.<\/strong><\/p>\n<p>&nbsp;<\/p>\n<p><strong><a href=\"https:\/\/blogs.diariosur.es\/tormentas-y-rayos\/2015\/01\/07\/prevision-del-tiempo-en-andalucia-comienzan-las-rebajas-de-enero-sin-descuentos-en-el-anticiclon\/b-35\/\" rel=\"attachment wp-att-10801\"><img loading=\"lazy\" class=\"aligncenter size-full wp-image-10801\" title=\"b\" src=\"\/tormentas-y-rayos\/wp-content\/uploads\/sites\/12\" alt=\"\" width=\"640\" height=\"427\" \/><\/a>\u00a0<\/strong><\/p>\n<p>&nbsp;<\/p>\n<p><strong>De vuelta a casa me pase por el Restaurante\u00a0Cafeter\u00eda\u00a0Quintana, salude a mis amig@s Lourdes que es una gran\u00a0fot\u00f3grafa\u00a0de amaneceres, \u00a0y a Pepe y Juan dos grandes profesionales, un abrazo tambi\u00e9n para los Antonios y\u00a0dem\u00e1s\u00a0camareros, son todos estupendos.<\/strong><\/p>\n<p>&nbsp;<\/p>\n<p>&nbsp;<\/p>\n<p><a href=\"https:\/\/blogs.diariosur.es\/tormentas-y-rayos\/2015\/01\/07\/prevision-del-tiempo-en-andalucia-comienzan-las-rebajas-de-enero-sin-descuentos-en-el-anticiclon\/_dsc7058\/\" rel=\"attachment wp-att-10802\"><img loading=\"lazy\" class=\"aligncenter size-full wp-image-10802\" title=\"_DSC7058\" src=\"\/tormentas-y-rayos\/wp-content\/uploads\/sites\/12\/2015\/01\/DSC7058.jpg\" alt=\"\" width=\"640\" height=\"427\" srcset=\"https:\/\/static-blogs.diariosur.es\/wp-content\/uploads\/sites\/12\/2015\/01\/DSC7058.jpg 640w, https:\/\/static-blogs.diariosur.es\/wp-content\/uploads\/sites\/12\/2015\/01\/DSC7058-600x400.jpg 600w\" sizes=\"(max-width: 640px) 100vw, 640px\" \/><\/a><\/p>\n<p>&nbsp;<\/p>\n<p>&nbsp;<\/p>\n<p><strong>Al ponerse el sol nuevamente se dio un candilazo, el cual yo me perd\u00ed como paso por la ma\u00f1ana. Mi amiga Maria Jose Moyano si estuvo atentea y lo cazo. \u00a0Gracias.<\/strong><\/p>\n<p>&nbsp;<\/p>\n<p>&nbsp;<\/p>\n<p>&nbsp;<\/p>\n<p><a href=\"https:\/\/blogs.diariosur.es\/tormentas-y-rayos\/2015\/01\/07\/prevision-del-tiempo-en-andalucia-comienzan-las-rebajas-de-enero-sin-descuentos-en-el-anticiclon\/1513763_335476879988818_8294152374907936072_n_1-2\/\" rel=\"attachment wp-att-10807\"><img loading=\"lazy\" class=\"aligncenter size-full wp-image-10807\" title=\"1513763_335476879988818_8294152374907936072_n_1\" src=\"\/tormentas-y-rayos\/wp-content\/uploads\/sites\/12\/2015\/01\/1513763_335476879988818_8294152374907936072_n_11.jpg\" alt=\"\" width=\"640\" height=\"480\" srcset=\"https:\/\/static-blogs.diariosur.es\/wp-content\/uploads\/sites\/12\/2015\/01\/1513763_335476879988818_8294152374907936072_n_11.jpg 640w, https:\/\/static-blogs.diariosur.es\/wp-content\/uploads\/sites\/12\/2015\/01\/1513763_335476879988818_8294152374907936072_n_11-533x400.jpg 533w\" sizes=\"(max-width: 640px) 100vw, 640px\" \/><\/a><\/p>\n<p>&nbsp;<\/p>\n<p>&nbsp;<\/p>\n<p><strong>Os pongo \u00a0los datos mas destacados que se dieron ayer en Andaluc\u00eda.<\/strong><\/p>\n<p>&nbsp;<\/p>\n<p>&nbsp;<\/p>\n<p><a href=\"https:\/\/blogs.diariosur.es\/tormentas-y-rayos\/2015\/01\/07\/prevision-del-tiempo-en-andalucia-comienzan-las-rebajas-de-enero-sin-descuentos-en-el-anticiclon\/datos-9\/\" rel=\"attachment wp-att-10810\"><img loading=\"lazy\" class=\"aligncenter size-large wp-image-10810\" title=\"datos\" src=\"\/tormentas-y-rayos\/wp-content\/uploads\/sites\/12\/2015\/01\/datos1.jpg\" alt=\"\" width=\"619\" height=\"600\" srcset=\"https:\/\/static-blogs.diariosur.es\/wp-content\/uploads\/sites\/12\/2015\/01\/datos1.jpg 797w, https:\/\/static-blogs.diariosur.es\/wp-content\/uploads\/sites\/12\/2015\/01\/datos1-413x400.jpg 413w, https:\/\/static-blogs.diariosur.es\/wp-content\/uploads\/sites\/12\/2015\/01\/datos1-768x744.jpg 768w\" sizes=\"(max-width: 619px) 100vw, 619px\" \/><\/a><\/p>\n<p>&nbsp;<\/p>\n<p>&nbsp;<\/p>\n<p><strong>\u00a0Poco mas que contar. Os dejo con estos \u00a0fotones, \u00a0la primera foto de mi amigo Ivan Delli desde Tenerife. Una pasada de bonita.<\/strong><\/p>\n<p>&nbsp;<\/p>\n<p><a href=\"https:\/\/blogs.diariosur.es\/tormentas-y-rayos\/2015\/01\/07\/prevision-del-tiempo-en-andalucia-comienzan-las-rebajas-de-enero-sin-descuentos-en-el-anticiclon\/10848739_1397772423851150_6263523695685595808_o\/\" rel=\"attachment wp-att-10800\"><img loading=\"lazy\" class=\"aligncenter size-full wp-image-10800\" title=\"10848739_1397772423851150_6263523695685595808_o\" src=\"\/tormentas-y-rayos\/wp-content\/uploads\/sites\/12\/2015\/01\/10848739_1397772423851150_6263523695685595808_o.jpg\" alt=\"\" width=\"640\" height=\"428\" srcset=\"https:\/\/static-blogs.diariosur.es\/wp-content\/uploads\/sites\/12\/2015\/01\/10848739_1397772423851150_6263523695685595808_o.jpg 640w, https:\/\/static-blogs.diariosur.es\/wp-content\/uploads\/sites\/12\/2015\/01\/10848739_1397772423851150_6263523695685595808_o-598x400.jpg 598w\" sizes=\"(max-width: 640px) 100vw, 640px\" \/><\/a><\/p>\n<p>&nbsp;<\/p>\n<p>&nbsp;<\/p>\n<p><strong>Y la segunda de Fernando \u00a0Fer\u00e1ndez, preciosa luna llena de invierno amigo.<\/strong><\/p>\n<p>&nbsp;<\/p>\n<p><a href=\"https:\/\/blogs.diariosur.es\/tormentas-y-rayos\/2015\/01\/07\/prevision-del-tiempo-en-andalucia-comienzan-las-rebajas-de-enero-sin-descuentos-en-el-anticiclon\/fernando-fernandez-4\/\" rel=\"attachment wp-att-10803\"><img loading=\"lazy\" class=\"aligncenter size-full wp-image-10803\" title=\"fernando fernandez\" src=\"\/tormentas-y-rayos\/wp-content\/uploads\/sites\/12\/2015\/01\/fernando-fernandez.jpg\" alt=\"\" width=\"640\" height=\"360\" \/><\/a><\/p>\n","protected":false},"excerpt":{"rendered":"<p>\u00a0 &nbsp; &nbsp; &nbsp; &nbsp; Buenos dias amigos de la meteo, son las seis de la ma\u00f1ana, registro 10 grados y los cielos malague\u00f1os est\u00e1n despejados. Seg\u00fan el sat\u00e9lite tenemos nubes altas en la provincia de Almer\u00eda y sobre todo nieblas en la Meseta Norte y Valle del Ebro, asi que precauci\u00f3n si vais por [&hellip;]<\/p>\n","protected":false},"author":16,"featured_media":10804,"comment_status":"open","ping_status":"open","sticky":false,"template":"","format":"standard","meta":[],"categories":[2],"tags":[270,320,366,550,809,980],"_links":{"self":[{"href":"https:\/\/blogs.diariosur.es\/tormentas-y-rayos\/wp-json\/wp\/v2\/posts\/10795"}],"collection":[{"href":"https:\/\/blogs.diariosur.es\/tormentas-y-rayos\/wp-json\/wp\/v2\/posts"}],"about":[{"href":"https:\/\/blogs.diariosur.es\/tormentas-y-rayos\/wp-json\/wp\/v2\/types\/post"}],"author":[{"embeddable":true,"href":"https:\/\/blogs.diariosur.es\/tormentas-y-rayos\/wp-json\/wp\/v2\/users\/16"}],"replies":[{"embeddable":true,"href":"https:\/\/blogs.diariosur.es\/tormentas-y-rayos\/wp-json\/wp\/v2\/comments?post=10795"}],"version-history":[{"count":0,"href":"https:\/\/blogs.diariosur.es\/tormentas-y-rayos\/wp-json\/wp\/v2\/posts\/10795\/revisions"}],"wp:featuredmedia":[{"embeddable":true,"href":"https:\/\/blogs.diariosur.es\/tormentas-y-rayos\/wp-json\/wp\/v2\/media\/10804"}],"wp:attachment":[{"href":"https:\/\/blogs.diariosur.es\/tormentas-y-rayos\/wp-json\/wp\/v2\/media?parent=10795"}],"wp:term":[{"taxonomy":"category","embeddable":true,"href":"https:\/\/blogs.diariosur.es\/tormentas-y-rayos\/wp-json\/wp\/v2\/categories?post=10795"},{"taxonomy":"post_tag","embeddable":true,"href":"https:\/\/blogs.diariosur.es\/tormentas-y-rayos\/wp-json\/wp\/v2\/tags?post=10795"}],"curies":[{"name":"wp","href":"https:\/\/api.w.org\/{rel}","templated":true}]}}