{"id":10811,"date":"2015-01-08T08:26:52","date_gmt":"2015-01-08T07:26:52","guid":{"rendered":"http:\/\/blogs.diariosur.es\/tormentas-y-rayos\/?p=10811"},"modified":"2015-01-08T08:26:52","modified_gmt":"2015-01-08T07:26:52","slug":"prevision-del-tiempo-el-ano-2014-ha-sido-el-mas-calido-desde-que-se-tienen-registros-a-nivel-mundial","status":"publish","type":"post","link":"https:\/\/blogs.diariosur.es\/tormentas-y-rayos\/2015\/01\/08\/prevision-del-tiempo-el-ano-2014-ha-sido-el-mas-calido-desde-que-se-tienen-registros-a-nivel-mundial\/","title":{"rendered":"Previsi\u00f3n del tiempo. El a\u00f1o 2014 ha sido el m\u00e1s c\u00e1lido desde que se tienen registros a nivel mundial."},"content":{"rendered":"<p><img loading=\"lazy\" class=\"aligncenter\" src=\"https:\/\/farm3.staticflickr.com\/2898\/14371881571_bbae3518b1_q.jpg\" alt=\"\" width=\"150\" height=\"150\" \/><\/p>\n<p>&nbsp;<\/p>\n<p>&nbsp;<\/p>\n<p>&nbsp;<\/p>\n<p>&nbsp;<\/p>\n<p>&nbsp;<\/p>\n<p><strong>Buenos dias amigos de la meteo, son las siete de la ma\u00f1ana, registro 12 grados y los cielos est\u00e1n despejados. Entre la zona de Fuengirola y Marbella cayeron ayer a ultima hora de la noche algunas gotas. Un compa\u00f1ero de trabajo me mando un mensaje para decirmelo.<\/strong><\/p>\n<p><strong>El viento de levante tomara protagonismo en el litoral\u00a0mediterr\u00e1neo\u00a0andaluz, las rachas mas fuertes se\u00a0dar\u00e1n\u00a0en el Estrecho y Tarifa. Las maximas iran subiendo poco a poco. \u00a0Ma\u00f1ana os\u00a0dar\u00e9\u00a0la previsi\u00f3n del fin de semana.<\/strong><\/p>\n<p><a href=\"https:\/\/blogs.diariosur.es\/tormentas-y-rayos\/2015\/01\/08\/prevision-del-tiempo-el-ano-2014-ha-sido-el-mas-calido-desde-que-se-tienen-registros-a-nivel-mundial\/cg1\/\" rel=\"attachment wp-att-10815\"><img loading=\"lazy\" class=\"aligncenter size-full wp-image-10815\" title=\"cg1\" src=\"\/tormentas-y-rayos\/wp-content\/uploads\/sites\/12\/2015\/01\/cg1.jpg\" alt=\"\" width=\"430\" height=\"401\" srcset=\"https:\/\/static-blogs.diariosur.es\/wp-content\/uploads\/sites\/12\/2015\/01\/cg1.jpg 430w, https:\/\/static-blogs.diariosur.es\/wp-content\/uploads\/sites\/12\/2015\/01\/cg1-429x400.jpg 429w\" sizes=\"(max-width: 430px) 100vw, 430px\" \/><\/a><\/p>\n<p>&nbsp;<\/p>\n<p>&nbsp;<\/p>\n<p>&nbsp;<\/p>\n<p><strong>La \u00a0Agencia Meteorol\u00f3gica de Jap\u00f3n (JMA), la primera de las cuatro principales gestores de registros de la temperatura mundial y en liberar sus datos para el a\u00f1o pasado, ha hecho publico lo que muchos nos temiamos. El a\u00f1o 2014 ha sido el mas\u00a0c\u00e1lido\u00a0a nivel global desde que se tienen registros.\u00a0<\/strong><\/p>\n<p><strong>Os paso el articulo publicado por la Revista Ram<em>\u00a0( revista del aficionado a la meteorologia). Esperemos que se tomen medidas cuanto antes.<\/em><\/strong><\/p>\n<p>&nbsp;<\/p>\n<p>&nbsp;<\/p>\n<h1><em><span style=\"color: #ff0000;\"><strong>\u00a0ENLACE<\/strong><\/span>\u00a0\u00a0<a href=\"http:\/\/www.tiempo.com\/ram\/142792\/2014-el-ano-mas-calido-a-nivel-global\/\" rel=\"external nofollow\">2014: el a\u00f1o m\u00e1s c\u00e1lido a nivel global<\/a><\/em><\/h1>\n<p>&nbsp;<\/p>\n<p><strong>Os dejo con los datos mas destacados que se dieron ayer en Andaluc\u00eda.<\/strong><\/p>\n<p>&nbsp;<\/p>\n<p><a href=\"https:\/\/blogs.diariosur.es\/tormentas-y-rayos\/2015\/01\/08\/prevision-del-tiempo-el-ano-2014-ha-sido-el-mas-calido-desde-que-se-tienen-registros-a-nivel-mundial\/reba\/\" rel=\"attachment wp-att-10812\"><img loading=\"lazy\" class=\"aligncenter size-large wp-image-10812\" title=\"reba\" src=\"\/tormentas-y-rayos\/wp-content\/uploads\/sites\/12\/2015\/01\/reba.jpg\" alt=\"\" width=\"491\" height=\"600\" srcset=\"https:\/\/static-blogs.diariosur.es\/wp-content\/uploads\/sites\/12\/2015\/01\/reba.jpg 801w, https:\/\/static-blogs.diariosur.es\/wp-content\/uploads\/sites\/12\/2015\/01\/reba-328x400.jpg 328w, https:\/\/static-blogs.diariosur.es\/wp-content\/uploads\/sites\/12\/2015\/01\/reba-768x937.jpg 768w\" sizes=\"(max-width: 491px) 100vw, 491px\" \/><\/a><\/p>\n<header>\n<h1><\/h1>\n<\/header>\n","protected":false},"excerpt":{"rendered":"<p>&nbsp; &nbsp; &nbsp; &nbsp; &nbsp; Buenos dias amigos de la meteo, son las siete de la ma\u00f1ana, registro 12 grados y los cielos est\u00e1n despejados. Entre la zona de Fuengirola y Marbella cayeron ayer a ultima hora de la noche algunas gotas. Un compa\u00f1ero de trabajo me mando un mensaje para decirmelo. El viento de [&hellip;]<\/p>\n","protected":false},"author":16,"featured_media":10814,"comment_status":"open","ping_status":"open","sticky":false,"template":"","format":"standard","meta":[],"categories":[2],"tags":[],"_links":{"self":[{"href":"https:\/\/blogs.diariosur.es\/tormentas-y-rayos\/wp-json\/wp\/v2\/posts\/10811"}],"collection":[{"href":"https:\/\/blogs.diariosur.es\/tormentas-y-rayos\/wp-json\/wp\/v2\/posts"}],"about":[{"href":"https:\/\/blogs.diariosur.es\/tormentas-y-rayos\/wp-json\/wp\/v2\/types\/post"}],"author":[{"embeddable":true,"href":"https:\/\/blogs.diariosur.es\/tormentas-y-rayos\/wp-json\/wp\/v2\/users\/16"}],"replies":[{"embeddable":true,"href":"https:\/\/blogs.diariosur.es\/tormentas-y-rayos\/wp-json\/wp\/v2\/comments?post=10811"}],"version-history":[{"count":0,"href":"https:\/\/blogs.diariosur.es\/tormentas-y-rayos\/wp-json\/wp\/v2\/posts\/10811\/revisions"}],"wp:featuredmedia":[{"embeddable":true,"href":"https:\/\/blogs.diariosur.es\/tormentas-y-rayos\/wp-json\/wp\/v2\/media\/10814"}],"wp:attachment":[{"href":"https:\/\/blogs.diariosur.es\/tormentas-y-rayos\/wp-json\/wp\/v2\/media?parent=10811"}],"wp:term":[{"taxonomy":"category","embeddable":true,"href":"https:\/\/blogs.diariosur.es\/tormentas-y-rayos\/wp-json\/wp\/v2\/categories?post=10811"},{"taxonomy":"post_tag","embeddable":true,"href":"https:\/\/blogs.diariosur.es\/tormentas-y-rayos\/wp-json\/wp\/v2\/tags?post=10811"}],"curies":[{"name":"wp","href":"https:\/\/api.w.org\/{rel}","templated":true}]}}