{"id":10828,"date":"2015-01-11T07:37:29","date_gmt":"2015-01-11T06:37:29","guid":{"rendered":"http:\/\/blogs.diariosur.es\/tormentas-y-rayos\/?p=10828"},"modified":"2015-01-11T07:37:29","modified_gmt":"2015-01-11T06:37:29","slug":"prevision-del-tiempo-record-de-presion-en-malaga-el-viernes-de-1040-a-1044-se-batira-hoy-el-record-en-malaga-de-la-temperatura-mas-alta-para-un-mes-de-enero","status":"publish","type":"post","link":"https:\/\/blogs.diariosur.es\/tormentas-y-rayos\/2015\/01\/11\/prevision-del-tiempo-record-de-presion-en-malaga-el-viernes-de-1040-a-1044-se-batira-hoy-el-record-en-malaga-de-la-temperatura-mas-alta-para-un-mes-de-enero\/","title":{"rendered":"Previsi\u00f3n del tiempo. \u00bf Se batir\u00e1 hoy el r\u00e9cord en M\u00e1laga de la temperatura mas alta para un mes de Enero ?   R\u00e9cord de presi\u00f3n en M\u00e1laga el viernes, de 1040 a 1044."},"content":{"rendered":"<p>&nbsp;<\/p>\n<p><img loading=\"lazy\" class=\"aligncenter\" src=\"https:\/\/farm6.staticflickr.com\/5566\/14568830453_8e0522e3fc_q.jpg\" alt=\"\" width=\"150\" height=\"150\" \/><\/p>\n<p>&nbsp;<\/p>\n<p>&nbsp;<\/p>\n<p>&nbsp;<\/p>\n<p>&nbsp;<\/p>\n<p>&nbsp;<\/p>\n<p><strong><em>Buenos dias amigos de la meteo, son las siete de la ma\u00f1ana, registro en mi estaci\u00f3n 12 grados y los cielos andaluces est\u00e1n poco nubosos, solo distingo en el\u00a0sat\u00e9lite eumetsat\u00a0algunos bancos de niebla.\u00a0<\/em><\/strong><\/p>\n<p><span style=\"color: #ff0000;\"><strong>Gracias por \u00a0participar\u00a0en la porra, hay mas de 80 respuestas entre facebook, mensajes y correos jijijij. Me\u00a0ten\u00e9is\u00a0que dar tiempo para anunciar al ganador.<\/strong><\/span><\/p>\n<div><strong><em>Donde las nubes si son protagonistas en\u00a0el norte peninsular, en estos \u00a0moemntos el frente del que os hablaba ayer deja precipitaciones. Tambi\u00e9n se distinguen bancos de niebla<\/em><\/strong><\/div>\n<p>&nbsp;<\/p>\n<p style=\"text-align: center;\"><a href=\"https:\/\/blogs.diariosur.es\/tormentas-y-rayos\/2015\/01\/10\/el-potente-anticiclon-deja-record-de-presion-en-la-peninsula-malaga-casi-1043-hpa-el-21-de-enero-del-1981-malaga-registro-26-8-grados-volvera-a-pasar-manana-domingo\/domingo-24\/\" rel=\"attachment wp-att-10829\"><img loading=\"lazy\" class=\"aligncenter\" title=\"domingo\" src=\"\/tormentas-y-rayos\/wp-content\/uploads\/sites\/12\/2015\/01\/domingo.jpg\" alt=\"\" width=\"552\" height=\"400\" \/><\/a><\/p>\n<p>&nbsp;<\/p>\n<p><strong>Bueno amigos, dentro de un par de horas el terral de invierno sera el protagonista en M\u00e1laga Capital y zonas expuestas a este viento. Sobre las seis o siete de la tarde se\u00a0sabr\u00e1\u00a0la\u00a0m\u00e1xima\u00a0que hemos dado.<\/strong><\/p>\n<p><strong> A ultima hora de la tarde noche nuevamente entrara el levante bruscamente y ma\u00f1ana sera el protagonista.\u00a0<\/strong><\/p>\n<p><strong> Antes de nada os dejo el enlace del post de ayer <a href=\"https:\/\/blogs.diariosur.es\/tormentas-y-rayos\/2015\/01\/10\/el-potente-anticiclon-deja-record-de-presion-en-la-peninsula-malaga-casi-1043-hpa-el-21-de-enero-del-1981-malaga-registro-26-8-grados-volvera-a-pasar-manana-domingo\/\">\u00a0ENLACE PINCHAR\u00a0<\/a>\u00a0, en \u00e9l\u00a0ver\u00e9is\u00a0\u00a0unos mapas del a\u00f1o 1981\u00a0compar\u00e1ndolos\u00a0con los de hoy.<\/strong><\/p>\n<p><strong><span><span style=\"color: #ff0000;\">El r\u00e9cord \u00a0en M\u00e1laga Capital esta en 26.8 grados, la verdad que es\u00a0dif\u00edcil\u00a0batirlo pero todo\u00a0depender\u00e1\u00a0de la hora que entre el terral de invierno. Y sobre todo de la masa de aire c\u00e1lido, ya que se desplaza hacia el noreste de\u00a0\u00c1frica.\u00a0<\/span><\/span><\/strong><\/p>\n<p><strong>Ayer\u00a0s\u00e1bado ya se\u00a0registraron altas temperaturas en la Comunidad Valenciana,\u00a0quiz\u00e1s\u00a0en\u00a0alg\u00fan\u00a0punto se\u00a0batir\u00eda\u00a0alg\u00fan\u00a0r\u00e9cord.\u00a0\u00a0\u00a0De todas formas en las Capitales como Castell\u00f3n, Valencia y Alicante las\u00a0m\u00e1ximas\u00a0rondaron los 25 grados,\u00a0muy lejos de los 29 que se han dado en estas capitales a\u00f1os anteriores.<\/strong><\/p>\n<p><strong>En\u00a0Andaluc\u00eda\u00a0si subieron las\u00a0m\u00e1ximas, pero lo mas destacado fue la inversi\u00f3n\u00a0t\u00e9rmica\u00a0que se dio en Granada Aeropuerto, de estar a 6 grados bajo cero a las ocho de la ma\u00f1ana, sobre las cuatro \u00a0de la tarde llegaba a los 19.\u00a0Bestialllllllllll. Os paso los datos mas destacados que se dieron. Fuente aemet<\/strong><\/p>\n<p>&nbsp;<\/p>\n<p><a href=\"https:\/\/blogs.diariosur.es\/tormentas-y-rayos\/2015\/01\/11\/prevision-del-tiempo-record-de-presion-en-malaga-el-viernes-de-1040-a-1044-se-batira-hoy-el-record-en-malaga-de-la-temperatura-mas-alta-para-un-mes-de-enero\/granada-7\/\" rel=\"attachment wp-att-10831\"><img loading=\"lazy\" class=\"aligncenter size-medium wp-image-10831\" title=\"granada\" src=\"\/tormentas-y-rayos\/wp-content\/uploads\/sites\/12\/2015\/01\/granada1.jpg\" alt=\"\" width=\"600\" height=\"260\" srcset=\"https:\/\/static-blogs.diariosur.es\/wp-content\/uploads\/sites\/12\/2015\/01\/granada1.jpg 738w, https:\/\/static-blogs.diariosur.es\/wp-content\/uploads\/sites\/12\/2015\/01\/granada1-640x278.jpg 640w\" sizes=\"(max-width: 600px) 100vw, 600px\" \/><\/a><\/p>\n<p>&nbsp;<\/p>\n<p>&nbsp;<\/p>\n<p><a href=\"https:\/\/blogs.diariosur.es\/tormentas-y-rayos\/2015\/01\/11\/prevision-del-tiempo-record-de-presion-en-malaga-el-viernes-de-1040-a-1044-se-batira-hoy-el-record-en-malaga-de-la-temperatura-mas-alta-para-un-mes-de-enero\/datoso\/\" rel=\"attachment wp-att-10832\"><img loading=\"lazy\" class=\"aligncenter size-large wp-image-10832\" title=\"datoso\" src=\"\/tormentas-y-rayos\/wp-content\/uploads\/sites\/12\/2015\/01\/datoso.jpg\" alt=\"\" width=\"619\" height=\"600\" srcset=\"https:\/\/static-blogs.diariosur.es\/wp-content\/uploads\/sites\/12\/2015\/01\/datoso.jpg 801w, https:\/\/static-blogs.diariosur.es\/wp-content\/uploads\/sites\/12\/2015\/01\/datoso-413x400.jpg 413w, https:\/\/static-blogs.diariosur.es\/wp-content\/uploads\/sites\/12\/2015\/01\/datoso-768x744.jpg 768w\" sizes=\"(max-width: 619px) 100vw, 619px\" \/><\/a><\/p>\n<p><strong>\u00a0<\/strong><\/p>\n<p>&nbsp;<\/p>\n<p><span style=\"color: #ff0000;\">\u00a0<strong>Como os comento en el titulo del post, M\u00e1laga Capital ha batido el\u00a0r\u00e9cord\u00a0de presi\u00f3n, el anterior\u00a0seg\u00fan\u00a0me han comentado estaba en 1040, el viernes al final se llego a los 1044.<\/strong><\/span><\/p>\n<p>&nbsp;<\/p>\n<p>&nbsp;<\/p>\n<p><strong>Desde el dia 1 de Enero no he fotografiado el amanecer, y\u00a0seg\u00fan\u00a0me han comentado hemos tenido algunos preciosos. Aprovechando que hoy domingo no curro tirare para la playa. Ma\u00f1ana cuando actualice de nuevo el blog\u00a0os\u00a0pondr\u00e9\u00a0las\u00a0fotos. Si cuando llegue \u00a0de la playa y antes de irme para Torre de Benagalb\u00f3n me da tiempo os\u00a0pondr\u00e9\u00a0en facebook un par de ellas.<\/strong><\/p>\n<p><strong>Os dejo hasta ma\u00f1ana con otra foto de archivo, poco a poco asustaremos al anticicl\u00f3n jijijij. Ayer se asusto y lo mismo para el viernes que viene tenemos cambios.<\/strong><\/p>\n<p>&nbsp;<\/p>\n<p><img loading=\"lazy\" class=\"aligncenter\" src=\"https:\/\/farm8.staticflickr.com\/7503\/15704012008_fc6e01bdef_z.jpg\" alt=\"\" width=\"640\" height=\"427\" \/><\/p>\n<p>&nbsp;<\/p>\n<p>&nbsp;<\/p>\n<p>&nbsp;<\/p>\n<p>&nbsp;<\/p>\n<p>&nbsp;<\/p>\n","protected":false},"excerpt":{"rendered":"<p>&nbsp; &nbsp; &nbsp; &nbsp; &nbsp; &nbsp; Buenos dias amigos de la meteo, son las siete de la ma\u00f1ana, registro en mi estaci\u00f3n 12 grados y los cielos andaluces est\u00e1n poco nubosos, solo distingo en el\u00a0sat\u00e9lite eumetsat\u00a0algunos bancos de niebla.\u00a0 Gracias por \u00a0participar\u00a0en la porra, hay mas de 80 respuestas entre facebook, mensajes y correos jijijij. [&hellip;]<\/p>\n","protected":false},"author":16,"featured_media":10833,"comment_status":"open","ping_status":"open","sticky":false,"template":"","format":"standard","meta":[],"categories":[2],"tags":[809,980],"_links":{"self":[{"href":"https:\/\/blogs.diariosur.es\/tormentas-y-rayos\/wp-json\/wp\/v2\/posts\/10828"}],"collection":[{"href":"https:\/\/blogs.diariosur.es\/tormentas-y-rayos\/wp-json\/wp\/v2\/posts"}],"about":[{"href":"https:\/\/blogs.diariosur.es\/tormentas-y-rayos\/wp-json\/wp\/v2\/types\/post"}],"author":[{"embeddable":true,"href":"https:\/\/blogs.diariosur.es\/tormentas-y-rayos\/wp-json\/wp\/v2\/users\/16"}],"replies":[{"embeddable":true,"href":"https:\/\/blogs.diariosur.es\/tormentas-y-rayos\/wp-json\/wp\/v2\/comments?post=10828"}],"version-history":[{"count":0,"href":"https:\/\/blogs.diariosur.es\/tormentas-y-rayos\/wp-json\/wp\/v2\/posts\/10828\/revisions"}],"wp:featuredmedia":[{"embeddable":true,"href":"https:\/\/blogs.diariosur.es\/tormentas-y-rayos\/wp-json\/wp\/v2\/media\/10833"}],"wp:attachment":[{"href":"https:\/\/blogs.diariosur.es\/tormentas-y-rayos\/wp-json\/wp\/v2\/media?parent=10828"}],"wp:term":[{"taxonomy":"category","embeddable":true,"href":"https:\/\/blogs.diariosur.es\/tormentas-y-rayos\/wp-json\/wp\/v2\/categories?post=10828"},{"taxonomy":"post_tag","embeddable":true,"href":"https:\/\/blogs.diariosur.es\/tormentas-y-rayos\/wp-json\/wp\/v2\/tags?post=10828"}],"curies":[{"name":"wp","href":"https:\/\/api.w.org\/{rel}","templated":true}]}}