{"id":10835,"date":"2015-01-12T07:09:38","date_gmt":"2015-01-12T06:09:38","guid":{"rendered":"http:\/\/blogs.diariosur.es\/tormentas-y-rayos\/?p=10835"},"modified":"2015-01-12T07:09:38","modified_gmt":"2015-01-12T06:09:38","slug":"prevision-del-tiempo-rincon-de-la-victoria-da-la-maxima-de-espana-con-257-grados-las-nubes-medias-y-altas-toman-protagonismo-en-andalucia","status":"publish","type":"post","link":"https:\/\/blogs.diariosur.es\/tormentas-y-rayos\/2015\/01\/12\/prevision-del-tiempo-rincon-de-la-victoria-da-la-maxima-de-espana-con-257-grados-las-nubes-medias-y-altas-toman-protagonismo-en-andalucia\/","title":{"rendered":"Previsi\u00f3n del tiempo. Rinc\u00f3n de la Victoria da la m\u00e1xima de Espa\u00f1a con 25,7 grados. Las nubes medias y altas toman protagonismo en Andaluc\u00eda."},"content":{"rendered":"<p><img loading=\"lazy\" class=\"aligncenter\" src=\"https:\/\/farm3.staticflickr.com\/2898\/14371881571_bbae3518b1_q.jpg\" alt=\"\" width=\"150\" height=\"150\" \/><\/p>\n<p>&nbsp;<\/p>\n<p>&nbsp;<\/p>\n<p>&nbsp;<\/p>\n<p>&nbsp;<\/p>\n<p><strong>Buenos dias amigos de la meteo, son las cinco y media de la ma\u00f1ana, registro 13,8 grados y los cielos est\u00e1n muy nubosos ( posible candilazo). El levante desde primeras horas de la madrugada sopla en la Costa\u00a0Mediterr\u00e1nea\u00a0Andaluza y\u00a0as\u00ed\u00a0seguir\u00e1\u00a0durante todo el dia de hoy. Las nubes son protagonistas en toda\u00a0Andaluc\u00eda, esto ha hecho que las heladas habituales que se dan en la provincia de Granada no sean muy fuertes.\u00a0<\/strong><\/p>\n<p><strong>Las m\u00e1xima en M\u00e1laga Capital no creo que pase de los 18 grados, en el interior de\u00a0Andaluc\u00eda\u00a0y Valle del Guadalquivir\u00a0ser\u00e1n\u00a0mas o menos igual<\/strong><\/p>\n<p><strong>\u00a0 Los restos de la bolsa\u00a0de aire frio que ha estado afectando a las Islas Canarias, se aproximen a nuestra regi\u00f3n. En este mapa a 500 hpa \u00a0se ve claramente.<\/strong><\/p>\n<p>&nbsp;<\/p>\n<p><a href=\"https:\/\/blogs.diariosur.es\/tormentas-y-rayos\/2015\/01\/12\/prevision-del-tiempo-rincon-de-la-victoria-da-la-maxima-de-espana-con-257-grados-las-nubes-medias-y-altas-toman-protagonismo-en-andalucia\/captura-557\/\" rel=\"attachment wp-att-10846\"><img loading=\"lazy\" class=\"aligncenter size-medium wp-image-10846\" title=\"Captura\" src=\"\/tormentas-y-rayos\/wp-content\/uploads\/sites\/12\/2015\/01\/Captura5.jpg\" alt=\"\" width=\"563\" height=\"400\" srcset=\"https:\/\/static-blogs.diariosur.es\/wp-content\/uploads\/sites\/12\/2015\/01\/Captura5.jpg 762w, https:\/\/static-blogs.diariosur.es\/wp-content\/uploads\/sites\/12\/2015\/01\/Captura5-563x400.jpg 563w\" sizes=\"(max-width: 563px) 100vw, 563px\" \/><\/a><\/p>\n<p>&nbsp;<\/p>\n<p><strong>Esto trae consigo que en estos momentos las nubes medias y altas sean las protagonistas en toda Andaluc\u00eda. Incluso en\u00a0alg\u00fan\u00a0punto se pueden escapar algunas gotas.<\/strong><\/p>\n<p>&nbsp;<\/p>\n<p><a href=\"https:\/\/blogs.diariosur.es\/tormentas-y-rayos\/2015\/01\/12\/prevision-del-tiempo-rincon-de-la-victoria-da-la-maxima-de-espana-con-257-grados-las-nubes-medias-y-altas-toman-protagonismo-en-andalucia\/captura-558\/\" rel=\"attachment wp-att-10848\"><img loading=\"lazy\" class=\"aligncenter size-medium wp-image-10848\" title=\"Captura\" src=\"\/tormentas-y-rayos\/wp-content\/uploads\/sites\/12\/2015\/01\/Captura6.jpg\" alt=\"\" width=\"545\" height=\"400\" srcset=\"https:\/\/static-blogs.diariosur.es\/wp-content\/uploads\/sites\/12\/2015\/01\/Captura6.jpg 750w, https:\/\/static-blogs.diariosur.es\/wp-content\/uploads\/sites\/12\/2015\/01\/Captura6-545x400.jpg 545w\" sizes=\"(max-width: 545px) 100vw, 545px\" \/><\/a><\/p>\n<p>&nbsp;<\/p>\n<p>&nbsp;<\/p>\n<p><span style=\"color: #ff0000;\"><strong>A partir del viernes podemos tener algunos cambios mas importantes, pero de esto hablaremos poco a poco en las pr\u00f3ximas actualizaciones del blog.<\/strong><\/span><\/p>\n<p>&nbsp;<\/p>\n<p><strong>Bueno amigos, al final la\u00a0m\u00e1xima\u00a0en M\u00e1laga Capital \u00a0se quedo en 24,3 grados, a mas de dos grados del\u00a0r\u00e9cord\u00a0actual que se dio en el 1981 con 26,8. Pero la sorpresa la dio el Rinc\u00f3n de la Victoria que dio la\u00a0m\u00e1xima\u00a0de Espa\u00f1a con 25,7\u00a0grados. Yo que estuve en Torre de Benagalb\u00f3n era curioso sentir el aire fresquete que venia de poniente y en otras ocasiones bajaba aire caliente por los arroyos que tiene el Rinc\u00f3n.<\/strong><\/p>\n<p>&nbsp;<\/p>\n<p>&nbsp;<\/p>\n<p><a href=\"https:\/\/blogs.diariosur.es\/tormentas-y-rayos\/2015\/01\/12\/prevision-del-tiempo-rincon-de-la-victoria-da-la-maxima-de-espana-con-257-grados-las-nubes-medias-y-altas-toman-protagonismo-en-andalucia\/maxima-18\/\" rel=\"attachment wp-att-10842\"><img loading=\"lazy\" class=\"aligncenter size-medium wp-image-10842\" title=\"maxima\" src=\"\/tormentas-y-rayos\/wp-content\/uploads\/sites\/12\/2015\/01\/maxima1.jpg\" alt=\"\" width=\"600\" height=\"314\" srcset=\"https:\/\/static-blogs.diariosur.es\/wp-content\/uploads\/sites\/12\/2015\/01\/maxima1.jpg 810w, https:\/\/static-blogs.diariosur.es\/wp-content\/uploads\/sites\/12\/2015\/01\/maxima1-640x335.jpg 640w, https:\/\/static-blogs.diariosur.es\/wp-content\/uploads\/sites\/12\/2015\/01\/maxima1-768x402.jpg 768w\" sizes=\"(max-width: 600px) 100vw, 600px\" \/><\/a><\/p>\n<p><a href=\"https:\/\/blogs.diariosur.es\/tormentas-y-rayos\/2015\/01\/12\/prevision-del-tiempo-rincon-de-la-victoria-da-la-maxima-de-espana-con-257-grados-las-nubes-medias-y-altas-toman-protagonismo-en-andalucia\/captura-556\/\" rel=\"attachment wp-att-10843\"><img loading=\"lazy\" class=\"aligncenter size-medium wp-image-10843\" title=\"Captura\" src=\"\/tormentas-y-rayos\/wp-content\/uploads\/sites\/12\/2015\/01\/Captura4.jpg\" alt=\"\" width=\"600\" height=\"128\" srcset=\"https:\/\/static-blogs.diariosur.es\/wp-content\/uploads\/sites\/12\/2015\/01\/Captura4.jpg 805w, https:\/\/static-blogs.diariosur.es\/wp-content\/uploads\/sites\/12\/2015\/01\/Captura4-640x137.jpg 640w, https:\/\/static-blogs.diariosur.es\/wp-content\/uploads\/sites\/12\/2015\/01\/Captura4-768x164.jpg 768w\" sizes=\"(max-width: 600px) 100vw, 600px\" \/><\/a><a href=\"https:\/\/blogs.diariosur.es\/tormentas-y-rayos\/2015\/01\/12\/prevision-del-tiempo-rincon-de-la-victoria-da-la-maxima-de-espana-con-257-grados-las-nubes-medias-y-altas-toman-protagonismo-en-andalucia\/10898244_10204411156577939_6594188478180596108_n\/\" rel=\"attachment wp-att-10844\"><img loading=\"lazy\" class=\"aligncenter size-medium wp-image-10844\" title=\"10898244_10204411156577939_6594188478180596108_n\" src=\"\/tormentas-y-rayos\/wp-content\/uploads\/sites\/12\/2015\/01\/10898244_10204411156577939_6594188478180596108_n.jpg\" alt=\"\" width=\"600\" height=\"196\" srcset=\"https:\/\/static-blogs.diariosur.es\/wp-content\/uploads\/sites\/12\/2015\/01\/10898244_10204411156577939_6594188478180596108_n.jpg 795w, https:\/\/static-blogs.diariosur.es\/wp-content\/uploads\/sites\/12\/2015\/01\/10898244_10204411156577939_6594188478180596108_n-640x209.jpg 640w, https:\/\/static-blogs.diariosur.es\/wp-content\/uploads\/sites\/12\/2015\/01\/10898244_10204411156577939_6594188478180596108_n-768x251.jpg 768w\" sizes=\"(max-width: 600px) 100vw, 600px\" \/><\/a><\/p>\n<p>&nbsp;<\/p>\n<p><strong>El\u00a0mi\u00e9rcoles\u00a0que libro\u00a0dir\u00e9\u00a0el ganador de la porra, son mas de 100 respuestas y no me ha dado tiempo a mirarlas todas.<\/strong><\/p>\n<p>&nbsp;<\/p>\n<p>&nbsp;<\/p>\n<p>&nbsp;<\/p>\n<p>&nbsp;<\/p>\n<p>&nbsp;<\/p>\n<p><strong>Os hago un peque\u00f1o resumen del\u00a0d\u00eda\u00a0de ayer en fotos.\u00a0<\/strong><\/p>\n<p>&nbsp;<\/p>\n<p>&nbsp;<\/p>\n<p><strong>El anticicl\u00f3n ha influido estos\u00a0d\u00edas\u00a0para que las mareas sean mas bajas en las Costas de la\u00a0Pen\u00ednsula. Sobre las ocho de la ma\u00f1ana tire para la playa, no esperaba un gran amanecer pero\u00a0quer\u00eda\u00a0ver como\u00a0hab\u00eda\u00a0bajado la marea. La verdad que me quede sorprendido, y eso que aun le faltaba un par de horas \u00a0para que bajara mas. Os paso estas cuatro fotos, dos tomadas ayer, las otras del a\u00f1o pasado.<\/strong><\/p>\n<p>&nbsp;<\/p>\n<p>&nbsp;<\/p>\n<p>&nbsp;<\/p>\n<p><a href=\"https:\/\/blogs.diariosur.es\/tormentas-y-rayos\/2015\/01\/12\/prevision-del-tiempo-rincon-de-la-victoria-da-la-maxima-de-espana-con-257-grados-las-nubes-medias-y-altas-toman-protagonismo-en-andalucia\/_dsc7078-vert\/\" rel=\"attachment wp-att-10836\"><img loading=\"lazy\" class=\"aligncenter size-full wp-image-10836\" title=\"_DSC7078-vert\" src=\"\/tormentas-y-rayos\/wp-content\/uploads\/sites\/12\/2015\/01\/DSC7078-vert.jpg\" alt=\"\" width=\"640\" height=\"1761\" srcset=\"https:\/\/static-blogs.diariosur.es\/wp-content\/uploads\/sites\/12\/2015\/01\/DSC7078-vert.jpg 640w, https:\/\/static-blogs.diariosur.es\/wp-content\/uploads\/sites\/12\/2015\/01\/DSC7078-vert-145x400.jpg 145w\" sizes=\"(max-width: 640px) 100vw, 640px\" \/><\/a><\/p>\n<p>&nbsp;<\/p>\n<p>&nbsp;<\/p>\n<p><strong>Sobre las once llegue a Torre de Benagalb\u00f3n, la temperatura era de 23 grados a la sombra. No hacia aire y el dia invitaba a mirar el mar y a pasear.<\/strong><\/p>\n<p>&nbsp;<\/p>\n<p><img loading=\"lazy\" class=\"aligncenter\" src=\"https:\/\/farm8.staticflickr.com\/7575\/16254283501_67bf55cf6b_z.jpg\" alt=\"\" width=\"640\" height=\"352\" \/><\/p>\n<p>&nbsp;<\/p>\n<p>&nbsp;<\/p>\n<p><a href=\"https:\/\/blogs.diariosur.es\/tormentas-y-rayos\/2015\/01\/12\/prevision-del-tiempo-rincon-de-la-victoria-da-la-maxima-de-espana-con-257-grados-las-nubes-medias-y-altas-toman-protagonismo-en-andalucia\/10923306_10204408025179656_761770992907023707_o\/\" rel=\"attachment wp-att-10837\"><img loading=\"lazy\" class=\"aligncenter size-full wp-image-10837\" title=\"10923306_10204408025179656_761770992907023707_o\" src=\"\/tormentas-y-rayos\/wp-content\/uploads\/sites\/12\/2015\/01\/10923306_10204408025179656_761770992907023707_o.jpg\" alt=\"\" width=\"640\" height=\"360\" \/><\/a><\/p>\n<p>&nbsp;<\/p>\n<p>&nbsp;<\/p>\n<p><a href=\"https:\/\/blogs.diariosur.es\/tormentas-y-rayos\/2015\/01\/12\/prevision-del-tiempo-rincon-de-la-victoria-da-la-maxima-de-espana-con-257-grados-las-nubes-medias-y-altas-toman-protagonismo-en-andalucia\/10918967_10204408042540090_5299299987997437810_o\/\" rel=\"attachment wp-att-10838\"><img loading=\"lazy\" class=\"aligncenter size-full wp-image-10838\" title=\"10918967_10204408042540090_5299299987997437810_o\" src=\"\/tormentas-y-rayos\/wp-content\/uploads\/sites\/12\/2015\/01\/10918967_10204408042540090_5299299987997437810_o.jpg\" alt=\"\" width=\"640\" height=\"360\" \/><\/a><\/p>\n<p>&nbsp;<\/p>\n<p><strong>A la una y veinte\u00a0minutos mi\u00a0\u00a0 reloj marcaba 23.3 grados. El terral que no es frecuente en el Torre de Benagalb\u00f3n se notaba. El 1026 es la presi\u00f3n.<\/strong><\/p>\n<p>&nbsp;<\/p>\n<p>&nbsp;<\/p>\n<p><a href=\"https:\/\/blogs.diariosur.es\/tormentas-y-rayos\/2015\/01\/12\/prevision-del-tiempo-rincon-de-la-victoria-da-la-maxima-de-espana-con-257-grados-las-nubes-medias-y-altas-toman-protagonismo-en-andalucia\/10887630_10204408331307309_5478846803423067822_o\/\" rel=\"attachment wp-att-10839\"><img loading=\"lazy\" class=\"aligncenter size-full wp-image-10839\" title=\"10887630_10204408331307309_5478846803423067822_o\" src=\"\/tormentas-y-rayos\/wp-content\/uploads\/sites\/12\/2015\/01\/10887630_10204408331307309_5478846803423067822_o.jpg\" alt=\"\" width=\"640\" height=\"360\" \/><\/a><\/p>\n<p>&nbsp;<\/p>\n<p><strong>Al sentir el calor que hacia jijijiji, mi sobrina Paula y mi sobrino Juan le dimos la bienvenida a la primavera.<\/strong><\/p>\n<p>&nbsp;<\/p>\n<p><a href=\"https:\/\/blogs.diariosur.es\/tormentas-y-rayos\/2015\/01\/12\/prevision-del-tiempo-rincon-de-la-victoria-da-la-maxima-de-espana-con-257-grados-las-nubes-medias-y-altas-toman-protagonismo-en-andalucia\/10922342_10204408331787321_5718393871068495363_o\/\" rel=\"attachment wp-att-10840\"><img loading=\"lazy\" class=\"aligncenter size-full wp-image-10840\" title=\"10922342_10204408331787321_5718393871068495363_o\" src=\"\/tormentas-y-rayos\/wp-content\/uploads\/sites\/12\/2015\/01\/10922342_10204408331787321_5718393871068495363_o.jpg\" alt=\"\" width=\"640\" height=\"360\" \/><\/a><\/p>\n<p>&nbsp;<\/p>\n<p><strong>Cuando nos\u00a0\u00edbamos\u00a0sobre las cuatro de la tarde el aire caliente se hacia mas evidente.<\/strong><\/p>\n<p><strong>Y poco mas que contar del dia de ayer, os dejo con este fot\u00f3n de mi amigo Francisco Jose Rubio desde la Roda de Andaluc\u00eda.<\/strong><\/p>\n<p>&nbsp;<\/p>\n<p>&nbsp;<\/p>\n<p><a href=\"https:\/\/blogs.diariosur.es\/tormentas-y-rayos\/2015\/01\/12\/prevision-del-tiempo-rincon-de-la-victoria-da-la-maxima-de-espana-con-257-grados-las-nubes-medias-y-altas-toman-protagonismo-en-andalucia\/img_3931\/\" rel=\"attachment wp-att-10845\"><img loading=\"lazy\" class=\"aligncenter size-full wp-image-10845\" title=\"IMG_3931\" src=\"\/tormentas-y-rayos\/wp-content\/uploads\/sites\/12\/2015\/01\/IMG_3931.jpg\" alt=\"\" width=\"640\" height=\"427\" srcset=\"https:\/\/static-blogs.diariosur.es\/wp-content\/uploads\/sites\/12\/2015\/01\/IMG_3931.jpg 640w, https:\/\/static-blogs.diariosur.es\/wp-content\/uploads\/sites\/12\/2015\/01\/IMG_3931-600x400.jpg 600w\" sizes=\"(max-width: 640px) 100vw, 640px\" \/><\/a><\/p>\n<p>&nbsp;<\/p>\n","protected":false},"excerpt":{"rendered":"<p>&nbsp; &nbsp; &nbsp; &nbsp; Buenos dias amigos de la meteo, son las cinco y media de la ma\u00f1ana, registro 13,8 grados y los cielos est\u00e1n muy nubosos ( posible candilazo). El levante desde primeras horas de la madrugada sopla en la Costa\u00a0Mediterr\u00e1nea\u00a0Andaluza y\u00a0as\u00ed\u00a0seguir\u00e1\u00a0durante todo el dia de hoy. Las nubes son protagonistas en toda\u00a0Andaluc\u00eda, esto [&hellip;]<\/p>\n","protected":false},"author":16,"featured_media":10837,"comment_status":"open","ping_status":"open","sticky":false,"template":"","format":"standard","meta":[],"categories":[2],"tags":[375,624,809,864,961,980],"_links":{"self":[{"href":"https:\/\/blogs.diariosur.es\/tormentas-y-rayos\/wp-json\/wp\/v2\/posts\/10835"}],"collection":[{"href":"https:\/\/blogs.diariosur.es\/tormentas-y-rayos\/wp-json\/wp\/v2\/posts"}],"about":[{"href":"https:\/\/blogs.diariosur.es\/tormentas-y-rayos\/wp-json\/wp\/v2\/types\/post"}],"author":[{"embeddable":true,"href":"https:\/\/blogs.diariosur.es\/tormentas-y-rayos\/wp-json\/wp\/v2\/users\/16"}],"replies":[{"embeddable":true,"href":"https:\/\/blogs.diariosur.es\/tormentas-y-rayos\/wp-json\/wp\/v2\/comments?post=10835"}],"version-history":[{"count":0,"href":"https:\/\/blogs.diariosur.es\/tormentas-y-rayos\/wp-json\/wp\/v2\/posts\/10835\/revisions"}],"wp:featuredmedia":[{"embeddable":true,"href":"https:\/\/blogs.diariosur.es\/tormentas-y-rayos\/wp-json\/wp\/v2\/media\/10837"}],"wp:attachment":[{"href":"https:\/\/blogs.diariosur.es\/tormentas-y-rayos\/wp-json\/wp\/v2\/media?parent=10835"}],"wp:term":[{"taxonomy":"category","embeddable":true,"href":"https:\/\/blogs.diariosur.es\/tormentas-y-rayos\/wp-json\/wp\/v2\/categories?post=10835"},{"taxonomy":"post_tag","embeddable":true,"href":"https:\/\/blogs.diariosur.es\/tormentas-y-rayos\/wp-json\/wp\/v2\/tags?post=10835"}],"curies":[{"name":"wp","href":"https:\/\/api.w.org\/{rel}","templated":true}]}}