{"id":10850,"date":"2015-01-13T06:57:27","date_gmt":"2015-01-13T05:57:27","guid":{"rendered":"http:\/\/blogs.diariosur.es\/tormentas-y-rayos\/?p=10850"},"modified":"2015-01-13T06:57:27","modified_gmt":"2015-01-13T05:57:27","slug":"prevision-del-tiempo-andalucia-el-invierno-meteorologico-sera-el-protagonista-a-partir-del-viernes-sacar-la-ropa-de-abrigo","status":"publish","type":"post","link":"https:\/\/blogs.diariosur.es\/tormentas-y-rayos\/2015\/01\/13\/prevision-del-tiempo-andalucia-el-invierno-meteorologico-sera-el-protagonista-a-partir-del-viernes-sacar-la-ropa-de-abrigo\/","title":{"rendered":"Previsi\u00f3n del tiempo Andaluc\u00eda. El invierno meteorol\u00f3gico sera el  protagonista a partir del viernes. Sacar la ropa de abrigo."},"content":{"rendered":"<p><img loading=\"lazy\" class=\"aligncenter\" src=\"https:\/\/farm3.staticflickr.com\/2898\/14371881571_bbae3518b1_q.jpg\" alt=\"\" width=\"150\" height=\"150\" \/><\/p>\n<p>&nbsp;<\/p>\n<p>&nbsp;<\/p>\n<p>&nbsp;<\/p>\n<p>&nbsp;<\/p>\n<p>&nbsp;<\/p>\n<p><strong>Buenos dias amigos de la meteo, son las seis y media de la ma\u00f1ana, registro 14 grados y los cielos Andaluces y Malague\u00f1os\u00a0est\u00e1n\u00a0algo nubosos. Posible candilazo.<\/strong><\/p>\n<p><strong>Destacar que en estos momentos no hiela ni en Granada y Baza, \u00a0las\u00a0m\u00ednimas en Andaluc\u00eda\u00a0son altas para las fechas que estamos. Las nubes no han dejado escapar el calor acumulado de ayer. \u00a0El viento soplara flojo y de direcci\u00f3n variable, las\u00a0m\u00e1ximas\u00a0en el interior oriental de Andaluc\u00eda y Valle del Guadalquivir se acercaran a los 20 grados. En M\u00e1laga Capital casi llegaremos a los 20 tambi\u00e9n.<\/strong><\/p>\n<p><strong>\u00a0Ma\u00f1ana que libro y con mas tiempo os explicare el cambio de tiempo que\u00a0tendr\u00e1\u00a0Andaluc\u00eda\u00a0y toda la\u00a0pen\u00ednsula, os comunico que el\u00a0fr\u00edo, la lluvia\u00a0\u00a0y el viento tomaran protagonismo el viernes y el\u00a0pr\u00f3ximo\u00a0fin de semana. Os paso estos dos\u00a0mapas de temperatura a 850 hpa ( 1500 m) , el primero es de hoy y el segundo el previsto para el\u00a0s\u00e1bado.<\/strong><\/p>\n<p>&nbsp;<\/p>\n<p><a href=\"https:\/\/blogs.diariosur.es\/tormentas-y-rayos\/2015\/01\/13\/prevision-del-tiempo-andalucia-el-invierno-meteorologico-sera-el-protagonista-a-partir-del-viernes-sacar-la-ropa-de-abrigo\/1-100\/\" rel=\"attachment wp-att-10851\"><img loading=\"lazy\" class=\"aligncenter size-medium wp-image-10851\" title=\"1\" src=\"\/tormentas-y-rayos\/wp-content\/uploads\/sites\/12\/2015\/01\/1.jpg\" alt=\"\" width=\"600\" height=\"388\" srcset=\"https:\/\/static-blogs.diariosur.es\/wp-content\/uploads\/sites\/12\/2015\/01\/1.jpg 810w, https:\/\/static-blogs.diariosur.es\/wp-content\/uploads\/sites\/12\/2015\/01\/1-617x400.jpg 617w, https:\/\/static-blogs.diariosur.es\/wp-content\/uploads\/sites\/12\/2015\/01\/1-768x498.jpg 768w\" sizes=\"(max-width: 600px) 100vw, 600px\" \/><\/a><\/p>\n<p>&nbsp;<\/p>\n<p><a href=\"https:\/\/blogs.diariosur.es\/tormentas-y-rayos\/2015\/01\/13\/prevision-del-tiempo-andalucia-el-invierno-meteorologico-sera-el-protagonista-a-partir-del-viernes-sacar-la-ropa-de-abrigo\/2-73\/\" rel=\"attachment wp-att-10852\"><img loading=\"lazy\" class=\"aligncenter size-medium wp-image-10852\" title=\"2\" src=\"\/tormentas-y-rayos\/wp-content\/uploads\/sites\/12\/2015\/01\/2.jpg\" alt=\"\" width=\"590\" height=\"400\" srcset=\"https:\/\/static-blogs.diariosur.es\/wp-content\/uploads\/sites\/12\/2015\/01\/2.jpg 784w, https:\/\/static-blogs.diariosur.es\/wp-content\/uploads\/sites\/12\/2015\/01\/2-591x400.jpg 591w, https:\/\/static-blogs.diariosur.es\/wp-content\/uploads\/sites\/12\/2015\/01\/2-768x520.jpg 768w\" sizes=\"(max-width: 590px) 100vw, 590px\" \/><\/a><\/p>\n<p>&nbsp;<\/p>\n<p><strong>Ma\u00f1ana os explicare el por qu\u00e9 de este cambio tan brusco. En Andalucia sera mas por el fr\u00edo que por la lluvia.<\/strong><\/p>\n<p>&nbsp;<\/p>\n<p><strong>Os dejo con los datos mas destacados que se\u00a0dieron\u00a0ayer en Andaluc\u00eda y con una impresionante foto, ayer cuando la vi me quede sin palabras. Amiga Paqui Carnero mis felicitaciones por la foto, perdon fot\u00f3nnnnnnnnnn.<\/strong><\/p>\n<p>&nbsp;<\/p>\n<p>&nbsp;<\/p>\n<p><a href=\"https:\/\/blogs.diariosur.es\/tormentas-y-rayos\/2015\/01\/13\/prevision-del-tiempo-andalucia-el-invierno-meteorologico-sera-el-protagonista-a-partir-del-viernes-sacar-la-ropa-de-abrigo\/captura-559\/\" rel=\"attachment wp-att-10853\"><img loading=\"lazy\" class=\"aligncenter size-large wp-image-10853\" title=\"Captura\" src=\"\/tormentas-y-rayos\/wp-content\/uploads\/sites\/12\/2015\/01\/Captura7.jpg\" alt=\"\" width=\"629\" height=\"600\" srcset=\"https:\/\/static-blogs.diariosur.es\/wp-content\/uploads\/sites\/12\/2015\/01\/Captura7.jpg 832w, https:\/\/static-blogs.diariosur.es\/wp-content\/uploads\/sites\/12\/2015\/01\/Captura7-420x400.jpg 420w, https:\/\/static-blogs.diariosur.es\/wp-content\/uploads\/sites\/12\/2015\/01\/Captura7-768x732.jpg 768w\" sizes=\"(max-width: 629px) 100vw, 629px\" \/><\/a><\/p>\n<p>&nbsp;<\/p>\n<p>&nbsp;<\/p>\n<p>&nbsp;<\/p>\n<p><a href=\"https:\/\/blogs.diariosur.es\/tormentas-y-rayos\/2015\/01\/13\/prevision-del-tiempo-andalucia-el-invierno-meteorologico-sera-el-protagonista-a-partir-del-viernes-sacar-la-ropa-de-abrigo\/10924157_10203447824187231_6338047827697692308_o\/\" rel=\"attachment wp-att-10854\"><img loading=\"lazy\" class=\"aligncenter size-full wp-image-10854\" title=\"10924157_10203447824187231_6338047827697692308_o\" src=\"\/tormentas-y-rayos\/wp-content\/uploads\/sites\/12\/2015\/01\/10924157_10203447824187231_6338047827697692308_o.jpg\" alt=\"\" width=\"640\" height=\"477\" srcset=\"https:\/\/static-blogs.diariosur.es\/wp-content\/uploads\/sites\/12\/2015\/01\/10924157_10203447824187231_6338047827697692308_o.jpg 640w, https:\/\/static-blogs.diariosur.es\/wp-content\/uploads\/sites\/12\/2015\/01\/10924157_10203447824187231_6338047827697692308_o-537x400.jpg 537w\" sizes=\"(max-width: 640px) 100vw, 640px\" \/><\/a><\/p>\n<p>&nbsp;<\/p>\n","protected":false},"excerpt":{"rendered":"<p>&nbsp; &nbsp; &nbsp; &nbsp; &nbsp; Buenos dias amigos de la meteo, son las seis y media de la ma\u00f1ana, registro 14 grados y los cielos Andaluces y Malague\u00f1os\u00a0est\u00e1n\u00a0algo nubosos. Posible candilazo. Destacar que en estos momentos no hiela ni en Granada y Baza, \u00a0las\u00a0m\u00ednimas en Andaluc\u00eda\u00a0son altas para las fechas que estamos. Las nubes no [&hellip;]<\/p>\n","protected":false},"author":16,"featured_media":10854,"comment_status":"open","ping_status":"open","sticky":false,"template":"","format":"standard","meta":[],"categories":[2],"tags":[100,809,980],"_links":{"self":[{"href":"https:\/\/blogs.diariosur.es\/tormentas-y-rayos\/wp-json\/wp\/v2\/posts\/10850"}],"collection":[{"href":"https:\/\/blogs.diariosur.es\/tormentas-y-rayos\/wp-json\/wp\/v2\/posts"}],"about":[{"href":"https:\/\/blogs.diariosur.es\/tormentas-y-rayos\/wp-json\/wp\/v2\/types\/post"}],"author":[{"embeddable":true,"href":"https:\/\/blogs.diariosur.es\/tormentas-y-rayos\/wp-json\/wp\/v2\/users\/16"}],"replies":[{"embeddable":true,"href":"https:\/\/blogs.diariosur.es\/tormentas-y-rayos\/wp-json\/wp\/v2\/comments?post=10850"}],"version-history":[{"count":0,"href":"https:\/\/blogs.diariosur.es\/tormentas-y-rayos\/wp-json\/wp\/v2\/posts\/10850\/revisions"}],"wp:featuredmedia":[{"embeddable":true,"href":"https:\/\/blogs.diariosur.es\/tormentas-y-rayos\/wp-json\/wp\/v2\/media\/10854"}],"wp:attachment":[{"href":"https:\/\/blogs.diariosur.es\/tormentas-y-rayos\/wp-json\/wp\/v2\/media?parent=10850"}],"wp:term":[{"taxonomy":"category","embeddable":true,"href":"https:\/\/blogs.diariosur.es\/tormentas-y-rayos\/wp-json\/wp\/v2\/categories?post=10850"},{"taxonomy":"post_tag","embeddable":true,"href":"https:\/\/blogs.diariosur.es\/tormentas-y-rayos\/wp-json\/wp\/v2\/tags?post=10850"}],"curies":[{"name":"wp","href":"https:\/\/api.w.org\/{rel}","templated":true}]}}