{"id":10855,"date":"2015-01-14T07:32:52","date_gmt":"2015-01-14T06:32:52","guid":{"rendered":"http:\/\/blogs.diariosur.es\/tormentas-y-rayos\/?p=10855"},"modified":"2015-01-14T07:32:52","modified_gmt":"2015-01-14T06:32:52","slug":"prevision-del-tiempo-el-frio-las-nevadas-el-viento-y-las-lluvias-protagonistas-en-la-peninsula-el-jueves-y-viernes-porque-esta-cambio-de-tiempo-posible-borrasca-el-domingo-en-el-cabo-de-s","status":"publish","type":"post","link":"https:\/\/blogs.diariosur.es\/tormentas-y-rayos\/2015\/01\/14\/prevision-del-tiempo-el-frio-las-nevadas-el-viento-y-las-lluvias-protagonistas-en-la-peninsula-el-jueves-y-viernes-porque-esta-cambio-de-tiempo-posible-borrasca-el-domingo-en-el-cabo-de-s\/","title":{"rendered":"Previsi\u00f3n del tiempo. El fr\u00edo, las nevadas, el viento y las lluvias protagonistas en la pen\u00ednsula el jueves y viernes. \u00bf Porque este cambio de tiempo? .Posible borrasca el Domingo en el Cabo de San Vicente."},"content":{"rendered":"<p>&nbsp;<\/p>\n<p>&nbsp;<\/p>\n<p>&nbsp;<\/p>\n<p>&nbsp;<\/p>\n<p>&nbsp;<\/p>\n<p>&nbsp;<\/p>\n<p>&nbsp;<\/p>\n<p>&nbsp;<\/p>\n<p>&nbsp;<\/p>\n<p>&nbsp;<\/p>\n<p>&nbsp;<\/p>\n<p><strong><a href=\"https:\/\/blogs.diariosur.es\/tormentas-y-rayos\/2015\/01\/15\/prevision-del-tiempo-el-frente-frio-ya-afecta-al-noroeste-peninsular-a-ultima-hora-de-la-noche-y-durante-la-madrugada-afectara-a-andalucia-notable-bajadas-de-temperaturas\/\">ACTUALIZACI\u00d3N JUEVES 15 DE ENERO<\/a><\/strong><\/p>\n<p><strong>Buenos dias\u00a0amigos\u00a0de la meteo, son las seis de la ma\u00f1ana, registro 12,8 grados y los cielos est\u00e1n nubosos en toda Andaluc\u00eda. Las\u00a0m\u00ednimas\u00a0en estos momentos son altas para las fechas que estamos.<\/strong><\/p>\n<p><strong>Hoy promete el candilazo, ya\u00a0sab\u00e9is\u00a0que el sol sale sobre las ocho y media. Las fotos que haga \u00a0hoy las\u00a0pondr\u00e9\u00a0luego en facebook y ma\u00f1ana en el blog.<\/strong><\/p>\n<p><strong>\u00a0Los vientos soplaran flojos \u00a0de direcci\u00f3n variable hoy\u00a0mi\u00e9rcoles\u00a0 y las temperaturas\u00a0ser\u00e1n\u00a0parecidas a las que tuvimos ayer en Andaluc\u00eda. <\/strong><\/p>\n<p>&nbsp;<\/p>\n<p style=\"text-align: center;\">\u00a0<a href=\"https:\/\/blogs.diariosur.es\/tormentas-y-rayos\/2015\/01\/14\/prevision-del-tiempo-el-frio-las-nevadas-el-viento-y-las-lluvias-protagonistas-en-la-peninsula-el-jueves-y-viernes-porque-esta-cambio-de-tiempo-posible-borrasca-el-domingo-en-el-cabo-de-s\/166846_1643557487764_6929300_n-3\/\" rel=\"attachment wp-att-10871\"><img loading=\"lazy\" class=\"aligncenter  wp-image-10871\" title=\"166846_1643557487764_6929300_n\" src=\"\/tormentas-y-rayos\/wp-content\/uploads\/sites\/12\/2015\/01\/166846_1643557487764_6929300_n1.jpg\" alt=\"\" width=\"576\" height=\"432\" srcset=\"https:\/\/static-blogs.diariosur.es\/wp-content\/uploads\/sites\/12\/2015\/01\/166846_1643557487764_6929300_n1.jpg 640w, https:\/\/static-blogs.diariosur.es\/wp-content\/uploads\/sites\/12\/2015\/01\/166846_1643557487764_6929300_n1-533x400.jpg 533w\" sizes=\"(max-width: 576px) 100vw, 576px\" \/><\/a><\/p>\n<p>&nbsp;<\/p>\n<p>&nbsp;<\/p>\n<p>&nbsp;<\/p>\n<p>&nbsp;<\/p>\n<p>&nbsp;<\/p>\n<p><strong><em><span style=\"color: #ff0000;\">FRENTE FR\u00cdO MUY ACTIVO Y DESALOJO DE MASA DE AIRE POLAR\u00a0MAR\u00cdTIMA\u00a0HACIA LA\u00a0PEN\u00cdNSULA <\/span><\/em><span style=\"color: #ff0000;\"><strong>. <em>EL DOMINGO POSIBLE BORRASCA EN EL CABO DE SAN VICENTE.<\/em><\/strong><\/span><\/strong><\/p>\n<p>&nbsp;<\/p>\n<p><strong>FUENTE METOFFICE<\/strong><\/p>\n<p>&nbsp;<\/p>\n<p style=\"text-align: center;\"><a href=\"https:\/\/blogs.diariosur.es\/tormentas-y-rayos\/2015\/01\/14\/prevision-del-tiempo-el-frio-las-nevadas-el-viento-y-las-lluvias-protagonistas-en-la-peninsula-el-jueves-y-viernes-porque-esta-cambio-de-tiempo-posible-borrasca-el-domingo-en-el-cabo-de-s\/frente-activo\/\" rel=\"attachment wp-att-10865\"><img loading=\"lazy\" class=\"aligncenter  wp-image-10865\" title=\"FRENTE ACTIVO\" src=\"\/tormentas-y-rayos\/wp-content\/uploads\/sites\/12\/2015\/01\/FRENTE-ACTIVO.jpg\" alt=\"\" width=\"576\" height=\"391\" srcset=\"https:\/\/static-blogs.diariosur.es\/wp-content\/uploads\/sites\/12\/2015\/01\/FRENTE-ACTIVO.jpg 640w, https:\/\/static-blogs.diariosur.es\/wp-content\/uploads\/sites\/12\/2015\/01\/FRENTE-ACTIVO-590x400.jpg 590w\" sizes=\"(max-width: 576px) 100vw, 576px\" \/><\/a><\/p>\n<p>&nbsp;<\/p>\n<p><span style=\"color: #0000ff;\"><strong>Bueno amigos, \u00a0como siempre hago intentare explicar de forma sencilla el cambio brusco de tiempo que tendremos a partir de ma\u00f1ana por el noroeste peninsular y que se ira\u00a0extendiendo\u00a0a toda la\u00a0pen\u00ednsula.\u00a0<\/strong><\/span><\/p>\n<p><span style=\"color: #0000ff;\"><strong>En estos momentos se produce una ciclog\u00e9nesis explosiva en el\u00a0Atl\u00e1ntico\u00a0Norte, la borrasca que en estos momentos tiene una presi\u00f3n de unos 970 hpa,\u00a0sufrir\u00e1\u00a0un fuerte descenso de presi\u00f3n llegando a 945 hpa en pocas horas. Como todos\u00a0sab\u00e9is\u00a0a este proceso se le llama ciclog\u00e9nesis y como su presi\u00f3n baja mucho en poco tiempo se le llama explosiva. Os pongo dos mas de superficie del modelo gfs fuente meteociel. El primero de ahora y el segundo el previsto para ma\u00f1ana.<\/strong><\/span><\/p>\n<p>&nbsp;<\/p>\n<p><a href=\"https:\/\/blogs.diariosur.es\/tormentas-y-rayos\/2015\/01\/14\/prevision-del-tiempo-el-frio-las-nevadas-el-viento-y-las-lluvias-protagonistas-en-la-peninsula-el-jueves-y-viernes-porque-esta-cambio-de-tiempo-posible-borrasca-el-domingo-en-el-cabo-de-s\/miercoles-6\/\" rel=\"attachment wp-att-10856\"><img loading=\"lazy\" class=\"aligncenter size-medium wp-image-10856\" title=\"miercoles\" src=\"\/tormentas-y-rayos\/wp-content\/uploads\/sites\/12\/2015\/01\/miercoles.jpg\" alt=\"\" width=\"600\" height=\"382\" srcset=\"https:\/\/static-blogs.diariosur.es\/wp-content\/uploads\/sites\/12\/2015\/01\/miercoles.jpg 776w, https:\/\/static-blogs.diariosur.es\/wp-content\/uploads\/sites\/12\/2015\/01\/miercoles-627x400.jpg 627w, https:\/\/static-blogs.diariosur.es\/wp-content\/uploads\/sites\/12\/2015\/01\/miercoles-768x490.jpg 768w\" sizes=\"(max-width: 600px) 100vw, 600px\" \/><\/a><\/p>\n<p>&nbsp;<\/p>\n<p><a href=\"https:\/\/blogs.diariosur.es\/tormentas-y-rayos\/2015\/01\/14\/prevision-del-tiempo-el-frio-las-nevadas-el-viento-y-las-lluvias-protagonistas-en-la-peninsula-el-jueves-y-viernes-porque-esta-cambio-de-tiempo-posible-borrasca-el-domingo-en-el-cabo-de-s\/jueves-11\/\" rel=\"attachment wp-att-10858\"><img loading=\"lazy\" class=\"aligncenter size-medium wp-image-10858\" title=\"jueves\" src=\"\/tormentas-y-rayos\/wp-content\/uploads\/sites\/12\/2015\/01\/jueves1.jpg\" alt=\"\" width=\"600\" height=\"382\" srcset=\"https:\/\/static-blogs.diariosur.es\/wp-content\/uploads\/sites\/12\/2015\/01\/jueves1.jpg 774w, https:\/\/static-blogs.diariosur.es\/wp-content\/uploads\/sites\/12\/2015\/01\/jueves1-628x400.jpg 628w, https:\/\/static-blogs.diariosur.es\/wp-content\/uploads\/sites\/12\/2015\/01\/jueves1-768x489.jpg 768w\" sizes=\"(max-width: 600px) 100vw, 600px\" \/><\/a><\/p>\n<p>&nbsp;<\/p>\n<p><span><strong><span style=\"color: #0000ff;\">Esta potente borrasca ha generado un frente fr\u00edo muy activo, que ma\u00f1ana jueves empezara afectando al norte peninsular y seguidamente durante la madrugada del viernes y primeras horas de la ma\u00f1ana cruzara toda la\u00a0pen\u00ednsula. El primer mapa previsto para ma\u00f1ana que os he puesto mas arriba se ve como ma\u00f1ana jueves empieza a\u00a0afectar\u00a0al noroeste peninsular. El fuerte viento y las mar de fondo con olas muy grandes\u00a0ser\u00e1n\u00a0las protagonistas en Galicia ma\u00f1ana y el viernes. Seguro dentro de unos dias se\u00a0producir\u00e1n\u00a0gigantescas olas en Nazaret ( Portugal)<\/span><\/strong><\/span><\/p>\n<p><span style=\"color: #0000ff;\"><strong>Aqu\u00ed<\/strong><strong>\u00a0pod\u00e9is\u00a0ver el frente donde esta en estos momentos cuando son las 6:17 m de la ma\u00f1ana.<\/strong><\/span><\/p>\n<p>&nbsp;<\/p>\n<p><a href=\"https:\/\/blogs.diariosur.es\/tormentas-y-rayos\/2015\/01\/14\/prevision-del-tiempo-el-frio-las-nevadas-el-viento-y-las-lluvias-protagonistas-en-la-peninsula-el-jueves-y-viernes-porque-esta-cambio-de-tiempo-posible-borrasca-el-domingo-en-el-cabo-de-s\/frente-25\/\" rel=\"attachment wp-att-10866\"><img loading=\"lazy\" class=\"aligncenter size-medium wp-image-10866\" title=\"frente\" src=\"\/tormentas-y-rayos\/wp-content\/uploads\/sites\/12\/2015\/01\/frente.jpg\" alt=\"\" width=\"483\" height=\"400\" srcset=\"https:\/\/static-blogs.diariosur.es\/wp-content\/uploads\/sites\/12\/2015\/01\/frente.jpg 739w, https:\/\/static-blogs.diariosur.es\/wp-content\/uploads\/sites\/12\/2015\/01\/frente-483x400.jpg 483w\" sizes=\"(max-width: 483px) 100vw, 483px\" \/><\/a><\/p>\n<p>&nbsp;<\/p>\n<p>&nbsp;<\/p>\n<p><span style=\"color: #0000ff;\"><strong>Detr\u00e1s\u00a0del frente le acompa\u00f1a una mas de aire polar\u00a0mar\u00edtimo, es decir que tendremos un desalojo de aire\u00a0fr\u00edo\u00a0de latitudes altas.\u00a0FUENTE HIRLAM AEMET<\/strong><\/span><\/p>\n<p><strong>\u00a0<\/strong><\/p>\n<p><a href=\"https:\/\/blogs.diariosur.es\/tormentas-y-rayos\/2015\/01\/14\/prevision-del-tiempo-el-frio-las-nevadas-el-viento-y-las-lluvias-protagonistas-en-la-peninsula-el-jueves-y-viernes-porque-esta-cambio-de-tiempo-posible-borrasca-el-domingo-en-el-cabo-de-s\/masa-polar-maritima\/\" rel=\"attachment wp-att-10867\"><img loading=\"lazy\" class=\"aligncenter size-medium wp-image-10867\" title=\"masa polar maritima\" src=\"\/tormentas-y-rayos\/wp-content\/uploads\/sites\/12\/2015\/01\/masa-polar-maritima.jpg\" alt=\"\" width=\"525\" height=\"400\" srcset=\"https:\/\/static-blogs.diariosur.es\/wp-content\/uploads\/sites\/12\/2015\/01\/masa-polar-maritima.jpg 757w, https:\/\/static-blogs.diariosur.es\/wp-content\/uploads\/sites\/12\/2015\/01\/masa-polar-maritima-526x400.jpg 526w\" sizes=\"(max-width: 525px) 100vw, 525px\" \/><\/a><\/p>\n<p>&nbsp;<\/p>\n<p>&nbsp;<\/p>\n<p>&nbsp;<\/p>\n<p><span style=\"color: #0000ff;\"><strong>Os paso estos dos mapas a 850 hpa ( 1500 m ) donde se ve claramente el\u00a0baj\u00f3n de\u00a0temperaturas. Fuente meteociel gfs. El primero previsto para esta hoy , y el segundo para el viernes por la tarde.<\/strong><\/span><\/p>\n<p>&nbsp;<\/p>\n<p><a href=\"https:\/\/blogs.diariosur.es\/tormentas-y-rayos\/2015\/01\/14\/prevision-del-tiempo-el-frio-las-nevadas-el-viento-y-las-lluvias-protagonistas-en-la-peninsula-el-jueves-y-viernes-porque-esta-cambio-de-tiempo-posible-borrasca-el-domingo-en-el-cabo-de-s\/1-101\/\" rel=\"attachment wp-att-10859\"><img loading=\"lazy\" class=\"aligncenter size-medium wp-image-10859\" title=\"1\" src=\"\/tormentas-y-rayos\/wp-content\/uploads\/sites\/12\/2015\/01\/11.jpg\" alt=\"\" width=\"592\" height=\"400\" srcset=\"https:\/\/static-blogs.diariosur.es\/wp-content\/uploads\/sites\/12\/2015\/01\/11.jpg 784w, https:\/\/static-blogs.diariosur.es\/wp-content\/uploads\/sites\/12\/2015\/01\/11-593x400.jpg 593w, https:\/\/static-blogs.diariosur.es\/wp-content\/uploads\/sites\/12\/2015\/01\/11-768x518.jpg 768w\" sizes=\"(max-width: 592px) 100vw, 592px\" \/><\/a><\/p>\n<p>&nbsp;<\/p>\n<p>&nbsp;<\/p>\n<p><a href=\"https:\/\/blogs.diariosur.es\/tormentas-y-rayos\/2015\/01\/14\/prevision-del-tiempo-el-frio-las-nevadas-el-viento-y-las-lluvias-protagonistas-en-la-peninsula-el-jueves-y-viernes-porque-esta-cambio-de-tiempo-posible-borrasca-el-domingo-en-el-cabo-de-s\/2-74\/\" rel=\"attachment wp-att-10860\"><img loading=\"lazy\" class=\"aligncenter size-medium wp-image-10860\" title=\"2\" src=\"\/tormentas-y-rayos\/wp-content\/uploads\/sites\/12\/2015\/01\/21.jpg\" alt=\"\" width=\"580\" height=\"400\" srcset=\"https:\/\/static-blogs.diariosur.es\/wp-content\/uploads\/sites\/12\/2015\/01\/21.jpg 777w, https:\/\/static-blogs.diariosur.es\/wp-content\/uploads\/sites\/12\/2015\/01\/21-581x400.jpg 581w, https:\/\/static-blogs.diariosur.es\/wp-content\/uploads\/sites\/12\/2015\/01\/21-768x529.jpg 768w\" sizes=\"(max-width: 580px) 100vw, 580px\" \/><\/a><\/p>\n<p><span style=\"color: #0000ff;\"><strong>En Andaluc\u00eda los chubascos \u00a0empezar\u00edan\u00a0a\u00a0afectar\u00a0durante la madrugada del viernes, el viento tambi\u00e9n tomara protagonismo desde primeras horas de la ma\u00f1ana, sobre todo en el Litoral\u00a0Mediterr\u00e1neo\u00a0Andaluz.<\/strong><\/span><\/p>\n<p><strong><span style=\"color: #ff0000;\">El frente pasara\u00a0r\u00e1pidamente,<\/span> <span style=\"color: #0000ff;\">dejando chubascos moderados, siendo mas\u00a0probables\u00a0en el centro de nuestra\u00a0regi\u00f3n\u00a0y Estrecho. En la provincia malague\u00f1a tambi\u00e9n se\u00a0dar\u00e1n\u00a0chubascos.<\/span><\/strong><\/p>\n<p>&nbsp;<\/p>\n<p>&nbsp;<\/p>\n<p style=\"text-align: center;\"><a href=\"https:\/\/blogs.diariosur.es\/tormentas-y-rayos\/2015\/01\/14\/prevision-del-tiempo-el-frio-las-nevadas-el-viento-y-las-lluvias-protagonistas-en-la-peninsula-el-jueves-y-viernes-porque-esta-cambio-de-tiempo-posible-borrasca-el-domingo-en-el-cabo-de-s\/ll-12\/\" rel=\"attachment wp-att-10862\"><img loading=\"lazy\" class=\"aligncenter  wp-image-10862\" title=\"ll\" src=\"\/tormentas-y-rayos\/wp-content\/uploads\/sites\/12\/2015\/01\/ll.jpg\" alt=\"\" width=\"481\" height=\"480\" srcset=\"https:\/\/static-blogs.diariosur.es\/wp-content\/uploads\/sites\/12\/2015\/01\/ll.jpg 758w, https:\/\/static-blogs.diariosur.es\/wp-content\/uploads\/sites\/12\/2015\/01\/ll-150x150.jpg 150w, https:\/\/static-blogs.diariosur.es\/wp-content\/uploads\/sites\/12\/2015\/01\/ll-401x400.jpg 401w\" sizes=\"(max-width: 481px) 100vw, 481px\" \/><\/a><\/p>\n<p>&nbsp;<\/p>\n<p>&nbsp;<\/p>\n<p><strong>Mapa de vientos.\u00a0<\/strong><\/p>\n<p>&nbsp;<\/p>\n<p style=\"text-align: center;\"><a href=\"https:\/\/blogs.diariosur.es\/tormentas-y-rayos\/2015\/01\/14\/prevision-del-tiempo-el-frio-las-nevadas-el-viento-y-las-lluvias-protagonistas-en-la-peninsula-el-jueves-y-viernes-porque-esta-cambio-de-tiempo-posible-borrasca-el-domingo-en-el-cabo-de-s\/viento-nuevo\/\" rel=\"attachment wp-att-10868\"><img loading=\"lazy\" class=\"aligncenter  wp-image-10868\" title=\"viento nuevo\" src=\"\/tormentas-y-rayos\/wp-content\/uploads\/sites\/12\/2015\/01\/viento-nuevo.jpg\" alt=\"\" width=\"461\" height=\"432\" srcset=\"https:\/\/static-blogs.diariosur.es\/wp-content\/uploads\/sites\/12\/2015\/01\/viento-nuevo.jpg 771w, https:\/\/static-blogs.diariosur.es\/wp-content\/uploads\/sites\/12\/2015\/01\/viento-nuevo-427x400.jpg 427w, https:\/\/static-blogs.diariosur.es\/wp-content\/uploads\/sites\/12\/2015\/01\/viento-nuevo-768x719.jpg 768w\" sizes=\"(max-width: 461px) 100vw, 461px\" \/><\/a><\/p>\n<p>&nbsp;<\/p>\n<p>&nbsp;<\/p>\n<p>&nbsp;<\/p>\n<p><span style=\"color: #ff0000;\"><strong>Una vez pase el frente bajaran las temperaturas y el viento tomara protagonismo, el\u00a0s\u00e1bado\u00a0no espero lluvias ya que lo mas destacado sera la bajada de las\u00a0m\u00e1ximas.<\/strong><\/span><\/p>\n<p><span style=\"color: #ff00ff;\"><strong>\u00a0Para el domingo hay modelos que de nuevo dan lluvias, hay posibilidad de que se forme una baja entre el Cabo de San Vicente y \u00a0 Golfo de\u00a0C\u00e1diz, esto puede traer\u00a0\u00a0consigo lluvias mas abundantes a\u00a0Andaluc\u00eda\u00a0Occidental asi como a nuestra Provincia Malague\u00f1a.<\/strong><\/span><\/p>\n<p>&nbsp;<\/p>\n<p>&nbsp;<\/p>\n<p><span style=\"color: #0000ff;\"><strong>De lo que pueda ocurrir el\u00a0pr\u00f3ximo\u00a0domingo hablaremos el viernes, aun no esta muy claro lo que pueda pasar.<\/strong><\/span><\/p>\n<p><span style=\"color: #0000ff;\"><strong> Espero que mas o menos\u00a0hay\u00e1is\u00a0comprendido este\u00a0<\/strong><strong>brusco cambio de tiempo que se espera.<\/strong><\/span><\/p>\n<p>&nbsp;<\/p>\n<p><strong>Os dejo con los datos mas destacados que se dieron ayer en Andaluc\u00eda fuente aemet. Las nubes medias y altas fueron las protagonistas. Mi amigo Antonio Vazquez fotograf\u00edo magistralmente la puesta de sol, estos altocumulus anuncian el cambio de tiempo..<\/strong><\/p>\n<p>&nbsp;<\/p>\n<p><a href=\"https:\/\/blogs.diariosur.es\/tormentas-y-rayos\/2015\/01\/14\/prevision-del-tiempo-el-frio-las-nevadas-el-viento-y-las-lluvias-protagonistas-en-la-peninsula-el-jueves-y-viernes-porque-esta-cambio-de-tiempo-posible-borrasca-el-domingo-en-el-cabo-de-s\/10841754_10204423613089344_5606776141235267024_o\/\" rel=\"attachment wp-att-10870\"><img loading=\"lazy\" class=\"aligncenter size-full wp-image-10870\" title=\"10841754_10204423613089344_5606776141235267024_o\" src=\"\/tormentas-y-rayos\/wp-content\/uploads\/sites\/12\/2015\/01\/10841754_10204423613089344_5606776141235267024_o.jpg\" alt=\"\" width=\"640\" height=\"384\" \/><\/a><\/p>\n<p>&nbsp;<\/p>\n<p>&nbsp;<\/p>\n<p>&nbsp;<\/p>\n<p>&nbsp;<\/p>\n<p><strong><a href=\"https:\/\/blogs.diariosur.es\/tormentas-y-rayos\/2015\/01\/14\/prevision-del-tiempo-el-frio-las-nevadas-el-viento-y-las-lluvias-protagonistas-en-la-peninsula-el-jueves-y-viernes-porque-esta-cambio-de-tiempo-posible-borrasca-el-domingo-en-el-cabo-de-s\/datos-10\/\" rel=\"attachment wp-att-10869\"><img loading=\"lazy\" class=\"aligncenter size-large wp-image-10869\" title=\"datos\" src=\"\/tormentas-y-rayos\/wp-content\/uploads\/sites\/12\/2015\/01\/datos2.jpg\" alt=\"\" width=\"543\" height=\"600\" srcset=\"https:\/\/static-blogs.diariosur.es\/wp-content\/uploads\/sites\/12\/2015\/01\/datos2.jpg 776w, https:\/\/static-blogs.diariosur.es\/wp-content\/uploads\/sites\/12\/2015\/01\/datos2-362x400.jpg 362w, https:\/\/static-blogs.diariosur.es\/wp-content\/uploads\/sites\/12\/2015\/01\/datos2-768x848.jpg 768w\" sizes=\"(max-width: 543px) 100vw, 543px\" \/><\/a><\/strong><\/p>\n<p>&nbsp;<\/p>\n<p>&nbsp;<\/p>\n<p>&nbsp;<\/p>\n<p>&nbsp;<\/p>\n<p>&nbsp;<\/p>\n<p>&nbsp;<\/p>\n<p>&nbsp;<\/p>\n<p>&nbsp;<\/p>\n","protected":false},"excerpt":{"rendered":"<p>&nbsp; &nbsp; &nbsp; &nbsp; &nbsp; &nbsp; &nbsp; &nbsp; &nbsp; &nbsp; &nbsp; ACTUALIZACI\u00d3N JUEVES 15 DE ENERO Buenos dias\u00a0amigos\u00a0de la meteo, son las seis de la ma\u00f1ana, registro 12,8 grados y los cielos est\u00e1n nubosos en toda Andaluc\u00eda. Las\u00a0m\u00ednimas\u00a0en estos momentos son altas para las fechas que estamos. Hoy promete el candilazo, ya\u00a0sab\u00e9is\u00a0que el sol sale [&hellip;]<\/p>\n","protected":false},"author":16,"featured_media":10864,"comment_status":"open","ping_status":"open","sticky":false,"template":"","format":"standard","meta":[],"categories":[2],"tags":[188,569,690,769,809,980,1059],"_links":{"self":[{"href":"https:\/\/blogs.diariosur.es\/tormentas-y-rayos\/wp-json\/wp\/v2\/posts\/10855"}],"collection":[{"href":"https:\/\/blogs.diariosur.es\/tormentas-y-rayos\/wp-json\/wp\/v2\/posts"}],"about":[{"href":"https:\/\/blogs.diariosur.es\/tormentas-y-rayos\/wp-json\/wp\/v2\/types\/post"}],"author":[{"embeddable":true,"href":"https:\/\/blogs.diariosur.es\/tormentas-y-rayos\/wp-json\/wp\/v2\/users\/16"}],"replies":[{"embeddable":true,"href":"https:\/\/blogs.diariosur.es\/tormentas-y-rayos\/wp-json\/wp\/v2\/comments?post=10855"}],"version-history":[{"count":0,"href":"https:\/\/blogs.diariosur.es\/tormentas-y-rayos\/wp-json\/wp\/v2\/posts\/10855\/revisions"}],"wp:featuredmedia":[{"embeddable":true,"href":"https:\/\/blogs.diariosur.es\/tormentas-y-rayos\/wp-json\/wp\/v2\/media\/10864"}],"wp:attachment":[{"href":"https:\/\/blogs.diariosur.es\/tormentas-y-rayos\/wp-json\/wp\/v2\/media?parent=10855"}],"wp:term":[{"taxonomy":"category","embeddable":true,"href":"https:\/\/blogs.diariosur.es\/tormentas-y-rayos\/wp-json\/wp\/v2\/categories?post=10855"},{"taxonomy":"post_tag","embeddable":true,"href":"https:\/\/blogs.diariosur.es\/tormentas-y-rayos\/wp-json\/wp\/v2\/tags?post=10855"}],"curies":[{"name":"wp","href":"https:\/\/api.w.org\/{rel}","templated":true}]}}