{"id":10873,"date":"2015-01-15T07:14:33","date_gmt":"2015-01-15T06:14:33","guid":{"rendered":"http:\/\/blogs.diariosur.es\/tormentas-y-rayos\/?p=10873"},"modified":"2015-01-15T07:14:33","modified_gmt":"2015-01-15T06:14:33","slug":"prevision-del-tiempo-el-frente-frio-ya-afecta-al-noroeste-peninsular-a-ultima-hora-de-la-noche-y-durante-la-madrugada-afectara-a-andalucia-notable-bajadas-de-temperaturas","status":"publish","type":"post","link":"https:\/\/blogs.diariosur.es\/tormentas-y-rayos\/2015\/01\/15\/prevision-del-tiempo-el-frente-frio-ya-afecta-al-noroeste-peninsular-a-ultima-hora-de-la-noche-y-durante-la-madrugada-afectara-a-andalucia-notable-bajadas-de-temperaturas\/","title":{"rendered":"Previsi\u00f3n del tiempo. El frente fr\u00edo ya afecta al noroeste peninsular, a ultima hora de la noche y durante la madrugada afectara a Andaluc\u00eda. Notable bajadas de temperaturas."},"content":{"rendered":"<p><img loading=\"lazy\" class=\"aligncenter\" src=\"https:\/\/farm3.staticflickr.com\/2898\/14371881571_bbae3518b1_q.jpg\" alt=\"\" width=\"150\" height=\"150\" \/><\/p>\n<p>&nbsp;<\/p>\n<p>&nbsp;<\/p>\n<p>&nbsp;<\/p>\n<p><strong>Buenos\u00a0d\u00edas\u00a0amigos de la meteo, son las seis de la ma\u00f1ana, registro 12 grados y los cielos andaluces y malague\u00f1os est\u00e1n poco nubosos. Las nubes medias y altas tomaran protagonismo por la zona occidental Andaluza por la tarde, los vientos soplaran flojos de\u00a0direcci\u00f3n\u00a0variable, pero a ultima hora de la tarde\u00a0entraran\u00a0del oeste por el Golfo de C\u00e1diz soplando moderadamente. Las temperaturas hoy no\u00a0sufrir\u00e1n\u00a0muchos\u00a0cambios con respecto al dia de ayer, en algunos puntos se llegaran a los 19 y 20 grados.<\/strong><\/p>\n<p>&nbsp;<\/p>\n<p><strong><span style=\"color: #ff0000;\">Antes de explicaros varias cosillas, os pongo el enlace donde ayer explicaba el por qu\u00e9 de este cambio de tiempo tan brusco<\/span> <a href=\"https:\/\/blogs.diariosur.es\/tormentas-y-rayos\/2015\/01\/14\/prevision-del-tiempo-el-frio-las-nevadas-el-viento-y-las-lluvias-protagonistas-en-la-peninsula-el-jueves-y-viernes-porque-esta-cambio-de-tiempo-posible-borrasca-el-domingo-en-el-cabo-de-s\/\">\u00a0\u00a0<\/a><span style=\"color: #ff0000;\"><a href=\"https:\/\/blogs.diariosur.es\/tormentas-y-rayos\/2015\/01\/14\/prevision-del-tiempo-el-frio-las-nevadas-el-viento-y-las-lluvias-protagonistas-en-la-peninsula-el-jueves-y-viernes-porque-esta-cambio-de-tiempo-posible-borrasca-el-domingo-en-el-cabo-de-s\/\">ENLACE PINCHAR<\/a><\/span><\/strong><\/p>\n<p><strong>El frente fr\u00edo afecta en estos momento al noroeste peninsular, los chubascos son protagonistas, asi como las fuertes rachas de viento en Galicia. La aemet ha activado el aviso amarillo por lluvias y viento, el naranja por\u00a0fen\u00f3menos\u00a0costeros y mas tarde \u00a0en Castilla Le\u00f3n \u00a0por nevadas.<\/strong><\/p>\n<p>&nbsp;<\/p>\n<p><a href=\"https:\/\/blogs.diariosur.es\/tormentas-y-rayos\/2015\/01\/15\/prevision-del-tiempo-el-frente-frio-ya-afecta-al-noroeste-peninsular-a-ultima-hora-de-la-noche-y-durante-la-madrugada-afectara-a-andalucia-notable-bajadas-de-temperaturas\/201501150520_r8co\/\" rel=\"attachment wp-att-10881\"><img loading=\"lazy\" class=\"aligncenter size-full wp-image-10881\" title=\"201501150520_r8co\" src=\"\/tormentas-y-rayos\/wp-content\/uploads\/sites\/12\/2015\/01\/201501150520_r8co.gif\" alt=\"\" width=\"480\" height=\"530\" \/><\/a><\/p>\n<p>&nbsp;<\/p>\n<p>&nbsp;<\/p>\n<p>&nbsp;<\/p>\n<p>&nbsp;<\/p>\n<p>&nbsp;<\/p>\n<p><a href=\"https:\/\/blogs.diariosur.es\/tormentas-y-rayos\/2015\/01\/15\/prevision-del-tiempo-el-frente-frio-ya-afecta-al-noroeste-peninsular-a-ultima-hora-de-la-noche-y-durante-la-madrugada-afectara-a-andalucia-notable-bajadas-de-temperaturas\/frente-ahora\/\" rel=\"attachment wp-att-10882\"><img loading=\"lazy\" class=\"aligncenter size-medium wp-image-10882\" title=\"frente ahora\" src=\"\/tormentas-y-rayos\/wp-content\/uploads\/sites\/12\/2015\/01\/frente-ahora.jpg\" alt=\"\" width=\"550\" height=\"400\" srcset=\"https:\/\/static-blogs.diariosur.es\/wp-content\/uploads\/sites\/12\/2015\/01\/frente-ahora.jpg 759w, https:\/\/static-blogs.diariosur.es\/wp-content\/uploads\/sites\/12\/2015\/01\/frente-ahora-550x400.jpg 550w\" sizes=\"(max-width: 550px) 100vw, 550px\" \/><\/a><\/p>\n<p>&nbsp;<\/p>\n<p>&nbsp;<\/p>\n<p><strong>La culpable de todos estos cambios repentinos \u00a0es una borrasca que ha sufrido un proceso de ciclog\u00e9nesis explosiva y que en estos momentos su presi\u00f3n es de 950 hpa. Nuestra amiga como\u00a0pod\u00e9is\u00a0ver ya tiene nombre y\u00a0se llama Hermann.<\/strong><\/p>\n<p>&nbsp;<\/p>\n<p><a href=\"https:\/\/blogs.diariosur.es\/tormentas-y-rayos\/2015\/01\/15\/prevision-del-tiempo-el-frente-frio-ya-afecta-al-noroeste-peninsular-a-ultima-hora-de-la-noche-y-durante-la-madrugada-afectara-a-andalucia-notable-bajadas-de-temperaturas\/emtbkna-2\/\" rel=\"attachment wp-att-10879\"><img loading=\"lazy\" class=\"aligncenter size-full wp-image-10879\" title=\"emtbkna\" src=\"\/tormentas-y-rayos\/wp-content\/uploads\/sites\/12\/2015\/01\/emtbkna1.gif\" alt=\"\" width=\"640\" height=\"455\" \/><\/a><\/p>\n<p>&nbsp;<\/p>\n<p><strong>El frente se espera que llegue a\u00a0Andaluc\u00eda\u00a0a ultima hora de la noche, afectando en primer lugar a Huelva y Sevilla, seguidamente durante la madrugada sera C\u00e1diz, C\u00f3rdoba y M\u00e1laga las que reciban las lluvias, mas tarde las provincias mas orientales. Os paso los mapas de lluvias previsto del modelo hirlam . Como\u00a0pod\u00e9is\u00a0comprobar, el frente pasa muy\u00a0r\u00e1pidamente.<\/strong><\/p>\n<p>&nbsp;<\/p>\n<p><a href=\"https:\/\/blogs.diariosur.es\/tormentas-y-rayos\/2015\/01\/15\/prevision-del-tiempo-el-frente-frio-ya-afecta-al-noroeste-peninsular-a-ultima-hora-de-la-noche-y-durante-la-madrugada-afectara-a-andalucia-notable-bajadas-de-temperaturas\/a-horz\/\" rel=\"attachment wp-att-10883\"><img loading=\"lazy\" class=\"aligncenter size-full wp-image-10883\" title=\"a-horz\" src=\"\/tormentas-y-rayos\/wp-content\/uploads\/sites\/12\/2015\/01\/a-horz.jpg\" alt=\"\" width=\"604\" height=\"226\" \/><\/a><a href=\"https:\/\/blogs.diariosur.es\/tormentas-y-rayos\/2015\/01\/15\/prevision-del-tiempo-el-frente-frio-ya-afecta-al-noroeste-peninsular-a-ultima-hora-de-la-noche-y-durante-la-madrugada-afectara-a-andalucia-notable-bajadas-de-temperaturas\/d-horz\/\" rel=\"attachment wp-att-10884\"><img loading=\"lazy\" class=\"aligncenter size-full wp-image-10884\" title=\"d-horz\" src=\"\/tormentas-y-rayos\/wp-content\/uploads\/sites\/12\/2015\/01\/d-horz.jpg\" alt=\"\" width=\"612\" height=\"234\" \/><\/a><\/p>\n<p>&nbsp;<\/p>\n<p>&nbsp;<\/p>\n<p><strong>El fuerte viento sera el protagonista y soplara con rachas muy fuertes en la Costa\u00a0Mediterr\u00e1nea\u00a0Andaluza a primera hora de la ma\u00f1ana, esto\u00a0har\u00e1\u00a0que la sensaci\u00f3n\u00a0t\u00e9rmica\u00a0de fr\u00edo sea mayor. Precauci\u00f3n por el Mar de Albor\u00e1n.<\/strong><\/p>\n<p><a href=\"https:\/\/blogs.diariosur.es\/tormentas-y-rayos\/2015\/01\/15\/prevision-del-tiempo-el-frente-frio-ya-afecta-al-noroeste-peninsular-a-ultima-hora-de-la-noche-y-durante-la-madrugada-afectara-a-andalucia-notable-bajadas-de-temperaturas\/andalu\/\" rel=\"attachment wp-att-10885\"><img loading=\"lazy\" class=\"aligncenter size-medium wp-image-10885\" title=\"andalu\" src=\"\/tormentas-y-rayos\/wp-content\/uploads\/sites\/12\/2015\/01\/andalu.jpg\" alt=\"\" width=\"556\" height=\"400\" srcset=\"https:\/\/static-blogs.diariosur.es\/wp-content\/uploads\/sites\/12\/2015\/01\/andalu.jpg 806w, https:\/\/static-blogs.diariosur.es\/wp-content\/uploads\/sites\/12\/2015\/01\/andalu-557x400.jpg 557w, https:\/\/static-blogs.diariosur.es\/wp-content\/uploads\/sites\/12\/2015\/01\/andalu-768x552.jpg 768w\" sizes=\"(max-width: 556px) 100vw, 556px\" \/><\/a><\/p>\n<p>&nbsp;<\/p>\n<p>&nbsp;<\/p>\n<p>&nbsp;<\/p>\n<p>&nbsp;<\/p>\n<p><strong>En casi toda la\u00a0pen\u00ednsula\u00a0tomara protagonismo el viento.<\/strong><\/p>\n<p>&nbsp;<\/p>\n<p>&nbsp;<\/p>\n<p><a href=\"https:\/\/blogs.diariosur.es\/tormentas-y-rayos\/2015\/01\/15\/prevision-del-tiempo-el-frente-frio-ya-afecta-al-noroeste-peninsular-a-ultima-hora-de-la-noche-y-durante-la-madrugada-afectara-a-andalucia-notable-bajadas-de-temperaturas\/viento-40\/\" rel=\"attachment wp-att-10886\"><img loading=\"lazy\" class=\"aligncenter size-large wp-image-10886\" title=\"viento\" src=\"\/tormentas-y-rayos\/wp-content\/uploads\/sites\/12\/2015\/01\/viento2.jpg\" alt=\"\" width=\"596\" height=\"600\" srcset=\"https:\/\/static-blogs.diariosur.es\/wp-content\/uploads\/sites\/12\/2015\/01\/viento2.jpg 768w, https:\/\/static-blogs.diariosur.es\/wp-content\/uploads\/sites\/12\/2015\/01\/viento2-150x150.jpg 150w, https:\/\/static-blogs.diariosur.es\/wp-content\/uploads\/sites\/12\/2015\/01\/viento2-398x400.jpg 398w\" sizes=\"(max-width: 596px) 100vw, 596px\" \/><\/a><\/p>\n<p>&nbsp;<\/p>\n<p>&nbsp;<\/p>\n<p>&nbsp;<\/p>\n<p>&nbsp;<\/p>\n<p>&nbsp;<\/p>\n<p><strong>Una vez pase el frente bajaran las temperaturas, la masa polar\u00a0mar\u00edtima\u00a0tomara protagonismo. Os paso una imagen que guarde ayer de masas de aire fuente aemet hirlam.<\/strong><\/p>\n<p>&nbsp;<\/p>\n<p><a href=\"https:\/\/blogs.diariosur.es\/tormentas-y-rayos\/2015\/01\/15\/prevision-del-tiempo-el-frente-frio-ya-afecta-al-noroeste-peninsular-a-ultima-hora-de-la-noche-y-durante-la-madrugada-afectara-a-andalucia-notable-bajadas-de-temperaturas\/1-masa\/\" rel=\"attachment wp-att-10880\"><img loading=\"lazy\" class=\"aligncenter size-medium wp-image-10880\" title=\"1 MASA\" src=\"\/tormentas-y-rayos\/wp-content\/uploads\/sites\/12\/2015\/01\/1-MASA.jpg\" alt=\"\" width=\"456\" height=\"400\" srcset=\"https:\/\/static-blogs.diariosur.es\/wp-content\/uploads\/sites\/12\/2015\/01\/1-MASA.jpg 683w, https:\/\/static-blogs.diariosur.es\/wp-content\/uploads\/sites\/12\/2015\/01\/1-MASA-457x400.jpg 457w\" sizes=\"(max-width: 456px) 100vw, 456px\" \/><\/a><\/p>\n<p>&nbsp;<\/p>\n<p><strong>Os pongo la de hace una hora, fijaros en la parte trasera del frente.<\/strong><\/p>\n<p>&nbsp;<\/p>\n<p>&nbsp;<\/p>\n<p><a href=\"https:\/\/blogs.diariosur.es\/tormentas-y-rayos\/2015\/01\/15\/prevision-del-tiempo-el-frente-frio-ya-afecta-al-noroeste-peninsular-a-ultima-hora-de-la-noche-y-durante-la-madrugada-afectara-a-andalucia-notable-bajadas-de-temperaturas\/captura-561\/\" rel=\"attachment wp-att-10887\"><img loading=\"lazy\" class=\"aligncenter size-large wp-image-10887\" title=\"Captura\" src=\"\/tormentas-y-rayos\/wp-content\/uploads\/sites\/12\/2015\/01\/Captura9.jpg\" alt=\"\" width=\"646\" height=\"600\" srcset=\"https:\/\/static-blogs.diariosur.es\/wp-content\/uploads\/sites\/12\/2015\/01\/Captura9.jpg 661w, https:\/\/static-blogs.diariosur.es\/wp-content\/uploads\/sites\/12\/2015\/01\/Captura9-431x400.jpg 431w\" sizes=\"(max-width: 646px) 100vw, 646px\" \/><\/a><\/p>\n<p>&nbsp;<\/p>\n<p><strong>Os paso estos dos mapas de temperaturas a 850 hpa, que como todos\u00a0sab\u00e9is\u00a0es a 1500 m. El primer mapa es el previsto para la una de la tarde de hoy, \u00a0y el\u00a0siguiente\u00a0para ma\u00f1ana a esa misma hora.<\/strong><\/p>\n<p>&nbsp;<\/p>\n<p>&nbsp;<\/p>\n<p>&nbsp;<\/p>\n<p><img loading=\"lazy\" class=\"aligncenter\" src=\"https:\/\/farm8.staticflickr.com\/7472\/16098263067_c615432a54_z.jpg\" alt=\"\" width=\"400\" height=\"574\" \/><\/p>\n<p>&nbsp;<\/p>\n<p>&nbsp;<\/p>\n<p>&nbsp;<\/p>\n<p><strong>Ma\u00f1ana concretaremos lo del domingo, la lluvia y la nieve pueden ser protagonistas en Andaluc\u00eda.<\/strong><\/p>\n<p>&nbsp;<\/p>\n<p>&nbsp;<\/p>\n<p>&nbsp;<\/p>\n<p><strong>Os hago un peque\u00f1o resumen del\u00a0d\u00eda\u00a0de ayer que al final tuvimos sorpresa.<\/strong><\/p>\n<p><strong>La\u00a0m\u00e1xima\u00a0en M\u00e1laga Capital rondo entre los 18 y los 20 grados en las tres estaciones que tiene la Aemet. Huercal Olvera dio la\u00a0m\u00e1xima\u00a0de Andaluc\u00eda, \u00a0seguidas de \u00a0V\u00e9lez M\u00e1laga y Albox. Las maximas menos altas se dieron en la Costa de Huelva y C\u00e1diz, alli no pasaron de los 15.<\/strong><\/p>\n<p><strong>Sobre las ocho de la ma\u00f1ana llegue a la playa, esperaba un bonito candilazo pero al final no se dio, incluso no vi el sol, el cielo estaba muy nublado. Este nublado se debia a la bolsa de aire fr\u00edo que ha estado afectando estos\u00a0d\u00edas\u00a0a las Canarias. Os paso unas cuantas fotos del amanecer.<\/strong><\/p>\n<p>&nbsp;<\/p>\n<p><img loading=\"lazy\" class=\"aligncenter\" src=\"https:\/\/farm9.staticflickr.com\/8571\/16277963072_525046d43b_z.jpg\" alt=\"\" width=\"640\" height=\"428\" \/><\/p>\n<p>&nbsp;<\/p>\n<p>&nbsp;<\/p>\n<p><img loading=\"lazy\" class=\"aligncenter\" src=\"https:\/\/farm9.staticflickr.com\/8585\/16277009241_2c8c40738f_z.jpg\" alt=\"\" width=\"428\" height=\"640\" \/><\/p>\n<p>&nbsp;<\/p>\n<p>&nbsp;<\/p>\n<p><img loading=\"lazy\" class=\"aligncenter\" src=\"https:\/\/farm9.staticflickr.com\/8624\/15656377374_8253193a7f_z.jpg\" alt=\"\" width=\"640\" height=\"452\" \/><\/p>\n<p>&nbsp;<\/p>\n<p>&nbsp;<\/p>\n<p><strong>Como\u00a0pod\u00e9is\u00a0comprobar muy soso.<\/strong><\/p>\n<p><strong>El\u00a0d\u00eda\u00a0trascurri\u00f3\u00a0mas o menos igual, las nubes medias y altas\u00a0segu\u00edan\u00a0de protagonistas al medio\u00a0d\u00eda. La\u00a0sorpresa\u00a0se dio por la tarde, ya que sin yo esperarlo se dio un peque\u00f1o chubasco y no solo en\u00a0M\u00e1laga Capital, tambi\u00e9n por el interior.<\/strong><\/p>\n<p><strong>\u00a0<a href=\"https:\/\/blogs.diariosur.es\/tormentas-y-rayos\/2015\/01\/15\/prevision-del-tiempo-el-frente-frio-ya-afecta-al-noroeste-peninsular-a-ultima-hora-de-la-noche-y-durante-la-madrugada-afectara-a-andalucia-notable-bajadas-de-temperaturas\/radar-36\/\" rel=\"attachment wp-att-10874\"><img loading=\"lazy\" class=\"aligncenter size-large wp-image-10874\" title=\"radar\" src=\"\/tormentas-y-rayos\/wp-content\/uploads\/sites\/12\/2015\/01\/radar.jpg\" alt=\"\" width=\"578\" height=\"600\" srcset=\"https:\/\/static-blogs.diariosur.es\/wp-content\/uploads\/sites\/12\/2015\/01\/radar.jpg 648w, https:\/\/static-blogs.diariosur.es\/wp-content\/uploads\/sites\/12\/2015\/01\/radar-386x400.jpg 386w\" sizes=\"(max-width: 578px) 100vw, 578px\" \/><\/a><\/strong><\/p>\n<p>&nbsp;<\/p>\n<p>&nbsp;<\/p>\n<p><strong>Mi amiga To\u00f1i O\u00f1a me manda esta foto de como estaban los cielos a esa hora.<\/strong><\/p>\n<p>&nbsp;<\/p>\n<p><a href=\"https:\/\/blogs.diariosur.es\/tormentas-y-rayos\/2015\/01\/15\/prevision-del-tiempo-el-frente-frio-ya-afecta-al-noroeste-peninsular-a-ultima-hora-de-la-noche-y-durante-la-madrugada-afectara-a-andalucia-notable-bajadas-de-temperaturas\/toni-ona-2\/\" rel=\"attachment wp-att-10875\"><img loading=\"lazy\" class=\"aligncenter size-full wp-image-10875\" title=\"to\u00f1i o\u00f1a\" src=\"\/tormentas-y-rayos\/wp-content\/uploads\/sites\/12\/2015\/01\/to\u00f1i-o\u00f1a.jpg\" alt=\"\" width=\"480\" height=\"640\" srcset=\"https:\/\/static-blogs.diariosur.es\/wp-content\/uploads\/sites\/12\/2015\/01\/to\u00f1i-o\u00f1a.jpg 480w, https:\/\/static-blogs.diariosur.es\/wp-content\/uploads\/sites\/12\/2015\/01\/to\u00f1i-o\u00f1a-300x400.jpg 300w\" sizes=\"(max-width: 480px) 100vw, 480px\" \/><\/a><\/p>\n<p>&nbsp;<\/p>\n<p><strong>Lo mas que hizo este chubasco fue guarrear los coches y que mas de uno se resbalara en las aceras.<\/strong><\/p>\n<p>&nbsp;<\/p>\n<p><a href=\"https:\/\/blogs.diariosur.es\/tormentas-y-rayos\/2015\/01\/15\/prevision-del-tiempo-el-frente-frio-ya-afecta-al-noroeste-peninsular-a-ultima-hora-de-la-noche-y-durante-la-madrugada-afectara-a-andalucia-notable-bajadas-de-temperaturas\/10924253_10204429380593528_6168232650479348818_o\/\" rel=\"attachment wp-att-10876\"><img loading=\"lazy\" class=\"aligncenter size-full wp-image-10876\" title=\"10924253_10204429380593528_6168232650479348818_o\" src=\"\/tormentas-y-rayos\/wp-content\/uploads\/sites\/12\/2015\/01\/10924253_10204429380593528_6168232650479348818_o.jpg\" alt=\"\" width=\"640\" height=\"360\" \/><\/a><\/p>\n<p>&nbsp;<\/p>\n<p>&nbsp;<\/p>\n<p>&nbsp;<\/p>\n<p><strong>Poco mas del resumen de ayer, os dejo con los datos mas destacados facilitados por la Aemet.<\/strong><\/p>\n<p>&nbsp;<\/p>\n<p><a href=\"https:\/\/blogs.diariosur.es\/tormentas-y-rayos\/2015\/01\/15\/prevision-del-tiempo-el-frente-frio-ya-afecta-al-noroeste-peninsular-a-ultima-hora-de-la-noche-y-durante-la-madrugada-afectara-a-andalucia-notable-bajadas-de-temperaturas\/captura-560\/\" rel=\"attachment wp-att-10877\"><img loading=\"lazy\" class=\"aligncenter size-medium wp-image-10877\" title=\"Captura\" src=\"\/tormentas-y-rayos\/wp-content\/uploads\/sites\/12\/2015\/01\/Captura8.jpg\" alt=\"\" width=\"434\" height=\"400\" srcset=\"https:\/\/static-blogs.diariosur.es\/wp-content\/uploads\/sites\/12\/2015\/01\/Captura8.jpg 807w, https:\/\/static-blogs.diariosur.es\/wp-content\/uploads\/sites\/12\/2015\/01\/Captura8-434x400.jpg 434w, https:\/\/static-blogs.diariosur.es\/wp-content\/uploads\/sites\/12\/2015\/01\/Captura8-768x707.jpg 768w\" sizes=\"(max-width: 434px) 100vw, 434px\" \/><\/a><\/p>\n<p>&nbsp;<\/p>\n<p>&nbsp;<\/p>\n<p>&nbsp;<\/p>\n","protected":false},"excerpt":{"rendered":"<p>&nbsp; &nbsp; &nbsp; Buenos\u00a0d\u00edas\u00a0amigos de la meteo, son las seis de la ma\u00f1ana, registro 12 grados y los cielos andaluces y malague\u00f1os est\u00e1n poco nubosos. Las nubes medias y altas tomaran protagonismo por la zona occidental Andaluza por la tarde, los vientos soplaran flojos de\u00a0direcci\u00f3n\u00a0variable, pero a ultima hora de la tarde\u00a0entraran\u00a0del oeste por el [&hellip;]<\/p>\n","protected":false},"author":16,"featured_media":10878,"comment_status":"open","ping_status":"open","sticky":false,"template":"","format":"standard","meta":[],"categories":[2],"tags":[100,162,427,769,809,962,980],"_links":{"self":[{"href":"https:\/\/blogs.diariosur.es\/tormentas-y-rayos\/wp-json\/wp\/v2\/posts\/10873"}],"collection":[{"href":"https:\/\/blogs.diariosur.es\/tormentas-y-rayos\/wp-json\/wp\/v2\/posts"}],"about":[{"href":"https:\/\/blogs.diariosur.es\/tormentas-y-rayos\/wp-json\/wp\/v2\/types\/post"}],"author":[{"embeddable":true,"href":"https:\/\/blogs.diariosur.es\/tormentas-y-rayos\/wp-json\/wp\/v2\/users\/16"}],"replies":[{"embeddable":true,"href":"https:\/\/blogs.diariosur.es\/tormentas-y-rayos\/wp-json\/wp\/v2\/comments?post=10873"}],"version-history":[{"count":0,"href":"https:\/\/blogs.diariosur.es\/tormentas-y-rayos\/wp-json\/wp\/v2\/posts\/10873\/revisions"}],"wp:featuredmedia":[{"embeddable":true,"href":"https:\/\/blogs.diariosur.es\/tormentas-y-rayos\/wp-json\/wp\/v2\/media\/10878"}],"wp:attachment":[{"href":"https:\/\/blogs.diariosur.es\/tormentas-y-rayos\/wp-json\/wp\/v2\/media?parent=10873"}],"wp:term":[{"taxonomy":"category","embeddable":true,"href":"https:\/\/blogs.diariosur.es\/tormentas-y-rayos\/wp-json\/wp\/v2\/categories?post=10873"},{"taxonomy":"post_tag","embeddable":true,"href":"https:\/\/blogs.diariosur.es\/tormentas-y-rayos\/wp-json\/wp\/v2\/tags?post=10873"}],"curies":[{"name":"wp","href":"https:\/\/api.w.org\/{rel}","templated":true}]}}