{"id":10892,"date":"2015-01-16T07:13:55","date_gmt":"2015-01-16T06:13:55","guid":{"rendered":"http:\/\/blogs.diariosur.es\/tormentas-y-rayos\/?p=10892"},"modified":"2015-01-16T07:13:55","modified_gmt":"2015-01-16T06:13:55","slug":"prevision-del-tiempo-andalucia-el-frio-y-el-viento-protagonistas-en-toda-la-peninsula-el-domingo-tendremos-sorpresas","status":"publish","type":"post","link":"https:\/\/blogs.diariosur.es\/tormentas-y-rayos\/2015\/01\/16\/prevision-del-tiempo-andalucia-el-frio-y-el-viento-protagonistas-en-toda-la-peninsula-el-domingo-tendremos-sorpresas\/","title":{"rendered":"Previsi\u00f3n del tiempo Andaluc\u00eda. El fr\u00edo y el viento  protagonistas en toda la pen\u00ednsula.   \u00bfEl domingo tendremos sorpresas ?"},"content":{"rendered":"<p><img loading=\"lazy\" class=\"aligncenter\" src=\"https:\/\/farm6.staticflickr.com\/5566\/14568830453_8e0522e3fc_q.jpg\" alt=\"\" width=\"150\" height=\"150\" \/><\/p>\n<p>&nbsp;<\/p>\n<p>&nbsp;<\/p>\n<p>&nbsp;<\/p>\n<p>&nbsp;<\/p>\n<p>&nbsp;<\/p>\n<p>&nbsp;<\/p>\n<p>&nbsp;<\/p>\n<p><strong>Buenos dias amigos de la meteo, son las seis de la ma\u00f1ana, registro 12 grados y los chubascos son y han sido \u00a0los protagonistas en la Provincia Malague\u00f1a. Mi\u00a0pluvi\u00f3metro\u00a0ha contabilizado dos litros, \u00a0en otras zonas de la\u00a0provincia entre 7 y 10. Si ayer dimos una maxima de 21, hoy no pasaremos de 15. \u00a0Os paso el radar de lluvias de las cuatro de la ma\u00f1ana.<\/strong><\/p>\n<p>&nbsp;<\/p>\n<p>&nbsp;<\/p>\n<p><a href=\"https:\/\/blogs.diariosur.es\/tormentas-y-rayos\/2015\/01\/16\/prevision-del-tiempo-andalucia-el-frio-y-el-viento-protagonistas-en-toda-la-peninsula-el-domingo-tendremos-sorpresas\/201501160310_r8ml\/\" rel=\"attachment wp-att-10898\"><img loading=\"lazy\" class=\"aligncenter size-full wp-image-10898\" title=\"201501160310_r8ml\" src=\"\/tormentas-y-rayos\/wp-content\/uploads\/sites\/12\/2015\/01\/201501160310_r8ml.gif\" alt=\"\" width=\"480\" height=\"530\" \/><\/a><\/p>\n<p>&nbsp;<\/p>\n<p><strong>A ultima hora de la noche de ayer\u00a0llov\u00eda\u00a0en las provincias mas occidentales, y\u00a0sigui\u00f3\u00a0haci\u00e9ndolo durante la madrugada. En las provincias de Huelva, C\u00e1diz y Sevilla han rondando los 17 litros.\u00a0<\/strong><\/p>\n<p><strong>El frente abandona ya Andaluc\u00eda por su parte mas occidental, por\u00a0Huelva y Sevilla se aclaran los cielos. De todas formas a medida que pasen las horas los chubascos posfrontales afectaran de nuevo a estas zonas por la tarde noche, e incluso a la provincia malague\u00f1a de madrugada. Os paso una imagen del satelite eumetsat.<\/strong><\/p>\n<p>&nbsp;<\/p>\n<p><a href=\"https:\/\/blogs.diariosur.es\/tormentas-y-rayos\/2015\/01\/16\/prevision-del-tiempo-andalucia-el-frio-y-el-viento-protagonistas-en-toda-la-peninsula-el-domingo-tendremos-sorpresas\/1-102\/\" rel=\"attachment wp-att-10899\"><img loading=\"lazy\" class=\"aligncenter size-medium wp-image-10899\" title=\"1\" src=\"\/tormentas-y-rayos\/wp-content\/uploads\/sites\/12\/2015\/01\/12.jpg\" alt=\"\" width=\"549\" height=\"400\" srcset=\"https:\/\/static-blogs.diariosur.es\/wp-content\/uploads\/sites\/12\/2015\/01\/12.jpg 757w, https:\/\/static-blogs.diariosur.es\/wp-content\/uploads\/sites\/12\/2015\/01\/12-550x400.jpg 550w\" sizes=\"(max-width: 549px) 100vw, 549px\" \/><\/a><\/p>\n<p><strong>\u00a0<\/strong><\/p>\n<p>&nbsp;<\/p>\n<p><strong>El viento de terral de invierno y el poniente ya sopla de moderado a fuerte en la Costa\u00a0Mediterr\u00e1nea\u00a0Andaluza, asi como en la mayor parte de Andaluc\u00eda. En mi zona que esta cercana al Ambulatorio Barbarela, las rachas son moderadas y van acompa\u00f1adas de lluvia.<\/strong><\/p>\n<p><strong>Ma\u00f1ana\u00a0s\u00e1bado\u00a0el protagonista sera el fr\u00edo, incluso al soplar viento la sensaci\u00f3n\u00a0t\u00e9rmica\u00a0sera de mas. Si se dan chubascos serian de madrugada, pero durante el dia no espero.<\/strong><\/p>\n<p>&nbsp;<\/p>\n<p><strong>Para los que\u00a0entr\u00e1is\u00a0por\u00a0primera\u00a0vez os paso el enlace donde explico el por qu\u00e9 de este cambio tan brusco de tiempo que tenemos ahora mismo.<\/strong><\/p>\n<p><span style=\"color: #ff00ff;\"><strong><em><a href=\"https:\/\/blogs.diariosur.es\/tormentas-y-rayos\/2015\/01\/14\/prevision-del-tiempo-el-frio-las-nevadas-el-viento-y-las-lluvias-protagonistas-en-la-peninsula-el-jueves-y-viernes-porque-esta-cambio-de-tiempo-posible-borrasca-el-domingo-en-el-cabo-de-s\/\">POR FIN LLEGO EL INVIERNO<\/a><\/em><\/strong><\/span><\/p>\n<p>&nbsp;<\/p>\n<p>&nbsp;<\/p>\n<p>&nbsp;<\/p>\n<p>&nbsp;<\/p>\n<p>&nbsp;<\/p>\n<p>&nbsp;<\/p>\n<p><strong>Aunque ma\u00f1ana\u00a0s\u00e1bado\u00a0concretaremos lo que pueda pasar el domingo, os explico por encima el por qu\u00e9 se pueden dar sorpresas.<\/strong><\/p>\n<p><strong> Estas sorpresas\u00a0ser\u00e1n\u00a0por nevadas que se puede dar en cotas bajas. Como todos\u00a0sab\u00e9is\u00a0desde hoy, \u00a0y hasta el domingo una\u00a0masa\u00a0se aire \u00a0polar\u00a0mar\u00edtima\u00a0afectara a toda la\u00a0pen\u00ednsula. <\/strong><\/p>\n<p><strong>El domingo se espera que una borrasca se aproxime al noroeste peninsular, ademas se\u00a0formar\u00eda\u00a0una baja secundaria en el Cabo de San Vicente.\u00a0\u00a0Esta borrasca trae consigo un frente c\u00e1lido que al entrar en la\u00a0pen\u00ednsula\u00a0se\u00a0reactivara. Al tener aun bajas\u00a0temperaturas, \u00a0las primeras lluvias serian en forma de nieve en cotas bajas. Si el frente entra un poco mas tarde la cota\u00a0subir\u00eda.<\/strong><\/p>\n<p><strong> En Andaluc\u00eda\u00a0seg\u00fan\u00a0los modelos, la nieve\u00a0podr\u00eda\u00a0aparecer a partir de 900 metros.\u00a0\u00a0Si\u00a0me\u00a0permit\u00eds\u00a0amigos de la meteo, ma\u00f1ana hablaremos de esto y de lo que pueda pasar. Os paso esta imagen del\u00a0sat\u00e9lite\u00a0eumetsat,\u00a0donde\u00a0pod\u00e9is\u00a0ver a la susodicha que\u00a0traer\u00e1\u00a0mas lluvia a nuestra\u00a0regi\u00f3n. Fuente imagen meteogalicia.<\/strong><\/p>\n<p>&nbsp;<\/p>\n<p><a href=\"https:\/\/blogs.diariosur.es\/tormentas-y-rayos\/2015\/01\/16\/prevision-del-tiempo-andalucia-el-frio-y-el-viento-protagonistas-en-toda-la-peninsula-el-domingo-tendremos-sorpresas\/captura-563\/\" rel=\"attachment wp-att-10900\"><img loading=\"lazy\" class=\"aligncenter size-medium wp-image-10900\" title=\"Captura\" src=\"\/tormentas-y-rayos\/wp-content\/uploads\/sites\/12\/2015\/01\/Captura11.jpg\" alt=\"\" width=\"531\" height=\"400\" srcset=\"https:\/\/static-blogs.diariosur.es\/wp-content\/uploads\/sites\/12\/2015\/01\/Captura11.jpg 744w, https:\/\/static-blogs.diariosur.es\/wp-content\/uploads\/sites\/12\/2015\/01\/Captura11-531x400.jpg 531w\" sizes=\"(max-width: 531px) 100vw, 531px\" \/><\/a><\/p>\n<p>&nbsp;<\/p>\n<p>&nbsp;<\/p>\n<p>&nbsp;<\/p>\n<p>&nbsp;<\/p>\n<p>&nbsp;<\/p>\n<p>&nbsp;<\/p>\n<p>&nbsp;<\/p>\n<p><strong>Os hago un peque\u00f1o resumen de ayer jueves.<\/strong><\/p>\n<p><strong>Lo mas destacado fueron las\u00a0m\u00e1ximas\u00a0tal altas que se dieron para un mes de Enero en la Costa\u00a0Mediterr\u00e1nea\u00a0Andaluza., hoy seguro que no pasara.\u00a0<\/strong><\/p>\n<p>&nbsp;<\/p>\n<p><a href=\"https:\/\/blogs.diariosur.es\/tormentas-y-rayos\/2015\/01\/16\/prevision-del-tiempo-andalucia-el-frio-y-el-viento-protagonistas-en-toda-la-peninsula-el-domingo-tendremos-sorpresas\/maximasssssssss\/\" rel=\"attachment wp-att-10893\"><img loading=\"lazy\" class=\"aligncenter size-medium wp-image-10893\" title=\"maximasssssssss\" src=\"\/tormentas-y-rayos\/wp-content\/uploads\/sites\/12\/2015\/01\/maximasssssssss.jpg\" alt=\"\" width=\"600\" height=\"178\" srcset=\"https:\/\/static-blogs.diariosur.es\/wp-content\/uploads\/sites\/12\/2015\/01\/maximasssssssss.jpg 794w, https:\/\/static-blogs.diariosur.es\/wp-content\/uploads\/sites\/12\/2015\/01\/maximasssssssss-640x190.jpg 640w, https:\/\/static-blogs.diariosur.es\/wp-content\/uploads\/sites\/12\/2015\/01\/maximasssssssss-768x228.jpg 768w\" sizes=\"(max-width: 600px) 100vw, 600px\" \/><\/a><\/p>\n<p>&nbsp;<\/p>\n<p>&nbsp;<\/p>\n<p><strong>A destacar tambi\u00e9n las fuertes rachas de viento que se dieron en el norte, asi como fuertes lluvias.<\/strong><\/p>\n<p>&nbsp;<\/p>\n<p>&nbsp;<\/p>\n<p><a href=\"https:\/\/blogs.diariosur.es\/tormentas-y-rayos\/2015\/01\/16\/prevision-del-tiempo-andalucia-el-frio-y-el-viento-protagonistas-en-toda-la-peninsula-el-domingo-tendremos-sorpresas\/z-44\/\" rel=\"attachment wp-att-10901\"><img loading=\"lazy\" class=\"aligncenter size-medium wp-image-10901\" title=\"z\" src=\"\/tormentas-y-rayos\/wp-content\/uploads\/sites\/12\/2015\/01\/z.jpg\" alt=\"\" width=\"444\" height=\"400\" srcset=\"https:\/\/static-blogs.diariosur.es\/wp-content\/uploads\/sites\/12\/2015\/01\/z.jpg 763w, https:\/\/static-blogs.diariosur.es\/wp-content\/uploads\/sites\/12\/2015\/01\/z-444x400.jpg 444w\" sizes=\"(max-width: 444px) 100vw, 444px\" \/><\/a><\/p>\n<p>&nbsp;<\/p>\n<p>&nbsp;<\/p>\n<p>&nbsp;<\/p>\n<p>&nbsp;<\/p>\n<p><strong>Por la tarde noche la\u00a0avanzadilla\u00a0del frente dejaba bonitos candilazos en la provincia malague\u00f1a, las nubes medias y altas eran protagonistas. Como ya tengo mas megas en el blog os pongo algunas fotos que me\u00a0hab\u00e9is\u00a0mandado. Son todas una pasada de bonitas amigos.<\/strong><\/p>\n<p>&nbsp;<\/p>\n<p><strong>Francisco Hidalgo<\/strong><\/p>\n<p>&nbsp;<\/p>\n<p><a href=\"https:\/\/blogs.diariosur.es\/tormentas-y-rayos\/2015\/01\/16\/prevision-del-tiempo-andalucia-el-frio-y-el-viento-protagonistas-en-toda-la-peninsula-el-domingo-tendremos-sorpresas\/francisco-hidalgo\/\" rel=\"attachment wp-att-10894\"><img loading=\"lazy\" class=\"aligncenter size-full wp-image-10894\" title=\"francisco hidalgo\" src=\"\/tormentas-y-rayos\/wp-content\/uploads\/sites\/12\/2015\/01\/francisco-hidalgo.jpg\" alt=\"\" width=\"640\" height=\"427\" srcset=\"https:\/\/static-blogs.diariosur.es\/wp-content\/uploads\/sites\/12\/2015\/01\/francisco-hidalgo.jpg 640w, https:\/\/static-blogs.diariosur.es\/wp-content\/uploads\/sites\/12\/2015\/01\/francisco-hidalgo-600x400.jpg 600w\" sizes=\"(max-width: 640px) 100vw, 640px\" \/><\/a><\/p>\n<p>&nbsp;<\/p>\n<p>&nbsp;<\/p>\n<p><strong>Jose Campos Reina<\/strong><\/p>\n<p>&nbsp;<\/p>\n<p><a href=\"https:\/\/blogs.diariosur.es\/tormentas-y-rayos\/2015\/01\/16\/prevision-del-tiempo-andalucia-el-frio-y-el-viento-protagonistas-en-toda-la-peninsula-el-domingo-tendremos-sorpresas\/jose-campos-reina-3\/\" rel=\"attachment wp-att-10895\"><img loading=\"lazy\" class=\"aligncenter size-full wp-image-10895\" title=\"jose campos reina\" src=\"\/tormentas-y-rayos\/wp-content\/uploads\/sites\/12\/2015\/01\/jose-campos-reina.jpg\" alt=\"\" width=\"640\" height=\"480\" srcset=\"https:\/\/static-blogs.diariosur.es\/wp-content\/uploads\/sites\/12\/2015\/01\/jose-campos-reina.jpg 640w, https:\/\/static-blogs.diariosur.es\/wp-content\/uploads\/sites\/12\/2015\/01\/jose-campos-reina-533x400.jpg 533w\" sizes=\"(max-width: 640px) 100vw, 640px\" \/><\/a><\/p>\n<p>&nbsp;<\/p>\n<p><strong>Maria Jose Moyano<\/strong><\/p>\n<p><a href=\"https:\/\/blogs.diariosur.es\/tormentas-y-rayos\/2015\/01\/16\/prevision-del-tiempo-andalucia-el-frio-y-el-viento-protagonistas-en-toda-la-peninsula-el-domingo-tendremos-sorpresas\/maria-jose-moyano-7\/\" rel=\"attachment wp-att-10896\"><img loading=\"lazy\" class=\"aligncenter size-full wp-image-10896\" title=\"maria jose moyano\" src=\"\/tormentas-y-rayos\/wp-content\/uploads\/sites\/12\/2015\/01\/maria-jose-moyano.jpg\" alt=\"\" width=\"640\" height=\"480\" srcset=\"https:\/\/static-blogs.diariosur.es\/wp-content\/uploads\/sites\/12\/2015\/01\/maria-jose-moyano.jpg 640w, https:\/\/static-blogs.diariosur.es\/wp-content\/uploads\/sites\/12\/2015\/01\/maria-jose-moyano-533x400.jpg 533w\" sizes=\"(max-width: 640px) 100vw, 640px\" \/><\/a><\/p>\n<p>&nbsp;<\/p>\n<p><strong>Pablo Fern\u00e1ndez.<\/strong><\/p>\n<p>&nbsp;<\/p>\n<p><a href=\"https:\/\/blogs.diariosur.es\/tormentas-y-rayos\/2015\/01\/16\/prevision-del-tiempo-andalucia-el-frio-y-el-viento-protagonistas-en-toda-la-peninsula-el-domingo-tendremos-sorpresas\/pablo-fernendez\/\" rel=\"attachment wp-att-10897\"><img loading=\"lazy\" class=\"aligncenter size-full wp-image-10897\" title=\"pablo fernendez\" src=\"\/tormentas-y-rayos\/wp-content\/uploads\/sites\/12\/2015\/01\/pablo-fernendez.jpg\" alt=\"\" width=\"640\" height=\"360\" \/><\/a><\/p>\n<p>&nbsp;<\/p>\n<p><strong>Nos vemos ma\u00f1ana amigos de la meteo.<\/strong><\/p>\n","protected":false},"excerpt":{"rendered":"<p>&nbsp; &nbsp; &nbsp; &nbsp; &nbsp; &nbsp; &nbsp; Buenos dias amigos de la meteo, son las seis de la ma\u00f1ana, registro 12 grados y los chubascos son y han sido \u00a0los protagonistas en la Provincia Malague\u00f1a. Mi\u00a0pluvi\u00f3metro\u00a0ha contabilizado dos litros, \u00a0en otras zonas de la\u00a0provincia entre 7 y 10. Si ayer dimos una maxima de 21, [&hellip;]<\/p>\n","protected":false},"author":16,"featured_media":10902,"comment_status":"open","ping_status":"open","sticky":false,"template":"","format":"standard","meta":[],"categories":[2],"tags":[100,432,769,809,980,1059],"_links":{"self":[{"href":"https:\/\/blogs.diariosur.es\/tormentas-y-rayos\/wp-json\/wp\/v2\/posts\/10892"}],"collection":[{"href":"https:\/\/blogs.diariosur.es\/tormentas-y-rayos\/wp-json\/wp\/v2\/posts"}],"about":[{"href":"https:\/\/blogs.diariosur.es\/tormentas-y-rayos\/wp-json\/wp\/v2\/types\/post"}],"author":[{"embeddable":true,"href":"https:\/\/blogs.diariosur.es\/tormentas-y-rayos\/wp-json\/wp\/v2\/users\/16"}],"replies":[{"embeddable":true,"href":"https:\/\/blogs.diariosur.es\/tormentas-y-rayos\/wp-json\/wp\/v2\/comments?post=10892"}],"version-history":[{"count":0,"href":"https:\/\/blogs.diariosur.es\/tormentas-y-rayos\/wp-json\/wp\/v2\/posts\/10892\/revisions"}],"wp:featuredmedia":[{"embeddable":true,"href":"https:\/\/blogs.diariosur.es\/tormentas-y-rayos\/wp-json\/wp\/v2\/media\/10902"}],"wp:attachment":[{"href":"https:\/\/blogs.diariosur.es\/tormentas-y-rayos\/wp-json\/wp\/v2\/media?parent=10892"}],"wp:term":[{"taxonomy":"category","embeddable":true,"href":"https:\/\/blogs.diariosur.es\/tormentas-y-rayos\/wp-json\/wp\/v2\/categories?post=10892"},{"taxonomy":"post_tag","embeddable":true,"href":"https:\/\/blogs.diariosur.es\/tormentas-y-rayos\/wp-json\/wp\/v2\/tags?post=10892"}],"curies":[{"name":"wp","href":"https:\/\/api.w.org\/{rel}","templated":true}]}}