{"id":10903,"date":"2015-01-17T07:22:51","date_gmt":"2015-01-17T06:22:51","guid":{"rendered":"http:\/\/blogs.diariosur.es\/tormentas-y-rayos\/?p=10903"},"modified":"2015-01-17T07:22:51","modified_gmt":"2015-01-17T06:22:51","slug":"prevision-del-tiempo-andalucia-peninsula-aviso-amarillo-por-lluvias-y-viento-en-huelva-y-cadiz-por-nevadas-en-jaen-y-granada-nevara-en-el-torcal","status":"publish","type":"post","link":"https:\/\/blogs.diariosur.es\/tormentas-y-rayos\/2015\/01\/17\/prevision-del-tiempo-andalucia-peninsula-aviso-amarillo-por-lluvias-y-viento-en-huelva-y-cadiz-por-nevadas-en-jaen-y-granada-nevara-en-el-torcal\/","title":{"rendered":"Previsi\u00f3n del tiempo Andaluc\u00eda, Pen\u00ednsula. Aviso amarillo por lluvias y  viento en Huelva y C\u00e1diz, por nevadas en Ja\u00e9n y Granada. \u00bf Nevara en el Torcal?"},"content":{"rendered":"<p><img loading=\"lazy\" class=\"aligncenter\" src=\"https:\/\/farm3.staticflickr.com\/2898\/14371881571_bbae3518b1_q.jpg\" alt=\"\" width=\"150\" height=\"150\" \/><\/p>\n<p>&nbsp;<\/p>\n<p>&nbsp;<\/p>\n<p>&nbsp;<\/p>\n<p>&nbsp;<\/p>\n<p>&nbsp;<\/p>\n<p>&nbsp;<\/p>\n<p><strong>Buenos\u00a0d\u00edas\u00a0amigos de la meteo, son las seis de la ma\u00f1ana, registro 8,7 \u00a0grados, los cielos est\u00e1n despejados \u00a0y el fr\u00edo es el protagonista en toda Andaluc\u00eda. Los vientos soplan del noroeste, pero a medida que pasen las horas bajaran de\u00a0intensidad. Las\u00a0m\u00e1xima\u00a0en M\u00e1laga Capital no creo que pase de 15 grados, asi como en muchos puntos de Andaluc\u00eda.<\/strong><\/p>\n<p>&nbsp;<\/p>\n<p>&nbsp;<\/p>\n<p><span style=\"color: #ff0000;\"><em><strong>AVISO AMARILLO POR NEVADAS, LLUVIAS Y VIENTO EN LA\u00a0PEN\u00cdNSULA MA\u00d1ANA DOMINGO 17-1-2014.<\/strong><\/em><\/span><\/p>\n<p>&nbsp;<\/p>\n<p><strong>Bueno amigos, intentare explicar de forma sencilla \u00a0lo que ma\u00f1ana domingo \u00a0puede pasar en Andaluc\u00eda y en otros puntos de la pen\u00ednsula, \u00a0y si se\u00a0dar\u00e1n\u00a0sorpresas en forma de nevadas.<\/strong><\/p>\n<p><strong>Si\u00a0hab\u00e9is\u00a0seguido y\u00a0le\u00eddo\u00a0 los post estA semana , mas o menos\u00a0comprender\u00e9is\u00a0lo que puede pasar.\u00a0\u00a0De todas formas os paso el enlace a la pagina principal del blog y desde\u00a0all\u00ed\u00a0vais viendo los post.\u00a0<\/strong><\/p>\n<p><em><strong><a href=\"https:\/\/blogs.diariosur.es\/tormentas-y-rayos\/\">BLOG TORMENTA Y RAYOS<\/a><\/strong><\/em><\/p>\n<p><strong>Os explico de forma sencilla lo que puede ocurrir ma\u00f1ana domingo.<\/strong><\/p>\n<p><strong>En estos momentos tenemos una masa de aire fr\u00edo que abarca a toda la\u00a0pen\u00ednsula. La temperatura a 850 hpa ( 1500 m ) ronda entre los cuatro bajo cero y los cero grados.<\/strong><\/p>\n<p>&nbsp;<\/p>\n<p><a href=\"https:\/\/blogs.diariosur.es\/tormentas-y-rayos\/2015\/01\/17\/prevision-del-tiempo-andalucia-peninsula-aviso-amarillo-por-lluvias-y-viento-en-huelva-y-cadiz-por-nevadas-en-jaen-y-granada-nevara-en-el-torcal\/a-41\/\" rel=\"attachment wp-att-10904\"><img loading=\"lazy\" class=\"aligncenter size-medium wp-image-10904\" title=\"a\" src=\"\/tormentas-y-rayos\/wp-content\/uploads\/sites\/12\/2015\/01\/a.jpg\" alt=\"\" width=\"569\" height=\"400\" srcset=\"https:\/\/static-blogs.diariosur.es\/wp-content\/uploads\/sites\/12\/2015\/01\/a.jpg 770w, https:\/\/static-blogs.diariosur.es\/wp-content\/uploads\/sites\/12\/2015\/01\/a-569x400.jpg 569w, https:\/\/static-blogs.diariosur.es\/wp-content\/uploads\/sites\/12\/2015\/01\/a-768x540.jpg 768w\" sizes=\"(max-width: 569px) 100vw, 569px\" \/><\/a><\/p>\n<p>&nbsp;<\/p>\n<p><strong>Ma\u00f1ana domingo esta borrasca que\u00a0pod\u00e9is\u00a0ver en la imagen del\u00a0sat\u00e9lite\u00a0eumetsat se acercara al noroeste peninsular acompa\u00f1ada de un frente\u00a0c\u00e1lido. \u00a0<\/strong><\/p>\n<p><strong>A esto hay que unirle una baja secundaria que se formara en el\u00a0Cabo de San\u00a0Vicente.\u00a0<\/strong><\/p>\n<p>&nbsp;<\/p>\n<p>&nbsp;<\/p>\n<p><a href=\"https:\/\/blogs.diariosur.es\/tormentas-y-rayos\/2015\/01\/17\/prevision-del-tiempo-andalucia-peninsula-aviso-amarillo-por-lluvias-y-viento-en-huelva-y-cadiz-por-nevadas-en-jaen-y-granada-nevara-en-el-torcal\/captura-564\/\" rel=\"attachment wp-att-10908\"><img loading=\"lazy\" class=\"aligncenter size-medium wp-image-10908\" title=\"Captura\" src=\"\/tormentas-y-rayos\/wp-content\/uploads\/sites\/12\/2015\/01\/Captura12.jpg\" alt=\"\" width=\"540\" height=\"400\" srcset=\"https:\/\/static-blogs.diariosur.es\/wp-content\/uploads\/sites\/12\/2015\/01\/Captura12.jpg 754w, https:\/\/static-blogs.diariosur.es\/wp-content\/uploads\/sites\/12\/2015\/01\/Captura12-541x400.jpg 541w\" sizes=\"(max-width: 540px) 100vw, 540px\" \/><\/a><\/p>\n<p>&nbsp;<\/p>\n<p>&nbsp;<\/p>\n<p><strong>Os paso estos dos mapas previstos del modelo gfs, fuente meteociel.<\/strong><\/p>\n<p><a href=\"https:\/\/blogs.diariosur.es\/tormentas-y-rayos\/2015\/01\/17\/prevision-del-tiempo-andalucia-peninsula-aviso-amarillo-por-lluvias-y-viento-en-huelva-y-cadiz-por-nevadas-en-jaen-y-granada-nevara-en-el-torcal\/d\/\" rel=\"attachment wp-att-10905\"><img loading=\"lazy\" class=\"aligncenter size-large wp-image-10905\" title=\"d\" src=\"\/tormentas-y-rayos\/wp-content\/uploads\/sites\/12\/2015\/01\/d.jpg\" alt=\"\" width=\"600\" height=\"600\" srcset=\"https:\/\/static-blogs.diariosur.es\/wp-content\/uploads\/sites\/12\/2015\/01\/d.jpg 755w, https:\/\/static-blogs.diariosur.es\/wp-content\/uploads\/sites\/12\/2015\/01\/d-150x150.jpg 150w, https:\/\/static-blogs.diariosur.es\/wp-content\/uploads\/sites\/12\/2015\/01\/d-401x400.jpg 401w\" sizes=\"(max-width: 600px) 100vw, 600px\" \/><\/a><\/p>\n<p>&nbsp;<\/p>\n<p><a href=\"https:\/\/blogs.diariosur.es\/tormentas-y-rayos\/2015\/01\/17\/prevision-del-tiempo-andalucia-peninsula-aviso-amarillo-por-lluvias-y-viento-en-huelva-y-cadiz-por-nevadas-en-jaen-y-granada-nevara-en-el-torcal\/d1\/\" rel=\"attachment wp-att-10906\"><img loading=\"lazy\" class=\"aligncenter size-large wp-image-10906\" title=\"d1\" src=\"\/tormentas-y-rayos\/wp-content\/uploads\/sites\/12\/2015\/01\/d1.jpg\" alt=\"\" width=\"609\" height=\"600\" srcset=\"https:\/\/static-blogs.diariosur.es\/wp-content\/uploads\/sites\/12\/2015\/01\/d1.jpg 800w, https:\/\/static-blogs.diariosur.es\/wp-content\/uploads\/sites\/12\/2015\/01\/d1-406x400.jpg 406w, https:\/\/static-blogs.diariosur.es\/wp-content\/uploads\/sites\/12\/2015\/01\/d1-768x756.jpg 768w\" sizes=\"(max-width: 609px) 100vw, 609px\" \/><\/a><\/p>\n<p>&nbsp;<\/p>\n<p><strong>El frente\u00a0c\u00e1lido\u00a0cuando entre en la\u00a0pen\u00ednsula\u00a0se reactivara y se encontrara con la masa de aire fr\u00edo, esto\u00a0dar\u00e1\u00a0lugar a que las\u00a0precipitaciones\u00a0 sean en forma de nieve en cotas bajas. <\/strong><\/p>\n<p><strong>En la Comunidad de Madrid y Castilla la\u00a0Mancha y Le\u00f3n la nieve puede ser protagonista. Por este motivo la aemet ha\u00a0activado\u00a0el aviso amarillo.\u00a0<\/strong><\/p>\n<p><strong><span style=\"color: #0000ff;\">En Andaluc\u00eda la aemet activa el aviso amarillo por lluvias fuertes \u00a0y por vientos en Huelva y \u00a0C\u00e1diz, \u00a0en esta zona la cota de nieve puede estar sobre los 1200 metros a primera hora de la ma\u00f1ana, luego\u00a0ir\u00eda\u00a0subiendo.<\/span><\/strong><\/p>\n<p><strong><span style=\"color: #0000ff;\">\u00a0En la zona de Granada y Ja\u00e9n la cota de nieve al\u00a0principio\u00a0puede rondar\u00a0los 800 o 900 metros, mas tarde\u00a0ir\u00eda\u00a0subiendo la cota hasta los 1000, 1100, ya que el frente\u00a0c\u00e1lido\u00a0ir\u00eda\u00a0desplazando\u00a0esta masa de aire fr\u00edo.\u00a0<\/span><\/strong><\/p>\n<p>&nbsp;<\/p>\n<p>&nbsp;<\/p>\n<p><a href=\"https:\/\/blogs.diariosur.es\/tormentas-y-rayos\/2015\/01\/17\/prevision-del-tiempo-andalucia-peninsula-aviso-amarillo-por-lluvias-y-viento-en-huelva-y-cadiz-por-nevadas-en-jaen-y-granada-nevara-en-el-torcal\/20150116210000_avi_pmna\/\" rel=\"attachment wp-att-10907\"><img loading=\"lazy\" class=\"aligncenter size-full wp-image-10907\" title=\"20150116210000_avi_pmna\" src=\"\/tormentas-y-rayos\/wp-content\/uploads\/sites\/12\/2015\/01\/20150116210000_avi_pmna.png\" alt=\"\" width=\"500\" height=\"334\" \/><\/a><\/p>\n<p>&nbsp;<\/p>\n<p><strong><span style=\"color: #0000ff;\">Muchos me\u00a0est\u00e1is\u00a0preguntando si nevara en las Pedrizas o en el Torcal. \u00a0Yo creo que el Torcal \u00a0tendr\u00e1 mas probabilidad \u00a0para que nieve o por lo menos veamos copos, asi como en Alfarnate,<\/span> <span style=\"color: #ff0000;\">siempre y cuando\u00a0empiece\u00a0la lluvia muy temprano, si se retrasa la lluvia, \u00a0la cota de nieve\u00a0ir\u00eda\u00a0subiendo.\u00a0<\/span><\/strong><\/p>\n<p><span style=\"color: #0000ff;\"><strong>En M\u00e1laga Capital la\u00a0m\u00e1xima\u00a0no creo que pase ma\u00f1ana de los 12 grados, tendremos chubascos\u00a0d\u00e9biles\u00a0que\u00a0ser\u00e1n\u00a0mas moderados en la zona occidental malague\u00f1a.<\/strong><\/span><\/p>\n<p><span style=\"color: #ff00ff;\"><strong><em>Resumiendo amigos, si el frente\u00a0c\u00e1lido\u00a0entra en la provincia malague\u00f1a \u00a0cuando aun tenemos la masa de aire frio y lo hace a primera hora de la ma\u00f1ana, puede nevar en el Torcal y zonas cercanas a los 1000 metros, otra cosa es que cuaje la nieve. A medida que pasen las horas la cota\u00a0ir\u00eda\u00a0subiendo.<\/em><\/strong><\/span><\/p>\n<p>&nbsp;<\/p>\n<p>&nbsp;<\/p>\n<p>&nbsp;<\/p>\n<p>&nbsp;<\/p>\n<p>&nbsp;<\/p>\n<p>&nbsp;<\/p>\n","protected":false},"excerpt":{"rendered":"<p>&nbsp; &nbsp; &nbsp; &nbsp; &nbsp; &nbsp; Buenos\u00a0d\u00edas\u00a0amigos de la meteo, son las seis de la ma\u00f1ana, registro 8,7 \u00a0grados, los cielos est\u00e1n despejados \u00a0y el fr\u00edo es el protagonista en toda Andaluc\u00eda. Los vientos soplan del noroeste, pero a medida que pasen las horas bajaran de\u00a0intensidad. Las\u00a0m\u00e1xima\u00a0en M\u00e1laga Capital no creo que pase de 15 [&hellip;]<\/p>\n","protected":false},"author":16,"featured_media":10907,"comment_status":"open","ping_status":"open","sticky":false,"template":"","format":"standard","meta":[],"categories":[2],"tags":[63,91,100,151,569,690,769,809,980],"_links":{"self":[{"href":"https:\/\/blogs.diariosur.es\/tormentas-y-rayos\/wp-json\/wp\/v2\/posts\/10903"}],"collection":[{"href":"https:\/\/blogs.diariosur.es\/tormentas-y-rayos\/wp-json\/wp\/v2\/posts"}],"about":[{"href":"https:\/\/blogs.diariosur.es\/tormentas-y-rayos\/wp-json\/wp\/v2\/types\/post"}],"author":[{"embeddable":true,"href":"https:\/\/blogs.diariosur.es\/tormentas-y-rayos\/wp-json\/wp\/v2\/users\/16"}],"replies":[{"embeddable":true,"href":"https:\/\/blogs.diariosur.es\/tormentas-y-rayos\/wp-json\/wp\/v2\/comments?post=10903"}],"version-history":[{"count":0,"href":"https:\/\/blogs.diariosur.es\/tormentas-y-rayos\/wp-json\/wp\/v2\/posts\/10903\/revisions"}],"wp:featuredmedia":[{"embeddable":true,"href":"https:\/\/blogs.diariosur.es\/tormentas-y-rayos\/wp-json\/wp\/v2\/media\/10907"}],"wp:attachment":[{"href":"https:\/\/blogs.diariosur.es\/tormentas-y-rayos\/wp-json\/wp\/v2\/media?parent=10903"}],"wp:term":[{"taxonomy":"category","embeddable":true,"href":"https:\/\/blogs.diariosur.es\/tormentas-y-rayos\/wp-json\/wp\/v2\/categories?post=10903"},{"taxonomy":"post_tag","embeddable":true,"href":"https:\/\/blogs.diariosur.es\/tormentas-y-rayos\/wp-json\/wp\/v2\/tags?post=10903"}],"curies":[{"name":"wp","href":"https:\/\/api.w.org\/{rel}","templated":true}]}}