{"id":10909,"date":"2015-01-18T07:50:51","date_gmt":"2015-01-18T06:50:51","guid":{"rendered":"http:\/\/blogs.diariosur.es\/tormentas-y-rayos\/?p=10909"},"modified":"2015-01-18T07:50:51","modified_gmt":"2015-01-18T06:50:51","slug":"ultima-hora-nieva-en-el-torcal-aviso-amarillo-por-lluvias-y-viento-en-huelva-y-cadiz-y-naranja-por-nevadas-en-jaen-y-granada","status":"publish","type":"post","link":"https:\/\/blogs.diariosur.es\/tormentas-y-rayos\/2015\/01\/18\/ultima-hora-nieva-en-el-torcal-aviso-amarillo-por-lluvias-y-viento-en-huelva-y-cadiz-y-naranja-por-nevadas-en-jaen-y-granada\/","title":{"rendered":"Ultima hora. Previsi\u00f3n del tiempo.  Nieva en el Torcal y Alfarnate.  Aviso amarillo por viento el lunes en M\u00e1laga, y naranja por nevadas en Ja\u00e9n y Granada."},"content":{"rendered":"<p>&nbsp;<\/p>\n<p><img loading=\"lazy\" class=\"aligncenter\" src=\"https:\/\/farm3.staticflickr.com\/2898\/14371881571_bbae3518b1_q.jpg\" alt=\"\" width=\"150\" height=\"150\" \/><\/p>\n<p>&nbsp;<\/p>\n<p>&nbsp;<\/p>\n<p><strong><span style=\"color: #ff0000;\"><a href=\"https:\/\/blogs.diariosur.es\/tormentas-y-rayos\/2015\/01\/19\/ultima-hora-aviso-naranja-y-amarillo-por-nevadas-600-800-m-en-la-provincia-malaguena-manana-martes-porque-pasara-esto\/\">\u00a0ACTUALIZACI\u00d3N LUNES 19 DE ENERO. AVISO NARANJA POR NEVADAS EN LA PROVINCIA MALAGUE\u00d1A.<\/a><\/span><\/strong><\/p>\n<p>&nbsp;<\/p>\n<p>&nbsp;<\/p>\n<p>&nbsp;<\/p>\n<p><span style=\"color: #ff0000;\"><strong>ULTIMA HORA, \u00a0UNA DE LA TARDE<\/strong><\/span><\/p>\n<p><strong><span style=\"color: #ff0000;\">POSIBLES TORMENTAS ESTA\u00a0PR\u00d3XIMA\u00a0MADRUGADA<\/span><\/strong><\/p>\n<p>&nbsp;<\/p>\n<p><span style=\"color: #ff0000;\"><strong>SE ACTIVA EL AVISO AMARILLO POR VIENTO \u00a0<\/strong><\/span><strong style=\"color: #ff0000;\"><em>\u00a0PARA MA\u00d1ANA LUNES \u00a0EN LA PROVINCIA MALAGUE\u00d1A. NARANJA POR NEVADAS EN JA\u00c9N Y GRANADA,<\/em><\/strong><\/p>\n<p>&nbsp;<\/p>\n<p><a href=\"https:\/\/blogs.diariosur.es\/tormentas-y-rayos\/2015\/01\/18\/ultima-hora-nieva-en-el-torcal-aviso-amarillo-por-lluvias-y-viento-en-huelva-y-cadiz-y-naranja-por-nevadas-en-jaen-y-granada\/20150118141000_avi_mna_ccaa61\/\" rel=\"attachment wp-att-10916\"><img loading=\"lazy\" class=\"aligncenter size-full wp-image-10916\" title=\"20150118141000_avi_mna_ccaa61\" src=\"\/tormentas-y-rayos\/wp-content\/uploads\/sites\/12\/2015\/01\/20150118141000_avi_mna_ccaa61.png\" alt=\"\" width=\"500\" height=\"334\" \/><\/a><\/p>\n<p>&nbsp;<\/p>\n<p>&nbsp;<\/p>\n<p>&nbsp;<\/p>\n<p>&nbsp;<\/p>\n<p>&nbsp;<\/p>\n<p>&nbsp;<\/p>\n<p>&nbsp;<\/p>\n<p><span style=\"color: #ff0000;\"><strong><em>ULTIMA HORA DOMINGO 18-1-2015, \u00a0SIETE Y MEDIA DE LA MA\u00d1ANA.<\/em><\/strong><\/span><\/p>\n<p>&nbsp;<\/p>\n<p><span style=\"color: #ff0000;\"><strong>HA NEVADO EN EL TORCAL Y ALFARNATE.<\/strong><\/span><\/p>\n<p><strong><span style=\"color: #ff00ff;\">Buenos dias amigos de la meteo, son las siete y media de la ma\u00f1ana, registro 8,7 grados y me comunica un amigo que nieva en el Torcal.\u00a0Tambi\u00e9n\u00a0en la Fuente de la Yedra caen copos, asi como en Loja. A medida que pasen las horas\u00a0subir\u00e1\u00a0la cota de nieve. Mucha precauci\u00f3n \u00a0al conducir. Yo esta vez no podre hacer fotos, \u00a0un pinzamiento en la espalda me lo\u00a0impide.\u00a0<\/span><\/strong><\/p>\n<p>&nbsp;<\/p>\n<p><span style=\"color: #ff0000;\"><strong>Nieva tambi\u00e9n en Alfarnate. Fotos Juan Checa, muchas gracias amiga.<\/strong><\/span><\/p>\n<p>&nbsp;<\/p>\n<p><a href=\"https:\/\/blogs.diariosur.es\/tormentas-y-rayos\/2015\/01\/18\/ultima-hora-nieva-en-el-torcal-aviso-amarillo-por-lluvias-y-viento-en-huelva-y-cadiz-y-naranja-por-nevadas-en-jaen-y-granada\/10848771_767067506682532_5020338166601130728_o\/\" rel=\"attachment wp-att-10913\"><img loading=\"lazy\" class=\"aligncenter size-medium wp-image-10913\" title=\"10848771_767067506682532_5020338166601130728_o\" src=\"\/tormentas-y-rayos\/wp-content\/uploads\/sites\/12\/2015\/01\/10848771_767067506682532_5020338166601130728_o.jpg\" alt=\"\" width=\"600\" height=\"360\" srcset=\"https:\/\/static-blogs.diariosur.es\/wp-content\/uploads\/sites\/12\/2015\/01\/10848771_767067506682532_5020338166601130728_o.jpg 1280w, https:\/\/static-blogs.diariosur.es\/wp-content\/uploads\/sites\/12\/2015\/01\/10848771_767067506682532_5020338166601130728_o-640x384.jpg 640w, https:\/\/static-blogs.diariosur.es\/wp-content\/uploads\/sites\/12\/2015\/01\/10848771_767067506682532_5020338166601130728_o-768x461.jpg 768w\" sizes=\"(max-width: 600px) 100vw, 600px\" \/><\/a><\/p>\n<p>&nbsp;<\/p>\n<p><a href=\"https:\/\/blogs.diariosur.es\/tormentas-y-rayos\/2015\/01\/18\/ultima-hora-nieva-en-el-torcal-aviso-amarillo-por-lluvias-y-viento-en-huelva-y-cadiz-y-naranja-por-nevadas-en-jaen-y-granada\/10923546_767067326682550_2985702595127820204_n\/\" rel=\"attachment wp-att-10914\"><img loading=\"lazy\" class=\"aligncenter size-large wp-image-10914\" title=\"10923546_767067326682550_2985702595127820204_n\" src=\"\/tormentas-y-rayos\/wp-content\/uploads\/sites\/12\/2015\/01\/10923546_767067326682550_2985702595127820204_n.jpg\" alt=\"\" width=\"450\" height=\"600\" srcset=\"https:\/\/static-blogs.diariosur.es\/wp-content\/uploads\/sites\/12\/2015\/01\/10923546_767067326682550_2985702595127820204_n.jpg 720w, https:\/\/static-blogs.diariosur.es\/wp-content\/uploads\/sites\/12\/2015\/01\/10923546_767067326682550_2985702595127820204_n-300x400.jpg 300w\" sizes=\"(max-width: 450px) 100vw, 450px\" \/><\/a><\/p>\n<p>&nbsp;<\/p>\n<p><a href=\"https:\/\/blogs.diariosur.es\/tormentas-y-rayos\/2015\/01\/18\/ultima-hora-nieva-en-el-torcal-aviso-amarillo-por-lluvias-y-viento-en-huelva-y-cadiz-y-naranja-por-nevadas-en-jaen-y-granada\/10904476_767071810015435_7331210651583588491_o\/\" rel=\"attachment wp-att-10915\"><img loading=\"lazy\" class=\"aligncenter size-medium wp-image-10915\" title=\"10904476_767071810015435_7331210651583588491_o\" src=\"\/tormentas-y-rayos\/wp-content\/uploads\/sites\/12\/2015\/01\/10904476_767071810015435_7331210651583588491_o.jpg\" alt=\"\" width=\"533\" height=\"400\" srcset=\"https:\/\/static-blogs.diariosur.es\/wp-content\/uploads\/sites\/12\/2015\/01\/10904476_767071810015435_7331210651583588491_o.jpg 1056w, https:\/\/static-blogs.diariosur.es\/wp-content\/uploads\/sites\/12\/2015\/01\/10904476_767071810015435_7331210651583588491_o-533x400.jpg 533w, https:\/\/static-blogs.diariosur.es\/wp-content\/uploads\/sites\/12\/2015\/01\/10904476_767071810015435_7331210651583588491_o-768x576.jpg 768w\" sizes=\"(max-width: 533px) 100vw, 533px\" \/><\/a><\/p>\n<p>&nbsp;<\/p>\n<p>SABADO 17 de ENERO<\/p>\n<p>&nbsp;<\/p>\n<p><strong>Buenos\u00a0d\u00edas\u00a0amigos de la meteo, son las seis de la ma\u00f1ana, registro 8,7 \u00a0grados, los cielos est\u00e1n despejados \u00a0y el fr\u00edo es el protagonista en toda Andaluc\u00eda. Los vientos soplan del noroeste, pero a medida que pasen las horas bajaran de\u00a0intensidad. Las\u00a0m\u00e1xima\u00a0en M\u00e1laga Capital no creo que pase de 15 grados, asi como en muchos puntos de Andaluc\u00eda.<\/strong><\/p>\n<p>&nbsp;<\/p>\n<p>&nbsp;<\/p>\n<p><em><strong>AVISO AMARILLO POR NEVADAS, LLUVIAS Y VIENTO EN LA\u00a0PEN\u00cdNSULA MA\u00d1ANA DOMINGO 17-1-2014.<\/strong><\/em><\/p>\n<p>&nbsp;<\/p>\n<p><strong>Bueno amigos, intentare explicar de forma sencilla \u00a0lo que ma\u00f1ana domingo \u00a0puede pasar en Andaluc\u00eda y en otros puntos de la pen\u00ednsula, \u00a0y si se\u00a0dar\u00e1n\u00a0sorpresas en forma de nevadas.<\/strong><\/p>\n<p><strong>Si\u00a0hab\u00e9is\u00a0seguido y\u00a0le\u00eddo\u00a0 los post estA semana , mas o menos\u00a0comprender\u00e9is\u00a0lo que puede pasar.\u00a0\u00a0De todas formas os paso el enlace a la pagina principal del blog y desde\u00a0all\u00ed\u00a0vais viendo los post.\u00a0<\/strong><\/p>\n<p><em><strong><a href=\"https:\/\/blogs.diariosur.es\/tormentas-y-rayos\/\">BLOG TORMENTA Y RAYOS<\/a><\/strong><\/em><\/p>\n<p><strong>Os explico de forma sencilla lo que puede ocurrir ma\u00f1ana domingo.<\/strong><\/p>\n<p><strong>En estos momentos tenemos una masa de aire fr\u00edo que abarca a toda la\u00a0pen\u00ednsula. La temperatura a 850 hpa ( 1500 m ) ronda entre los cuatro bajo cero y los cero grados.<\/strong><\/p>\n<p>&nbsp;<\/p>\n<p><a href=\"https:\/\/blogs.diariosur.es\/tormentas-y-rayos\/2015\/01\/17\/prevision-del-tiempo-andalucia-peninsula-aviso-amarillo-por-lluvias-y-viento-en-huelva-y-cadiz-por-nevadas-en-jaen-y-granada-nevara-en-el-torcal\/a-41\/\" rel=\"attachment wp-att-10904\"><img loading=\"lazy\" title=\"a\" src=\"\/tormentas-y-rayos\/wp-content\/uploads\/sites\/12\/2015\/01\/a.jpg\" alt=\"\" width=\"569\" height=\"400\" \/><\/a><\/p>\n<p>&nbsp;<\/p>\n<p><strong>Ma\u00f1ana domingo esta borrasca que\u00a0pod\u00e9is\u00a0ver en la imagen del\u00a0sat\u00e9lite\u00a0eumetsat se acercara al noroeste peninsular acompa\u00f1ada de un frente\u00a0c\u00e1lido. \u00a0<\/strong><\/p>\n<p><strong>A esto hay que unirle una baja secundaria que se formara en el\u00a0Cabo de San\u00a0Vicente.\u00a0<\/strong><\/p>\n<p>&nbsp;<\/p>\n<p>&nbsp;<\/p>\n<p><a href=\"https:\/\/blogs.diariosur.es\/tormentas-y-rayos\/2015\/01\/17\/prevision-del-tiempo-andalucia-peninsula-aviso-amarillo-por-lluvias-y-viento-en-huelva-y-cadiz-por-nevadas-en-jaen-y-granada-nevara-en-el-torcal\/captura-564\/\" rel=\"attachment wp-att-10908\"><img loading=\"lazy\" title=\"Captura\" src=\"\/tormentas-y-rayos\/wp-content\/uploads\/sites\/12\/2015\/01\/Captura12.jpg\" alt=\"\" width=\"540\" height=\"400\" \/><\/a><\/p>\n<p>&nbsp;<\/p>\n<p>&nbsp;<\/p>\n<p><strong>Os paso estos dos mapas previstos del modelo gfs, fuente meteociel.<\/strong><\/p>\n<p><a href=\"https:\/\/blogs.diariosur.es\/tormentas-y-rayos\/2015\/01\/17\/prevision-del-tiempo-andalucia-peninsula-aviso-amarillo-por-lluvias-y-viento-en-huelva-y-cadiz-por-nevadas-en-jaen-y-granada-nevara-en-el-torcal\/d\/\" rel=\"attachment wp-att-10905\"><img loading=\"lazy\" title=\"d\" src=\"\/tormentas-y-rayos\/wp-content\/uploads\/sites\/12\/2015\/01\/d.jpg\" alt=\"\" width=\"600\" height=\"600\" \/><\/a><\/p>\n<p>&nbsp;<\/p>\n<p><a href=\"https:\/\/blogs.diariosur.es\/tormentas-y-rayos\/2015\/01\/17\/prevision-del-tiempo-andalucia-peninsula-aviso-amarillo-por-lluvias-y-viento-en-huelva-y-cadiz-por-nevadas-en-jaen-y-granada-nevara-en-el-torcal\/d1\/\" rel=\"attachment wp-att-10906\"><img loading=\"lazy\" title=\"d1\" src=\"\/tormentas-y-rayos\/wp-content\/uploads\/sites\/12\/2015\/01\/d1.jpg\" alt=\"\" width=\"609\" height=\"600\" \/><\/a><\/p>\n<p>&nbsp;<\/p>\n<p><strong>El frente\u00a0c\u00e1lido\u00a0cuando entre en la\u00a0pen\u00ednsula\u00a0se reactivara y se encontrara con la masa de aire fr\u00edo, esto\u00a0dar\u00e1\u00a0lugar a que las\u00a0precipitaciones\u00a0 sean en forma de nieve en cotas bajas.<\/strong><\/p>\n<p><strong>En la Comunidad de Madrid y Castilla la\u00a0Mancha y Le\u00f3n la nieve puede ser protagonista. Por este motivo la aemet ha\u00a0activado\u00a0el aviso amarillo.\u00a0<\/strong><\/p>\n<p><strong>En Andaluc\u00eda la aemet activa el aviso amarillo por lluvias fuertes \u00a0y por vientos en Huelva y \u00a0C\u00e1diz, \u00a0en esta zona la cota de nieve puede estar sobre los 1200 metros a primera hora de la ma\u00f1ana, luego\u00a0ir\u00eda\u00a0subiendo.<\/strong><\/p>\n<p><strong>\u00a0En la zona de Granada y Ja\u00e9n la cota de nieve al\u00a0principio\u00a0puede rondar\u00a0los 800 o 900 metros, mas tarde\u00a0ir\u00eda\u00a0subiendo la cota hasta los 1000, 1100, ya que el frente\u00a0c\u00e1lido\u00a0ir\u00eda\u00a0desplazando\u00a0esta masa de aire fr\u00edo.\u00a0<\/strong><\/p>\n<p>&nbsp;<\/p>\n<p>&nbsp;<\/p>\n<p><a href=\"https:\/\/blogs.diariosur.es\/tormentas-y-rayos\/2015\/01\/17\/prevision-del-tiempo-andalucia-peninsula-aviso-amarillo-por-lluvias-y-viento-en-huelva-y-cadiz-por-nevadas-en-jaen-y-granada-nevara-en-el-torcal\/20150116210000_avi_pmna\/\" rel=\"attachment wp-att-10907\"><img loading=\"lazy\" title=\"20150116210000_avi_pmna\" src=\"\/tormentas-y-rayos\/wp-content\/uploads\/sites\/12\/2015\/01\/20150116210000_avi_pmna.png\" alt=\"\" width=\"500\" height=\"334\" \/><\/a><\/p>\n<p>&nbsp;<\/p>\n<p><strong>Muchos me\u00a0est\u00e1is\u00a0preguntando si nevara en las Pedrizas o en el Torcal. \u00a0Yo creo que el Torcal \u00a0tendr\u00e1 mas probabilidad \u00a0para que nieve o por lo menos veamos copos, asi como en Alfarnate,siempre y cuando\u00a0empiece\u00a0la lluvia muy temprano, si se retrasa la lluvia, \u00a0la cota de nieve\u00a0ir\u00eda\u00a0subiendo.\u00a0<\/strong><\/p>\n<p><strong>En M\u00e1laga Capital la\u00a0m\u00e1xima\u00a0no creo que pase ma\u00f1ana de los 12 grados, tendremos chubascos\u00a0d\u00e9biles\u00a0que\u00a0ser\u00e1n\u00a0mas moderados en la zona occidental malague\u00f1a.<\/strong><\/p>\n<p><strong><em>Resumiendo amigos, si el frente\u00a0c\u00e1lido\u00a0entra en la provincia malague\u00f1a \u00a0cuando aun tenemos la masa de aire frio y lo hace a primera hora de la ma\u00f1ana, puede nevar en el Torcal y zonas cercanas a los 1000 metros, otra cosa es que cuaje la nieve. A medida que pasen las horas la cota\u00a0ir\u00eda\u00a0subiendo.<\/em><\/strong><\/p>\n<p>&nbsp;<\/p>\n<p>&nbsp;<\/p>\n<p>&nbsp;<\/p>\n<p>&nbsp;<\/p>\n<p>&nbsp;<\/p>\n<p>&nbsp;<\/p>\n<p>&nbsp;<\/p>\n<p>&nbsp;<\/p>\n<p>&nbsp;<\/p>\n<p>&nbsp;<\/p>\n<p>&nbsp;<\/p>\n","protected":false},"excerpt":{"rendered":"<p>&nbsp; &nbsp; &nbsp; \u00a0ACTUALIZACI\u00d3N LUNES 19 DE ENERO. AVISO NARANJA POR NEVADAS EN LA PROVINCIA MALAGUE\u00d1A. &nbsp; &nbsp; &nbsp; ULTIMA HORA, \u00a0UNA DE LA TARDE POSIBLES TORMENTAS ESTA\u00a0PR\u00d3XIMA\u00a0MADRUGADA &nbsp; SE ACTIVA EL AVISO AMARILLO POR VIENTO \u00a0\u00a0PARA MA\u00d1ANA LUNES \u00a0EN LA PROVINCIA MALAGUE\u00d1A. NARANJA POR NEVADAS EN JA\u00c9N Y GRANADA, &nbsp; &nbsp; &nbsp; &nbsp; &nbsp; [&hellip;]<\/p>\n","protected":false},"author":16,"featured_media":10914,"comment_status":"open","ping_status":"open","sticky":false,"template":"","format":"standard","meta":[],"categories":[2],"tags":[152,485,676,690,809,980,1028,1059],"_links":{"self":[{"href":"https:\/\/blogs.diariosur.es\/tormentas-y-rayos\/wp-json\/wp\/v2\/posts\/10909"}],"collection":[{"href":"https:\/\/blogs.diariosur.es\/tormentas-y-rayos\/wp-json\/wp\/v2\/posts"}],"about":[{"href":"https:\/\/blogs.diariosur.es\/tormentas-y-rayos\/wp-json\/wp\/v2\/types\/post"}],"author":[{"embeddable":true,"href":"https:\/\/blogs.diariosur.es\/tormentas-y-rayos\/wp-json\/wp\/v2\/users\/16"}],"replies":[{"embeddable":true,"href":"https:\/\/blogs.diariosur.es\/tormentas-y-rayos\/wp-json\/wp\/v2\/comments?post=10909"}],"version-history":[{"count":0,"href":"https:\/\/blogs.diariosur.es\/tormentas-y-rayos\/wp-json\/wp\/v2\/posts\/10909\/revisions"}],"wp:featuredmedia":[{"embeddable":true,"href":"https:\/\/blogs.diariosur.es\/tormentas-y-rayos\/wp-json\/wp\/v2\/media\/10914"}],"wp:attachment":[{"href":"https:\/\/blogs.diariosur.es\/tormentas-y-rayos\/wp-json\/wp\/v2\/media?parent=10909"}],"wp:term":[{"taxonomy":"category","embeddable":true,"href":"https:\/\/blogs.diariosur.es\/tormentas-y-rayos\/wp-json\/wp\/v2\/categories?post=10909"},{"taxonomy":"post_tag","embeddable":true,"href":"https:\/\/blogs.diariosur.es\/tormentas-y-rayos\/wp-json\/wp\/v2\/tags?post=10909"}],"curies":[{"name":"wp","href":"https:\/\/api.w.org\/{rel}","templated":true}]}}